{"id":77248,"date":"2016-05-04T13:22:33","date_gmt":"2016-05-04T11:22:33","guid":{"rendered":"https:\/\/graziamagazine.com\/es\/?p=77248"},"modified":"2016-05-04T13:22:33","modified_gmt":"2016-05-04T11:22:33","slug":"chanel-en-cuba-la-moda-invade-la-habana-en-5-claves","status":"publish","type":"articles","link":"https:\/\/graziamagazine.com\/es\/articles\/chanel-en-cuba-la-moda-invade-la-habana-en-5-claves\/","title":{"rendered":"Y Chanel lleg\u00f3 a Cuba (y esto es todo lo que debes saber)"},"content":{"rendered":"<p><strong><a href=\"https:\/\/graziamagazine.com\/es\/etiqueta\/karl-lagerfeld\/\" target=\"_blank\">Karl Lagerfeld<\/a> <\/strong>siempre hab\u00eda querido ir a Cuba pero, hasta ahora, no ten\u00eda la excusa profesional que necesitaba\u00a0para hacerlo. Anoche, la industria de la moda desembarc\u00f3 en La Habana con el alem\u00e1n\u00a0a la cabeza, dispuesto a hacer historia con el primer desfile permitido en la isla del Caribe. Este es un paso m\u00e1s en el proceso aperturista que vive el pa\u00eds; ese que, a nivel cultural, dio luz verde al multitudinario concierto que los Rolling Stones dieron en la ciudad\u00a0el pasado mes de marzo y que ayer <strong>dej\u00f3 que el lujo danzara a sus anchas en una de las avenidas que van a dar al\u00a0Malec\u00f3n.<\/strong><\/p>\n<p>\u00bfQue qu\u00e9 pas\u00f3 anoche en La Habana? Aqu\u00ed, <strong>todo lo que tienes que saber de la conga de <a href=\"https:\/\/graziamagazine.com\/es\/etiqueta\/chanel\/\" target=\"_blank\">Chanel<\/a>:\u00a0<\/strong><\/p>\n<figure id=\"attachment_77250\" aria-describedby=\"caption-attachment-77250\" style=\"width: 785px\" class=\"wp-caption aligncenter\"><img loading=\"lazy\" decoding=\"async\" class=\"size-full wp-image-77250\" src=\"https:\/\/graziamagazine.com\/es\/wp-content\/uploads\/sites\/12\/2016\/05\/04112744\/cover1_chanel.jpg\" alt=\"\u00a9 Cortes\u00eda de Chanel\" width=\"785\" height=\"480\" \/><figcaption id=\"caption-attachment-77250\" class=\"wp-caption-text\">\u00a9 Cortes\u00eda de Chanel<\/figcaption><\/figure>\n<p><span style=\"text-decoration: underline;\"><strong>1. La calle, su pasarela.\u00a0<\/strong><\/span><br \/>\nLejos de montar la en\u00e9sima\u00a0estructura-espect\u00e1culo para llevar a cabo el show (algo a lo que, ya sabemos, Karl es gran aficionado), la firma opt\u00f3 por hacer de su paso por La Habana algo a\u00fan m\u00e1s ic\u00f3nico mostrando sus dise\u00f1os en una de las v\u00edas principales e la ciudad.\u00a0La avenida del Paseo del Prado, en plena Habana Vieja, fue la elegida para convertirse en -probablemente- una de las pasarelas m\u00e1s relevantes de la historia de la moda reciente. \u00bfEl motivo de la elecci\u00f3n? Su relaci\u00f3n con Francia: la calle fue redise\u00f1ada en 1928 por un paisajista y arquitecto franc\u00e9s, quien encarg\u00f3 levantar ocho estatuas de leones dorados, el felino favorito de Gabrielle Chanel.<\/p>\n<figure id=\"attachment_77255\" aria-describedby=\"caption-attachment-77255\" style=\"width: 785px\" class=\"wp-caption aligncenter\"><img loading=\"lazy\" decoding=\"async\" class=\"size-full wp-image-77255\" src=\"https:\/\/graziamagazine.com\/es\/wp-content\/uploads\/sites\/12\/2016\/05\/04115236\/chanel_runway.jpg\" alt=\"\u00a9 Cordon Press\" width=\"785\" height=\"480\" \/><figcaption id=\"caption-attachment-77255\" class=\"wp-caption-text\">\u00a9 Cordon Press<\/figcaption><\/figure>\n<p>El ambiente h\u00famedo y el aire habanero hicieron\u00a0que los invitados de todas partes del mundo (Chanel, seg\u00fan <em>WWD<\/em>, llev\u00f3 a 700 pasajeros en un buque desde Miami y a otros tantos profesionales de prensa especializada e <em>insiders<\/em>\u00a0de la moda) vivieran la experiencia al completo, ojeando el desfile desde los bancos de la propia calle. Adem\u00e1s, a\u00a0ambos lados de la misma, los balcones se llenaron de locales\u00a0expectantes por ver c\u00f3mo su pa\u00eds se convert\u00eda en el epicentro de la moda (cuando esta ya se hab\u00eda casi olvidado de lo sucedido <a href=\"https:\/\/graziamagazine.com\/es\/celebs\/curiosidades-met-gala-2016\/\" target=\"_blank\">en la gala del MET la noche anterior<\/a>).<\/p>\n<figure id=\"attachment_77258\" aria-describedby=\"caption-attachment-77258\" style=\"width: 785px\" class=\"wp-caption aligncenter\"><img loading=\"lazy\" decoding=\"async\" class=\"size-full wp-image-77258\" src=\"https:\/\/graziamagazine.com\/es\/wp-content\/uploads\/sites\/12\/2016\/05\/04120825\/chanel_calle.jpg\" alt=\"Chanel en Cuba: el Paseo del Prado fue la arteria elegida para el show. \u00a9 Cortes\u00eda de Chanel\" width=\"785\" height=\"480\" \/><figcaption id=\"caption-attachment-77258\" class=\"wp-caption-text\">Chanel en Cuba: el Paseo del Prado fue la arteria elegida para el show. \u00a9 Cortes\u00eda de Chanel<\/figcaption><\/figure>\n<figure id=\"attachment_77256\" aria-describedby=\"caption-attachment-77256\" style=\"width: 785px\" class=\"wp-caption aligncenter\"><img loading=\"lazy\" decoding=\"async\" class=\"size-full wp-image-77256\" src=\"https:\/\/graziamagazine.com\/es\/wp-content\/uploads\/sites\/12\/2016\/05\/04115320\/chanel_cuba.jpg\" alt=\"\u00a9 Cordon Press\" width=\"785\" height=\"480\" \/><figcaption id=\"caption-attachment-77256\" class=\"wp-caption-text\">\u00a9 Cordon Press<\/figcaption><\/figure>\n<p><strong><span style=\"text-decoration: underline;\">2. Los invitados<\/span><br \/>\nGisele B\u00fcndchen<\/strong>, imagen\u00a0del perfume m\u00e1s cl\u00e1sico de la casa francesa, no quiso perderse el show. Tampoco lo hizo <strong>Vanessa Paradis<\/strong>, musa de Lagerfeld desde hace a\u00f1os, a la que se unieron\u00a0tambi\u00e9n <strong>Tilda Swinton, Alice Dellal, Ana de Armas<\/strong> y el actor <strong>Vin Diesel<\/strong>, ataviado con una camisa guayabera blanca para fundirse en el ambiente cubano.<\/p>\n<figure id=\"attachment_77273\" aria-describedby=\"caption-attachment-77273\" style=\"width: 785px\" class=\"wp-caption aligncenter\"><img loading=\"lazy\" decoding=\"async\" class=\"size-full wp-image-77273\" src=\"https:\/\/graziamagazine.com\/es\/wp-content\/uploads\/sites\/12\/2016\/05\/04121421\/chanel_invitados2.jpg\" alt=\"Gisele B\u00fcndchen posa ante las c\u00e1maras antes del desfile de Chanel en Cuba. \u00a9 Cordon Press\" width=\"785\" height=\"480\" \/><figcaption id=\"caption-attachment-77273\" class=\"wp-caption-text\">Gisele B\u00fcndchen posa ante las c\u00e1maras antes del desfile de Chanel en Cuba. \u00a9 Cordon Press<\/figcaption><\/figure>\n<figure id=\"attachment_77269\" aria-describedby=\"caption-attachment-77269\" style=\"width: 785px\" class=\"wp-caption aligncenter\"><img loading=\"lazy\" decoding=\"async\" class=\"size-full wp-image-77269\" src=\"https:\/\/graziamagazine.com\/es\/wp-content\/uploads\/sites\/12\/2016\/05\/04121407\/chanel_invitados5.jpg\" alt=\"\u00a9 Cordon Press\" width=\"785\" height=\"480\" \/><figcaption id=\"caption-attachment-77269\" class=\"wp-caption-text\">Vanessa Paradis y su look de inspiraci\u00f3n a\u00f1os 20 firmado por Chanel. \u00a9 Cordon Press<\/figcaption><\/figure>\n<figure id=\"attachment_77272\" aria-describedby=\"caption-attachment-77272\" style=\"width: 785px\" class=\"wp-caption aligncenter\"><img loading=\"lazy\" decoding=\"async\" class=\"size-full wp-image-77272\" src=\"https:\/\/graziamagazine.com\/es\/wp-content\/uploads\/sites\/12\/2016\/05\/04121418\/chanel_invitados3.jpg\" alt=\"\u00a9 Cordon Press\" width=\"785\" height=\"480\" \/><figcaption id=\"caption-attachment-77272\" class=\"wp-caption-text\">Tilda Swinton en La Habana, lista para el show. \u00a9 Cordon Press<\/figcaption><\/figure>\n<figure id=\"attachment_77274\" aria-describedby=\"caption-attachment-77274\" style=\"width: 785px\" class=\"wp-caption aligncenter\"><img loading=\"lazy\" decoding=\"async\" class=\"size-full wp-image-77274\" src=\"https:\/\/graziamagazine.com\/es\/wp-content\/uploads\/sites\/12\/2016\/05\/04121425\/chanel_invitados1.jpg\" alt=\"\u00a9 Cordon Press\" width=\"785\" height=\"480\" \/><figcaption id=\"caption-attachment-77274\" class=\"wp-caption-text\">\u00a9 Cordon Press<\/figcaption><\/figure>\n<figure id=\"attachment_77270\" aria-describedby=\"caption-attachment-77270\" style=\"width: 785px\" class=\"wp-caption aligncenter\"><img loading=\"lazy\" decoding=\"async\" class=\"size-full wp-image-77270\" src=\"https:\/\/graziamagazine.com\/es\/wp-content\/uploads\/sites\/12\/2016\/05\/04121411\/chanel_invitados4.jpg\" alt=\"\u00a9 Cordon Press\" width=\"785\" height=\"480\" \/><figcaption id=\"caption-attachment-77270\" class=\"wp-caption-text\">Ana de Armas fue otra de las afortunadas que pudo disfrutar del desfile en su Cuba natal.\u00a0\u00a9 Cordon Press<\/figcaption><\/figure>\n<p>\u00a1Y el transporte! Chanel llev\u00f3 a los invitados hasta la Habana Vieja en coches Mustang multicolor llenando (aun m\u00e1s) de vida la ciudad:<\/p>\n<figure id=\"attachment_77271\" aria-describedby=\"caption-attachment-77271\" style=\"width: 785px\" class=\"wp-caption aligncenter\"><img loading=\"lazy\" decoding=\"async\" class=\"size-full wp-image-77271\" src=\"https:\/\/graziamagazine.com\/es\/wp-content\/uploads\/sites\/12\/2016\/05\/04121414\/chanel_coches.jpg\" alt=\"\u00a9 Cordon Press\" width=\"785\" height=\"480\" \/><figcaption id=\"caption-attachment-77271\" class=\"wp-caption-text\">\u00a9 Cordon Press<\/figcaption><\/figure>\n<p>&nbsp;<\/p>\n<blockquote class=\"instagram-media\" style=\"background: #FFF; border: 0; border-radius: 3px; box-shadow: 0 0 1px 0 rgba(0,0,0,0.5),0 1px 10px 0 rgba(0,0,0,0.15); margin: 1px; max-width: 658px; padding: 0; width: calc(100% - 2px);\" data-instgrm-captioned=\"\" data-instgrm-version=\"6\">\n<div style=\"padding: 8px;\">\n<div style=\"background: #F8F8F8; line-height: 0; margin-top: 40px; padding: 62.4537037037% 0; text-align: center; width: 100%;\"><\/div>\n<p style=\"margin: 8px 0 0 0; padding: 0 4px;\"><a href=\"https:\/\/www.instagram.com\/p\/BE-XD8-GEqK\/\"style=\"color: #000; font-family: Arial,sans-serif; font-size: 14px; font-style: normal; font-weight: normal; line-height: 17px; text-decoration: none; word-wrap: break-word;\"  target=\"_blank\" target=\"_blank\">The only way to ride in Havana &#8230;. ??? #chanelcruisecuba @chanelofficial<\/a><\/p>\n<p style=\"color: #c9c8cd; font-family: Arial,sans-serif; font-size: 14px; line-height: 17px; margin-bottom: 0; margin-top: 8px; overflow: hidden; padding: 8px 0 7px; text-align: center; text-overflow: ellipsis; white-space: nowrap;\">Una foto publicada por Nina Garcia (@ninagarcia) el <time style=\"font-family: Arial,sans-serif; font-size: 14px; line-height: 17px;\" datetime=\"2016-05-04T05:56:15+00:00\">3 de May de 2016 a la(s) 10:56 PDT<\/time><\/p>\n<\/div>\n<\/blockquote>\n<p><script src=\"\/\/platform.instagram.com\/en_US\/embeds.js\" async=\"\" defer=\"defer\"><\/script><\/p>\n<blockquote class=\"instagram-media\" style=\"background: #FFF; border: 0; border-radius: 3px; box-shadow: 0 0 1px 0 rgba(0,0,0,0.5),0 1px 10px 0 rgba(0,0,0,0.15); margin: 1px; max-width: 658px; padding: 0; width: calc(100% - 2px);\" data-instgrm-captioned=\"\" data-instgrm-version=\"6\">\n<div style=\"padding: 8px;\">\n<div style=\"background: #F8F8F8; line-height: 0; margin-top: 40px; padding: 50.0% 0; text-align: center; width: 100%;\"><\/div>\n<p><a href=\"https:\/\/www.instagram.com\/p\/BE9XQoILWTe\/\"style=\"color: #000; font-family: Arial,sans-serif; font-size: 14px; font-style: normal; font-weight: normal; line-height: 17px; text-decoration: none; word-wrap: break-word;\"  target=\"_blank\" target=\"_blank\">Looks like the taxis have arrived for the Chanel show&#8230;#chanelcruisecuba<\/a><\/p>\n<p>Una foto publicada por Sarah Mower (@sarahmower_) el <time style=\"font-family: Arial,sans-serif; font-size: 14px; line-height: 17px;\" datetime=\"2016-05-03T20:38:44+00:00\">3 de May de 2016 a la(s) 1:38 PDT<\/time>\n<\/div>\n<\/blockquote>\n<p><script src=\"\/\/platform.instagram.com\/en_US\/embeds.js\" async=\"\" defer=\"defer\"><\/script><\/p>\n<p>&nbsp;<\/p>\n<p><strong><span style=\"text-decoration: underline;\">3. La pieza<\/span><br \/>\n<\/strong>No hay que darle muchas vueltas al desfile para tener claro cu\u00e1l va a ser el gran bombazo de la colecci\u00f3n: una camiseta de algod\u00f3n estampada en la que puede leerse el mensaje \u00ab\u00a1Viva Coco libre!\u00bb, haciendo alusi\u00f3n a la situaci\u00f3n de Cuba e insertando a Coco Chanel (esa que jam\u00e1s pis\u00f3 la isla caribe\u00f1a) como giro divertido. \u00bfPron\u00f3stico? <em>Sold out<\/em> asegurado.<\/p>\n<figure id=\"attachment_77276\" aria-describedby=\"caption-attachment-77276\" style=\"width: 785px\" class=\"wp-caption aligncenter\"><img loading=\"lazy\" decoding=\"async\" class=\"size-full wp-image-77276\" src=\"https:\/\/graziamagazine.com\/es\/wp-content\/uploads\/sites\/12\/2016\/05\/04123517\/chanel_camiseta.jpg\" alt=\"\u00a9 Lookbook del Crucero 2016\/17 de Chanel \/ Cordon Press\" width=\"785\" height=\"600\" \/><figcaption id=\"caption-attachment-77276\" class=\"wp-caption-text\">\u00a9 Lookbook del Crucero 2016\/17 de Chanel \/ Cordon Press<\/figcaption><\/figure>\n<p>Y no dejemos atr\u00e1s el resto de la colecci\u00f3n. Colorida y con ganas de bailar hasta que duelan los pies, esta l\u00ednea Crucero de Chanel mezcla vestidos vaporosos estampados (con esos coches que trasladaron\u00a0a los invitados, por cierto), sombreros Panam\u00e1 y cl\u00e1sicos de la <em>maison<\/em> adaptados a la tem\u00e1tica (y a las temperaturas). Femenino-masculino, zapatos de cordones destalonados, tweed multicolor, collares de perlas de varias vueltas que\u00a0juegan entre flores&#8230;<\/p>\n<p>[galeria]<\/p>\n<p><strong><span style=\"text-decoration: underline;\">4. El gran final<\/span><br \/>\n<\/strong>Karl es un amante confeso de los ritmos latinos. Mambo Number 5, de Xavier Cugat, es su tema favorito y, al contrario de lo que pueda parecer por su semblante r\u00edgido y casi rob\u00f3tico, sabe moverse: durante sus primeros a\u00f1os en Par\u00eds tom\u00f3 clases de bailes latinos, as\u00ed que no nos sorprendamos si anoche se le escap\u00f3 alg\u00fan paso de salsa o un juego de pies a ritmo de cha-cha-ch\u00e1. Mientras caminaba por el Paseo del Prado con Hudson Kroening de la mano, le segu\u00eda toda su <em>troupe<\/em> de modelos y una marcha de cubanos moviendo las caderas a ritmo de conga.<\/p>\n<blockquote class=\"instagram-media\" style=\"background: #FFF; border: 0; border-radius: 3px; box-shadow: 0 0 1px 0 rgba(0,0,0,0.5),0 1px 10px 0 rgba(0,0,0,0.15); margin: 1px; max-width: 658px; padding: 0; width: calc(100% - 2px);\" data-instgrm-captioned=\"\" data-instgrm-version=\"6\">\n<div style=\"padding: 8px;\">\n<div style=\"background: #F8F8F8; line-height: 0; margin-top: 40px; padding: 50.0% 0; text-align: center; width: 100%;\"><\/div>\n<p style=\"margin: 8px 0 0 0; padding: 0 4px;\"><a href=\"https:\/\/www.instagram.com\/p\/BE-XqMMGErA\/\"style=\"color: #000; font-family: Arial,sans-serif; font-size: 14px; font-style: normal; font-weight: normal; line-height: 17px; text-decoration: none; word-wrap: break-word;\"  target=\"_blank\" target=\"_blank\">An unforgettable good time Cuba Libre how to end a show. fiesta time. @chanelofficial #chanelcruisecuba<\/a><\/p>\n<p style=\"color: #c9c8cd; font-family: Arial,sans-serif; font-size: 14px; line-height: 17px; margin-bottom: 0; margin-top: 8px; overflow: hidden; padding: 8px 0 7px; text-align: center; text-overflow: ellipsis; white-space: nowrap;\">Un v\u00eddeo publicado por Nina Garcia (@ninagarcia) el <time style=\"font-family: Arial,sans-serif; font-size: 14px; line-height: 17px;\" datetime=\"2016-05-04T06:01:28+00:00\">3 de May de 2016 a la(s) 11:01 PDT<\/time><\/p>\n<\/div>\n<\/blockquote>\n<p><script src=\"\/\/platform.instagram.com\/en_US\/embeds.js\" async=\"\" defer=\"defer\"><\/script><\/p>\n<p>&nbsp;<\/p>\n<p><strong>Despu\u00e9s, en la fiesta posterior al desfile, no pudo resistirse y se lanz\u00f3 a bailar con Vanessa Paradis:<\/strong><\/p>\n<blockquote class=\"instagram-media\" style=\"background: #FFF; border: 0; border-radius: 3px; box-shadow: 0 0 1px 0 rgba(0,0,0,0.5),0 1px 10px 0 rgba(0,0,0,0.15); margin: 1px; max-width: 658px; padding: 0; width: calc(100% - 2px);\" data-instgrm-captioned=\"\" data-instgrm-version=\"6\">\n<div style=\"padding: 8px;\">\n<div style=\"background: #F8F8F8; line-height: 0; margin-top: 40px; padding: 50.0% 0; text-align: center; width: 100%;\"><\/div>\n<p><a href=\"https:\/\/www.instagram.com\/p\/BE-VsvXJHUQ\/\"style=\"color: #000; font-family: Arial,sans-serif; font-size: 14px; font-style: normal; font-weight: normal; line-height: 17px; text-decoration: none; word-wrap: break-word;\"  target=\"_blank\" target=\"_blank\">Vanessa et Karl dansent \u00e0 la Havane #chanelcruisecuba @chanelofficial<\/a><\/p>\n<p>Un v\u00eddeo publicado por Mademoiselle Agn\u00e8s (@melleagnes) el <time style=\"font-family: Arial,sans-serif; font-size: 14px; line-height: 17px;\" datetime=\"2016-05-04T05:44:21+00:00\">3 de May de 2016 a la(s) 10:44 PDT<\/time>\n<\/div>\n<\/blockquote>\n<p><script src=\"\/\/platform.instagram.com\/en_US\/embeds.js\" async=\"\" defer=\"defer\"><\/script><\/p>\n<p>&nbsp;<\/p>\n<p><strong><span style=\"text-decoration: underline;\">5. La exposici\u00f3n<\/span><br \/>\n<\/strong>Como parte de esta experiencia de Chanel en Cuba, la firma inaugur\u00f3 el pasado\u00a028 de abril una exposici\u00f3n de fotograf\u00edas de Lagerfeld bajo el nombre <em>Obra en proceso \/ Work in progress<\/em> que permanecer\u00e1 en La Habana, con entrada gratuita, hasta el pr\u00f3ximo 12 de mayo.<\/p>\n<figure id=\"attachment_77277\" aria-describedby=\"caption-attachment-77277\" style=\"width: 785px\" class=\"wp-caption aligncenter\"><img loading=\"lazy\" decoding=\"async\" class=\"size-full wp-image-77277\" src=\"https:\/\/graziamagazine.com\/es\/wp-content\/uploads\/sites\/12\/2016\/05\/04124601\/chanel_expo.jpg\" alt=\"\u00a9 Cortes\u00eda de Chanel\" width=\"785\" height=\"480\" \/><figcaption id=\"caption-attachment-77277\" class=\"wp-caption-text\">\u00a9 Cortes\u00eda de Chanel<\/figcaption><\/figure>\n<p><iframe loading=\"lazy\" style=\"border: none; overflow: hidden; height: 258px;\" src=\"\/\/www.facebook.com\/plugins\/likebox.php?href=https%3A%2F%2Fwww.facebook.com%2Fgraziaespana&amp;width&amp;height=258&amp;colorscheme=light&amp;show_faces=true&amp;header=false&amp;stream=false&amp;show_border=false&amp;appId=349017955267591\" width=\"300\" height=\"150\" frameborder=\"0\" scrolling=\"no\"><\/iframe><\/p>\n","protected":false},"author":14080,"featured_media":0,"template":"","format":"standard","categories":[3,1],"acf":[],"yoast_head":"<!-- This site is optimized with the Yoast SEO Premium plugin v18.5 (Yoast SEO v20.4) - https:\/\/yoast.com\/wordpress\/plugins\/seo\/ -->\n<title>Y Chanel lleg\u00f3 a Cuba (y esto es todo lo que debes saber)<\/title>\n<meta name=\"description\" content=\"Cuando, hace unos meses, la maison anunci\u00f3 el destino de su pr\u00f3ximo Crucero, supimos que Karl Lagerfeld iba a hacer historia. As\u00ed fue c\u00f3mo su &#039;troupe&#039; (y su\" \/>\n<meta name=\"robots\" content=\"index, follow, max-snippet:-1, max-image-preview:large, max-video-preview:-1\" \/>\n<link rel=\"canonical\" href=\"https:\/\/graziamagazine.com\/es\/articles\/chanel-en-cuba-la-moda-invade-la-habana-en-5-claves\/\" \/>\n<meta property=\"og:locale\" content=\"es_ES\" \/>\n<meta property=\"og:type\" content=\"article\" \/>\n<meta property=\"og:title\" content=\"Y Chanel lleg\u00f3 a Cuba (y esto es todo lo que deber\u00edas saber)\" \/>\n<meta property=\"og:description\" content=\"Cuando, hace unos meses, la maison anunci\u00f3 el destino de su pr\u00f3ximo Crucero, supimos que Karl Lagerfeld iba a hacer historia. As\u00ed fue c\u00f3mo su &#039;troupe&#039; (y sus coloridos dise\u00f1os) danzaron anoche a ritmo cubano.\" \/>\n<meta property=\"og:url\" content=\"https:\/\/graziamagazine.com\/es\/articles\/chanel-en-cuba-la-moda-invade-la-habana-en-5-claves\/\" \/>\n<meta property=\"og:site_name\" content=\"Grazia\" \/>\n<meta property=\"og:image\" content=\"https:\/\/graziamagazine.com\/es\/wp-content\/uploads\/sites\/12\/2016\/05\/04112744\/cover1_chanel.jpg?fit=785%2C480\" \/>\n\t<meta property=\"og:image:width\" content=\"785\" \/>\n\t<meta property=\"og:image:height\" content=\"480\" \/>\n\t<meta property=\"og:image:type\" content=\"image\/jpeg\" \/>\n<meta name=\"twitter:card\" content=\"summary_large_image\" \/>\n<meta name=\"twitter:title\" content=\"Y Chanel lleg\u00f3 a Cuba (y esto es todo lo que debes saber)\" \/>\n<meta name=\"twitter:description\" content=\"Cuando, hace unos meses, la maison anunci\u00f3 el destino de su pr\u00f3ximo Crucero, supimos que Karl Lagerfeld iba a hacer historia. As\u00ed fue c\u00f3mo su &#039;troupe&#039; (y sus coloridos dise\u00f1os) danzaron anoche a ritmo cubano.\" \/>\n<meta name=\"twitter:image\" content=\"http:\/\/s3-eu-west-1.amazonaws.com\/grazia-cdn\/wp-content\/uploads\/sites\/12\/2016\/05\/04112744\/cover1_chanel.jpg\" \/>\n<meta name=\"twitter:label1\" content=\"Est. reading time\" \/>\n\t<meta name=\"twitter:data1\" content=\"5 minutos\" \/>\n<script type=\"application\/ld+json\" class=\"yoast-schema-graph\">{\"@context\":\"https:\/\/schema.org\",\"@graph\":[{\"@type\":\"WebPage\",\"@id\":\"https:\/\/graziamagazine.com\/es\/articles\/chanel-en-cuba-la-moda-invade-la-habana-en-5-claves\/\",\"url\":\"https:\/\/graziamagazine.com\/es\/articles\/chanel-en-cuba-la-moda-invade-la-habana-en-5-claves\/\",\"name\":\"Y Chanel lleg\u00f3 a Cuba (y esto es todo lo que debes saber)\",\"isPartOf\":{\"@id\":\"https:\/\/graziamagazine.com\/es\/#website\"},\"datePublished\":\"2016-05-04T11:22:33+00:00\",\"dateModified\":\"2016-05-04T11:22:33+00:00\",\"description\":\"Cuando, hace unos meses, la maison anunci\u00f3 el destino de su pr\u00f3ximo Crucero, supimos que Karl Lagerfeld iba a hacer historia. As\u00ed fue c\u00f3mo su 'troupe' (y su\",\"breadcrumb\":{\"@id\":\"https:\/\/graziamagazine.com\/es\/articles\/chanel-en-cuba-la-moda-invade-la-habana-en-5-claves\/#breadcrumb\"},\"inLanguage\":\"es\",\"potentialAction\":[{\"@type\":\"ReadAction\",\"target\":[\"https:\/\/graziamagazine.com\/es\/articles\/chanel-en-cuba-la-moda-invade-la-habana-en-5-claves\/\"]}]},{\"@type\":\"BreadcrumbList\",\"@id\":\"https:\/\/graziamagazine.com\/es\/articles\/chanel-en-cuba-la-moda-invade-la-habana-en-5-claves\/#breadcrumb\",\"itemListElement\":[{\"@type\":\"ListItem\",\"position\":1,\"name\":\"Portada\",\"item\":\"https:\/\/graziamagazine.com\/es\/\"},{\"@type\":\"ListItem\",\"position\":2,\"name\":\"Y Chanel lleg\u00f3 a Cuba (y esto es todo lo que debes saber)\"}]},{\"@type\":\"WebSite\",\"@id\":\"https:\/\/graziamagazine.com\/es\/#website\",\"url\":\"https:\/\/graziamagazine.com\/es\/\",\"name\":\"Grazia\",\"description\":\"Moda, belleza, celebrities, estilo de vida...\",\"potentialAction\":[{\"@type\":\"SearchAction\",\"target\":{\"@type\":\"EntryPoint\",\"urlTemplate\":\"https:\/\/graziamagazine.com\/es\/?s={search_term_string}\"},\"query-input\":\"required name=search_term_string\"}],\"inLanguage\":\"es\"}]}<\/script>\n<!-- \/ Yoast SEO Premium plugin. -->","yoast_head_json":{"title":"Y Chanel lleg\u00f3 a Cuba (y esto es todo lo que debes saber)","description":"Cuando, hace unos meses, la maison anunci\u00f3 el destino de su pr\u00f3ximo Crucero, supimos que Karl Lagerfeld iba a hacer historia. As\u00ed fue c\u00f3mo su 'troupe' (y su","robots":{"index":"index","follow":"follow","max-snippet":"max-snippet:-1","max-image-preview":"max-image-preview:large","max-video-preview":"max-video-preview:-1"},"canonical":"https:\/\/graziamagazine.com\/es\/articles\/chanel-en-cuba-la-moda-invade-la-habana-en-5-claves\/","og_locale":"es_ES","og_type":"article","og_title":"Y Chanel lleg\u00f3 a Cuba (y esto es todo lo que deber\u00edas saber)","og_description":"Cuando, hace unos meses, la maison anunci\u00f3 el destino de su pr\u00f3ximo Crucero, supimos que Karl Lagerfeld iba a hacer historia. As\u00ed fue c\u00f3mo su 'troupe' (y sus coloridos dise\u00f1os) danzaron anoche a ritmo cubano.","og_url":"https:\/\/graziamagazine.com\/es\/articles\/chanel-en-cuba-la-moda-invade-la-habana-en-5-claves\/","og_site_name":"Grazia","og_image":[{"width":785,"height":480,"url":"https:\/\/graziamagazine.com\/es\/wp-content\/uploads\/sites\/12\/2016\/05\/04112744\/cover1_chanel.jpg?fit=785%2C480","type":"image\/jpeg"}],"twitter_card":"summary_large_image","twitter_title":"Y Chanel lleg\u00f3 a Cuba (y esto es todo lo que debes saber)","twitter_description":"Cuando, hace unos meses, la maison anunci\u00f3 el destino de su pr\u00f3ximo Crucero, supimos que Karl Lagerfeld iba a hacer historia. As\u00ed fue c\u00f3mo su 'troupe' (y sus coloridos dise\u00f1os) danzaron anoche a ritmo cubano.","twitter_image":"http:\/\/s3-eu-west-1.amazonaws.com\/grazia-cdn\/wp-content\/uploads\/sites\/12\/2016\/05\/04112744\/cover1_chanel.jpg","twitter_misc":{"Est. reading time":"5 minutos"},"schema":{"@context":"https:\/\/schema.org","@graph":[{"@type":"WebPage","@id":"https:\/\/graziamagazine.com\/es\/articles\/chanel-en-cuba-la-moda-invade-la-habana-en-5-claves\/","url":"https:\/\/graziamagazine.com\/es\/articles\/chanel-en-cuba-la-moda-invade-la-habana-en-5-claves\/","name":"Y Chanel lleg\u00f3 a Cuba (y esto es todo lo que debes saber)","isPartOf":{"@id":"https:\/\/graziamagazine.com\/es\/#website"},"datePublished":"2016-05-04T11:22:33+00:00","dateModified":"2016-05-04T11:22:33+00:00","description":"Cuando, hace unos meses, la maison anunci\u00f3 el destino de su pr\u00f3ximo Crucero, supimos que Karl Lagerfeld iba a hacer historia. As\u00ed fue c\u00f3mo su 'troupe' (y su","breadcrumb":{"@id":"https:\/\/graziamagazine.com\/es\/articles\/chanel-en-cuba-la-moda-invade-la-habana-en-5-claves\/#breadcrumb"},"inLanguage":"es","potentialAction":[{"@type":"ReadAction","target":["https:\/\/graziamagazine.com\/es\/articles\/chanel-en-cuba-la-moda-invade-la-habana-en-5-claves\/"]}]},{"@type":"BreadcrumbList","@id":"https:\/\/graziamagazine.com\/es\/articles\/chanel-en-cuba-la-moda-invade-la-habana-en-5-claves\/#breadcrumb","itemListElement":[{"@type":"ListItem","position":1,"name":"Portada","item":"https:\/\/graziamagazine.com\/es\/"},{"@type":"ListItem","position":2,"name":"Y Chanel lleg\u00f3 a Cuba (y esto es todo lo que debes saber)"}]},{"@type":"WebSite","@id":"https:\/\/graziamagazine.com\/es\/#website","url":"https:\/\/graziamagazine.com\/es\/","name":"Grazia","description":"Moda, belleza, celebrities, estilo de vida...","potentialAction":[{"@type":"SearchAction","target":{"@type":"EntryPoint","urlTemplate":"https:\/\/graziamagazine.com\/es\/?s={search_term_string}"},"query-input":"required name=search_term_string"}],"inLanguage":"es"}]}},"jetpack_sharing_enabled":true,"distributor_meta":false,"distributor_terms":false,"distributor_media":false,"distributor_original_site_name":"Grazia","distributor_original_site_url":"https:\/\/graziamagazine.com\/es","push-errors":false,"_links":{"self":[{"href":"https:\/\/graziamagazine.com\/es\/wp-json\/wp\/v2\/articles\/77248"}],"collection":[{"href":"https:\/\/graziamagazine.com\/es\/wp-json\/wp\/v2\/articles"}],"about":[{"href":"https:\/\/graziamagazine.com\/es\/wp-json\/wp\/v2\/types\/articles"}],"author":[{"embeddable":true,"href":"https:\/\/graziamagazine.com\/es\/wp-json\/wp\/v2\/users\/14080"}],"wp:attachment":[{"href":"https:\/\/graziamagazine.com\/es\/wp-json\/wp\/v2\/media?parent=77248"}],"wp:term":[{"taxonomy":"category","embeddable":true,"href":"https:\/\/graziamagazine.com\/es\/wp-json\/wp\/v2\/categories?post=77248"}],"curies":[{"name":"wp","href":"https:\/\/api.w.org\/{rel}","templated":true}]}}