{"id":76624,"date":"2016-04-25T12:33:47","date_gmt":"2016-04-25T10:33:47","guid":{"rendered":"https:\/\/graziamagazine.com\/es\/?p=76624"},"modified":"2016-04-25T12:33:47","modified_gmt":"2016-04-25T10:33:47","slug":"festival-de-malaga-2016","status":"publish","type":"articles","link":"https:\/\/graziamagazine.com\/es\/articles\/festival-de-malaga-2016\/","title":{"rendered":"Festival de M\u00e1laga 2016"},"content":{"rendered":"<p><strong>Podr\u00edamos decir que <a href=\"https:\/\/graziamagazine.com\/es\/lifestyle\/nos-vemos-en-el-festival-de-malaga\/\" target=\"_blank\">M\u00e1laga es nuestro Cannes particular<\/a>.<\/strong> Con el gran azul de fondo, el cine patrio se viste de gala durante diez d\u00edas al a\u00f1o y se pasea por la alfombra roja que se extiende ante el Teatro Cervantes de la ciudad. El buen tiempo (y el buen humor que genera en los protagonistas) hacen el resto.<\/p>\n<p>El pasado viernes se inaugur\u00f3 una nueva edici\u00f3n, la n\u00famero 19, con la proyecci\u00f3n de <em>Toro<\/em> como pistoletazo de salida y un Mario Casas trajeado que revolucion\u00f3 a todos los malague\u00f1os que, cada noche, se acercan a saludar (y <em>flashear<\/em>) a sus actores y actrices favoritos&#8230;<\/p>\n<p>[galeria]<\/p>\n<p><iframe loading=\"lazy\" style=\"border: none; overflow: hidden; height: 258px;\" src=\"\/\/www.facebook.com\/plugins\/likebox.php?href=https%3A%2F%2Fwww.facebook.com%2Fgraziaespana&amp;width&amp;height=258&amp;colorscheme=light&amp;show_faces=true&amp;header=false&amp;stream=false&amp;show_border=false&amp;appId=349017955267591\" width=\"300\" height=\"150\" frameborder=\"0\" scrolling=\"no\"><\/iframe><\/p>\n","protected":false},"author":24470,"featured_media":0,"template":"","format":"standard","categories":[13,15],"acf":[],"yoast_head":"<!-- This site is optimized with the Yoast SEO Premium plugin v18.5 (Yoast SEO v20.4) - https:\/\/yoast.com\/wordpress\/plugins\/seo\/ -->\n<title>Festival de M\u00e1laga 2016 | Grazia<\/title>\n<meta name=\"description\" content=\"Nuestro cine se viste de gala un a\u00f1o m\u00e1s a orillas del Mediterr\u00e1neo. Repasamos todos los invitados al Festival de M\u00e1laga 2016.\u00a0\" \/>\n<meta name=\"robots\" content=\"index, follow, max-snippet:-1, max-image-preview:large, max-video-preview:-1\" \/>\n<link rel=\"canonical\" href=\"https:\/\/graziamagazine.com\/es\/articles\/festival-de-malaga-2016\/\" \/>\n<meta property=\"og:locale\" content=\"es_ES\" \/>\n<meta property=\"og:type\" content=\"article\" \/>\n<meta property=\"og:title\" content=\"Festival de M\u00e1laga 2016\" \/>\n<meta property=\"og:description\" content=\"Nuestro cine se viste de gala un a\u00f1o m\u00e1s a orillas del Mediterr\u00e1neo. Repasamos todos los invitados a la semana m\u00e1s cinematogr\u00e1fica del pa\u00eds.\" \/>\n<meta property=\"og:url\" content=\"https:\/\/graziamagazine.com\/es\/articles\/festival-de-malaga-2016\/\" \/>\n<meta property=\"og:site_name\" content=\"Grazia\" \/>\n<meta property=\"og:image\" content=\"https:\/\/graziamagazine.com\/es\/wp-content\/uploads\/sites\/12\/2016\/04\/25113415\/cover1_malaga1.jpg?fit=785%2C480\" \/>\n\t<meta property=\"og:image:width\" content=\"785\" \/>\n\t<meta property=\"og:image:height\" content=\"480\" \/>\n\t<meta property=\"og:image:type\" content=\"image\/jpeg\" \/>\n<meta name=\"twitter:card\" content=\"summary_large_image\" \/>\n<meta name=\"twitter:title\" content=\"Festival de M\u00e1laga 2016\" \/>\n<meta name=\"twitter:description\" content=\"Nuestro cine se viste de gala un a\u00f1o m\u00e1s a orillas del Mediterr\u00e1neo. Repasamos todos los invitados a la semana m\u00e1s cinematogr\u00e1fica del pa\u00eds.\" \/>\n<meta name=\"twitter:image\" content=\"http:\/\/s3-eu-west-1.amazonaws.com\/grazia-cdn\/wp-content\/uploads\/sites\/12\/2016\/04\/25113415\/cover1_malaga1.jpg\" \/>\n<meta name=\"twitter:label1\" content=\"Est. reading time\" \/>\n\t<meta name=\"twitter:data1\" content=\"1 minuto\" \/>\n<script type=\"application\/ld+json\" class=\"yoast-schema-graph\">{\"@context\":\"https:\/\/schema.org\",\"@graph\":[{\"@type\":\"WebPage\",\"@id\":\"https:\/\/graziamagazine.com\/es\/articles\/festival-de-malaga-2016\/\",\"url\":\"https:\/\/graziamagazine.com\/es\/articles\/festival-de-malaga-2016\/\",\"name\":\"Festival de M\u00e1laga 2016 | Grazia\",\"isPartOf\":{\"@id\":\"https:\/\/graziamagazine.com\/es\/#website\"},\"datePublished\":\"2016-04-25T10:33:47+00:00\",\"dateModified\":\"2016-04-25T10:33:47+00:00\",\"description\":\"Nuestro cine se viste de gala un a\u00f1o m\u00e1s a orillas del Mediterr\u00e1neo. Repasamos todos los invitados al Festival de M\u00e1laga 2016.\u00a0\",\"breadcrumb\":{\"@id\":\"https:\/\/graziamagazine.com\/es\/articles\/festival-de-malaga-2016\/#breadcrumb\"},\"inLanguage\":\"es\",\"potentialAction\":[{\"@type\":\"ReadAction\",\"target\":[\"https:\/\/graziamagazine.com\/es\/articles\/festival-de-malaga-2016\/\"]}]},{\"@type\":\"BreadcrumbList\",\"@id\":\"https:\/\/graziamagazine.com\/es\/articles\/festival-de-malaga-2016\/#breadcrumb\",\"itemListElement\":[{\"@type\":\"ListItem\",\"position\":1,\"name\":\"Portada\",\"item\":\"https:\/\/graziamagazine.com\/es\/\"},{\"@type\":\"ListItem\",\"position\":2,\"name\":\"Festival de M\u00e1laga 2016\"}]},{\"@type\":\"WebSite\",\"@id\":\"https:\/\/graziamagazine.com\/es\/#website\",\"url\":\"https:\/\/graziamagazine.com\/es\/\",\"name\":\"Grazia\",\"description\":\"Moda, belleza, celebrities, estilo de vida...\",\"potentialAction\":[{\"@type\":\"SearchAction\",\"target\":{\"@type\":\"EntryPoint\",\"urlTemplate\":\"https:\/\/graziamagazine.com\/es\/?s={search_term_string}\"},\"query-input\":\"required name=search_term_string\"}],\"inLanguage\":\"es\"}]}<\/script>\n<!-- \/ Yoast SEO Premium plugin. -->","yoast_head_json":{"title":"Festival de M\u00e1laga 2016 | Grazia","description":"Nuestro cine se viste de gala un a\u00f1o m\u00e1s a orillas del Mediterr\u00e1neo. Repasamos todos los invitados al Festival de M\u00e1laga 2016.\u00a0","robots":{"index":"index","follow":"follow","max-snippet":"max-snippet:-1","max-image-preview":"max-image-preview:large","max-video-preview":"max-video-preview:-1"},"canonical":"https:\/\/graziamagazine.com\/es\/articles\/festival-de-malaga-2016\/","og_locale":"es_ES","og_type":"article","og_title":"Festival de M\u00e1laga 2016","og_description":"Nuestro cine se viste de gala un a\u00f1o m\u00e1s a orillas del Mediterr\u00e1neo. Repasamos todos los invitados a la semana m\u00e1s cinematogr\u00e1fica del pa\u00eds.","og_url":"https:\/\/graziamagazine.com\/es\/articles\/festival-de-malaga-2016\/","og_site_name":"Grazia","og_image":[{"width":785,"height":480,"url":"https:\/\/graziamagazine.com\/es\/wp-content\/uploads\/sites\/12\/2016\/04\/25113415\/cover1_malaga1.jpg?fit=785%2C480","type":"image\/jpeg"}],"twitter_card":"summary_large_image","twitter_title":"Festival de M\u00e1laga 2016","twitter_description":"Nuestro cine se viste de gala un a\u00f1o m\u00e1s a orillas del Mediterr\u00e1neo. Repasamos todos los invitados a la semana m\u00e1s cinematogr\u00e1fica del pa\u00eds.","twitter_image":"http:\/\/s3-eu-west-1.amazonaws.com\/grazia-cdn\/wp-content\/uploads\/sites\/12\/2016\/04\/25113415\/cover1_malaga1.jpg","twitter_misc":{"Est. reading time":"1 minuto"},"schema":{"@context":"https:\/\/schema.org","@graph":[{"@type":"WebPage","@id":"https:\/\/graziamagazine.com\/es\/articles\/festival-de-malaga-2016\/","url":"https:\/\/graziamagazine.com\/es\/articles\/festival-de-malaga-2016\/","name":"Festival de M\u00e1laga 2016 | Grazia","isPartOf":{"@id":"https:\/\/graziamagazine.com\/es\/#website"},"datePublished":"2016-04-25T10:33:47+00:00","dateModified":"2016-04-25T10:33:47+00:00","description":"Nuestro cine se viste de gala un a\u00f1o m\u00e1s a orillas del Mediterr\u00e1neo. Repasamos todos los invitados al Festival de M\u00e1laga 2016.\u00a0","breadcrumb":{"@id":"https:\/\/graziamagazine.com\/es\/articles\/festival-de-malaga-2016\/#breadcrumb"},"inLanguage":"es","potentialAction":[{"@type":"ReadAction","target":["https:\/\/graziamagazine.com\/es\/articles\/festival-de-malaga-2016\/"]}]},{"@type":"BreadcrumbList","@id":"https:\/\/graziamagazine.com\/es\/articles\/festival-de-malaga-2016\/#breadcrumb","itemListElement":[{"@type":"ListItem","position":1,"name":"Portada","item":"https:\/\/graziamagazine.com\/es\/"},{"@type":"ListItem","position":2,"name":"Festival de M\u00e1laga 2016"}]},{"@type":"WebSite","@id":"https:\/\/graziamagazine.com\/es\/#website","url":"https:\/\/graziamagazine.com\/es\/","name":"Grazia","description":"Moda, belleza, celebrities, estilo de vida...","potentialAction":[{"@type":"SearchAction","target":{"@type":"EntryPoint","urlTemplate":"https:\/\/graziamagazine.com\/es\/?s={search_term_string}"},"query-input":"required name=search_term_string"}],"inLanguage":"es"}]}},"jetpack_sharing_enabled":true,"distributor_meta":false,"distributor_terms":false,"distributor_media":false,"distributor_original_site_name":"Grazia","distributor_original_site_url":"https:\/\/graziamagazine.com\/es","push-errors":false,"_links":{"self":[{"href":"https:\/\/graziamagazine.com\/es\/wp-json\/wp\/v2\/articles\/76624"}],"collection":[{"href":"https:\/\/graziamagazine.com\/es\/wp-json\/wp\/v2\/articles"}],"about":[{"href":"https:\/\/graziamagazine.com\/es\/wp-json\/wp\/v2\/types\/articles"}],"author":[{"embeddable":true,"href":"https:\/\/graziamagazine.com\/es\/wp-json\/wp\/v2\/users\/24470"}],"wp:attachment":[{"href":"https:\/\/graziamagazine.com\/es\/wp-json\/wp\/v2\/media?parent=76624"}],"wp:term":[{"taxonomy":"category","embeddable":true,"href":"https:\/\/graziamagazine.com\/es\/wp-json\/wp\/v2\/categories?post=76624"}],"curies":[{"name":"wp","href":"https:\/\/api.w.org\/{rel}","templated":true}]}}