{"id":76560,"date":"2016-04-22T14:22:55","date_gmt":"2016-04-22T12:22:55","guid":{"rendered":"https:\/\/graziamagazine.com\/es\/?p=76560"},"modified":"2016-04-22T14:40:31","modified_gmt":"2016-04-22T12:40:31","slug":"fashion-revolution","status":"publish","type":"articles","link":"https:\/\/graziamagazine.com\/es\/articles\/fashion-revolution\/","title":{"rendered":"Fashion Revolution, \u00bfte sumas?"},"content":{"rendered":"<p>En Grazia amamos la moda pero, como con el alcohol, <strong>defendemos un consumo responsable rechazando rotundamente la ropa de usar y tirar,<\/strong> responsable de\u00a0que muchas mujeres en Bangladesh (por ejemplo) <a href=\"https:\/\/graziamagazine.com\/es\/moda\/esta-mal-pagar-solo-2e-por-una-camiseta\/\" target=\"_blank\">cosan nuestras camisetas por un salario inferior a los\u00a0dos euros al d\u00eda<\/a>. Y es que la industria de la moda, la segunda m\u00e1s contaminante, emplea a m\u00e1s de 40 millones de trabajadores en f\u00e1bricas textiles en todo el mundo, en la mayor\u00eda de los casos en condiciones precarias.<\/p>\n<p>Como las 1.133 personas que murieron tras el derrumbamiento del edificio Rana Plaza en\u00a0Dhacca, un\u00a024 de abril de hace ahora tres a\u00f1os. Aquella tragedia supuso una sacudida y el surgimiento de miles de iniciativas que buscan\u00a0sensibilizar y\u00a0concienciar; tambi\u00e9n signific\u00f3 la agitaci\u00f3n\u00a0de varias firmas del sector. Pero, \u00bfqu\u00e9 ha cambiado desde entonces? Lucy Siegle, una de las periodistas especializadas en sostenibilidad m\u00e1s reputadas, se lamenta en <a href=\"http:\/\/www.businessoffashion.com\/articles\/opinion\/op-ed-sustainable-or-superficial\" target=\"_blank\" target=\"_blank\"><em>Business of Fashion<\/em><\/a> de que poco, no lo suficiente: <strong>\u00abTres a\u00f1os despu\u00e9s de Rana Plaza, muchas marcas todav\u00eda no han completado cambios en la seguridad de sus f\u00e1bricas y proveedores\u00bb.<\/strong> El principal problema, se\u00f1ala la experta, sigue siendo la opacidad de las grandes compa\u00f1\u00edas y la p\u00e9rdida de control al trabajar con subcontratas en un negocio con un impacto enorme en el panorama global.<\/p>\n<figure id=\"attachment_76572\" aria-describedby=\"caption-attachment-76572\" style=\"width: 500px\" class=\"wp-caption aligncenter\"><img loading=\"lazy\" decoding=\"async\" class=\"size-full wp-image-76572\" src=\"https:\/\/graziamagazine.com\/es\/wp-content\/uploads\/sites\/12\/2016\/04\/22135344\/gratis.jpg\" alt=\"&quot;La moda r\u00e1pida no es gratis, alguien est\u00e1 pagando por ella&quot;.\" width=\"500\" height=\"485\" \/><figcaption id=\"caption-attachment-76572\" class=\"wp-caption-text\">\u00abLa moda r\u00e1pida no es gratis, alguien est\u00e1 pagando por ella\u00bb.<\/figcaption><\/figure>\n<p>Un impacto y unas repercusiones sobre las que pretenden poner el foco y\u00a0educar los cientos de iniciativas que este fin de semana se suceden en m\u00e1s de 80 pa\u00edses bajo el paraguas del <em>Fashion Revolution Day<\/em> (el 24 de abril), una campa\u00f1a fundada por Carry Somers y Orsola de Castro precisamente tras el terrible accidente de Bangladesh.<\/p>\n<p>En Espa\u00f1a, estos\u00a0pac\u00edficos revolucionarios se unen tambi\u00e9n para pelear por <strong>el objetivo de crear una moda sostenible, \u00e9tica y respetuosa.<\/strong>\u00a0Con acciones, conferencias, talleres y proyecciones que se suceder\u00e1n en\u00a0diversas ciudades.\u00a0Aqu\u00ed <strong>la agenda de eventos; \u00bfte sumas a la revoluci\u00f3n?<\/strong><\/p>\n<figure id=\"attachment_76564\" aria-describedby=\"caption-attachment-76564\" style=\"width: 785px\" class=\"wp-caption aligncenter\"><img loading=\"lazy\" decoding=\"async\" class=\"size-full wp-image-76564\" src=\"https:\/\/graziamagazine.com\/es\/wp-content\/uploads\/sites\/12\/2016\/04\/22123124\/04-fashion-revolution.jpg\" alt=\"La revoluci\u00f3n pac\u00edfica toma muchas ciudades espa\u00f1olas este fin de semana con todo tipo de conferencias, talleres y actividades que ponen el foco en la sensibilizaci\u00f3n. \u00a9 Zoltan Tambor\" width=\"785\" height=\"502\" \/><figcaption id=\"caption-attachment-76564\" class=\"wp-caption-text\">La revoluci\u00f3n pac\u00edfica toma muchas ciudades espa\u00f1olas este fin de semana con todo tipo de conferencias, talleres y actividades que ponen el foco en la sensibilizaci\u00f3n. \u00a9 Zoltan Tambor<\/figcaption><\/figure>\n<p><span style=\"text-decoration: underline;\"><strong>BILBAO:<\/strong><\/span><\/p>\n<p>Hasta el 30 de abril puede visitarse en Bilbao y de manera gratuita la exposici\u00f3n Slow Fashion, que tiene por objetivo dar visibilidad a una moda m\u00e1s justa y sostenible. En BEAZ Bizkaia (Sabino Arana, 8). <a href=\"http:\/\/fashionrevolution.org\/event\/exposicion-slow-fashion\/\" target=\"_blank\" target=\"_blank\">M\u00e1s informaci\u00f3n.<\/a><\/p>\n<p><span style=\"text-decoration: underline;\"><strong>BURGOS:<\/strong><\/span><\/p>\n<p>Durante toda la semana se suceder\u00e1n los eventos en la Escuela de Arte y Superior de Dise\u00f1o con una completa agenda de exposiciones, charlas, mesas redondas, talleres&#8230; <a href=\"http:\/\/fashionrevolution.org\/event\/fashion-revolution-week-burgos\/\" target=\"_blank\" target=\"_blank\">M\u00e1s informaci\u00f3n.<\/a><\/p>\n<p><span style=\"text-decoration: underline;\"><strong>CANARIAS:<\/strong><\/span><\/p>\n<p>Aspectos como c\u00f3mo comprar, dise\u00f1ar, fabricar o vender ropa ecol\u00f3gica, prendas recicladas o sostenibles se tratar\u00e1n en la charla \u00abLa revoluci\u00f3n de la moda creada por Fashion Revolution\u00bb. Adem\u00e1s, se proyectar\u00e1\u00a0un documental sobre la realidad de la industria de la moda r\u00e1pida y se debatir\u00e1 sobre causas, opciones y soluciones. <a href=\"http:\/\/bit.ly\/fashrevcanarias\" target=\"_blank\" target=\"_blank\">M\u00e1s informaci\u00f3n.<\/a><\/p>\n<p><span style=\"text-decoration: underline;\"><strong>IBIZA:<\/strong><\/span><\/p>\n<p>Durante todo el domingo 24 en Bulevar Abel Matutes. Los asistentes podr\u00e1n descubrir\u00a0alternativas ecol\u00f3gicas y sostenibles vinculadas con la moda, la cosm\u00e9tica y la comida local. La jornada culminar\u00e1 con un desfile. <a href=\"http:\/\/bit.ly\/fashrevibiza\" target=\"_blank\" target=\"_blank\">M\u00e1s informaci\u00f3n.<\/a><\/p>\n<figure id=\"attachment_76573\" aria-describedby=\"caption-attachment-76573\" style=\"width: 500px\" class=\"wp-caption aligncenter\"><img loading=\"lazy\" decoding=\"async\" class=\"size-full wp-image-76573\" src=\"https:\/\/graziamagazine.com\/es\/wp-content\/uploads\/sites\/12\/2016\/04\/22135347\/mujeres.jpg\" alt=\"&quot;El 80% de los trabajadores en las f\u00e1bricas textiles son mujeres&quot;.\" width=\"500\" height=\"500\" \/><figcaption id=\"caption-attachment-76573\" class=\"wp-caption-text\">\u00abEl 80% de los trabajadores en las f\u00e1bricas textiles son mujeres\u00bb.<\/figcaption><\/figure>\n<p><span style=\"text-decoration: underline;\"><strong>JA\u00c9N:<\/strong><\/span><\/p>\n<div class=\"page\" title=\"Page 1\">\n<div class=\"layoutArea\">\n<div class=\"column\">\n<p>Cuatro emprendedoras de la industria textil en la provincia organizan una serie de actividades para concienciar sobre el consumo responsable y \u00e9tico de la moda. Adem\u00e1s, la agenda se completa con varias charlas, la proyecci\u00f3n de un documental y talleres. <a href=\"http:\/\/fashionrevolution.org\/event\/fashion-revolution-weekend-jaen\/\" target=\"_blank\" target=\"_blank\">M\u00e1s informaci\u00f3n.<\/a><\/p>\n<div class=\"page\" title=\"Page 1\">\n<div class=\"layoutArea\">\n<div class=\"column\">\n<p><span style=\"text-decoration: underline;\"><strong>JEREZ:<\/strong><\/span><\/p>\n<p>Presentaci\u00f3n de colecciones sostenibles, m\u00fasica en directo, concienciaci\u00f3n sobre #whomademyclothes&#8230; Durante todo el s\u00e1bado en Avenida Descartes, 4. <a href=\"http:\/\/bit.ly\/fashrevcosodejerez\" target=\"_blank\" target=\"_blank\">M\u00e1s informaci\u00f3n.<\/a><\/p>\n<\/div>\n<div class=\"column\">\n<p><span style=\"text-decoration: underline;\"><strong>LE\u00d3N:<\/strong><\/span><\/p>\n<p>La Gu\u00eda Go! Le\u00f3n ha puesto en marcha un concurso para concienciar sobre todo lo que se esconde\u00a0detr\u00e1s de una prenda. <a href=\"http:\/\/fashionrevolution.org\/event\/concurso-guia-go-leon\/\" target=\"_blank\" target=\"_blank\">M\u00e1s informaci\u00f3n.<\/a><\/p>\n<p><span style=\"text-decoration: underline;\"><strong>MADRID:<\/strong><\/span><\/p>\n<p>Desde el 22 y hasta el 24 de abril se suceder\u00e1n en el Museo del Traje charlas, mesas redondas y conferencias que pretenden abarcar el problema desde diferentes puntos de vista y enfoques. Todas las acciones se enmarcar\u00e1n bajo el paraguas de las V Jornadas de Moda Sostenible, un evento repleto de actividades, exposiciones, talleres&#8230; <a href=\"https:\/\/www.slowfashionnext.com\/V_Jornada_de_Moda_Sostenible_SFN_2016\" target=\"_blank\" target=\"_blank\">M\u00e1s informaci\u00f3n.<\/a><\/p>\n<p><span style=\"text-decoration: underline;\"><strong>M\u00c1LAGA:<\/strong><\/span><\/p>\n<p>Actividades durante todo el s\u00e1bado 23 (desde las 10 de la ma\u00f1ana) en Veganized &#8211; non toxic fashion (calle Fern\u00e1n Gonz\u00e1lez, 3). <a href=\"http:\/\/bit.ly\/fashrevmalaga\" target=\"_blank\" target=\"_blank\">M\u00e1s informaci\u00f3n.<\/a><\/p>\n<figure id=\"attachment_76571\" aria-describedby=\"caption-attachment-76571\" style=\"width: 500px\" class=\"wp-caption aligncenter\"><img loading=\"lazy\" decoding=\"async\" class=\"size-full wp-image-76571\" src=\"https:\/\/graziamagazine.com\/es\/wp-content\/uploads\/sites\/12\/2016\/04\/22135340\/agua.jpg\" alt=\"&quot;Son necesarios 2.720 litros de agua para fabricar una camiseta. Eso es todo lo que bebes durante tres a\u00f1os&quot;.\" width=\"500\" height=\"500\" \/><figcaption id=\"caption-attachment-76571\" class=\"wp-caption-text\">\u00abSon necesarios 2.720 litros de agua para fabricar una camiseta. Eso es todo lo que bebes durante tres a\u00f1os\u00bb.<\/figcaption><\/figure>\n<p><span style=\"text-decoration: underline;\"><strong>MALLORCA:<\/strong><\/span><\/p>\n<p>El 22 de abril, de 18 a 19.30 horas, se realizar\u00e1 un desfile en la calle m\u00e1s emblem\u00e1tica del <em>fast fashion:<\/em> Passeig del Born. En esta pasarela reivindicativa participar\u00e1n firmas mallorquinas, con trazabilidad de su producci\u00f3n, ecol\u00f3gicas y de comercio justo. <a href=\"http:\/\/bit.ly\/fashrevmallorca\" target=\"_blank\" target=\"_blank\">M\u00e1s informaci\u00f3n.<\/a><\/p>\n<p><span style=\"text-decoration: underline;\"><strong>MURCIA:<\/strong><\/span><\/p>\n<p>Durante el fin de semana del 22 al 24 de abril, el Colectivo MODAlog\u00eda organiza una serie de actividades, en colaboraci\u00f3n con el Centro Cuartel de Artiller\u00eda,\u00a0enfocadas a sensibilizar sobre la necesidad de una producci\u00f3n y un consumo m\u00e1s responsable de moda. <a href=\"https:\/\/www.facebook.com\/events\/234091163611131\/\" target=\"_blank\" target=\"_blank\">M\u00e1s informaci\u00f3n.<\/a><\/p>\n<p><span style=\"text-decoration: underline;\"><strong>VALLADOLID:<\/strong><\/span><\/p>\n<p>En la sede de la Escuela Superior de Dise\u00f1o (Paseo Arco de Ladrillo, 72-74) se desarrollar\u00e1 durante todo el viernes 22 la actividad <em>Show your label,\u00a0<\/em>cuyo objetivo es preguntar a las marcas qui\u00e9n hace mi ropa, motivando una reflexi\u00f3n colectiva sobre el consumo y la fabricaci\u00f3n de la misma. Por la tarde, tendr\u00e1 lugar el <em>Cluster around Design<\/em> que organiza la Escuela en\u00a0 colaboraci\u00f3n\u00a0con el Museo\u00a0Patio\u00a0Herreriano, donde profesionales y figuras destacadas del mundo del Dise\u00f1o relatar\u00e1n sus experiencias a trav\u00e9s de charlas creativas. <a href=\"http:\/\/bit.ly\/fashrevvallodolid\" target=\"_blank\" target=\"_blank\">M\u00e1s informaci\u00f3n.<\/a><\/p>\n<p><iframe loading=\"lazy\" style=\"border: none; overflow: hidden; height: 258px;\" src=\"\/\/www.facebook.com\/plugins\/likebox.php?href=https%3A%2F%2Fwww.facebook.com%2Fgraziaespana&amp;width&amp;height=258&amp;colorscheme=light&amp;show_faces=true&amp;header=false&amp;stream=false&amp;show_border=false&amp;appId=349017955267591\" width=\"300\" height=\"150\" frameborder=\"0\" scrolling=\"no\"><\/iframe><\/p>\n<\/div>\n<\/div>\n<\/div>\n<\/div>\n<\/div>\n<\/div>\n","protected":false},"author":21500,"featured_media":0,"template":"","format":"standard","categories":[3,1],"acf":[],"yoast_head":"<!-- This site is optimized with the Yoast SEO Premium plugin v18.5 (Yoast SEO v20.4) - https:\/\/yoast.com\/wordpress\/plugins\/seo\/ -->\n<title>Fashion Revolution, \u00bfte sumas? | Grazia<\/title>\n<meta name=\"description\" content=\"Eventos en toda Espa\u00f1a para conmemorar la tragedia del Rana Plaza el 24 de abril. \u00bfEl objetivo? Concienciar de que otra moda es posible.\" \/>\n<meta name=\"robots\" content=\"index, follow, max-snippet:-1, max-image-preview:large, max-video-preview:-1\" \/>\n<link rel=\"canonical\" href=\"https:\/\/graziamagazine.com\/es\/articles\/fashion-revolution\/\" \/>\n<meta property=\"og:locale\" content=\"es_ES\" \/>\n<meta property=\"og:type\" content=\"article\" \/>\n<meta property=\"og:title\" content=\"Fashion Revolution\" \/>\n<meta property=\"og:description\" content=\"Eventos en toda Espa\u00f1a se suman a las iniciativas globales para conmemorar la tragedia del Rana Plaza el 24 de abril. \u00bfEl objetivo? Sensibilizar y concienciar de que otra moda es posible.\" \/>\n<meta property=\"og:url\" content=\"https:\/\/graziamagazine.com\/es\/articles\/fashion-revolution\/\" \/>\n<meta property=\"og:site_name\" content=\"Grazia\" \/>\n<meta property=\"article:modified_time\" content=\"2016-04-22T12:40:31+00:00\" \/>\n<meta property=\"og:image\" content=\"https:\/\/graziamagazine.com\/es\/wp-content\/uploads\/sites\/12\/2016\/04\/22123107\/01-fashion-revolution.jpg?fit=785%2C480\" \/>\n\t<meta property=\"og:image:width\" content=\"785\" \/>\n\t<meta property=\"og:image:height\" content=\"480\" \/>\n\t<meta property=\"og:image:type\" content=\"image\/jpeg\" \/>\n<meta name=\"twitter:card\" content=\"summary_large_image\" \/>\n<meta name=\"twitter:title\" content=\"Fashion Revolution\" \/>\n<meta name=\"twitter:description\" content=\"Eventos en toda Espa\u00f1a se suman a las iniciativas globales para conmemorar la tragedia del Rana Plaza el 24 de abril. \u00bfEl objetivo? Sensibilizar y concienciar de que otra moda es posible.\" \/>\n<meta name=\"twitter:image\" content=\"http:\/\/s3-eu-west-1.amazonaws.com\/grazia-cdn\/wp-content\/uploads\/sites\/12\/2016\/04\/22123107\/01-fashion-revolution.jpg\" \/>\n<meta name=\"twitter:label1\" content=\"Est. reading time\" \/>\n\t<meta name=\"twitter:data1\" content=\"5 minutos\" \/>\n<script type=\"application\/ld+json\" class=\"yoast-schema-graph\">{\"@context\":\"https:\/\/schema.org\",\"@graph\":[{\"@type\":\"WebPage\",\"@id\":\"https:\/\/graziamagazine.com\/es\/articles\/fashion-revolution\/\",\"url\":\"https:\/\/graziamagazine.com\/es\/articles\/fashion-revolution\/\",\"name\":\"Fashion Revolution, \u00bfte sumas? | Grazia\",\"isPartOf\":{\"@id\":\"https:\/\/graziamagazine.com\/es\/#website\"},\"datePublished\":\"2016-04-22T12:22:55+00:00\",\"dateModified\":\"2016-04-22T12:40:31+00:00\",\"description\":\"Eventos en toda Espa\u00f1a para conmemorar la tragedia del Rana Plaza el 24 de abril. \u00bfEl objetivo? Concienciar de que otra moda es posible.\",\"breadcrumb\":{\"@id\":\"https:\/\/graziamagazine.com\/es\/articles\/fashion-revolution\/#breadcrumb\"},\"inLanguage\":\"es\",\"potentialAction\":[{\"@type\":\"ReadAction\",\"target\":[\"https:\/\/graziamagazine.com\/es\/articles\/fashion-revolution\/\"]}]},{\"@type\":\"BreadcrumbList\",\"@id\":\"https:\/\/graziamagazine.com\/es\/articles\/fashion-revolution\/#breadcrumb\",\"itemListElement\":[{\"@type\":\"ListItem\",\"position\":1,\"name\":\"Portada\",\"item\":\"https:\/\/graziamagazine.com\/es\/\"},{\"@type\":\"ListItem\",\"position\":2,\"name\":\"Fashion Revolution, \u00bfte sumas?\"}]},{\"@type\":\"WebSite\",\"@id\":\"https:\/\/graziamagazine.com\/es\/#website\",\"url\":\"https:\/\/graziamagazine.com\/es\/\",\"name\":\"Grazia\",\"description\":\"Moda, belleza, celebrities, estilo de vida...\",\"potentialAction\":[{\"@type\":\"SearchAction\",\"target\":{\"@type\":\"EntryPoint\",\"urlTemplate\":\"https:\/\/graziamagazine.com\/es\/?s={search_term_string}\"},\"query-input\":\"required name=search_term_string\"}],\"inLanguage\":\"es\"}]}<\/script>\n<!-- \/ Yoast SEO Premium plugin. -->","yoast_head_json":{"title":"Fashion Revolution, \u00bfte sumas? | Grazia","description":"Eventos en toda Espa\u00f1a para conmemorar la tragedia del Rana Plaza el 24 de abril. \u00bfEl objetivo? Concienciar de que otra moda es posible.","robots":{"index":"index","follow":"follow","max-snippet":"max-snippet:-1","max-image-preview":"max-image-preview:large","max-video-preview":"max-video-preview:-1"},"canonical":"https:\/\/graziamagazine.com\/es\/articles\/fashion-revolution\/","og_locale":"es_ES","og_type":"article","og_title":"Fashion Revolution","og_description":"Eventos en toda Espa\u00f1a se suman a las iniciativas globales para conmemorar la tragedia del Rana Plaza el 24 de abril. \u00bfEl objetivo? Sensibilizar y concienciar de que otra moda es posible.","og_url":"https:\/\/graziamagazine.com\/es\/articles\/fashion-revolution\/","og_site_name":"Grazia","article_modified_time":"2016-04-22T12:40:31+00:00","og_image":[{"width":785,"height":480,"url":"https:\/\/graziamagazine.com\/es\/wp-content\/uploads\/sites\/12\/2016\/04\/22123107\/01-fashion-revolution.jpg?fit=785%2C480","type":"image\/jpeg"}],"twitter_card":"summary_large_image","twitter_title":"Fashion Revolution","twitter_description":"Eventos en toda Espa\u00f1a se suman a las iniciativas globales para conmemorar la tragedia del Rana Plaza el 24 de abril. \u00bfEl objetivo? Sensibilizar y concienciar de que otra moda es posible.","twitter_image":"http:\/\/s3-eu-west-1.amazonaws.com\/grazia-cdn\/wp-content\/uploads\/sites\/12\/2016\/04\/22123107\/01-fashion-revolution.jpg","twitter_misc":{"Est. reading time":"5 minutos"},"schema":{"@context":"https:\/\/schema.org","@graph":[{"@type":"WebPage","@id":"https:\/\/graziamagazine.com\/es\/articles\/fashion-revolution\/","url":"https:\/\/graziamagazine.com\/es\/articles\/fashion-revolution\/","name":"Fashion Revolution, \u00bfte sumas? | Grazia","isPartOf":{"@id":"https:\/\/graziamagazine.com\/es\/#website"},"datePublished":"2016-04-22T12:22:55+00:00","dateModified":"2016-04-22T12:40:31+00:00","description":"Eventos en toda Espa\u00f1a para conmemorar la tragedia del Rana Plaza el 24 de abril. \u00bfEl objetivo? Concienciar de que otra moda es posible.","breadcrumb":{"@id":"https:\/\/graziamagazine.com\/es\/articles\/fashion-revolution\/#breadcrumb"},"inLanguage":"es","potentialAction":[{"@type":"ReadAction","target":["https:\/\/graziamagazine.com\/es\/articles\/fashion-revolution\/"]}]},{"@type":"BreadcrumbList","@id":"https:\/\/graziamagazine.com\/es\/articles\/fashion-revolution\/#breadcrumb","itemListElement":[{"@type":"ListItem","position":1,"name":"Portada","item":"https:\/\/graziamagazine.com\/es\/"},{"@type":"ListItem","position":2,"name":"Fashion Revolution, \u00bfte sumas?"}]},{"@type":"WebSite","@id":"https:\/\/graziamagazine.com\/es\/#website","url":"https:\/\/graziamagazine.com\/es\/","name":"Grazia","description":"Moda, belleza, celebrities, estilo de vida...","potentialAction":[{"@type":"SearchAction","target":{"@type":"EntryPoint","urlTemplate":"https:\/\/graziamagazine.com\/es\/?s={search_term_string}"},"query-input":"required name=search_term_string"}],"inLanguage":"es"}]}},"jetpack_sharing_enabled":true,"distributor_meta":false,"distributor_terms":false,"distributor_media":false,"distributor_original_site_name":"Grazia","distributor_original_site_url":"https:\/\/graziamagazine.com\/es","push-errors":false,"_links":{"self":[{"href":"https:\/\/graziamagazine.com\/es\/wp-json\/wp\/v2\/articles\/76560"}],"collection":[{"href":"https:\/\/graziamagazine.com\/es\/wp-json\/wp\/v2\/articles"}],"about":[{"href":"https:\/\/graziamagazine.com\/es\/wp-json\/wp\/v2\/types\/articles"}],"author":[{"embeddable":true,"href":"https:\/\/graziamagazine.com\/es\/wp-json\/wp\/v2\/users\/21500"}],"wp:attachment":[{"href":"https:\/\/graziamagazine.com\/es\/wp-json\/wp\/v2\/media?parent=76560"}],"wp:term":[{"taxonomy":"category","embeddable":true,"href":"https:\/\/graziamagazine.com\/es\/wp-json\/wp\/v2\/categories?post=76560"}],"curies":[{"name":"wp","href":"https:\/\/api.w.org\/{rel}","templated":true}]}}