{"id":76455,"date":"2016-04-22T05:55:12","date_gmt":"2016-04-22T03:55:12","guid":{"rendered":"https:\/\/graziamagazine.com\/es\/?p=76455"},"modified":"2016-04-21T17:56:06","modified_gmt":"2016-04-21T15:56:06","slug":"nos-vemos-en-el-festival-de-malaga","status":"publish","type":"articles","link":"https:\/\/graziamagazine.com\/es\/articles\/nos-vemos-en-el-festival-de-malaga\/","title":{"rendered":"Festival de M\u00e1laga 2016: los nombres que dar\u00e1n que hablar"},"content":{"rendered":"<p><em>Por Rafa Pontes.<\/em><\/p>\n<p><strong>Cada a\u00f1o, el Festival de Cine de M\u00e1laga abre sus puertas para sorprender.<\/strong> Las apuestas m\u00e1s esperadas del cine espa\u00f1ol encuentran su salida comercial en grandes estrenos, apoyos de la televisi\u00f3n o estrellas internacionales. Pero cada edici\u00f3n del certamen andaluz esconde joyas que, desde el Teatro Cervantes, llaman la atenci\u00f3n de distribuidores y espectadores, como el a\u00f1o pasado ocurri\u00f3 con <i>A cambio de nada<\/i>, de Daniel Guzm\u00e1n, o <a href=\"https:\/\/graziamagazine.com\/es\/celebs\/natalia-de-molina-todos-los-caminos-llevan-al-goya\/\" target=\"_blank\"><i>Techo y comida<\/i> (protagonizada por Natalia de Molina)<\/a>, que despu\u00e9s sumaron nueve candidaturas a los Goya y lograron ganar tres. <strong>Eso sin contar que la ciudad se lanza a la calle y se baten los r\u00e9cords de asistencia de los a\u00f1os anteriores, tanto en las sesiones de cine como en las actividades paralelas, conciertos y exposiciones.<\/strong><\/p>\n<p>Esta 19 edici\u00f3n ofrece un cartel potente ya desde la propia inauguraci\u00f3n, con la presentaci\u00f3n de <i>Toro,<\/i> el esperado regreso de Kike Ma\u00edllo a la direcci\u00f3n, con un reparto de lujo: Luis Tosar, Mario Casas, Jos\u00e9 Sacrist\u00e1n e Ingrid Garc\u00eda-Jonsson, entre otros. A partir de ah\u00ed, una bacanal de cine se repartir\u00e1 por las distintas pantallas, estrenos que har\u00e1n que se paseen por M\u00e1laga estrellas como Bel\u00e9n Rueda, Pilar L\u00f3pez de Ayala, Emma Su\u00e1rez, Dani Rovira, Carmen Maura o Maribel Verd\u00fa, entre otras, que presentar\u00e1n sus nuevos trabajos.<\/p>\n<p>Ahora bien, al margen de las secciones dedicadas al cine m\u00e1s alternativo o el procedente de Latinoam\u00e9rica, siempre queda un espacio para la nostalgia: en esta ocasi\u00f3n, el Festival de M\u00e1laga ofrecer\u00e1 la oportunidad de volver a ver en pantalla grande <i>Amantes,<\/i> el cl\u00e1sico de Vicente Aranda protagonizado por Victoria Abril y Jorge Sanz. Tambi\u00e9n los t\u00edtulos m\u00e1s representativos de la actriz Paz Vega, el actor Emilio Guti\u00e9rrez Caba o la directora Gracia Querejeta, ya que todos recibir\u00e1n un premio por su trayectoria. Como cantaba Luis Eduardo Aute, \u201cCine, cine, cine\u2026 m\u00e1s cine, por favor\u201d.<\/p>\n<p>[galeria]<\/p>\n<p><em>* Art\u00edculo\u00a0publicado originalmente en el n\u00famero de abril de la revista Shopping &amp; Style, suplemento de El Pa\u00eds.\u00a0<\/em><\/p>\n<p><iframe loading=\"lazy\" style=\"border: none; overflow: hidden; height: 258px;\" src=\"\/\/www.facebook.com\/plugins\/likebox.php?href=https%3A%2F%2Fwww.facebook.com%2Fgraziaespana&amp;width&amp;height=258&amp;colorscheme=light&amp;show_faces=true&amp;header=false&amp;stream=false&amp;show_border=false&amp;appId=349017955267591\" width=\"300\" height=\"150\" frameborder=\"0\" scrolling=\"no\"><\/iframe><\/p>\n","protected":false},"author":24470,"featured_media":0,"template":"","format":"standard","categories":[19,18],"acf":[],"yoast_head":"<!-- This site is optimized with the Yoast SEO Premium plugin v18.5 (Yoast SEO v20.4) - https:\/\/yoast.com\/wordpress\/plugins\/seo\/ -->\n<title>Festival de M\u00e1laga 2016: los nombres que dar\u00e1n que hablar | Grazia<\/title>\n<meta name=\"description\" content=\"An\u00f3talo en tu agenda. Del 22 de abril al 1 de mayo, tenemos una cita en el Festival de M\u00e1laga. Puro (s\u00e9ptimo) Arte.\u00a0\" \/>\n<meta name=\"robots\" content=\"index, follow, max-snippet:-1, max-image-preview:large, max-video-preview:-1\" \/>\n<link rel=\"canonical\" href=\"https:\/\/graziamagazine.com\/es\/articles\/nos-vemos-en-el-festival-de-malaga\/\" \/>\n<meta property=\"og:locale\" content=\"es_ES\" \/>\n<meta property=\"og:type\" content=\"article\" \/>\n<meta property=\"og:title\" content=\"Nos vemos en el Festival de M\u00e1laga\" \/>\n<meta property=\"og:description\" content=\"An\u00f3talo en tu agenda. Del 22 de abril al 1 de mayo, tenemos una cita en el Festival de Cine Espa\u00f1ol de M\u00e1laga. Puro (s\u00e9ptimo) Arte.\" \/>\n<meta property=\"og:url\" content=\"https:\/\/graziamagazine.com\/es\/articles\/nos-vemos-en-el-festival-de-malaga\/\" \/>\n<meta property=\"og:site_name\" content=\"Grazia\" \/>\n<meta property=\"article:modified_time\" content=\"2016-04-21T15:56:06+00:00\" \/>\n<meta property=\"og:image\" content=\"https:\/\/graziamagazine.com\/es\/wp-content\/uploads\/sites\/12\/2016\/04\/20171654\/cover1_malaga.jpg?fit=785%2C480\" \/>\n\t<meta property=\"og:image:width\" content=\"785\" \/>\n\t<meta property=\"og:image:height\" content=\"480\" \/>\n\t<meta property=\"og:image:type\" content=\"image\/jpeg\" \/>\n<meta name=\"twitter:card\" content=\"summary_large_image\" \/>\n<meta name=\"twitter:title\" content=\"Nos vemos en el Festival de M\u00e1laga\" \/>\n<meta name=\"twitter:description\" content=\"An\u00f3talo en tu agenda. Del 22 de abril al 1 de mayo, tenemos una cita en el Festival de Cine Espa\u00f1ol de M\u00e1laga. Puro (s\u00e9ptimo) Arte.\" \/>\n<meta name=\"twitter:image\" content=\"http:\/\/s3-eu-west-1.amazonaws.com\/grazia-cdn\/wp-content\/uploads\/sites\/12\/2016\/04\/20171654\/cover1_malaga.jpg\" \/>\n<meta name=\"twitter:label1\" content=\"Est. reading time\" \/>\n\t<meta name=\"twitter:data1\" content=\"2 minutos\" \/>\n<script type=\"application\/ld+json\" class=\"yoast-schema-graph\">{\"@context\":\"https:\/\/schema.org\",\"@graph\":[{\"@type\":\"WebPage\",\"@id\":\"https:\/\/graziamagazine.com\/es\/articles\/nos-vemos-en-el-festival-de-malaga\/\",\"url\":\"https:\/\/graziamagazine.com\/es\/articles\/nos-vemos-en-el-festival-de-malaga\/\",\"name\":\"Festival de M\u00e1laga 2016: los nombres que dar\u00e1n que hablar | Grazia\",\"isPartOf\":{\"@id\":\"https:\/\/graziamagazine.com\/es\/#website\"},\"datePublished\":\"2016-04-22T03:55:12+00:00\",\"dateModified\":\"2016-04-21T15:56:06+00:00\",\"description\":\"An\u00f3talo en tu agenda. Del 22 de abril al 1 de mayo, tenemos una cita en el Festival de M\u00e1laga. Puro (s\u00e9ptimo) Arte.\u00a0\",\"breadcrumb\":{\"@id\":\"https:\/\/graziamagazine.com\/es\/articles\/nos-vemos-en-el-festival-de-malaga\/#breadcrumb\"},\"inLanguage\":\"es\",\"potentialAction\":[{\"@type\":\"ReadAction\",\"target\":[\"https:\/\/graziamagazine.com\/es\/articles\/nos-vemos-en-el-festival-de-malaga\/\"]}]},{\"@type\":\"BreadcrumbList\",\"@id\":\"https:\/\/graziamagazine.com\/es\/articles\/nos-vemos-en-el-festival-de-malaga\/#breadcrumb\",\"itemListElement\":[{\"@type\":\"ListItem\",\"position\":1,\"name\":\"Portada\",\"item\":\"https:\/\/graziamagazine.com\/es\/\"},{\"@type\":\"ListItem\",\"position\":2,\"name\":\"Festival de M\u00e1laga 2016: los nombres que dar\u00e1n que hablar\"}]},{\"@type\":\"WebSite\",\"@id\":\"https:\/\/graziamagazine.com\/es\/#website\",\"url\":\"https:\/\/graziamagazine.com\/es\/\",\"name\":\"Grazia\",\"description\":\"Moda, belleza, celebrities, estilo de vida...\",\"potentialAction\":[{\"@type\":\"SearchAction\",\"target\":{\"@type\":\"EntryPoint\",\"urlTemplate\":\"https:\/\/graziamagazine.com\/es\/?s={search_term_string}\"},\"query-input\":\"required name=search_term_string\"}],\"inLanguage\":\"es\"}]}<\/script>\n<!-- \/ Yoast SEO Premium plugin. -->","yoast_head_json":{"title":"Festival de M\u00e1laga 2016: los nombres que dar\u00e1n que hablar | Grazia","description":"An\u00f3talo en tu agenda. Del 22 de abril al 1 de mayo, tenemos una cita en el Festival de M\u00e1laga. Puro (s\u00e9ptimo) Arte.\u00a0","robots":{"index":"index","follow":"follow","max-snippet":"max-snippet:-1","max-image-preview":"max-image-preview:large","max-video-preview":"max-video-preview:-1"},"canonical":"https:\/\/graziamagazine.com\/es\/articles\/nos-vemos-en-el-festival-de-malaga\/","og_locale":"es_ES","og_type":"article","og_title":"Nos vemos en el Festival de M\u00e1laga","og_description":"An\u00f3talo en tu agenda. Del 22 de abril al 1 de mayo, tenemos una cita en el Festival de Cine Espa\u00f1ol de M\u00e1laga. Puro (s\u00e9ptimo) Arte.","og_url":"https:\/\/graziamagazine.com\/es\/articles\/nos-vemos-en-el-festival-de-malaga\/","og_site_name":"Grazia","article_modified_time":"2016-04-21T15:56:06+00:00","og_image":[{"width":785,"height":480,"url":"https:\/\/graziamagazine.com\/es\/wp-content\/uploads\/sites\/12\/2016\/04\/20171654\/cover1_malaga.jpg?fit=785%2C480","type":"image\/jpeg"}],"twitter_card":"summary_large_image","twitter_title":"Nos vemos en el Festival de M\u00e1laga","twitter_description":"An\u00f3talo en tu agenda. Del 22 de abril al 1 de mayo, tenemos una cita en el Festival de Cine Espa\u00f1ol de M\u00e1laga. Puro (s\u00e9ptimo) Arte.","twitter_image":"http:\/\/s3-eu-west-1.amazonaws.com\/grazia-cdn\/wp-content\/uploads\/sites\/12\/2016\/04\/20171654\/cover1_malaga.jpg","twitter_misc":{"Est. reading time":"2 minutos"},"schema":{"@context":"https:\/\/schema.org","@graph":[{"@type":"WebPage","@id":"https:\/\/graziamagazine.com\/es\/articles\/nos-vemos-en-el-festival-de-malaga\/","url":"https:\/\/graziamagazine.com\/es\/articles\/nos-vemos-en-el-festival-de-malaga\/","name":"Festival de M\u00e1laga 2016: los nombres que dar\u00e1n que hablar | Grazia","isPartOf":{"@id":"https:\/\/graziamagazine.com\/es\/#website"},"datePublished":"2016-04-22T03:55:12+00:00","dateModified":"2016-04-21T15:56:06+00:00","description":"An\u00f3talo en tu agenda. Del 22 de abril al 1 de mayo, tenemos una cita en el Festival de M\u00e1laga. Puro (s\u00e9ptimo) Arte.\u00a0","breadcrumb":{"@id":"https:\/\/graziamagazine.com\/es\/articles\/nos-vemos-en-el-festival-de-malaga\/#breadcrumb"},"inLanguage":"es","potentialAction":[{"@type":"ReadAction","target":["https:\/\/graziamagazine.com\/es\/articles\/nos-vemos-en-el-festival-de-malaga\/"]}]},{"@type":"BreadcrumbList","@id":"https:\/\/graziamagazine.com\/es\/articles\/nos-vemos-en-el-festival-de-malaga\/#breadcrumb","itemListElement":[{"@type":"ListItem","position":1,"name":"Portada","item":"https:\/\/graziamagazine.com\/es\/"},{"@type":"ListItem","position":2,"name":"Festival de M\u00e1laga 2016: los nombres que dar\u00e1n que hablar"}]},{"@type":"WebSite","@id":"https:\/\/graziamagazine.com\/es\/#website","url":"https:\/\/graziamagazine.com\/es\/","name":"Grazia","description":"Moda, belleza, celebrities, estilo de vida...","potentialAction":[{"@type":"SearchAction","target":{"@type":"EntryPoint","urlTemplate":"https:\/\/graziamagazine.com\/es\/?s={search_term_string}"},"query-input":"required name=search_term_string"}],"inLanguage":"es"}]}},"jetpack_sharing_enabled":true,"distributor_meta":false,"distributor_terms":false,"distributor_media":false,"distributor_original_site_name":"Grazia","distributor_original_site_url":"https:\/\/graziamagazine.com\/es","push-errors":false,"_links":{"self":[{"href":"https:\/\/graziamagazine.com\/es\/wp-json\/wp\/v2\/articles\/76455"}],"collection":[{"href":"https:\/\/graziamagazine.com\/es\/wp-json\/wp\/v2\/articles"}],"about":[{"href":"https:\/\/graziamagazine.com\/es\/wp-json\/wp\/v2\/types\/articles"}],"author":[{"embeddable":true,"href":"https:\/\/graziamagazine.com\/es\/wp-json\/wp\/v2\/users\/24470"}],"wp:attachment":[{"href":"https:\/\/graziamagazine.com\/es\/wp-json\/wp\/v2\/media?parent=76455"}],"wp:term":[{"taxonomy":"category","embeddable":true,"href":"https:\/\/graziamagazine.com\/es\/wp-json\/wp\/v2\/categories?post=76455"}],"curies":[{"name":"wp","href":"https:\/\/api.w.org\/{rel}","templated":true}]}}