{"id":76130,"date":"2016-04-14T11:27:30","date_gmt":"2016-04-14T09:27:30","guid":{"rendered":"https:\/\/graziamagazine.com\/es\/?p=76130"},"modified":"2016-04-14T11:27:30","modified_gmt":"2016-04-14T09:27:30","slug":"el-primer-selfie-de-las-olsen","status":"publish","type":"articles","link":"https:\/\/graziamagazine.com\/es\/articles\/el-primer-selfie-de-las-olsen\/","title":{"rendered":"\u00a1Aleluya! Las Olsen publican su primer selfie"},"content":{"rendered":"<p><strong>No se les puede negar a <a href=\"https:\/\/graziamagazine.com\/es\/etiqueta\/mary-kate-olsen\/\" target=\"_blank\">Mary Kate<\/a> y <a href=\"https:\/\/graziamagazine.com\/es\/etiqueta\/ashley-olsen\/\" target=\"_blank\">Ashley<\/a> que llegaron las primeras a muchas cosas.<\/strong> A nuestro coraz\u00f3n, por poner un ejemplo, en su versi\u00f3n mini con coletas y flequillo en <em>Padres Forzosos<\/em>.\u00a0Pero tambi\u00e9n al de los que dec\u00edan qu\u00e9 val\u00eda y qu\u00e9 no en la industria de la moda\u00a0en esos (ahora) maravillosos 2000. Poco despu\u00e9s se cerraron en banda a golpe de marca de lujo, gafas de sol gigantes y fobia a las redes sociales, no dej\u00e1ndonos ver m\u00e1s all\u00e1 de esas lentes XL,<del> que ya bastante expuestas estuvieron en sus a\u00f1os mozos<\/del>. La cosa es que hoy, por fin, \u00a1por fin! podemos decir que <strong>las Olsen han sucumbido a la c\u00e1mara frontal del m\u00f3vil\u00a0y han subido a Instagram su primer <em>selfie<\/em> p\u00fablico.<\/strong> Eso s\u00ed, no nos ilusionemos: no lo han compartido en su propio perfil, sino en el de <a href=\"https:\/\/www.instagram.com\/sephora\/\" target=\"_blank\" target=\"_blank\">Sephora<\/a> a golpe de <em>take over.<\/em> Pero, oye, menos da una piedra&#8230;<\/p>\n<figure id=\"attachment_76138\" aria-describedby=\"caption-attachment-76138\" style=\"width: 598px\" class=\"wp-caption aligncenter\"><img loading=\"lazy\" decoding=\"async\" class=\"size-full wp-image-76138\" src=\"https:\/\/graziamagazine.com\/es\/wp-content\/uploads\/sites\/12\/2016\/04\/14111851\/Captura-de-pantalla-2016-04-14-a-las-11.14.54.png\" alt=\"As\u00ed es el primer selfie de las Olsen: en blanco y negro y con los ojos cubiertos. \u00a1Predecible! \u00a9 Instagram\" width=\"598\" height=\"597\" \/><figcaption id=\"caption-attachment-76138\" class=\"wp-caption-text\">As\u00ed es el primer selfie de las Olsen: en blanco y negro y con los ojos cubiertos. \u00a1Predecible! \u00a9 Instagram<\/figcaption><\/figure>\n<p><iframe loading=\"lazy\" style=\"border: none; overflow: hidden; height: 258px;\" src=\"\/\/www.facebook.com\/plugins\/likebox.php?href=https%3A%2F%2Fwww.facebook.com%2Fgraziaespana&amp;width&amp;height=258&amp;colorscheme=light&amp;show_faces=true&amp;header=false&amp;stream=false&amp;show_border=false&amp;appId=349017955267591\" width=\"300\" height=\"150\" frameborder=\"0\" scrolling=\"no\"><\/iframe><\/p>\n","protected":false},"author":24470,"featured_media":0,"template":"","format":"standard","categories":[14,13],"acf":[],"yoast_head":"<!-- This site is optimized with the Yoast SEO Premium plugin v18.5 (Yoast SEO v20.4) - https:\/\/yoast.com\/wordpress\/plugins\/seo\/ -->\n<title>\u00a1Aleluya! Las Olsen publican su primer selfie | Grazia<\/title>\n<meta name=\"description\" content=\"Han tardado, pero aqu\u00ed est\u00e1: as\u00ed es el primer selfie de las Olsen.\u00a0\" \/>\n<meta name=\"robots\" content=\"index, follow, max-snippet:-1, max-image-preview:large, max-video-preview:-1\" \/>\n<link rel=\"canonical\" href=\"https:\/\/graziamagazine.com\/es\/articles\/el-primer-selfie-de-las-olsen\/\" \/>\n<meta property=\"og:locale\" content=\"es_ES\" \/>\n<meta property=\"og:type\" content=\"article\" \/>\n<meta property=\"og:title\" content=\"\u00a1Aleluya! Las Olsen publican su primer selfie\" \/>\n<meta property=\"og:description\" content=\"Fueron iconos de moda antes de que existiera el hashtag y, sin embargo, hasta ahora no nos hab\u00edan deleitado con una autofoto en Instagram...\" \/>\n<meta property=\"og:url\" content=\"https:\/\/graziamagazine.com\/es\/articles\/el-primer-selfie-de-las-olsen\/\" \/>\n<meta property=\"og:site_name\" content=\"Grazia\" \/>\n<meta property=\"og:image\" content=\"https:\/\/graziamagazine.com\/es\/wp-content\/uploads\/sites\/12\/2016\/04\/14111733\/cover1_selfieolsen.jpg?fit=785%2C480\" \/>\n\t<meta property=\"og:image:width\" content=\"785\" \/>\n\t<meta property=\"og:image:height\" content=\"480\" \/>\n\t<meta property=\"og:image:type\" content=\"image\/jpeg\" \/>\n<meta name=\"twitter:card\" content=\"summary_large_image\" \/>\n<meta name=\"twitter:title\" content=\"\u00a1Aleluya! Las Olsen publican su primer selfie\" \/>\n<meta name=\"twitter:description\" content=\"Fueron iconos de moda antes de que existiera el hashtag y, sin embargo, hasta ahora no nos hab\u00edan deleitado con una autofoto en Instagram...\" \/>\n<meta name=\"twitter:image\" content=\"http:\/\/s3-eu-west-1.amazonaws.com\/grazia-cdn\/wp-content\/uploads\/sites\/12\/2016\/04\/14111733\/cover1_selfieolsen.jpg\" \/>\n<meta name=\"twitter:label1\" content=\"Est. reading time\" \/>\n\t<meta name=\"twitter:data1\" content=\"1 minuto\" \/>\n<script type=\"application\/ld+json\" class=\"yoast-schema-graph\">{\"@context\":\"https:\/\/schema.org\",\"@graph\":[{\"@type\":\"WebPage\",\"@id\":\"https:\/\/graziamagazine.com\/es\/articles\/el-primer-selfie-de-las-olsen\/\",\"url\":\"https:\/\/graziamagazine.com\/es\/articles\/el-primer-selfie-de-las-olsen\/\",\"name\":\"\u00a1Aleluya! Las Olsen publican su primer selfie | Grazia\",\"isPartOf\":{\"@id\":\"https:\/\/graziamagazine.com\/es\/#website\"},\"datePublished\":\"2016-04-14T09:27:30+00:00\",\"dateModified\":\"2016-04-14T09:27:30+00:00\",\"description\":\"Han tardado, pero aqu\u00ed est\u00e1: as\u00ed es el primer selfie de las Olsen.\u00a0\",\"breadcrumb\":{\"@id\":\"https:\/\/graziamagazine.com\/es\/articles\/el-primer-selfie-de-las-olsen\/#breadcrumb\"},\"inLanguage\":\"es\",\"potentialAction\":[{\"@type\":\"ReadAction\",\"target\":[\"https:\/\/graziamagazine.com\/es\/articles\/el-primer-selfie-de-las-olsen\/\"]}]},{\"@type\":\"BreadcrumbList\",\"@id\":\"https:\/\/graziamagazine.com\/es\/articles\/el-primer-selfie-de-las-olsen\/#breadcrumb\",\"itemListElement\":[{\"@type\":\"ListItem\",\"position\":1,\"name\":\"Portada\",\"item\":\"https:\/\/graziamagazine.com\/es\/\"},{\"@type\":\"ListItem\",\"position\":2,\"name\":\"\u00a1Aleluya! Las Olsen publican su primer selfie\"}]},{\"@type\":\"WebSite\",\"@id\":\"https:\/\/graziamagazine.com\/es\/#website\",\"url\":\"https:\/\/graziamagazine.com\/es\/\",\"name\":\"Grazia\",\"description\":\"Moda, belleza, celebrities, estilo de vida...\",\"potentialAction\":[{\"@type\":\"SearchAction\",\"target\":{\"@type\":\"EntryPoint\",\"urlTemplate\":\"https:\/\/graziamagazine.com\/es\/?s={search_term_string}\"},\"query-input\":\"required name=search_term_string\"}],\"inLanguage\":\"es\"}]}<\/script>\n<!-- \/ Yoast SEO Premium plugin. -->","yoast_head_json":{"title":"\u00a1Aleluya! Las Olsen publican su primer selfie | Grazia","description":"Han tardado, pero aqu\u00ed est\u00e1: as\u00ed es el primer selfie de las Olsen.\u00a0","robots":{"index":"index","follow":"follow","max-snippet":"max-snippet:-1","max-image-preview":"max-image-preview:large","max-video-preview":"max-video-preview:-1"},"canonical":"https:\/\/graziamagazine.com\/es\/articles\/el-primer-selfie-de-las-olsen\/","og_locale":"es_ES","og_type":"article","og_title":"\u00a1Aleluya! Las Olsen publican su primer selfie","og_description":"Fueron iconos de moda antes de que existiera el hashtag y, sin embargo, hasta ahora no nos hab\u00edan deleitado con una autofoto en Instagram...","og_url":"https:\/\/graziamagazine.com\/es\/articles\/el-primer-selfie-de-las-olsen\/","og_site_name":"Grazia","og_image":[{"width":785,"height":480,"url":"https:\/\/graziamagazine.com\/es\/wp-content\/uploads\/sites\/12\/2016\/04\/14111733\/cover1_selfieolsen.jpg?fit=785%2C480","type":"image\/jpeg"}],"twitter_card":"summary_large_image","twitter_title":"\u00a1Aleluya! Las Olsen publican su primer selfie","twitter_description":"Fueron iconos de moda antes de que existiera el hashtag y, sin embargo, hasta ahora no nos hab\u00edan deleitado con una autofoto en Instagram...","twitter_image":"http:\/\/s3-eu-west-1.amazonaws.com\/grazia-cdn\/wp-content\/uploads\/sites\/12\/2016\/04\/14111733\/cover1_selfieolsen.jpg","twitter_misc":{"Est. reading time":"1 minuto"},"schema":{"@context":"https:\/\/schema.org","@graph":[{"@type":"WebPage","@id":"https:\/\/graziamagazine.com\/es\/articles\/el-primer-selfie-de-las-olsen\/","url":"https:\/\/graziamagazine.com\/es\/articles\/el-primer-selfie-de-las-olsen\/","name":"\u00a1Aleluya! Las Olsen publican su primer selfie | Grazia","isPartOf":{"@id":"https:\/\/graziamagazine.com\/es\/#website"},"datePublished":"2016-04-14T09:27:30+00:00","dateModified":"2016-04-14T09:27:30+00:00","description":"Han tardado, pero aqu\u00ed est\u00e1: as\u00ed es el primer selfie de las Olsen.\u00a0","breadcrumb":{"@id":"https:\/\/graziamagazine.com\/es\/articles\/el-primer-selfie-de-las-olsen\/#breadcrumb"},"inLanguage":"es","potentialAction":[{"@type":"ReadAction","target":["https:\/\/graziamagazine.com\/es\/articles\/el-primer-selfie-de-las-olsen\/"]}]},{"@type":"BreadcrumbList","@id":"https:\/\/graziamagazine.com\/es\/articles\/el-primer-selfie-de-las-olsen\/#breadcrumb","itemListElement":[{"@type":"ListItem","position":1,"name":"Portada","item":"https:\/\/graziamagazine.com\/es\/"},{"@type":"ListItem","position":2,"name":"\u00a1Aleluya! Las Olsen publican su primer selfie"}]},{"@type":"WebSite","@id":"https:\/\/graziamagazine.com\/es\/#website","url":"https:\/\/graziamagazine.com\/es\/","name":"Grazia","description":"Moda, belleza, celebrities, estilo de vida...","potentialAction":[{"@type":"SearchAction","target":{"@type":"EntryPoint","urlTemplate":"https:\/\/graziamagazine.com\/es\/?s={search_term_string}"},"query-input":"required name=search_term_string"}],"inLanguage":"es"}]}},"jetpack_sharing_enabled":true,"distributor_meta":false,"distributor_terms":false,"distributor_media":false,"distributor_original_site_name":"Grazia","distributor_original_site_url":"https:\/\/graziamagazine.com\/es","push-errors":false,"_links":{"self":[{"href":"https:\/\/graziamagazine.com\/es\/wp-json\/wp\/v2\/articles\/76130"}],"collection":[{"href":"https:\/\/graziamagazine.com\/es\/wp-json\/wp\/v2\/articles"}],"about":[{"href":"https:\/\/graziamagazine.com\/es\/wp-json\/wp\/v2\/types\/articles"}],"author":[{"embeddable":true,"href":"https:\/\/graziamagazine.com\/es\/wp-json\/wp\/v2\/users\/24470"}],"wp:attachment":[{"href":"https:\/\/graziamagazine.com\/es\/wp-json\/wp\/v2\/media?parent=76130"}],"wp:term":[{"taxonomy":"category","embeddable":true,"href":"https:\/\/graziamagazine.com\/es\/wp-json\/wp\/v2\/categories?post=76130"}],"curies":[{"name":"wp","href":"https:\/\/api.w.org\/{rel}","templated":true}]}}