{"id":74732,"date":"2016-03-16T13:01:22","date_gmt":"2016-03-16T12:01:22","guid":{"rendered":"https:\/\/graziamagazine.com\/es\/?p=74732"},"modified":"2016-03-16T13:01:22","modified_gmt":"2016-03-16T12:01:22","slug":"las-vacaciones-de-taylor-swift-y-calvin-harris","status":"publish","type":"articles","link":"https:\/\/graziamagazine.com\/es\/articles\/las-vacaciones-de-taylor-swift-y-calvin-harris\/","title":{"rendered":"Las vacaciones (de manual) de Taylor Swift y Calvin Harris"},"content":{"rendered":"<p>El pasado\u00a06 de marzo, <strong><a href=\"https:\/\/graziamagazine.com\/es\/etiqueta\/taylor-swift\/\" target=\"_blank\">Taylor Swift<\/a> y Calvin Harris contaron al mundo que llevaban un a\u00f1o de relaci\u00f3n<\/strong> y que eran de ese tipo de gente que lo celebraba con tartas personalizadas y relicarios antiguos con forma de coraz\u00f3n. Porque se quieren mucho y no pueden hacer nada para evitarlo. Ahora, tras meses de giras imparables por parte de una, y de grabaci\u00f3n por parte del otro, ambos han podido tomarse un descanso y escaparse a una playa paradisiaca. En contra de todo pron\u00f3stico, los dos han querido compartir sus mejores momentos con sus seguidores (y con el mundo entero, ya de paso) y, a trav\u00e9s de Instagram y Snapchat, hemos visto cosas de esas que hacen que una pareja <em>celeb<\/em> entre directamente a la cabeza de nuestro ranking de &#8216;relaciones tan cuquis que dan ganas de retirarse del mercado a\u00a0comer helado y llorar&#8217;. A saber:<\/p>\n<figure id=\"attachment_74739\" aria-describedby=\"caption-attachment-74739\" style=\"width: 980px\" class=\"wp-caption aligncenter\"><img loading=\"lazy\" decoding=\"async\" class=\"size-full wp-image-74739\" src=\"https:\/\/graziamagazine.com\/es\/wp-content\/uploads\/sites\/12\/2016\/03\/16121122\/cover1_talvin.jpg\" alt=\"\u00a9 Cordon Press\" width=\"980\" height=\"507\" \/><figcaption id=\"caption-attachment-74739\" class=\"wp-caption-text\">\u00a9 Cordon Press<\/figcaption><\/figure>\n<p><strong>1. Tienen un cisne hinchable.<\/strong> Perd\u00f3n. TIENEN UN CISNE HINCHABLE: podr\u00edan tener un donut gigante o un simple flotador rosa, pero no. <em>Talvin<\/em> molan tanto que tienen un patito blanco y gigante, en homenaje a <a href=\"http:\/\/img2-3.timeinc.net\/people\/i\/2015\/news\/150622\/taylor-swift-01-800.jpg\" target=\"_blank\" target=\"_blank\">la primera herramienta de piscina en la que les vimos subidos como pareja el a\u00f1o pasado<\/a>. As\u00ed son ellos, detallistas, como la\u00a0gente buena de verdad.<\/p>\n<figure id=\"attachment_74742\" aria-describedby=\"caption-attachment-74742\" style=\"width: 785px\" class=\"wp-caption aligncenter\"><img loading=\"lazy\" decoding=\"async\" class=\"size-full wp-image-74742\" src=\"https:\/\/graziamagazine.com\/es\/wp-content\/uploads\/sites\/12\/2016\/03\/16121903\/1_talvin.jpg\" alt=\"Siesta horizontal sobre cisne, podr\u00edamos llamar al v\u00eddeo de Snapchat grabado por Taylor. \u00a9 Snapchat de Calvin Harris\" width=\"785\" height=\"480\" \/><figcaption id=\"caption-attachment-74742\" class=\"wp-caption-text\">&#8216;Siesta horizontal sobre cisne&#8217;, podr\u00edamos llamar al v\u00eddeo de Snapchat grabado por Taylor. \u00a9 Snapchat de Calvin Harris<\/figcaption><\/figure>\n<p>2. Por si no era suficiente con el cisne-tama\u00f1o-crucero, <strong>tambi\u00e9n tienen una cama el\u00e1stica de agua.<\/strong> Porque si podemos ver a Taylor saltando y poniendo poses, pues por qu\u00e9 no, \u00bfverdad? Ah, es una m\u00e1s entre nosotras. La adoramos.<\/p>\n<blockquote class=\"instagram-media\" style=\"background: #FFF; border: 0; border-radius: 3px; box-shadow: 0 0 1px 0 rgba(0,0,0,0.5),0 1px 10px 0 rgba(0,0,0,0.15); margin: 1px; max-width: 658px; padding: 0; width: calc(100% - 2px);\" data-instgrm-captioned=\"\" data-instgrm-version=\"6\">\n<div style=\"padding: 8px;\">\n<div style=\"background: #F8F8F8; line-height: 0; margin-top: 40px; padding: 28.125% 0; text-align: center; width: 100%;\"><\/div>\n<p style=\"margin: 8px 0 0 0; padding: 0 4px;\"><a href=\"https:\/\/www.instagram.com\/p\/BC_jSSmjvGF\/\"style=\"color: #000; font-family: Arial,sans-serif; font-size: 14px; font-style: normal; font-weight: normal; line-height: 17px; text-decoration: none; word-wrap: break-word;\"  target=\"_blank\" target=\"_blank\">That time when we finally took a vacation. @calvinharris<\/a><\/p>\n<p style=\"color: #c9c8cd; font-family: Arial,sans-serif; font-size: 14px; line-height: 17px; margin-bottom: 0; margin-top: 8px; overflow: hidden; padding: 8px 0 7px; text-align: center; text-overflow: ellipsis; white-space: nowrap;\">Un v\u00eddeo publicado por Taylor Swift (@taylorswift) el <time style=\"font-family: Arial,sans-serif; font-size: 14px; line-height: 17px;\" datetime=\"2016-03-15T23:59:31+00:00\">15 de Mar de 2016 a la(s) 4:59 PDT<br \/>\n<\/time><\/p>\n<\/div>\n<\/blockquote>\n<p><script src=\"\/\/platform.instagram.com\/en_US\/embeds.js\" async=\"\" defer=\"defer\"><\/script><\/p>\n<p>&nbsp;<\/p>\n<p><strong>3. Se quieren porque escriben sus iniciales en la arena,<\/strong> hacen una foto, la suben a Instagram y esperan a que llegue una ola y se las lleve, para que quede para siempre grabado en el mar y su relaci\u00f3n sea m\u00e1s intensa a\u00fan si cabe. \u00bfC\u00f3mo no nos va a gustar algo tan sumamente cursi? Gracias por esto.<\/p>\n<figure id=\"attachment_74740\" aria-describedby=\"caption-attachment-74740\" style=\"width: 717px\" class=\"wp-caption aligncenter\"><img loading=\"lazy\" decoding=\"async\" class=\"size-full wp-image-74740\" src=\"https:\/\/graziamagazine.com\/es\/wp-content\/uploads\/sites\/12\/2016\/03\/16121557\/Captura-de-pantalla-2016-03-16-a-las-12.06.02.png\" alt=\"Adam Wiles viene siendo Calvin Harris, no os vay\u00e1is a hacer un l\u00edo. \u00a9 Instagram @TaylorSwift\" width=\"717\" height=\"715\" \/><figcaption id=\"caption-attachment-74740\" class=\"wp-caption-text\">Adam Wiles viene siendo Calvin Harris, no os vay\u00e1is a hacer un l\u00edo. \u00a9 Instagram @TaylorSwift<\/figcaption><\/figure>\n<p>4. Y ESTO.<\/p>\n<figure id=\"attachment_74741\" aria-describedby=\"caption-attachment-74741\" style=\"width: 715px\" class=\"wp-caption aligncenter\"><img loading=\"lazy\" decoding=\"async\" class=\"size-full wp-image-74741\" src=\"https:\/\/graziamagazine.com\/es\/wp-content\/uploads\/sites\/12\/2016\/03\/16121712\/Captura-de-pantalla-2016-03-16-a-las-12.06.13.png\" alt=\"Emoji de gato con corazones en los ojos. x1000. \u00a9 Instagram @TaylorSwift\" width=\"715\" height=\"535\" \/><figcaption id=\"caption-attachment-74741\" class=\"wp-caption-text\">Emoji de gato con corazones en los ojos. x1000. \u00a9 Instagram @TaylorSwift<\/figcaption><\/figure>\n<p>5. Aunque lo mejor, sin duda,\u00a0son las fotos de cat\u00e1logo de biquinis que Calvin ha hecho a su chica. \u00abY ahora una as\u00ed\u00bb, \u00aby ahora una a contra luz\u00bb, \u00aby ahora con el biquini de repuesto, porque siempre hay que llevar un biquini de repuesto, que es muy malo estar todo el d\u00eda con el mojado\u00bb. Y as\u00ed.<\/p>\n<figure id=\"attachment_74743\" aria-describedby=\"caption-attachment-74743\" style=\"width: 785px\" class=\"wp-caption aligncenter\"><img loading=\"lazy\" decoding=\"async\" class=\"size-full wp-image-74743\" src=\"https:\/\/graziamagazine.com\/es\/wp-content\/uploads\/sites\/12\/2016\/03\/16122141\/2_talvin.jpg\" alt=\"\u00a9 Instagram\" width=\"785\" height=\"480\" \/><figcaption id=\"caption-attachment-74743\" class=\"wp-caption-text\">Move on, Anita Obreg\u00f3n. \u00a9 Instagram<\/figcaption><\/figure>\n<p>\u00bfSe nota mucho que queremos ser sus amigos y salir a cenar con ellos y hacer citas dobles en alg\u00fan restaurante cuco de Nueva York y luego irnos todos juntos de vacaciones para que nos dejen hacernos una foto en su cisne?<\/p>\n<figure id=\"attachment_74744\" aria-describedby=\"caption-attachment-74744\" style=\"width: 573px\" class=\"wp-caption aligncenter\"><img loading=\"lazy\" decoding=\"async\" class=\"size-full wp-image-74744\" src=\"https:\/\/graziamagazine.com\/es\/wp-content\/uploads\/sites\/12\/2016\/03\/16122232\/Captura-de-pantalla-2016-03-16-a-las-12.05.31.png\" alt=\"&quot;Mam\u00e1, todo bien. Hoy hemos alquilado motos de agua. Te mando m\u00e1s fotitos por la noche. Besis&quot;. WhatsApp imaginario de TayTay a su madre, como har\u00eda todo hijo de vecino. \" width=\"573\" height=\"716\" \/><figcaption id=\"caption-attachment-74744\" class=\"wp-caption-text\">\u00abMam\u00e1, todo bien. Hoy hemos alquilado motos de agua. Te mando m\u00e1s fotitos por la noche. Besis\u00bb. WhatsApp imaginario de TayTay a su madre, como har\u00eda todo hijo de vecino.<\/figcaption><\/figure>\n<p><iframe loading=\"lazy\" style=\"border: none; overflow: hidden; height: 258px;\" src=\"\/\/www.facebook.com\/plugins\/likebox.php?href=https%3A%2F%2Fwww.facebook.com%2Fgraziaespana&amp;width&amp;height=258&amp;colorscheme=light&amp;show_faces=true&amp;header=false&amp;stream=false&amp;show_border=false&amp;appId=349017955267591\" width=\"300\" height=\"150\" frameborder=\"0\" scrolling=\"no\"><\/iframe><\/p>\n","protected":false},"author":24470,"featured_media":0,"template":"","format":"standard","categories":[14,13],"acf":[],"yoast_head":"<!-- This site is optimized with the Yoast SEO Premium plugin v18.5 (Yoast SEO v20.4) - https:\/\/yoast.com\/wordpress\/plugins\/seo\/ -->\n<title>Las vacaciones de Taylor Swift y Calvin Harris | Grazia<\/title>\n<meta name=\"description\" content=\"Ojal\u00e1 ahora arena blanca, agua cristalina y cisnes hinchables... as\u00ed est\u00e1 siendo su id\u00edlico descanso (ampliamente retransmitido en Snapchat e Instagram).\" \/>\n<meta name=\"robots\" content=\"index, follow, max-snippet:-1, max-image-preview:large, max-video-preview:-1\" \/>\n<link rel=\"canonical\" href=\"https:\/\/graziamagazine.com\/es\/articles\/las-vacaciones-de-taylor-swift-y-calvin-harris\/\" \/>\n<meta property=\"og:locale\" content=\"es_ES\" \/>\n<meta property=\"og:type\" content=\"article\" \/>\n<meta property=\"og:title\" content=\"Las vacaciones (de manual) de Taylor Swift y Calvin Harris\" \/>\n<meta property=\"og:description\" content=\"Ojal\u00e1 ahora arena blanca, agua cristalina y cisnes hinchables... as\u00ed est\u00e1 siendo su id\u00edlico descanso (ampliamente retransmitido en Snapchat e Instagram).\" \/>\n<meta property=\"og:url\" content=\"https:\/\/graziamagazine.com\/es\/articles\/las-vacaciones-de-taylor-swift-y-calvin-harris\/\" \/>\n<meta property=\"og:site_name\" content=\"Grazia\" \/>\n<meta property=\"og:image\" content=\"https:\/\/graziamagazine.com\/es\/wp-content\/uploads\/sites\/12\/2016\/03\/16121122\/cover1_talvin.jpg?fit=980%2C507\" \/>\n\t<meta property=\"og:image:width\" content=\"980\" \/>\n\t<meta property=\"og:image:height\" content=\"507\" \/>\n\t<meta property=\"og:image:type\" content=\"image\/jpeg\" \/>\n<meta name=\"twitter:card\" content=\"summary_large_image\" \/>\n<meta name=\"twitter:title\" content=\"Las vacaciones (de manual) de Taylor Swift y Calvin Harris\" \/>\n<meta name=\"twitter:description\" content=\"Ojal\u00e1 ahora arena blanca, agua cristalina y cisnes hinchables... as\u00ed est\u00e1 siendo su id\u00edlico descanso (ampliamente retransmitido en Snapchat e Instagram).\" \/>\n<meta name=\"twitter:image\" content=\"http:\/\/s3-eu-west-1.amazonaws.com\/grazia-cdn\/wp-content\/uploads\/sites\/12\/2016\/03\/16121122\/cover1_talvin.jpg\" \/>\n<meta name=\"twitter:label1\" content=\"Est. reading time\" \/>\n\t<meta name=\"twitter:data1\" content=\"3 minutos\" \/>\n<script type=\"application\/ld+json\" class=\"yoast-schema-graph\">{\"@context\":\"https:\/\/schema.org\",\"@graph\":[{\"@type\":\"WebPage\",\"@id\":\"https:\/\/graziamagazine.com\/es\/articles\/las-vacaciones-de-taylor-swift-y-calvin-harris\/\",\"url\":\"https:\/\/graziamagazine.com\/es\/articles\/las-vacaciones-de-taylor-swift-y-calvin-harris\/\",\"name\":\"Las vacaciones de Taylor Swift y Calvin Harris | Grazia\",\"isPartOf\":{\"@id\":\"https:\/\/graziamagazine.com\/es\/#website\"},\"datePublished\":\"2016-03-16T12:01:22+00:00\",\"dateModified\":\"2016-03-16T12:01:22+00:00\",\"description\":\"Ojal\u00e1 ahora arena blanca, agua cristalina y cisnes hinchables... as\u00ed est\u00e1 siendo su id\u00edlico descanso (ampliamente retransmitido en Snapchat e Instagram).\",\"breadcrumb\":{\"@id\":\"https:\/\/graziamagazine.com\/es\/articles\/las-vacaciones-de-taylor-swift-y-calvin-harris\/#breadcrumb\"},\"inLanguage\":\"es\",\"potentialAction\":[{\"@type\":\"ReadAction\",\"target\":[\"https:\/\/graziamagazine.com\/es\/articles\/las-vacaciones-de-taylor-swift-y-calvin-harris\/\"]}]},{\"@type\":\"BreadcrumbList\",\"@id\":\"https:\/\/graziamagazine.com\/es\/articles\/las-vacaciones-de-taylor-swift-y-calvin-harris\/#breadcrumb\",\"itemListElement\":[{\"@type\":\"ListItem\",\"position\":1,\"name\":\"Portada\",\"item\":\"https:\/\/graziamagazine.com\/es\/\"},{\"@type\":\"ListItem\",\"position\":2,\"name\":\"Las vacaciones (de manual) de Taylor Swift y Calvin Harris\"}]},{\"@type\":\"WebSite\",\"@id\":\"https:\/\/graziamagazine.com\/es\/#website\",\"url\":\"https:\/\/graziamagazine.com\/es\/\",\"name\":\"Grazia\",\"description\":\"Moda, belleza, celebrities, estilo de vida...\",\"potentialAction\":[{\"@type\":\"SearchAction\",\"target\":{\"@type\":\"EntryPoint\",\"urlTemplate\":\"https:\/\/graziamagazine.com\/es\/?s={search_term_string}\"},\"query-input\":\"required name=search_term_string\"}],\"inLanguage\":\"es\"}]}<\/script>\n<!-- \/ Yoast SEO Premium plugin. -->","yoast_head_json":{"title":"Las vacaciones de Taylor Swift y Calvin Harris | Grazia","description":"Ojal\u00e1 ahora arena blanca, agua cristalina y cisnes hinchables... as\u00ed est\u00e1 siendo su id\u00edlico descanso (ampliamente retransmitido en Snapchat e Instagram).","robots":{"index":"index","follow":"follow","max-snippet":"max-snippet:-1","max-image-preview":"max-image-preview:large","max-video-preview":"max-video-preview:-1"},"canonical":"https:\/\/graziamagazine.com\/es\/articles\/las-vacaciones-de-taylor-swift-y-calvin-harris\/","og_locale":"es_ES","og_type":"article","og_title":"Las vacaciones (de manual) de Taylor Swift y Calvin Harris","og_description":"Ojal\u00e1 ahora arena blanca, agua cristalina y cisnes hinchables... as\u00ed est\u00e1 siendo su id\u00edlico descanso (ampliamente retransmitido en Snapchat e Instagram).","og_url":"https:\/\/graziamagazine.com\/es\/articles\/las-vacaciones-de-taylor-swift-y-calvin-harris\/","og_site_name":"Grazia","og_image":[{"width":980,"height":507,"url":"https:\/\/graziamagazine.com\/es\/wp-content\/uploads\/sites\/12\/2016\/03\/16121122\/cover1_talvin.jpg?fit=980%2C507","type":"image\/jpeg"}],"twitter_card":"summary_large_image","twitter_title":"Las vacaciones (de manual) de Taylor Swift y Calvin Harris","twitter_description":"Ojal\u00e1 ahora arena blanca, agua cristalina y cisnes hinchables... as\u00ed est\u00e1 siendo su id\u00edlico descanso (ampliamente retransmitido en Snapchat e Instagram).","twitter_image":"http:\/\/s3-eu-west-1.amazonaws.com\/grazia-cdn\/wp-content\/uploads\/sites\/12\/2016\/03\/16121122\/cover1_talvin.jpg","twitter_misc":{"Est. reading time":"3 minutos"},"schema":{"@context":"https:\/\/schema.org","@graph":[{"@type":"WebPage","@id":"https:\/\/graziamagazine.com\/es\/articles\/las-vacaciones-de-taylor-swift-y-calvin-harris\/","url":"https:\/\/graziamagazine.com\/es\/articles\/las-vacaciones-de-taylor-swift-y-calvin-harris\/","name":"Las vacaciones de Taylor Swift y Calvin Harris | Grazia","isPartOf":{"@id":"https:\/\/graziamagazine.com\/es\/#website"},"datePublished":"2016-03-16T12:01:22+00:00","dateModified":"2016-03-16T12:01:22+00:00","description":"Ojal\u00e1 ahora arena blanca, agua cristalina y cisnes hinchables... as\u00ed est\u00e1 siendo su id\u00edlico descanso (ampliamente retransmitido en Snapchat e Instagram).","breadcrumb":{"@id":"https:\/\/graziamagazine.com\/es\/articles\/las-vacaciones-de-taylor-swift-y-calvin-harris\/#breadcrumb"},"inLanguage":"es","potentialAction":[{"@type":"ReadAction","target":["https:\/\/graziamagazine.com\/es\/articles\/las-vacaciones-de-taylor-swift-y-calvin-harris\/"]}]},{"@type":"BreadcrumbList","@id":"https:\/\/graziamagazine.com\/es\/articles\/las-vacaciones-de-taylor-swift-y-calvin-harris\/#breadcrumb","itemListElement":[{"@type":"ListItem","position":1,"name":"Portada","item":"https:\/\/graziamagazine.com\/es\/"},{"@type":"ListItem","position":2,"name":"Las vacaciones (de manual) de Taylor Swift y Calvin Harris"}]},{"@type":"WebSite","@id":"https:\/\/graziamagazine.com\/es\/#website","url":"https:\/\/graziamagazine.com\/es\/","name":"Grazia","description":"Moda, belleza, celebrities, estilo de vida...","potentialAction":[{"@type":"SearchAction","target":{"@type":"EntryPoint","urlTemplate":"https:\/\/graziamagazine.com\/es\/?s={search_term_string}"},"query-input":"required name=search_term_string"}],"inLanguage":"es"}]}},"jetpack_sharing_enabled":true,"distributor_meta":false,"distributor_terms":false,"distributor_media":false,"distributor_original_site_name":"Grazia","distributor_original_site_url":"https:\/\/graziamagazine.com\/es","push-errors":false,"_links":{"self":[{"href":"https:\/\/graziamagazine.com\/es\/wp-json\/wp\/v2\/articles\/74732"}],"collection":[{"href":"https:\/\/graziamagazine.com\/es\/wp-json\/wp\/v2\/articles"}],"about":[{"href":"https:\/\/graziamagazine.com\/es\/wp-json\/wp\/v2\/types\/articles"}],"author":[{"embeddable":true,"href":"https:\/\/graziamagazine.com\/es\/wp-json\/wp\/v2\/users\/24470"}],"wp:attachment":[{"href":"https:\/\/graziamagazine.com\/es\/wp-json\/wp\/v2\/media?parent=74732"}],"wp:term":[{"taxonomy":"category","embeddable":true,"href":"https:\/\/graziamagazine.com\/es\/wp-json\/wp\/v2\/categories?post=74732"}],"curies":[{"name":"wp","href":"https:\/\/api.w.org\/{rel}","templated":true}]}}