{"id":65775,"date":"2016-02-18T18:10:50","date_gmt":"2016-02-18T17:10:50","guid":{"rendered":"https:\/\/graziamagazine.com\/es\/?p=65775"},"modified":"2016-02-18T20:35:51","modified_gmt":"2016-02-18T19:35:51","slug":"las-trenzas-de-2016","status":"publish","type":"articles","link":"https:\/\/graziamagazine.com\/es\/articles\/las-trenzas-de-2016\/","title":{"rendered":"Las trenzas de 2016"},"content":{"rendered":"<p>Se mire por donde se mire, la liebre la solt\u00f3 <strong><a href=\"https:\/\/graziamagazine.com\/es\/etiqueta\/kim-kardashian\/\" target=\"_blank\">Kim Kardashian<\/a><\/strong> ante sus 60 millones de seguidores (lo que vendr\u00eda siendo toda la poblaci\u00f3n de Reino Unido, por ejemplo). Tras hacer <a href=\"https:\/\/graziamagazine.com\/es\/belleza\/contouring-o-como-usar-la-brocha\/\" target=\"_blank\">del <em>contouring<\/em> un fen\u00f3meno global<\/a> que ya practica hasta la vecina del quinto, <a href=\"https:\/\/graziamagazine.com\/es\/belleza\/a-proposito-del-baking\/\" target=\"_blank\">iniciarnos en el <em>baking<\/em><\/a> o convertir en oro <a href=\"https:\/\/graziamagazine.com\/es\/primavera-verano-2016-pret-a-porter\/balmain-pap-primavera-verano-2016\/\" target=\"_blank\">al Balmain de Rousteing<\/a>, ahora ha decidido ponerse de lleno con su melena. Concretamente con las trenzas a las que ha prometido convertir en tendencia rotunda de este 2016.<\/p>\n<p>Todo empezaba\u00a0hace varias\u00a0semanas, cuando la mujer m\u00e1s famosa del mundo <a href=\"https:\/\/graziamagazine.com\/es\/celebs\/y-el-nuevo-bebe-kardashian-se-llama\/\" target=\"_blank\">reaparec\u00eda tras dar a luz a su segundo hijo, Saint<\/a>.\u00a0Pero ni beb\u00e9 ni cuerpo postparto, <strong>para su regreso a las redes sociales Kim eleg\u00eda compartir\u00a0un peinado: dos trenzas de ra\u00edz<\/strong> que, para m\u00e1s inri, se desdoblaban tambi\u00e9n sobre la cabecita de su hija North West. Las trenzas de boxeadora a las que internet ya se ha encargado de asignar su hastag <em>#boxerbraids.<\/em><\/p>\n<figure id=\"attachment_66682\" aria-describedby=\"caption-attachment-66682\" style=\"width: 550px\" class=\"wp-caption aligncenter\"><img loading=\"lazy\" decoding=\"async\" class=\"size-full wp-image-66682\" src=\"https:\/\/graziamagazine.com\/es\/wp-content\/uploads\/sites\/12\/2016\/02\/18171050\/04-kim-kardashian-la-trenza-de-2016.jpg\" alt=\"Kim y North decretando que esta ser\u00e1 la trenza de 2016. \u00a9 Cordon Press\" width=\"550\" height=\"550\" \/><figcaption id=\"caption-attachment-66682\" class=\"wp-caption-text\">Kim y North decretando que esta ser\u00e1 la trenza de 2016. \u00a9 Cordon Press<\/figcaption><\/figure>\n<p>Evidentemente, el invento no ha salido de la imaginacion de la se\u00f1ora de Kanye West (son m\u00e1s antiguas que ella), pero <strong>a ella le podemos atribuir el hacer de este tipo de\u00a0trenza de ra\u00edz una verdadera tendencia.<\/strong> Con mucho empe\u00f1o, dicho sea de paso, porque desde que apareciera con ellas por primera vez hace un par de meses no se las ha quitado\u00a0(sabemos que en alg\u00fan momento se ha destrenzado la melena porque estas semanas\u00a0ha pasado del moreno al rubio platino <del>y esa decoloraci\u00f3n con trenzas no funciona<\/del> pero nada m\u00e1s).<\/p>\n<figure id=\"attachment_66667\" aria-describedby=\"caption-attachment-66667\" style=\"width: 1200px\" class=\"wp-caption aligncenter\"><img loading=\"lazy\" decoding=\"async\" class=\"size-full wp-image-66667\" src=\"https:\/\/graziamagazine.com\/es\/wp-content\/uploads\/sites\/12\/2016\/02\/18174622\/05-boxerbraids-kim-kardashian.jpg\" alt=\"La prueba gr\u00e1fica (documentada en su Instagram) de c\u00f3mo Kim no se ha deshecho de las #boxerbraids desde que las descubri\u00f3. \u00a9 Cordon Press\" width=\"1200\" height=\"768\" \/><figcaption id=\"caption-attachment-66667\" class=\"wp-caption-text\">La prueba gr\u00e1fica (documentada en su Instagram) de c\u00f3mo Kim no se ha deshecho de las #boxerbraids desde que las descubri\u00f3. \u00a9 Cordon Press<\/figcaption><\/figure>\n<p>Las trenzas de boxeadora no son nada nuevo, ni tampoco un invento que haya nacido\u00a0de la imaginaci\u00f3n de Kardashian. <strong>La elecci\u00f3n de este\u00a0peinado es cosa de su peluquera de confianza,\u00a0Jen Atkin,<\/strong>\u00a0estilista de celebrities (y una de las m\u00e1s influyentes seg\u00fan\u00a0<a href=\"http:\/\/www.nytimes.com\/2015\/11\/19\/fashion\/jen-atkin-kardashian-is-this-the-most-influential-hairstylist-in-the-world.html?_r=0\" target=\"_blank\" target=\"_blank\"><em>The New York Times).<\/em><\/a> Ella, como todo lo que rodea a la familia obsesionada con las K, tambi\u00e9n ha sabido convertir su\u00a0saber hacer en negocio y posee un peque\u00f1o imperio para el que trabajan 20 personas y que incluye su trabajo con estrellas, una\u00a0<a href=\"http:\/\/maneaddicts.com\" target=\"_blank\" target=\"_blank\">revista digital<\/a>\u00a0de belleza o su propia l\u00ednea de productos capilares, <a href=\"http:\/\/theouai.com\" target=\"_blank\" target=\"_blank\">Ouai,<\/a> con la que emular la melena de Kim.<\/p>\n<p>Como la diva de <em>realities,<\/em> Atkin sabe venderse y, con <a href=\"https:\/\/www.instagram.com\/jenatkinhair\/\" target=\"_blank\" target=\"_blank\">un mill\u00f3n de seguidores en Instagram<\/a>, maneja las redes sociales a su antojo: \u00abSoy muy buena en marketing\u00bb, explica. \u00abHago lo que hago y soy buena por ello, pero s\u00e9 que no soy la mejor peluquera\u00bb. Aunque algo tendr\u00e1 para ser la elegida por Kardashian, pero tambi\u00e9n por <strong>Jennifer Lopez, Jessica Alba, Sofia Vergara<\/strong> o <strong>Katy Perry.<\/strong><\/p>\n<figure id=\"attachment_66668\" aria-describedby=\"caption-attachment-66668\" style=\"width: 1200px\" class=\"wp-caption aligncenter\"><img loading=\"lazy\" decoding=\"async\" class=\"size-full wp-image-66668\" src=\"https:\/\/graziamagazine.com\/es\/wp-content\/uploads\/sites\/12\/2016\/02\/18174628\/06-boxerbraids-katy-perry.jpg\" alt=\"Es lo que tiene compartir peluquera, por ello Katy y Kim tambi\u00e9n comparten peinado. \u00a9 Cordon Press\" width=\"1200\" height=\"900\" \/><figcaption id=\"caption-attachment-66668\" class=\"wp-caption-text\">Es lo que tiene compartir peluquera, por ello Katy y Kim tambi\u00e9n comparten peinado. \u00a9 Cordon Press<\/figcaption><\/figure>\n<p>Precisamente Katy Perry, y tras pasar tambi\u00e9n por los cepillos de Atkin, ha sido otra de las <em>celebs<\/em> que se ha apuntado a las trenzas de boxeadora. Concretamente las luc\u00eda el pasado fin de semana para asistir a una fiesta en Los \u00c1ngeles. \u00abQuer\u00edamos algo que fuera muy rock &#8216;n roll para que pegara\u00a0con el estilismo\u00a0de Katy\u00bb, se justificaba despu\u00e9s la estilista obsesionada con estas trenzas.<\/p>\n<figure id=\"attachment_66669\" aria-describedby=\"caption-attachment-66669\" style=\"width: 1200px\" class=\"wp-caption aligncenter\"><img loading=\"lazy\" decoding=\"async\" class=\"size-full wp-image-66669\" src=\"https:\/\/graziamagazine.com\/es\/wp-content\/uploads\/sites\/12\/2016\/02\/18174633\/07-boxerbraids-fka-hailey.jpg\" alt=\"Hailey Baldwin o FKA Twigs tambi\u00e9n son adictas a la trenza de boxeadora. \u00a9 Cordon Press\" width=\"1200\" height=\"557\" \/><figcaption id=\"caption-attachment-66669\" class=\"wp-caption-text\">Hailey Baldwin o FKA Twigs tambi\u00e9n son adictas a la trenza de boxeadora. \u00a9 Cordon Press<\/figcaption><\/figure>\n<p>Pero Kim y Katy no han sido las \u00fanicas que se han paseado por ah\u00ed con el c\u00f3modo recogido. Tampoco las primeras. <strong>FKA Twigs, Hailey Baldwin<\/strong> o el resto de hermanas <strong>Kardashian-Jenner<\/strong> tambi\u00e9n suelen apostar por este\u00a0look-boxeadora.<\/p>\n<figure id=\"attachment_66670\" aria-describedby=\"caption-attachment-66670\" style=\"width: 785px\" class=\"wp-caption aligncenter\"><img loading=\"lazy\" decoding=\"async\" class=\"size-full wp-image-66670\" src=\"https:\/\/graziamagazine.com\/es\/wp-content\/uploads\/sites\/12\/2016\/02\/18174636\/08-boxerbraids-las-trenzas-de-2016.jpg\" alt=\"En Nueva York, las trenzas de boxeadora se han convertido en peinado favorito para posar frente a los fot\u00f3grafos de street style. \u00a9 Luca Lazzari\" width=\"785\" height=\"480\" \/><figcaption id=\"caption-attachment-66670\" class=\"wp-caption-text\">En Nueva York, las trenzas de boxeadora se han convertido en peinado favorito para posar frente a los fot\u00f3grafos de street style. \u00a9 Luca Lazzari<\/figcaption><\/figure>\n<figure id=\"attachment_66671\" aria-describedby=\"caption-attachment-66671\" style=\"width: 785px\" class=\"wp-caption aligncenter\"><img loading=\"lazy\" decoding=\"async\" class=\"size-full wp-image-66671\" src=\"https:\/\/graziamagazine.com\/es\/wp-content\/uploads\/sites\/12\/2016\/02\/18174640\/08b-boxerbraids-las-trenzas-de-2016.jpg\" alt=\"\u00a9 Luca Lazzari\" width=\"785\" height=\"480\" \/><figcaption id=\"caption-attachment-66671\" class=\"wp-caption-text\">\u00a9 Luca Lazzari<\/figcaption><\/figure>\n<p>\u00bfM\u00e1s razones para nombrarlo peinado del 2016? <strong>Esta doble\u00a0trenza de ra\u00edz se ha convertido en uno de los recogidos\u00a0m\u00e1s recurrentes durante la semana de la moda de Nueva York; <\/strong>se<strong>\u00a0<\/strong>lo hemos visto a\u00a0modelos fuera de la pasarela -luci\u00e9ndolo entre desfile y desfile- a estilistas, editoras y hasta a\u00a0<strong><a href=\"https:\/\/www.instagram.com\/chiaraferragni\/\" target=\"_blank\" target=\"_blank\">Chiara Ferragni<\/a>,<\/strong> muy fan de expandir tendencias. Y es que el peinado de las boxeadoras ha conseguido lo imposible<em>,<\/em> <strong>que la bloguera italiana se recogiera sus omnipresentes bucles de mu\u00f1eca de porcelana.<\/strong> Con dos trenzas de ra\u00edz se presentaba el martes en el desfile de <a href=\"https:\/\/graziamagazine.com\/es\/otono-invierno-2016-17-pret-a-porter\/delpozo-pap-otono-invierno-201617\/\" target=\"_blank\">Delpozo<\/a> (y con\u00a0look de la casa espa\u00f1ola, por cierto) y m\u00e1s tarde en el de <a href=\"https:\/\/graziamagazine.com\/es\/otono-invierno-2016-17-pret-a-porter\/michael-kors-pap-otono-invierno-201617\/\" target=\"_blank\">Michael Kors<\/a>.<\/p>\n<figure id=\"attachment_66672\" aria-describedby=\"caption-attachment-66672\" style=\"width: 1440px\" class=\"wp-caption aligncenter\"><img loading=\"lazy\" decoding=\"async\" class=\"size-full wp-image-66672\" src=\"https:\/\/graziamagazine.com\/es\/wp-content\/uploads\/sites\/12\/2016\/02\/18174645\/09-boxerbraids-chiara-ferragni.jpg\" alt=\"Hasta Chiara Ferragni (defensora a ultranza de los bucles) tambi\u00e9n se ha rendido a la trenza de 2016. \u00a9 Getty Images\" width=\"1440\" height=\"1080\" \/><figcaption id=\"caption-attachment-66672\" class=\"wp-caption-text\">Hasta Chiara Ferragni (defensora a ultranza de los bucles) se ha rendido a la trenza de 2016. \u00a9 Getty Images<\/figcaption><\/figure>\n<p>La trenza de boxeadora que ya luciera <strong>Hilary Swank<\/strong> en <em>Million Dollar Baby <\/em>(2004)\u00a0ya hab\u00eda subido\u00a0a las pasarelas en las \u00faltimas temporadas (DKNY ss15, Custo Barcelona fw15\/16&#8230;) pero no hab\u00edan conseguido ni la mitad de expansi\u00f3n de la que tiene ahora por obra y gracia de la cuenta de Instagram de Kardashian, que convierte en oro todo lo que toca.<\/p>\n<figure id=\"attachment_66673\" aria-describedby=\"caption-attachment-66673\" style=\"width: 850px\" class=\"wp-caption aligncenter\"><img loading=\"lazy\" decoding=\"async\" class=\"size-full wp-image-66673\" src=\"https:\/\/graziamagazine.com\/es\/wp-content\/uploads\/sites\/12\/2016\/02\/18174649\/10-boxerbraids-dkny.jpg\" alt=\"Una versi\u00f3n similar ya se present\u00f3 el pasado SS15 en DKNY. \u00a9 Mondadori Photo\" width=\"850\" height=\"567\" \/><figcaption id=\"caption-attachment-66673\" class=\"wp-caption-text\">Una versi\u00f3n similar ya se present\u00f3 el pasado SS15 en DKNY. \u00a9 Mondadori Photo<\/figcaption><\/figure>\n<figure id=\"attachment_66674\" aria-describedby=\"caption-attachment-66674\" style=\"width: 785px\" class=\"wp-caption aligncenter\"><img loading=\"lazy\" decoding=\"async\" class=\"size-full wp-image-66674\" src=\"https:\/\/graziamagazine.com\/es\/wp-content\/uploads\/sites\/12\/2016\/02\/18174652\/10-boxerbraids-grazia-2015.jpg\" alt=\"\u00bfA favor de las 'boxer braids'? Funcionan tanto para ir al gimnasio como para cualquier evento (y s\u00ed, estamos pensando en la temporada BBC que se avecina). \u00a9 Honer Akrawi\" width=\"785\" height=\"480\" \/><figcaption id=\"caption-attachment-66674\" class=\"wp-caption-text\">\u00bfA favor de las &#8216;boxer braids&#8217;? Funcionan tanto para ir al gimnasio como para cualquier evento (y s\u00ed, estamos pensando en la temporada BBC que se avecina). \u00a9 Honer Akrawi<\/figcaption><\/figure>\n<p>A\u00a0favor del nuevo peinado juegan varios factores que contribuir\u00e1n a su difusi\u00f3n. Funciona en cualquier tipo de pelo (suficientemente largo, se entiende), es c\u00f3modo, vers\u00e1til (sirve para un evento o para salir del gimnasio) y, sobre todo, <strong>es muy eficaz para camuflar un mal d\u00eda capilar<\/strong> o para\u00a0esas jornadas en las\u00a0que simplemente no apetece machacar la melena a golpe de secador. En su contra: se tarda\u00a0y hace falta cierta ma\u00f1a.<\/p>\n<figure id=\"attachment_66675\" aria-describedby=\"caption-attachment-66675\" style=\"width: 785px\" class=\"wp-caption aligncenter\"><img loading=\"lazy\" decoding=\"async\" class=\"size-full wp-image-66675\" src=\"https:\/\/graziamagazine.com\/es\/wp-content\/uploads\/sites\/12\/2016\/02\/18174656\/11-boxerbraids-million-dollar-baby.jpg\" alt=\"Mucho antes que Kim, en el 204, Hilary Swank ya la luc\u00eda en 'Million Dollar Baby' (y ella tampoco fue la inventora). \u00a9 Cordon Press\" width=\"785\" height=\"480\" \/><figcaption id=\"caption-attachment-66675\" class=\"wp-caption-text\">Mucho antes que Kim, en el 2004, Hilary Swank ya las luc\u00eda en &#8216;Million Dollar Baby&#8217; (y ella tampoco fue la inventora). \u00a9 Cordon Press<\/figcaption><\/figure>\n<p><span style=\"text-decoration: underline;\">\u00bfC\u00f3mo se hace?<\/span> Dividiendo la melena por la mitad y haciendo dos trenzas de ra\u00edz, empezando desde la frente y hasta la coronilla. Para el paso a paso, recurrimos a los siempre pr\u00e1cticos tutoriales de Youtube:<\/p>\n<p><iframe loading=\"lazy\" title=\"Dos trenzas de ra\u00edz a los lados \/ Dues trenes d&#039;arrel als costats \/ Side french braids\" width=\"500\" height=\"281\" src=\"https:\/\/www.youtube.com\/embed\/X3XBjc32IzM?feature=oembed\" frameborder=\"0\" allow=\"accelerometer; autoplay; encrypted-media; gyroscope; picture-in-picture\" allowfullscreen><\/iframe><\/p>\n<p>Si se quiere imitar a\u00fan m\u00e1s el look-Kardashian, m\u00e1s pulido, tendremos que partir de <a href=\"https:\/\/graziamagazine.com\/es\/belleza\/te-atreves-con-el-nuevo-wet\/\" target=\"_blank\">una melena de efecto <\/a><em><a href=\"https:\/\/graziamagazine.com\/es\/belleza\/te-atreves-con-el-nuevo-wet\/\" target=\"_blank\">wet<\/a>,<\/em> para un acabado como reci\u00e9n salida de la piscina (o, para hacer honor al nombre de las trenzas, del ring de boxeo). Ensuci\u00e1ndola\u00a0con alg\u00fan aceite capilar o texturizador antes de empezar.<\/p>\n<p>\u00bfQui\u00e9n se apunta?<\/p>\n<p>[galeria]<\/p>\n<p><iframe loading=\"lazy\" style=\"border: none; overflow: hidden; height: 258px;\" src=\"\/\/www.facebook.com\/plugins\/likebox.php?href=https%3A%2F%2Fwww.facebook.com%2Fgraziaespana&amp;width&amp;height=258&amp;colorscheme=light&amp;show_faces=true&amp;header=false&amp;stream=false&amp;show_border=false&amp;appId=349017955267591\" width=\"300\" height=\"150\" frameborder=\"0\" scrolling=\"no\"><\/iframe><\/p>\n","protected":false},"author":21500,"featured_media":0,"template":"","format":"standard","categories":[7,9],"acf":[],"yoast_head":"<!-- This site is optimized with the Yoast SEO Premium plugin v18.5 (Yoast SEO v20.4) - https:\/\/yoast.com\/wordpress\/plugins\/seo\/ -->\n<title>Las trenzas de 2016 | Grazia<\/title>\n<meta name=\"description\" content=\"Aviso a navegantes, se avecina tendencia masiva.\" \/>\n<meta name=\"robots\" content=\"index, follow, max-snippet:-1, max-image-preview:large, max-video-preview:-1\" \/>\n<link rel=\"canonical\" href=\"https:\/\/graziamagazine.com\/es\/articles\/las-trenzas-de-2016\/\" \/>\n<meta property=\"og:locale\" content=\"es_ES\" \/>\n<meta property=\"og:type\" content=\"article\" \/>\n<meta property=\"og:title\" content=\"Las trenzas de 2016\" \/>\n<meta property=\"og:description\" content=\"Aviso a navegantes, se avecina tendencia masiva.\" \/>\n<meta property=\"og:url\" content=\"https:\/\/graziamagazine.com\/es\/articles\/las-trenzas-de-2016\/\" \/>\n<meta property=\"og:site_name\" content=\"Grazia\" \/>\n<meta property=\"article:modified_time\" content=\"2016-02-18T19:35:51+00:00\" \/>\n<meta property=\"og:image\" content=\"https:\/\/graziamagazine.com\/es\/wp-content\/uploads\/sites\/12\/2016\/02\/18174609\/01-boxerbraids.jpg?fit=785%2C480\" \/>\n\t<meta property=\"og:image:width\" content=\"785\" \/>\n\t<meta property=\"og:image:height\" content=\"480\" \/>\n\t<meta property=\"og:image:type\" content=\"image\/jpeg\" \/>\n<meta name=\"twitter:card\" content=\"summary_large_image\" \/>\n<meta name=\"twitter:title\" content=\"Las trenzas de 2016\" \/>\n<meta name=\"twitter:description\" content=\"Aviso a navegantes, se avecina tendencia masiva.\" \/>\n<meta name=\"twitter:image\" content=\"http:\/\/s3-eu-west-1.amazonaws.com\/grazia-cdn\/wp-content\/uploads\/sites\/12\/2016\/02\/18174609\/01-boxerbraids.jpg\" \/>\n<meta name=\"twitter:label1\" content=\"Est. reading time\" \/>\n\t<meta name=\"twitter:data1\" content=\"6 minutos\" \/>\n<script type=\"application\/ld+json\" class=\"yoast-schema-graph\">{\"@context\":\"https:\/\/schema.org\",\"@graph\":[{\"@type\":\"WebPage\",\"@id\":\"https:\/\/graziamagazine.com\/es\/articles\/las-trenzas-de-2016\/\",\"url\":\"https:\/\/graziamagazine.com\/es\/articles\/las-trenzas-de-2016\/\",\"name\":\"Las trenzas de 2016 | Grazia\",\"isPartOf\":{\"@id\":\"https:\/\/graziamagazine.com\/es\/#website\"},\"datePublished\":\"2016-02-18T17:10:50+00:00\",\"dateModified\":\"2016-02-18T19:35:51+00:00\",\"description\":\"Aviso a navegantes, se avecina tendencia masiva.\",\"breadcrumb\":{\"@id\":\"https:\/\/graziamagazine.com\/es\/articles\/las-trenzas-de-2016\/#breadcrumb\"},\"inLanguage\":\"es\",\"potentialAction\":[{\"@type\":\"ReadAction\",\"target\":[\"https:\/\/graziamagazine.com\/es\/articles\/las-trenzas-de-2016\/\"]}]},{\"@type\":\"BreadcrumbList\",\"@id\":\"https:\/\/graziamagazine.com\/es\/articles\/las-trenzas-de-2016\/#breadcrumb\",\"itemListElement\":[{\"@type\":\"ListItem\",\"position\":1,\"name\":\"Portada\",\"item\":\"https:\/\/graziamagazine.com\/es\/\"},{\"@type\":\"ListItem\",\"position\":2,\"name\":\"Las trenzas de 2016\"}]},{\"@type\":\"WebSite\",\"@id\":\"https:\/\/graziamagazine.com\/es\/#website\",\"url\":\"https:\/\/graziamagazine.com\/es\/\",\"name\":\"Grazia\",\"description\":\"Moda, belleza, celebrities, estilo de vida...\",\"potentialAction\":[{\"@type\":\"SearchAction\",\"target\":{\"@type\":\"EntryPoint\",\"urlTemplate\":\"https:\/\/graziamagazine.com\/es\/?s={search_term_string}\"},\"query-input\":\"required name=search_term_string\"}],\"inLanguage\":\"es\"}]}<\/script>\n<!-- \/ Yoast SEO Premium plugin. -->","yoast_head_json":{"title":"Las trenzas de 2016 | Grazia","description":"Aviso a navegantes, se avecina tendencia masiva.","robots":{"index":"index","follow":"follow","max-snippet":"max-snippet:-1","max-image-preview":"max-image-preview:large","max-video-preview":"max-video-preview:-1"},"canonical":"https:\/\/graziamagazine.com\/es\/articles\/las-trenzas-de-2016\/","og_locale":"es_ES","og_type":"article","og_title":"Las trenzas de 2016","og_description":"Aviso a navegantes, se avecina tendencia masiva.","og_url":"https:\/\/graziamagazine.com\/es\/articles\/las-trenzas-de-2016\/","og_site_name":"Grazia","article_modified_time":"2016-02-18T19:35:51+00:00","og_image":[{"width":785,"height":480,"url":"https:\/\/graziamagazine.com\/es\/wp-content\/uploads\/sites\/12\/2016\/02\/18174609\/01-boxerbraids.jpg?fit=785%2C480","type":"image\/jpeg"}],"twitter_card":"summary_large_image","twitter_title":"Las trenzas de 2016","twitter_description":"Aviso a navegantes, se avecina tendencia masiva.","twitter_image":"http:\/\/s3-eu-west-1.amazonaws.com\/grazia-cdn\/wp-content\/uploads\/sites\/12\/2016\/02\/18174609\/01-boxerbraids.jpg","twitter_misc":{"Est. reading time":"6 minutos"},"schema":{"@context":"https:\/\/schema.org","@graph":[{"@type":"WebPage","@id":"https:\/\/graziamagazine.com\/es\/articles\/las-trenzas-de-2016\/","url":"https:\/\/graziamagazine.com\/es\/articles\/las-trenzas-de-2016\/","name":"Las trenzas de 2016 | Grazia","isPartOf":{"@id":"https:\/\/graziamagazine.com\/es\/#website"},"datePublished":"2016-02-18T17:10:50+00:00","dateModified":"2016-02-18T19:35:51+00:00","description":"Aviso a navegantes, se avecina tendencia masiva.","breadcrumb":{"@id":"https:\/\/graziamagazine.com\/es\/articles\/las-trenzas-de-2016\/#breadcrumb"},"inLanguage":"es","potentialAction":[{"@type":"ReadAction","target":["https:\/\/graziamagazine.com\/es\/articles\/las-trenzas-de-2016\/"]}]},{"@type":"BreadcrumbList","@id":"https:\/\/graziamagazine.com\/es\/articles\/las-trenzas-de-2016\/#breadcrumb","itemListElement":[{"@type":"ListItem","position":1,"name":"Portada","item":"https:\/\/graziamagazine.com\/es\/"},{"@type":"ListItem","position":2,"name":"Las trenzas de 2016"}]},{"@type":"WebSite","@id":"https:\/\/graziamagazine.com\/es\/#website","url":"https:\/\/graziamagazine.com\/es\/","name":"Grazia","description":"Moda, belleza, celebrities, estilo de vida...","potentialAction":[{"@type":"SearchAction","target":{"@type":"EntryPoint","urlTemplate":"https:\/\/graziamagazine.com\/es\/?s={search_term_string}"},"query-input":"required name=search_term_string"}],"inLanguage":"es"}]}},"jetpack_sharing_enabled":true,"distributor_meta":false,"distributor_terms":false,"distributor_media":false,"distributor_original_site_name":"Grazia","distributor_original_site_url":"https:\/\/graziamagazine.com\/es","push-errors":false,"_links":{"self":[{"href":"https:\/\/graziamagazine.com\/es\/wp-json\/wp\/v2\/articles\/65775"}],"collection":[{"href":"https:\/\/graziamagazine.com\/es\/wp-json\/wp\/v2\/articles"}],"about":[{"href":"https:\/\/graziamagazine.com\/es\/wp-json\/wp\/v2\/types\/articles"}],"author":[{"embeddable":true,"href":"https:\/\/graziamagazine.com\/es\/wp-json\/wp\/v2\/users\/21500"}],"wp:attachment":[{"href":"https:\/\/graziamagazine.com\/es\/wp-json\/wp\/v2\/media?parent=65775"}],"wp:term":[{"taxonomy":"category","embeddable":true,"href":"https:\/\/graziamagazine.com\/es\/wp-json\/wp\/v2\/categories?post=65775"}],"curies":[{"name":"wp","href":"https:\/\/api.w.org\/{rel}","templated":true}]}}