{"id":64615,"date":"2016-02-17T16:17:40","date_gmt":"2016-02-17T15:17:40","guid":{"rendered":"https:\/\/graziamagazine.com\/es\/?p=64615"},"modified":"2016-02-17T16:58:50","modified_gmt":"2016-02-17T15:58:50","slug":"las-nuevas-series-que-querras-ver-en-2016","status":"publish","type":"articles","link":"https:\/\/graziamagazine.com\/es\/articles\/las-nuevas-series-que-querras-ver-en-2016\/","title":{"rendered":"Las series nuevas que querr\u00e1s ver en 2016"},"content":{"rendered":"<p>Este a\u00f1o le ha costado m\u00e1s de lo normal, pero el fr\u00edo ya ha llegado (ya era hora); y con \u00e9l esas tardes <strong>que los americanos han bautizado como \u2018Netflix and Chill\u2019 y que nosotros entendemos mejor como tarde de sof\u00e1, &#8216;mantita&#8217; y <del>peli<\/del> serie<\/strong>. Para que la hibernaci\u00f3n sea todo un \u00e9xito, en <em>Grazia<\/em> os hemos preparado una gu\u00eda de los mejores t\u00edtulos\u00a0que se estrenan en los pr\u00f3ximos meses (que aunque llegue el buen tiempo, entre mojito y mojito siempre habr\u00e1 espacio para un cap\u00edtulo). Porque hay vida m\u00e1s all\u00e1 de <i>Juego de Tronos<\/i> (aunque estemos deseando ver la sexta temporada) y porque, entre tantos estrenos, lo mejor es que os hagamos el trabajo sucio y seleccionemos lo m\u00e1s apetecible. <del>De nada.<\/del><\/p>\n<p><img loading=\"lazy\" decoding=\"async\" class=\"aligncenter size-full wp-image-64634\" src=\"https:\/\/graziamagazine.com\/es\/wp-content\/uploads\/sites\/12\/2016\/02\/09181529\/3giphy.gif\" alt=\"3giphy\" width=\"500\" height=\"335\" \/><\/p>\n<p>&nbsp;<\/p>\n<p><span style=\"text-decoration: underline;\"><b>Vinyl<\/b><\/span> <i>\u00a0<\/i><\/p>\n<p><em>Estreno: 14 febrero<\/em><\/p>\n<p><strong>Martin Scorsese, Mick Jagger <\/strong>y<strong> Terence Winter<\/strong> (<i>Los Soprano<\/i>) son los creadores de la serie m\u00e1s esperada del a\u00f1o, un acercamiento a una discogr\u00e1fica en la \u00e9poca dorada del punk, el rock y la m\u00fasica disco. HBO estrenaba el pasado fin de semana su gran apuesta de la temporada, intentando recuperar el trono de cadena de referencia que se ha visto discutido los \u00faltimos a\u00f1os debido al auge de las plataformas digitales (Amazon, <a href=\"https:\/\/graziamagazine.com\/es\/lifestyle\/por-que-todo-el-mundo-habla-de-netflix\/\" target=\"_blank\">Netflix<\/a>). <strong>Olivia Wilde<\/strong> y el eterno pero genial secundario <strong>Bobby Cannavale<\/strong> (<i>Blue Jasmine<\/i>) protagonizan <i>Vinyl<\/i>, cuya banda sonora estar\u00e1 compuesta por temas de<strong> Julian Casablancas, Otis Redding <\/strong>o<strong> Iggy Pop<\/strong>. Desempolva tu tocadiscos, los &#8217;70 han vuelto (tambi\u00e9n fuera de la pasarela).<\/p>\n<p><iframe loading=\"lazy\" title=\"Vinyl: Promo (HBO)\" width=\"500\" height=\"281\" src=\"https:\/\/www.youtube.com\/embed\/Yrz4DMEjCpQ?feature=oembed\" frameborder=\"0\" allow=\"accelerometer; autoplay; encrypted-media; gyroscope; picture-in-picture\" allowfullscreen><\/iframe><\/p>\n<p><span style=\"text-decoration: underline;\"><b>Love<\/b><\/span><\/p>\n<p><em>Estreno: 19 febrero en Netflix<\/em><\/p>\n<p>El director <strong>Judd Apatow<\/strong> (<i>Virgen a los 40<\/i>) se acerca de nuevo a la televisi\u00f3n tras el \u00e9xito de su anterior producci\u00f3n,\u00a0<i>Girls<\/i>, con otra serie de t\u00edtulo sencillo y directo: <i>Love<\/i>. Paul Rust (<i>Malditos Bastardos<\/i>) y Gillian Jacobs, de la recordada <i>Community<\/i>, interpretan el nuevo esquema de la comedia rom\u00e1ntica: \u201cChico conoce a chica. Chico se enamora. Chica no. Ambos est\u00e1n locos\u201d. <i>Love<\/i> seguir\u00e1 la l\u00ednea corrosiva y desvergonzada de otras producciones de Apatow como <i>Y de repente t\u00fa <\/i>o <i>L\u00edo Embarazoso<\/i>. Y en Netflix parecen confiar en ella, ya que han confirmado una segunda temporada sin haberse estrenado a\u00fan. No te la pierdas si necesitas algo que no te haga pensar demasiado tras un duro d\u00eda de trabajo.<\/p>\n<p>https:\/\/www.youtube.com\/watch?v=91pQzMgSbds<\/p>\n<p><span style=\"text-decoration: underline;\"><b>The Get Down<\/b><\/span><\/p>\n<p><em>Estreno: agosto<\/em><\/p>\n<p><strong>Baz Luhrmann<\/strong> (<i>Moulin Rouge<\/i>) debuta en la televisi\u00f3n con este drama musical que, tras una d\u00e9cada de desarrollo, se estrena por fin con la ambici\u00f3n de convertirse en el <i>West Side Story<\/i> de la generaci\u00f3n hip-hop. <i>The Get Down<\/i> (<del>no confundir con <a href=\"https:\/\/www.youtube.com\/watch?v=yhhfcqV-QsE\" target=\"_blank\" target=\"_blank\">Junior Miguez \u2018El pr\u00edncipe de los gatos\u2019<\/a><\/del>) nos situar\u00e1 en el Bronx de los a\u00f1os &#8217;70, dominado por la pobreza y el enfrentamiento entre las bandas. Unas calles que dar\u00e1n luz a una transformaci\u00f3n social y musical que culminar\u00e1 con la aparici\u00f3n del rap. Entre un reparto de j\u00f3venes desconocidos se asomar\u00e1 <strong>Jaden Smith<\/strong>, ese reto\u00f1o de <strong>Will Smith<\/strong> que lo mismo se marca un <i>Karate Kid<\/i> que se cuela <a href=\"https:\/\/res.cloudinary.com\/galore\/image\/upload\/v1451918554\/jaden_smith_louis_vuitton_two_galore_mag.jpg\" target=\"_blank\" target=\"_blank\">en la campa\u00f1a de Vuitton<\/a> o <a href=\"http:\/\/tmagazine.blogs.nyt\" target=\"_blank\" target=\"_blank\">teoriza sobre f\u00edsica cu\u00e1ntica<\/a>.<\/p>\n<p>https:\/\/www.youtube.com\/watch?v=XBigCrEzIcE<\/p>\n<p><span style=\"text-decoration: underline;\"><strong>11.22.63<\/strong><\/span><\/p>\n<p><em>Estreno: abril\u00a0en Fox Espa\u00f1a.\u00a0<\/em><\/p>\n<p>\u00bf<strong>James Franco?<\/strong> S\u00ed, siempre. El actor, director, guionista, fot\u00f3grafo y poeta (por favor, \u00bfalguien puede parar a este tipo?) es la estrella de la nueva apuesta de Hulu, basada en una novela de Stephen King. Que nadie se deje enga\u00f1ar por su t\u00edtulo, <i>11.22.63<\/i> no cuenta las desventuras de un Bingo de Benidorm, sino que es un thriller de misterio en el que Franco dar\u00e1 vida a un profesor de ingl\u00e9s que viaja en el tiempo para intentar detener el asesinato de John F. Kennedy (casi nada). <strong>Josh Duhamel<\/strong> y la nueva chica a la que seguir el rastro, <strong>Sarah Gadon<\/strong>, le acompa\u00f1an en el reparto. Pese a que las historias de viajes en el tiempo comienzan a acumularse, \u00bfqui\u00e9n puede decir que no a pasar un rato con el bueno de James?<\/p>\n<p>https:\/\/www.youtube.com\/watch?v=NXUx__qQGew<\/p>\n<p><span style=\"text-decoration: underline;\"><b>Madres Forzosas<\/b><\/span><\/p>\n<p><em>Estreno: 26 febrero Netflix<\/em><\/p>\n<p>La m\u00edtica <em>sitcom<\/em> que enganch\u00f3 a varias generaciones vuelve a la pantalla 20 a\u00f1os despu\u00e9s, <del>j*der, qu\u00e9 viejo soy<\/del>. La historia se centra ahora en la hija mayor de la familia, D.J. Tanner quien, tras quedarse viuda, ve como su hermana Stephanie y su mejor amiga Kimmy se mudan con ella a San Francisco para ayudarle a cuidar de sus tres hijos. <strong>John Stamos<\/strong> (Jesse), <strong>Bob Saget<\/strong> (Danny) y <strong>Dave Coulier<\/strong> (Joey), los forzosos progenitores originales, tambi\u00e9n <a href=\"https:\/\/graziamagazine.com\/es\/lifestyle\/confirmado-padres-forzosos-volvera-en-2016\/\" target=\"_blank\">vuelven a la serie<\/a>. Las \u00fanicas que han decidido no subirse al barco que las catapult\u00f3 a la fama son las hermanas <strong>Mary Kate<\/strong> y <strong>Ashley Olsen<\/strong>, que suponemos estar\u00e1n muy ocupadas dise\u00f1ando gafas grandes y redondas para su aplaudida firma <em>The Row.<\/em><\/p>\n<p><iframe loading=\"lazy\" title=\"Madres forzosas Temporada 1 | Tr\u00e1iler oficial en ESPA\u00d1OL | Netflix Espa\u00f1a\" width=\"500\" height=\"281\" src=\"https:\/\/www.youtube.com\/embed\/acWYTI829OA?feature=oembed\" frameborder=\"0\" allow=\"accelerometer; autoplay; encrypted-media; gyroscope; picture-in-picture\" allowfullscreen><\/iframe><\/p>\n<p><span style=\"text-decoration: underline;\"><b>El Infiltrado<\/b><\/span><\/p>\n<p><em>Estreno:\u00a024 de febrero en el canal AMC Espa\u00f1a.\u00a0<\/em><\/p>\n<p>\u00bfEl aclamado novio de Internet, <strong>Tom Hiddleston<\/strong>, y el doctor m\u00e1s famoso de la tele,<strong> Hugh Laurie<\/strong>, juntos en una nueva serie? <del>\u00a1C\u00e1llate y coge mi dinero!<\/del> La BBC y el canal norteamericano AMC han unido fuerzas para dar vida a <i>El Infiltrado<\/i>. Basada en una novela de John Le Carr\u00e9, Hiddleston es un soldado brit\u00e1nico retirado que deber\u00e1 seguir los pasos de un peligroso traficante de armas, Laurie. En peque\u00f1os papeles tambi\u00e9n veremos a Antonio de la Torre y Marta Torn\u00e9, que abandona moment\u00e1neamente el plat\u00f3 de <i>C\u00e1mbiame<\/i>. \u00bfSe habr\u00e1 llevado al rodaje a Pelayo? \u00bfNecesitar\u00e1 Hiddleston un cambio de look?<\/p>\n<p><iframe loading=\"lazy\" title=\"The Night Manager: Trailer - BBC One\" width=\"500\" height=\"281\" src=\"https:\/\/www.youtube.com\/embed\/g-ZcaKdvML8?feature=oembed\" frameborder=\"0\" allow=\"accelerometer; autoplay; encrypted-media; gyroscope; picture-in-picture\" allowfullscreen><\/iframe><\/p>\n<p><span style=\"text-decoration: underline;\"><b>Divorce<\/b><\/span><\/p>\n<p><em>Estreno: oto\u00f1o<\/em><\/p>\n<p><strong>Sarah Jessica Parker<\/strong> vuelve a la televisi\u00f3n <del>dado que lo suyo no es precisamente el cine<\/del>. S\u00ed, la hija predilecta de la peque\u00f1a pantalla regresa pero sin el rol de la inolvidable Carrie Bradshaw (y sin Mr.Big, por extensi\u00f3n. <del>Oh.<\/del>). En <i>Divorce<\/i>, es una mujer que descubre que empezar de cero es m\u00e1s dif\u00edcil de lo que imaginaba tras divorciarse. A priori el tema no parece ni muy atractivo ni muy novedoso pero, \u00bfacaso <i>Sexo en Nueva York<\/i> lo era? Son HBO y Sarah Jessica, dejemos que nos sorprendan. Ya la ech\u00e1bamos de menos.<\/p>\n<p><img loading=\"lazy\" decoding=\"async\" class=\"aligncenter size-full wp-image-64619\" src=\"https:\/\/graziamagazine.com\/es\/wp-content\/uploads\/sites\/12\/2016\/02\/09175132\/2giphy.gif\" alt=\"2giphy\" width=\"500\" height=\"283\" \/><\/p>\n<p><span style=\"text-decoration: underline;\"><b>Roadies\u00a0<\/b><\/span><\/p>\n<p><em>Estreno: oto\u00f1o<\/em><\/p>\n<p>Porque este a\u00f1o la cosa va de m\u00fasica, <i>Roadies<\/i> es otra de nuestras apuestas. Lo nuevo de <strong>Cameron Crowe<\/strong>, un director que alcanz\u00f3 el estrellato de Hollywood con la pel\u00edcula de culto <i>Casi famosos<\/i>, vuelve de nuevo al backstage para contar el d\u00eda a d\u00eda de los t\u00e9cnicos encargados de levantar los conciertos de una banda internacional. Producen el omnipresente <strong>J.J. Abrams<\/strong>\u00a0 y <strong>Kelly Curtis<\/strong>, manager de los m\u00edticos Pearl Jam que tambi\u00e9n ser\u00e1 el supervisor musical de la serie. <i>Roadies<\/i> no suena nada mal.<\/p>\n<p>https:\/\/www.youtube.com\/watch?v=7rDmBFt26N8<\/p>\n<p><span style=\"text-decoration: underline;\"><b>Las Supernenas<\/b><\/span><\/p>\n<p><em>Estreno: por confirmar (pero s\u00ed, ser\u00e1 este a\u00f1o)<\/em><\/p>\n<p>Antes de hombres murci\u00e9lago y dioses del trueno, otras hero\u00ednas (compuestas de \u201caz\u00facar, especias, cosas bonitas y la terrible sustancia X\u201d) ya impart\u00edan justicia en nuestra televisi\u00f3n. La fiebre del <i>reboot<\/i> tambi\u00e9n surge en la animaci\u00f3n con el regreso de P\u00e9talo, Burbuja y Cactus, estrenando una imagen renovada y adaptada al p\u00fablico <em>millennial<\/em>. <i>Las Supernenas<\/i>, icono del <i>girl power <\/i>m\u00e1s pop, llegan dispuestas a conquistar a una nueva generaci\u00f3n (y machacar de nuevo a Mojo Jojo). Encantados con su regreso, alzamos el meg\u00e1fono para hacer una petici\u00f3n: \u00bfpara cu\u00e1ndo <i>Las tres mellizas<\/i> de nuevo en la televisi\u00f3n? (no, esto es broma).<\/p>\n<p>Bonus: y, \u00a1ojo!, que la fiebre de las Supernenas no ha hecho m\u00e1s que empezar. Tras Barbie y el <em>fast food<\/em>, ellas son la nueva obsesi\u00f3n de Jeremy Scott para Moschino&#8230;<\/p>\n<figure id=\"attachment_64620\" aria-describedby=\"caption-attachment-64620\" style=\"width: 550px\" class=\"wp-caption aligncenter\"><img loading=\"lazy\" decoding=\"async\" class=\"size-full wp-image-64620\" src=\"https:\/\/graziamagazine.com\/es\/wp-content\/uploads\/sites\/12\/2016\/02\/09175951\/ok_Moschino_ful_W_S16_MI_045-626x939.jpg\" alt=\"\u00a9 Mondadori Photo\" width=\"550\" height=\"825\" \/><figcaption id=\"caption-attachment-64620\" class=\"wp-caption-text\">\u00a9 Mondadori Photo<\/figcaption><\/figure>\n<p><span style=\"text-decoration: underline;\"><b>Web Therapy<\/b><\/span><\/p>\n<p><em>Estreno: ya en sus pantallas.<\/em><\/p>\n<p>Basada en la webserie hom\u00f3nima de <strong>Lisa Kudrow<\/strong> (Phoebe en <i>Friends, <\/i>CLARO), el antiguo Canal+, ahora llamado #0, ha estrenado el <em>remake<\/em> patrio protagonizado ahora por <strong>Eva Hache<\/strong>. Ella ser\u00e1 Rebeca Miller, una psic\u00f3loga cuyas sesiones expr\u00e9s tienen lugar v\u00eda Skype. Y su reparto de pacientes es de \u00f3rdago: <strong>Carlos Areces, Quim Guti\u00e9rrez, Clara Lago, Blanca Portillo, Ernesto Alterio, Mar\u00eda Pujalte o Hugo Silva<\/strong>. Vamos, que por su consulta van a desfilar m\u00e1s estrellas que por <a href=\"https:\/\/graziamagazine.com\/es\/galeria\/goya-2016-alfombra-roja\/\" target=\"_blank\">la alfombra roja de los Goya<\/a>. Todo tiene muy buena pinta, pero nos asalta una duda: \u00bfera necesario plantarle la peluca de melena rubia a Eva? Misterios sin resolver\u2026 <del>Consultaremos a Iker<\/del>.<\/p>\n<p><iframe loading=\"lazy\" title=\"Feliz A\u00f1o #0 - Web Therapy | #0\" width=\"500\" height=\"281\" src=\"https:\/\/www.youtube.com\/embed\/pHipizXlXdE?feature=oembed\" frameborder=\"0\" allow=\"accelerometer; autoplay; encrypted-media; gyroscope; picture-in-picture\" allowfullscreen><\/iframe><\/p>\n<p><iframe loading=\"lazy\" style=\"border: none; overflow: hidden; height: 258px;\" src=\"\/\/www.facebook.com\/plugins\/likebox.php?href=https%3A%2F%2Fwww.facebook.com%2Fgraziaespana&amp;width&amp;height=258&amp;colorscheme=light&amp;show_faces=true&amp;header=false&amp;stream=false&amp;show_border=false&amp;appId=349017955267591\" width=\"300\" height=\"150\" frameborder=\"0\" scrolling=\"no\"><\/iframe><\/p>\n","protected":false},"author":13824,"featured_media":0,"template":"","format":"standard","categories":[18,21],"acf":[],"yoast_head":"<!-- This site is optimized with the Yoast SEO Premium plugin v18.5 (Yoast SEO v20.4) - https:\/\/yoast.com\/wordpress\/plugins\/seo\/ -->\n<title>Las series nuevas que querr\u00e1s ver en 2016 | Grazia<\/title>\n<meta name=\"description\" content=\"Musicales, comedias rom\u00e1nticas, &#039;remakes&#039;\u2026 \u00a0Saca tu calendario y toma buena nota: estas son las m\u00e1s esperadas.\" \/>\n<meta name=\"robots\" content=\"index, follow, max-snippet:-1, max-image-preview:large, max-video-preview:-1\" \/>\n<link rel=\"canonical\" href=\"https:\/\/graziamagazine.com\/es\/articles\/las-nuevas-series-que-querras-ver-en-2016\/\" \/>\n<meta property=\"og:locale\" content=\"es_ES\" \/>\n<meta property=\"og:type\" content=\"article\" \/>\n<meta property=\"og:title\" content=\"Las series nuevas que querr\u00e1s ver en 2016\" \/>\n<meta property=\"og:description\" content=\"Musicales, comedias rom\u00e1nticas, &#039;remakes&#039;\u2026 La parrilla televisiva sigue dispuesta a mantener muy alto el list\u00f3n de su edad dorada. Saca tu calendario y toma buena nota: estas son las m\u00e1s esperadas.\" \/>\n<meta property=\"og:url\" content=\"https:\/\/graziamagazine.com\/es\/articles\/las-nuevas-series-que-querras-ver-en-2016\/\" \/>\n<meta property=\"og:site_name\" content=\"Grazia\" \/>\n<meta property=\"article:modified_time\" content=\"2016-02-17T15:58:50+00:00\" \/>\n<meta property=\"og:image\" content=\"https:\/\/graziamagazine.com\/es\/wp-content\/uploads\/sites\/12\/2016\/02\/09180732\/cover1_series.jpg?fit=785%2C480\" \/>\n\t<meta property=\"og:image:width\" content=\"785\" \/>\n\t<meta property=\"og:image:height\" content=\"480\" \/>\n\t<meta property=\"og:image:type\" content=\"image\/jpeg\" \/>\n<meta name=\"twitter:card\" content=\"summary_large_image\" \/>\n<meta name=\"twitter:title\" content=\"Las series nuevas que querr\u00e1s ver en 2016\" \/>\n<meta name=\"twitter:description\" content=\"Musicales, comedias rom\u00e1nticas, &#039;remakes&#039;\u2026 La parrilla televisiva sigue dispuesta a mantener muy alto el list\u00f3n de su edad dorada. Saca tu calendario y toma buena nota: estas son las m\u00e1s esperadas.\" \/>\n<meta name=\"twitter:image\" content=\"http:\/\/s3-eu-west-1.amazonaws.com\/grazia-cdn\/wp-content\/uploads\/sites\/12\/2016\/02\/09180732\/cover1_series.jpg\" \/>\n<meta name=\"twitter:label1\" content=\"Est. reading time\" \/>\n\t<meta name=\"twitter:data1\" content=\"7 minutos\" \/>\n<script type=\"application\/ld+json\" class=\"yoast-schema-graph\">{\"@context\":\"https:\/\/schema.org\",\"@graph\":[{\"@type\":\"WebPage\",\"@id\":\"https:\/\/graziamagazine.com\/es\/articles\/las-nuevas-series-que-querras-ver-en-2016\/\",\"url\":\"https:\/\/graziamagazine.com\/es\/articles\/las-nuevas-series-que-querras-ver-en-2016\/\",\"name\":\"Las series nuevas que querr\u00e1s ver en 2016 | Grazia\",\"isPartOf\":{\"@id\":\"https:\/\/graziamagazine.com\/es\/#website\"},\"datePublished\":\"2016-02-17T15:17:40+00:00\",\"dateModified\":\"2016-02-17T15:58:50+00:00\",\"description\":\"Musicales, comedias rom\u00e1nticas, 'remakes'\u2026 \u00a0Saca tu calendario y toma buena nota: estas son las m\u00e1s esperadas.\",\"breadcrumb\":{\"@id\":\"https:\/\/graziamagazine.com\/es\/articles\/las-nuevas-series-que-querras-ver-en-2016\/#breadcrumb\"},\"inLanguage\":\"es\",\"potentialAction\":[{\"@type\":\"ReadAction\",\"target\":[\"https:\/\/graziamagazine.com\/es\/articles\/las-nuevas-series-que-querras-ver-en-2016\/\"]}]},{\"@type\":\"BreadcrumbList\",\"@id\":\"https:\/\/graziamagazine.com\/es\/articles\/las-nuevas-series-que-querras-ver-en-2016\/#breadcrumb\",\"itemListElement\":[{\"@type\":\"ListItem\",\"position\":1,\"name\":\"Portada\",\"item\":\"https:\/\/graziamagazine.com\/es\/\"},{\"@type\":\"ListItem\",\"position\":2,\"name\":\"Las series nuevas que querr\u00e1s ver en 2016\"}]},{\"@type\":\"WebSite\",\"@id\":\"https:\/\/graziamagazine.com\/es\/#website\",\"url\":\"https:\/\/graziamagazine.com\/es\/\",\"name\":\"Grazia\",\"description\":\"Moda, belleza, celebrities, estilo de vida...\",\"potentialAction\":[{\"@type\":\"SearchAction\",\"target\":{\"@type\":\"EntryPoint\",\"urlTemplate\":\"https:\/\/graziamagazine.com\/es\/?s={search_term_string}\"},\"query-input\":\"required name=search_term_string\"}],\"inLanguage\":\"es\"}]}<\/script>\n<!-- \/ Yoast SEO Premium plugin. -->","yoast_head_json":{"title":"Las series nuevas que querr\u00e1s ver en 2016 | Grazia","description":"Musicales, comedias rom\u00e1nticas, 'remakes'\u2026 \u00a0Saca tu calendario y toma buena nota: estas son las m\u00e1s esperadas.","robots":{"index":"index","follow":"follow","max-snippet":"max-snippet:-1","max-image-preview":"max-image-preview:large","max-video-preview":"max-video-preview:-1"},"canonical":"https:\/\/graziamagazine.com\/es\/articles\/las-nuevas-series-que-querras-ver-en-2016\/","og_locale":"es_ES","og_type":"article","og_title":"Las series nuevas que querr\u00e1s ver en 2016","og_description":"Musicales, comedias rom\u00e1nticas, 'remakes'\u2026 La parrilla televisiva sigue dispuesta a mantener muy alto el list\u00f3n de su edad dorada. Saca tu calendario y toma buena nota: estas son las m\u00e1s esperadas.","og_url":"https:\/\/graziamagazine.com\/es\/articles\/las-nuevas-series-que-querras-ver-en-2016\/","og_site_name":"Grazia","article_modified_time":"2016-02-17T15:58:50+00:00","og_image":[{"width":785,"height":480,"url":"https:\/\/graziamagazine.com\/es\/wp-content\/uploads\/sites\/12\/2016\/02\/09180732\/cover1_series.jpg?fit=785%2C480","type":"image\/jpeg"}],"twitter_card":"summary_large_image","twitter_title":"Las series nuevas que querr\u00e1s ver en 2016","twitter_description":"Musicales, comedias rom\u00e1nticas, 'remakes'\u2026 La parrilla televisiva sigue dispuesta a mantener muy alto el list\u00f3n de su edad dorada. Saca tu calendario y toma buena nota: estas son las m\u00e1s esperadas.","twitter_image":"http:\/\/s3-eu-west-1.amazonaws.com\/grazia-cdn\/wp-content\/uploads\/sites\/12\/2016\/02\/09180732\/cover1_series.jpg","twitter_misc":{"Est. reading time":"7 minutos"},"schema":{"@context":"https:\/\/schema.org","@graph":[{"@type":"WebPage","@id":"https:\/\/graziamagazine.com\/es\/articles\/las-nuevas-series-que-querras-ver-en-2016\/","url":"https:\/\/graziamagazine.com\/es\/articles\/las-nuevas-series-que-querras-ver-en-2016\/","name":"Las series nuevas que querr\u00e1s ver en 2016 | Grazia","isPartOf":{"@id":"https:\/\/graziamagazine.com\/es\/#website"},"datePublished":"2016-02-17T15:17:40+00:00","dateModified":"2016-02-17T15:58:50+00:00","description":"Musicales, comedias rom\u00e1nticas, 'remakes'\u2026 \u00a0Saca tu calendario y toma buena nota: estas son las m\u00e1s esperadas.","breadcrumb":{"@id":"https:\/\/graziamagazine.com\/es\/articles\/las-nuevas-series-que-querras-ver-en-2016\/#breadcrumb"},"inLanguage":"es","potentialAction":[{"@type":"ReadAction","target":["https:\/\/graziamagazine.com\/es\/articles\/las-nuevas-series-que-querras-ver-en-2016\/"]}]},{"@type":"BreadcrumbList","@id":"https:\/\/graziamagazine.com\/es\/articles\/las-nuevas-series-que-querras-ver-en-2016\/#breadcrumb","itemListElement":[{"@type":"ListItem","position":1,"name":"Portada","item":"https:\/\/graziamagazine.com\/es\/"},{"@type":"ListItem","position":2,"name":"Las series nuevas que querr\u00e1s ver en 2016"}]},{"@type":"WebSite","@id":"https:\/\/graziamagazine.com\/es\/#website","url":"https:\/\/graziamagazine.com\/es\/","name":"Grazia","description":"Moda, belleza, celebrities, estilo de vida...","potentialAction":[{"@type":"SearchAction","target":{"@type":"EntryPoint","urlTemplate":"https:\/\/graziamagazine.com\/es\/?s={search_term_string}"},"query-input":"required name=search_term_string"}],"inLanguage":"es"}]}},"jetpack_sharing_enabled":true,"distributor_meta":false,"distributor_terms":false,"distributor_media":false,"distributor_original_site_name":"Grazia","distributor_original_site_url":"https:\/\/graziamagazine.com\/es","push-errors":false,"_links":{"self":[{"href":"https:\/\/graziamagazine.com\/es\/wp-json\/wp\/v2\/articles\/64615"}],"collection":[{"href":"https:\/\/graziamagazine.com\/es\/wp-json\/wp\/v2\/articles"}],"about":[{"href":"https:\/\/graziamagazine.com\/es\/wp-json\/wp\/v2\/types\/articles"}],"author":[{"embeddable":true,"href":"https:\/\/graziamagazine.com\/es\/wp-json\/wp\/v2\/users\/13824"}],"wp:attachment":[{"href":"https:\/\/graziamagazine.com\/es\/wp-json\/wp\/v2\/media?parent=64615"}],"wp:term":[{"taxonomy":"category","embeddable":true,"href":"https:\/\/graziamagazine.com\/es\/wp-json\/wp\/v2\/categories?post=64615"}],"curies":[{"name":"wp","href":"https:\/\/api.w.org\/{rel}","templated":true}]}}