{"id":64475,"date":"2016-02-07T17:08:17","date_gmt":"2016-02-07T16:08:17","guid":{"rendered":"https:\/\/graziamagazine.com\/es\/?p=64475"},"modified":"2016-02-07T17:11:59","modified_gmt":"2016-02-07T16:11:59","slug":"goya-2016-ganadores","status":"publish","type":"articles","link":"https:\/\/graziamagazine.com\/es\/articles\/goya-2016-ganadores\/","title":{"rendered":"Goya 2016: todos los ganadores"},"content":{"rendered":"<div><span style=\"font-family: Times New Roman,serif; font-size: medium;\"><span style=\"font-family: Arial,sans-serif;\">MEJOR PEL\u00cdCULA: Truman<\/span><\/span><\/div>\n<div><span style=\"font-family: Times New Roman,serif; font-size: medium;\"><span style=\"font-family: Arial,sans-serif;\">MEJOR DIRECCI\u00d3N: Cesc Gay por Truman <\/span><\/span><\/div>\n<div><span style=\"font-family: Times New Roman,serif; font-size: medium;\"><span style=\"font-family: Arial,sans-serif;\">MEJOR ACTOR PROTAGONISTA: Ricardo Dar\u00edn por Truman <\/span><\/span><\/div>\n<div><span style=\"font-family: Times New Roman,serif; font-size: medium;\"><span style=\"font-family: Arial,sans-serif;\">MEJOR ACTRIZ PROTAGONISTA: Natalia de Molina por Techo y comida<\/span><\/span><\/div>\n<div><\/div>\n<div>[galeria]<\/div>\n<div><\/div>\n<div><span style=\"font-family: Times New Roman,serif; font-size: medium;\"><span style=\"font-family: Arial,sans-serif;\">MEJOR GUI\u00d3N ADAPTADO: Fernando Le\u00f3n de Aranoa por Un d\u00eda perfecto<\/span><\/span><\/div>\n<div><span style=\"font-family: Times New Roman,serif; font-size: medium;\"><span style=\"font-family: Arial,sans-serif;\">MEJOR GUI\u00d3N ORIGINAL: Cesc Gay y Tom\u00e1s Aragay por Truman <\/span><\/span><\/div>\n<div><span style=\"font-family: Times New Roman,serif; font-size: medium;\"><span style=\"font-family: Arial,sans-serif;\">MEJOR ACTOR DE REPARTO: Javier C\u00e1mara por Truman <\/span><\/span><\/div>\n<div><span style=\"font-family: Times New Roman,serif; font-size: medium;\"><span style=\"font-family: Arial,sans-serif;\">MEJOR ACTRIZ DE REPARTO: Luisa Gavasa por La novia <\/span><\/span><\/div>\n<div><span style=\"font-family: Times New Roman,serif; font-size: medium;\"><span style=\"font-family: Arial,sans-serif;\">MEJOR ACTOR REVELACI\u00d3N: Miguel Herr\u00e1n por A cambio de nada <\/span><\/span><\/div>\n<div><span style=\"font-family: Times New Roman,serif; font-size: medium;\"><span style=\"font-family: Arial,sans-serif;\">MEJOR ACTRIZ REVELACI\u00d3N: Irene Escolar por\u00a0 Un Oto\u00f1o sin Berl\u00edn <\/span><\/span><\/div>\n<div><span style=\"font-family: Times New Roman,serif; font-size: medium;\"><span style=\"font-family: Arial,sans-serif;\">MEJOR DIRECCI\u00d3N NOVEL: Daniel Guzm\u00e1n por A cambio de nada <\/span><\/span><\/div>\n<div><\/div>\n<div>\n<figure id=\"attachment_64477\" aria-describedby=\"caption-attachment-64477\" style=\"width: 785px\" class=\"wp-caption aligncenter\"><img loading=\"lazy\" decoding=\"async\" class=\"size-full wp-image-64477\" src=\"https:\/\/graziamagazine.com\/es\/wp-content\/uploads\/sites\/12\/2016\/02\/07170123\/01-natalia-de-molina.jpg\" alt=\"&quot;Pen\u00e9lope, Juliette... si es que me sabe mal&quot;, se justificaba Natalia de Molina al recoger su m\u00e1s que merecido Goya por 'Techo y comida'. \u00a9 Getty Images\" width=\"785\" height=\"480\" \/><figcaption id=\"caption-attachment-64477\" class=\"wp-caption-text\">\u00abPen\u00e9lope, Juliette&#8230; si es que me sabe mal\u00bb, se justificaba Natalia de Molina al recoger su m\u00e1s que merecido Goya por &#8216;Techo y comida&#8217;. \u00a9 Getty Images<\/figcaption><\/figure>\n<\/div>\n<div><\/div>\n<div><span style=\"font-family: Times New Roman,serif; font-size: medium;\"><span style=\"font-family: Arial,sans-serif;\">MEJOR PEL\u00cdCULA EUROPEA: Deniz Gamze Erguven por Mustang <\/span><\/span><\/div>\n<div><span style=\"font-family: Times New Roman,serif; font-size: medium;\"><span style=\"font-family: Arial,sans-serif;\">MEJOR PEL\u00cdCULA DE ANIMACI\u00d3N: Nicol\u00e1s Matji Fern\u00e1ndez, Jordi Gasull y Ghislain Barrois por Atrapa la bandera <\/span><\/span><\/div>\n<div><span style=\"font-family: Times New Roman,serif; font-size: medium;\"><span style=\"font-family: Arial,sans-serif;\">MEJOR DIRECCI\u00d3N DE PRODUCCI\u00d3N: Andr\u00e9s Santana y Marta Mir\u00f3 por Nadie quiere la noche <\/span><\/span><\/div>\n<div><span style=\"font-family: Times New Roman,serif; font-size: medium;\"><span style=\"font-family: Arial,sans-serif;\">MEJOR PEL\u00cdCULA DOCUMENTAL: Jes\u00fas Navarro por Sue\u00f1os de sal <\/span><\/span><\/div>\n<div><span style=\"font-family: Times New Roman,serif; font-size: medium;\"><span style=\"font-family: Arial,sans-serif;\">MEJORES EFECTOS ESPECIALES: Lluis Rivera y Lluis Castells por Anacleto, agente secreto <\/span><\/span><\/div>\n<div><span style=\"font-family: Times New Roman,serif; font-size: medium;\"><span style=\"font-family: Arial,sans-serif;\">MEJOR SONIDO: David Machado, Jaime Fern\u00e1ndez y Nacho Arenas por El desconocido <\/span><\/span><\/div>\n<div><span style=\"font-family: Times New Roman,serif; font-size: medium;\"><span style=\"font-family: Arial,sans-serif;\">MEJOR DISE\u00d1O VESTUARIO: Clara Bilbao por Nadie quiere la noche <\/span><\/span><\/div>\n<div><span style=\"font-family: Times New Roman,serif; font-size: medium;\"><span style=\"font-family: Arial,sans-serif;\">MEJOR PEL\u00cdCULA IBEROAMERICANA: Pablo Trapero por El clan <\/span><\/span><\/div>\n<div><span style=\"font-family: Times New Roman,serif; font-size: medium;\"><span style=\"font-family: Arial,sans-serif;\">MEJOR CANCI\u00d3N ORIGINAL: Lucas Vidal y Pablo Albor\u00e1n por Palmeras en la nieve <\/span><\/span><\/div>\n<div><span style=\"font-family: Times New Roman,serif; font-size: medium;\"><span style=\"font-family: Arial,sans-serif;\">MEJOR M\u00daSICA ORIGINAL: Lucas Vidal por Nadie quiere la noche <\/span><\/span><\/div>\n<div><span style=\"font-family: Times New Roman,serif; font-size: medium;\"><span style=\"font-family: Arial,sans-serif;\">MEJOR MAQUILLAJE Y PELUQUER\u00cdA: Sylyie Embert, Paco Rodr\u00edguez y Pablo Perona por Nadie quiere la noche <\/span><\/span><\/div>\n<div><span style=\"font-family: Times New Roman,serif; font-size: medium;\"><span style=\"font-family: Arial,sans-serif;\">MEJOR DIRECCI\u00d3N ART\u00cdSTICA: Ant\u00f3n Laguna por Nadie quiere la noche <\/span><\/span><\/div>\n<div><span style=\"font-family: Times New Roman,serif; font-size: medium;\"><span style=\"font-family: Arial,sans-serif;\">MEJOR DIRECCI\u00d3N DE FOTOGRAF\u00cdA: Miguel Amoedo por La novia <\/span><\/span><\/div>\n<div><span style=\"font-family: Times New Roman,serif; font-size: medium;\"><span style=\"font-family: Arial,sans-serif;\">MEJOR MONTAJE: Jorge Coira por El desconocido <\/span><\/span><\/div>\n<div><span style=\"font-family: Times New Roman,serif; font-size: medium;\"><span style=\"font-family: Arial,sans-serif;\">MEJOR CORTOMETRAJE DE FICCI\u00d3N: Jos\u00e9 Luis Montesinos por El corredor <\/span><\/span><\/div>\n<div><span style=\"font-family: Times New Roman,serif; font-size: medium;\"><span style=\"font-family: Arial,sans-serif;\">MEJOR CORTOMETRAJE DOCUMENTAL: \u00c1lex O`Meill Tubau y Patxi Uriz Domezain por Hijos de la Tierra <\/span><\/span><\/div>\n<div><span style=\"font-family: Times New Roman,serif; font-size: medium;\"><span style=\"font-family: Arial,sans-serif;\">MEJOR CORTOMETRAJE DE ANIMACI\u00d3N: Daniel Mart\u00ednez Lara, Rafael Cano M\u00e9ndez por Alike <\/span><\/span><\/div>\n<div>\n<div><span style=\"font-family: Times New Roman,serif; font-size: medium;\"><span style=\"font-family: Arial,sans-serif;\"><b>GOYA DE HONOR: MARIANO OZORES<\/b><\/span><\/span><\/div>\n<\/div>\n<div><\/div>\n<div>\n<figure id=\"attachment_64480\" aria-describedby=\"caption-attachment-64480\" style=\"width: 1055px\" class=\"wp-caption aligncenter\"><img loading=\"lazy\" decoding=\"async\" class=\"size-full wp-image-64480\" src=\"https:\/\/graziamagazine.com\/es\/wp-content\/uploads\/sites\/12\/2016\/02\/07170229\/04-todos-los-ganadores.jpg\" alt=\"La foto de familia de todos los ganadores. \u00a9 Getty Images\" width=\"1055\" height=\"546\" \/><figcaption id=\"caption-attachment-64480\" class=\"wp-caption-text\">La foto de familia de todos los ganadores. \u00a9 Getty Images<\/figcaption><\/figure>\n<\/div>\n<blockquote><p>Y adem\u00e1s&#8230;<\/p><\/blockquote>\n<p><strong><a href=\"https:\/\/graziamagazine.com\/es\/galeria\/goya-2016-alfombra-roja\/\" target=\"_blank\">Todos los invitados posan sobre la alfombra roja.<\/a><\/strong><\/p>\n<p><strong><a href=\"https:\/\/graziamagazine.com\/es\/galeria\/goya-2016-las-fotos-mas-intimas-la-noche\/\" target=\"_blank\">Los fotones desde el backstage.<\/a><\/strong><\/p>\n<p><strong><a href=\"https:\/\/graziamagazine.com\/es\/galeria\/goya-2016-alfombra-roja\/\" target=\"_blank\">Todos los invitados posan sobre la alfombra roja.<\/a><\/strong><\/p>\n<p><iframe loading=\"lazy\" style=\"border: none; overflow: hidden; height: 258px;\" src=\"\/\/www.facebook.com\/plugins\/likebox.php?href=https%3A%2F%2Fwww.facebook.com%2Fgraziaespana&amp;width&amp;height=258&amp;colorscheme=light&amp;show_faces=true&amp;header=false&amp;stream=false&amp;show_border=false&amp;appId=349017955267591\" width=\"300\" height=\"150\" frameborder=\"0\" scrolling=\"no\"><\/iframe><\/p>\n","protected":false},"author":24470,"featured_media":0,"template":"","format":"standard","categories":[19,18],"acf":[],"yoast_head":"<!-- This site is optimized with the Yoast SEO Premium plugin v18.5 (Yoast SEO v20.4) - https:\/\/yoast.com\/wordpress\/plugins\/seo\/ -->\n<title>Goya 2016 ganadores<\/title>\n<meta name=\"description\" content=\"&#039;Truman&#039;, de Cesc Gay, se alz\u00f3 como gran triunfadora de la noche con cinco cabezones. &#039;Nadie quiere la noche&#039;, de Isabel Coixet, se llev\u00f3 cuatro.\" \/>\n<meta name=\"robots\" content=\"index, follow, max-snippet:-1, max-image-preview:large, max-video-preview:-1\" \/>\n<link rel=\"canonical\" href=\"https:\/\/graziamagazine.com\/es\/articles\/goya-2016-ganadores\/\" \/>\n<meta property=\"og:locale\" content=\"es_ES\" \/>\n<meta property=\"og:type\" content=\"article\" \/>\n<meta property=\"og:title\" content=\"Goya 2016: todos los ganadores\" \/>\n<meta property=\"og:description\" content=\"&#039;Truman&#039;, de Cesc Gay, se alz\u00f3 como gran triunfadora de la noche con cinco cabezones. &#039;Nadie quiere la noche&#039;, de Isabel Coixet, se llev\u00f3 cuatro.\" \/>\n<meta property=\"og:url\" content=\"https:\/\/graziamagazine.com\/es\/articles\/goya-2016-ganadores\/\" \/>\n<meta property=\"og:site_name\" content=\"Grazia\" \/>\n<meta property=\"article:modified_time\" content=\"2016-02-07T16:11:59+00:00\" \/>\n<meta property=\"og:image\" content=\"https:\/\/graziamagazine.com\/es\/wp-content\/uploads\/sites\/12\/2016\/02\/07170123\/01-natalia-de-molina.jpg?fit=785%2C480\" \/>\n\t<meta property=\"og:image:width\" content=\"785\" \/>\n\t<meta property=\"og:image:height\" content=\"480\" \/>\n\t<meta property=\"og:image:type\" content=\"image\/jpeg\" \/>\n<meta name=\"twitter:card\" content=\"summary_large_image\" \/>\n<meta name=\"twitter:title\" content=\"Goya 2016: todos los ganadores\" \/>\n<meta name=\"twitter:description\" content=\"&#039;Truman&#039;, de Cesc Gay, se alz\u00f3 como gran triunfadora de la noche con cinco cabezones. &#039;Nadie quiere la noche&#039;, de Isabel Coixet, se llev\u00f3 cuatro.\" \/>\n<meta name=\"twitter:image\" content=\"http:\/\/s3-eu-west-1.amazonaws.com\/grazia-cdn\/wp-content\/uploads\/sites\/12\/2016\/02\/07170123\/01-natalia-de-molina.jpg\" \/>\n<meta name=\"twitter:label1\" content=\"Est. reading time\" \/>\n\t<meta name=\"twitter:data1\" content=\"2 minutos\" \/>\n<script type=\"application\/ld+json\" class=\"yoast-schema-graph\">{\"@context\":\"https:\/\/schema.org\",\"@graph\":[{\"@type\":\"WebPage\",\"@id\":\"https:\/\/graziamagazine.com\/es\/articles\/goya-2016-ganadores\/\",\"url\":\"https:\/\/graziamagazine.com\/es\/articles\/goya-2016-ganadores\/\",\"name\":\"Goya 2016 ganadores\",\"isPartOf\":{\"@id\":\"https:\/\/graziamagazine.com\/es\/#website\"},\"datePublished\":\"2016-02-07T16:08:17+00:00\",\"dateModified\":\"2016-02-07T16:11:59+00:00\",\"description\":\"'Truman', de Cesc Gay, se alz\u00f3 como gran triunfadora de la noche con cinco cabezones. 'Nadie quiere la noche', de Isabel Coixet, se llev\u00f3 cuatro.\",\"breadcrumb\":{\"@id\":\"https:\/\/graziamagazine.com\/es\/articles\/goya-2016-ganadores\/#breadcrumb\"},\"inLanguage\":\"es\",\"potentialAction\":[{\"@type\":\"ReadAction\",\"target\":[\"https:\/\/graziamagazine.com\/es\/articles\/goya-2016-ganadores\/\"]}]},{\"@type\":\"BreadcrumbList\",\"@id\":\"https:\/\/graziamagazine.com\/es\/articles\/goya-2016-ganadores\/#breadcrumb\",\"itemListElement\":[{\"@type\":\"ListItem\",\"position\":1,\"name\":\"Portada\",\"item\":\"https:\/\/graziamagazine.com\/es\/\"},{\"@type\":\"ListItem\",\"position\":2,\"name\":\"Goya 2016: todos los ganadores\"}]},{\"@type\":\"WebSite\",\"@id\":\"https:\/\/graziamagazine.com\/es\/#website\",\"url\":\"https:\/\/graziamagazine.com\/es\/\",\"name\":\"Grazia\",\"description\":\"Moda, belleza, celebrities, estilo de vida...\",\"potentialAction\":[{\"@type\":\"SearchAction\",\"target\":{\"@type\":\"EntryPoint\",\"urlTemplate\":\"https:\/\/graziamagazine.com\/es\/?s={search_term_string}\"},\"query-input\":\"required name=search_term_string\"}],\"inLanguage\":\"es\"}]}<\/script>\n<!-- \/ Yoast SEO Premium plugin. -->","yoast_head_json":{"title":"Goya 2016 ganadores","description":"'Truman', de Cesc Gay, se alz\u00f3 como gran triunfadora de la noche con cinco cabezones. 'Nadie quiere la noche', de Isabel Coixet, se llev\u00f3 cuatro.","robots":{"index":"index","follow":"follow","max-snippet":"max-snippet:-1","max-image-preview":"max-image-preview:large","max-video-preview":"max-video-preview:-1"},"canonical":"https:\/\/graziamagazine.com\/es\/articles\/goya-2016-ganadores\/","og_locale":"es_ES","og_type":"article","og_title":"Goya 2016: todos los ganadores","og_description":"'Truman', de Cesc Gay, se alz\u00f3 como gran triunfadora de la noche con cinco cabezones. 'Nadie quiere la noche', de Isabel Coixet, se llev\u00f3 cuatro.","og_url":"https:\/\/graziamagazine.com\/es\/articles\/goya-2016-ganadores\/","og_site_name":"Grazia","article_modified_time":"2016-02-07T16:11:59+00:00","og_image":[{"width":785,"height":480,"url":"https:\/\/graziamagazine.com\/es\/wp-content\/uploads\/sites\/12\/2016\/02\/07170123\/01-natalia-de-molina.jpg?fit=785%2C480","type":"image\/jpeg"}],"twitter_card":"summary_large_image","twitter_title":"Goya 2016: todos los ganadores","twitter_description":"'Truman', de Cesc Gay, se alz\u00f3 como gran triunfadora de la noche con cinco cabezones. 'Nadie quiere la noche', de Isabel Coixet, se llev\u00f3 cuatro.","twitter_image":"http:\/\/s3-eu-west-1.amazonaws.com\/grazia-cdn\/wp-content\/uploads\/sites\/12\/2016\/02\/07170123\/01-natalia-de-molina.jpg","twitter_misc":{"Est. reading time":"2 minutos"},"schema":{"@context":"https:\/\/schema.org","@graph":[{"@type":"WebPage","@id":"https:\/\/graziamagazine.com\/es\/articles\/goya-2016-ganadores\/","url":"https:\/\/graziamagazine.com\/es\/articles\/goya-2016-ganadores\/","name":"Goya 2016 ganadores","isPartOf":{"@id":"https:\/\/graziamagazine.com\/es\/#website"},"datePublished":"2016-02-07T16:08:17+00:00","dateModified":"2016-02-07T16:11:59+00:00","description":"'Truman', de Cesc Gay, se alz\u00f3 como gran triunfadora de la noche con cinco cabezones. 'Nadie quiere la noche', de Isabel Coixet, se llev\u00f3 cuatro.","breadcrumb":{"@id":"https:\/\/graziamagazine.com\/es\/articles\/goya-2016-ganadores\/#breadcrumb"},"inLanguage":"es","potentialAction":[{"@type":"ReadAction","target":["https:\/\/graziamagazine.com\/es\/articles\/goya-2016-ganadores\/"]}]},{"@type":"BreadcrumbList","@id":"https:\/\/graziamagazine.com\/es\/articles\/goya-2016-ganadores\/#breadcrumb","itemListElement":[{"@type":"ListItem","position":1,"name":"Portada","item":"https:\/\/graziamagazine.com\/es\/"},{"@type":"ListItem","position":2,"name":"Goya 2016: todos los ganadores"}]},{"@type":"WebSite","@id":"https:\/\/graziamagazine.com\/es\/#website","url":"https:\/\/graziamagazine.com\/es\/","name":"Grazia","description":"Moda, belleza, celebrities, estilo de vida...","potentialAction":[{"@type":"SearchAction","target":{"@type":"EntryPoint","urlTemplate":"https:\/\/graziamagazine.com\/es\/?s={search_term_string}"},"query-input":"required name=search_term_string"}],"inLanguage":"es"}]}},"jetpack_sharing_enabled":true,"distributor_meta":false,"distributor_terms":false,"distributor_media":false,"distributor_original_site_name":"Grazia","distributor_original_site_url":"https:\/\/graziamagazine.com\/es","push-errors":false,"_links":{"self":[{"href":"https:\/\/graziamagazine.com\/es\/wp-json\/wp\/v2\/articles\/64475"}],"collection":[{"href":"https:\/\/graziamagazine.com\/es\/wp-json\/wp\/v2\/articles"}],"about":[{"href":"https:\/\/graziamagazine.com\/es\/wp-json\/wp\/v2\/types\/articles"}],"author":[{"embeddable":true,"href":"https:\/\/graziamagazine.com\/es\/wp-json\/wp\/v2\/users\/24470"}],"wp:attachment":[{"href":"https:\/\/graziamagazine.com\/es\/wp-json\/wp\/v2\/media?parent=64475"}],"wp:term":[{"taxonomy":"category","embeddable":true,"href":"https:\/\/graziamagazine.com\/es\/wp-json\/wp\/v2\/categories?post=64475"}],"curies":[{"name":"wp","href":"https:\/\/api.w.org\/{rel}","templated":true}]}}