{"id":64447,"date":"2016-02-07T02:32:09","date_gmt":"2016-02-07T01:32:09","guid":{"rendered":"https:\/\/graziamagazine.com\/es\/?p=64447"},"modified":"2016-02-07T17:22:56","modified_gmt":"2016-02-07T16:22:56","slug":"goya-2016-belleza-para-el-recuerdo","status":"publish","type":"articles","link":"https:\/\/graziamagazine.com\/es\/articles\/goya-2016-belleza-para-el-recuerdo\/","title":{"rendered":"Goya 2016: belleza para el recuerdo"},"content":{"rendered":"<p>[galeria]<\/p>\n<blockquote><p>Y adem\u00e1s&#8230;<\/p><\/blockquote>\n<p><strong><a href=\"https:\/\/graziamagazine.com\/es\/galeria\/goya-2016-las-fotos-mas-intimas-la-noche\/\" target=\"_blank\">Los fotones desde el backstage.<\/a><\/strong><\/p>\n<p><strong><a href=\"https:\/\/graziamagazine.com\/es\/galeria\/goya-2016-alfombra-roja\/\" target=\"_blank\">Todos los invitados posan sobre la alfombra roja.<\/a><\/strong><\/p>\n<p><a href=\"https:\/\/graziamagazine.com\/es\/lifestyle\/goya-2016-ganadores\/\" target=\"_blank\"><strong>La lista completa de ganadores.<\/strong><\/a><\/p>\n<p><iframe loading=\"lazy\" style=\"border: none; overflow: hidden; height: 258px;\" src=\"\/\/www.facebook.com\/plugins\/likebox.php?href=https%3A%2F%2Fwww.facebook.com%2Fgraziaespana&amp;width&amp;height=258&amp;colorscheme=light&amp;show_faces=true&amp;header=false&amp;stream=false&amp;show_border=false&amp;appId=349017955267591\" width=\"300\" height=\"150\" frameborder=\"0\" scrolling=\"no\"><\/iframe><\/p>\n","protected":false},"author":14080,"featured_media":0,"template":"","format":"standard","categories":[8,7],"acf":[],"yoast_head":"<!-- This site is optimized with the Yoast SEO Premium plugin v18.5 (Yoast SEO v20.4) - https:\/\/yoast.com\/wordpress\/plugins\/seo\/ -->\n<title>Goya 2016: belleza para el recuerdo | Grazia<\/title>\n<meta name=\"description\" content=\"El flequillo ha sido el gran protagonista. Pero tambi\u00e9n hemos visto ondas perfectas, labios jugosos y (con la aprobaci\u00f3n de la industria de la moda) \u00a1hasta un septum!\" \/>\n<meta name=\"robots\" content=\"index, follow, max-snippet:-1, max-image-preview:large, max-video-preview:-1\" \/>\n<link rel=\"canonical\" href=\"https:\/\/graziamagazine.com\/es\/articles\/goya-2016-belleza-para-el-recuerdo\/\" \/>\n<meta property=\"og:locale\" content=\"es_ES\" \/>\n<meta property=\"og:type\" content=\"article\" \/>\n<meta property=\"og:title\" content=\"Goya 2016: belleza para el recuerdo\" \/>\n<meta property=\"og:description\" content=\"Las actrices espa\u00f1olas este a\u00f1o se rinden ante el flequillo. Pero tambi\u00e9n hemos visto ondas perfectas, labios jugosos y (con el consentimiento de la industria de la moda) un septum.\" \/>\n<meta property=\"og:url\" content=\"https:\/\/graziamagazine.com\/es\/articles\/goya-2016-belleza-para-el-recuerdo\/\" \/>\n<meta property=\"og:site_name\" content=\"Grazia\" \/>\n<meta property=\"article:modified_time\" content=\"2016-02-07T16:22:56+00:00\" \/>\n<meta property=\"og:image\" content=\"https:\/\/graziamagazine.com\/es\/wp-content\/uploads\/sites\/12\/2016\/02\/07022129\/cover1_belleza.jpg?fit=785%2C480\" \/>\n\t<meta property=\"og:image:width\" content=\"785\" \/>\n\t<meta property=\"og:image:height\" content=\"480\" \/>\n\t<meta property=\"og:image:type\" content=\"image\/jpeg\" \/>\n<meta name=\"twitter:card\" content=\"summary_large_image\" \/>\n<meta name=\"twitter:title\" content=\"Goya 2016: belleza para el recuerdo\" \/>\n<meta name=\"twitter:description\" content=\"Las actrices espa\u00f1olas este a\u00f1o se rinden ante el flequillo. Pero tambi\u00e9n hemos visto ondas perfectas, labios jugosos y (con el consentimiento de la industria de la moda) un septum.\" \/>\n<meta name=\"twitter:image\" content=\"http:\/\/s3-eu-west-1.amazonaws.com\/grazia-cdn\/wp-content\/uploads\/sites\/12\/2016\/02\/07022129\/cover1_belleza.jpg\" \/>\n<script type=\"application\/ld+json\" class=\"yoast-schema-graph\">{\"@context\":\"https:\/\/schema.org\",\"@graph\":[{\"@type\":\"WebPage\",\"@id\":\"https:\/\/graziamagazine.com\/es\/articles\/goya-2016-belleza-para-el-recuerdo\/\",\"url\":\"https:\/\/graziamagazine.com\/es\/articles\/goya-2016-belleza-para-el-recuerdo\/\",\"name\":\"Goya 2016: belleza para el recuerdo | Grazia\",\"isPartOf\":{\"@id\":\"https:\/\/graziamagazine.com\/es\/#website\"},\"datePublished\":\"2016-02-07T01:32:09+00:00\",\"dateModified\":\"2016-02-07T16:22:56+00:00\",\"description\":\"El flequillo ha sido el gran protagonista. Pero tambi\u00e9n hemos visto ondas perfectas, labios jugosos y (con la aprobaci\u00f3n de la industria de la moda) \u00a1hasta un septum!\",\"breadcrumb\":{\"@id\":\"https:\/\/graziamagazine.com\/es\/articles\/goya-2016-belleza-para-el-recuerdo\/#breadcrumb\"},\"inLanguage\":\"es\",\"potentialAction\":[{\"@type\":\"ReadAction\",\"target\":[\"https:\/\/graziamagazine.com\/es\/articles\/goya-2016-belleza-para-el-recuerdo\/\"]}]},{\"@type\":\"BreadcrumbList\",\"@id\":\"https:\/\/graziamagazine.com\/es\/articles\/goya-2016-belleza-para-el-recuerdo\/#breadcrumb\",\"itemListElement\":[{\"@type\":\"ListItem\",\"position\":1,\"name\":\"Portada\",\"item\":\"https:\/\/graziamagazine.com\/es\/\"},{\"@type\":\"ListItem\",\"position\":2,\"name\":\"Goya 2016: belleza para el recuerdo\"}]},{\"@type\":\"WebSite\",\"@id\":\"https:\/\/graziamagazine.com\/es\/#website\",\"url\":\"https:\/\/graziamagazine.com\/es\/\",\"name\":\"Grazia\",\"description\":\"Moda, belleza, celebrities, estilo de vida...\",\"potentialAction\":[{\"@type\":\"SearchAction\",\"target\":{\"@type\":\"EntryPoint\",\"urlTemplate\":\"https:\/\/graziamagazine.com\/es\/?s={search_term_string}\"},\"query-input\":\"required name=search_term_string\"}],\"inLanguage\":\"es\"}]}<\/script>\n<!-- \/ Yoast SEO Premium plugin. -->","yoast_head_json":{"title":"Goya 2016: belleza para el recuerdo | Grazia","description":"El flequillo ha sido el gran protagonista. Pero tambi\u00e9n hemos visto ondas perfectas, labios jugosos y (con la aprobaci\u00f3n de la industria de la moda) \u00a1hasta un septum!","robots":{"index":"index","follow":"follow","max-snippet":"max-snippet:-1","max-image-preview":"max-image-preview:large","max-video-preview":"max-video-preview:-1"},"canonical":"https:\/\/graziamagazine.com\/es\/articles\/goya-2016-belleza-para-el-recuerdo\/","og_locale":"es_ES","og_type":"article","og_title":"Goya 2016: belleza para el recuerdo","og_description":"Las actrices espa\u00f1olas este a\u00f1o se rinden ante el flequillo. Pero tambi\u00e9n hemos visto ondas perfectas, labios jugosos y (con el consentimiento de la industria de la moda) un septum.","og_url":"https:\/\/graziamagazine.com\/es\/articles\/goya-2016-belleza-para-el-recuerdo\/","og_site_name":"Grazia","article_modified_time":"2016-02-07T16:22:56+00:00","og_image":[{"width":785,"height":480,"url":"https:\/\/graziamagazine.com\/es\/wp-content\/uploads\/sites\/12\/2016\/02\/07022129\/cover1_belleza.jpg?fit=785%2C480","type":"image\/jpeg"}],"twitter_card":"summary_large_image","twitter_title":"Goya 2016: belleza para el recuerdo","twitter_description":"Las actrices espa\u00f1olas este a\u00f1o se rinden ante el flequillo. Pero tambi\u00e9n hemos visto ondas perfectas, labios jugosos y (con el consentimiento de la industria de la moda) un septum.","twitter_image":"http:\/\/s3-eu-west-1.amazonaws.com\/grazia-cdn\/wp-content\/uploads\/sites\/12\/2016\/02\/07022129\/cover1_belleza.jpg","schema":{"@context":"https:\/\/schema.org","@graph":[{"@type":"WebPage","@id":"https:\/\/graziamagazine.com\/es\/articles\/goya-2016-belleza-para-el-recuerdo\/","url":"https:\/\/graziamagazine.com\/es\/articles\/goya-2016-belleza-para-el-recuerdo\/","name":"Goya 2016: belleza para el recuerdo | Grazia","isPartOf":{"@id":"https:\/\/graziamagazine.com\/es\/#website"},"datePublished":"2016-02-07T01:32:09+00:00","dateModified":"2016-02-07T16:22:56+00:00","description":"El flequillo ha sido el gran protagonista. Pero tambi\u00e9n hemos visto ondas perfectas, labios jugosos y (con la aprobaci\u00f3n de la industria de la moda) \u00a1hasta un septum!","breadcrumb":{"@id":"https:\/\/graziamagazine.com\/es\/articles\/goya-2016-belleza-para-el-recuerdo\/#breadcrumb"},"inLanguage":"es","potentialAction":[{"@type":"ReadAction","target":["https:\/\/graziamagazine.com\/es\/articles\/goya-2016-belleza-para-el-recuerdo\/"]}]},{"@type":"BreadcrumbList","@id":"https:\/\/graziamagazine.com\/es\/articles\/goya-2016-belleza-para-el-recuerdo\/#breadcrumb","itemListElement":[{"@type":"ListItem","position":1,"name":"Portada","item":"https:\/\/graziamagazine.com\/es\/"},{"@type":"ListItem","position":2,"name":"Goya 2016: belleza para el recuerdo"}]},{"@type":"WebSite","@id":"https:\/\/graziamagazine.com\/es\/#website","url":"https:\/\/graziamagazine.com\/es\/","name":"Grazia","description":"Moda, belleza, celebrities, estilo de vida...","potentialAction":[{"@type":"SearchAction","target":{"@type":"EntryPoint","urlTemplate":"https:\/\/graziamagazine.com\/es\/?s={search_term_string}"},"query-input":"required name=search_term_string"}],"inLanguage":"es"}]}},"jetpack_sharing_enabled":true,"distributor_meta":false,"distributor_terms":false,"distributor_media":false,"distributor_original_site_name":"Grazia","distributor_original_site_url":"https:\/\/graziamagazine.com\/es","push-errors":false,"_links":{"self":[{"href":"https:\/\/graziamagazine.com\/es\/wp-json\/wp\/v2\/articles\/64447"}],"collection":[{"href":"https:\/\/graziamagazine.com\/es\/wp-json\/wp\/v2\/articles"}],"about":[{"href":"https:\/\/graziamagazine.com\/es\/wp-json\/wp\/v2\/types\/articles"}],"author":[{"embeddable":true,"href":"https:\/\/graziamagazine.com\/es\/wp-json\/wp\/v2\/users\/14080"}],"wp:attachment":[{"href":"https:\/\/graziamagazine.com\/es\/wp-json\/wp\/v2\/media?parent=64447"}],"wp:term":[{"taxonomy":"category","embeddable":true,"href":"https:\/\/graziamagazine.com\/es\/wp-json\/wp\/v2\/categories?post=64447"}],"curies":[{"name":"wp","href":"https:\/\/api.w.org\/{rel}","templated":true}]}}