{"id":63703,"date":"2016-03-08T00:06:03","date_gmt":"2016-03-07T23:06:03","guid":{"rendered":"https:\/\/graziamagazine.com\/es\/?p=63703"},"modified":"2017-05-16T12:18:08","modified_gmt":"2017-05-16T10:18:08","slug":"mujeres-con-profesion-de-hombre","status":"publish","type":"articles","link":"https:\/\/graziamagazine.com\/es\/articles\/mujeres-con-profesion-de-hombre\/","title":{"rendered":"Mujeres con profesi\u00f3n &#8216;de hombre&#8217;"},"content":{"rendered":"<p>Miren ustedes los disfraces que nos propon\u00edan a las mujeres en los recientes carnavales: <a href=\"https:\/\/graziamagazine.com\/es\/lifestyle\/21-pruebas-de-que-cualquier-disfraz-puede-ser-sexy\/\" target=\"_blank\">enfermera sexy, camarera sexy y hasta langosta sexy<\/a>. Echemos la vista atr\u00e1s, un poco nada m\u00e1s, a las navidades, con cat\u00e1logos llenos de ni\u00f1as cuidando mu\u00f1ecas, jugando a las cocinitas (<a href=\"https:\/\/graziamagazine.com\/es\/lifestyle\/la-alta-cocina-se-vuelve-informal\/\" target=\"_blank\">\u00bflos hombres no cocinan?<\/a>) o limpiando la casa. Los que se divert\u00edan\u00a0con juguetes cient\u00edficos, bichos o hac\u00edan experimentos eran siempre chicos. <strong>Todav\u00eda en 2016 ellas siempre son princesas, ellos astronautas y piratas<\/strong>. <a href=\"https:\/\/graziamagazine.com\/es\/lifestyle\/no-son-golpes-pero-es-violencia-de-genero\/\" target=\"_blank\">Perpetuando los roles de g\u00e9nero.<\/a><\/p>\n<figure id=\"attachment_73769\" aria-describedby=\"caption-attachment-73769\" style=\"width: 785px\" class=\"wp-caption aligncenter\"><img loading=\"lazy\" decoding=\"async\" class=\"size-full wp-image-73769\" src=\"https:\/\/graziamagazine.com\/es\/wp-content\/uploads\/sites\/12\/2016\/03\/01-mujeres-con-profesi\u00f3n-de-hombre.jpg\" alt=\"2016: \u00bflas ni\u00f1as siguen siendo princesas que necesitan a un salvador que las rescate? \u00a9 Peter Gehrke\" width=\"785\" height=\"480\" srcset=\"https:\/\/graziamagazine.com\/es\/wp-content\/uploads\/sites\/12\/2016\/03\/01-mujeres-con-profesi\u00f3n-de-hombre.jpg 785w, https:\/\/graziamagazine.com\/es\/wp-content\/uploads\/sites\/12\/2016\/03\/01-mujeres-con-profesi\u00f3n-de-hombre-300x183.jpg 300w, https:\/\/graziamagazine.com\/es\/wp-content\/uploads\/sites\/12\/2016\/03\/01-mujeres-con-profesi\u00f3n-de-hombre-768x470.jpg 768w, https:\/\/graziamagazine.com\/es\/wp-content\/uploads\/sites\/12\/2016\/03\/01-mujeres-con-profesi\u00f3n-de-hombre-695x425.jpg 695w, https:\/\/graziamagazine.com\/es\/wp-content\/uploads\/sites\/12\/2016\/03\/01-mujeres-con-profesi\u00f3n-de-hombre-720x440.jpg 720w, https:\/\/graziamagazine.com\/es\/wp-content\/uploads\/sites\/12\/2016\/03\/01-mujeres-con-profesi\u00f3n-de-hombre-626x383.jpg 626w, https:\/\/graziamagazine.com\/es\/wp-content\/uploads\/sites\/12\/2016\/03\/01-mujeres-con-profesi\u00f3n-de-hombre-360x220.jpg 360w\" sizes=\"(max-width: 785px) 100vw, 785px\" \/><figcaption id=\"caption-attachment-73769\" class=\"wp-caption-text\">2016: \u00bflas ni\u00f1as siguen siendo princesas que necesitan a un salvador que las rescate? \u00a9 Peter Gehrke<\/figcaption><\/figure>\n<p>Pero <a href=\"http:\/\/www.inmujer.gob.es\/estadisticas\/consulta.do?area=5\" target=\"_blank\" target=\"_blank\">esto no es lo que dicen las estad\u00edsticas<\/a>. Del mill\u00f3n y medio de <strong>estudiantes universitarios que hay en nuestro pa\u00eds, un 55% son mujeres, 150.000 m\u00e1s que hombres.<\/strong> <strong>Mayor\u00eda aplastante<\/strong> en las carreras de Ciencias Sociales y Jur\u00eddicas (60%), Artes y Humanidades (61,5%) y Ciencias de la Salud (70%). S\u00f3lo en las carreras de Ingenier\u00eda y Arquitectura el porcentaje es considerablemente menor, aunque est\u00e1 en progresi\u00f3n ascendente.<\/p>\n<figure id=\"attachment_73779\" aria-describedby=\"caption-attachment-73779\" style=\"width: 390px\" class=\"wp-caption aligncenter\"><img loading=\"lazy\" decoding=\"async\" class=\"size-full wp-image-73779\" src=\"https:\/\/graziamagazine.com\/es\/wp-content\/uploads\/sites\/12\/2016\/03\/01-Mujeres-con-profesi\u00f3n-de-hombre.gif\" alt=\"&quot;Casi el 70% de la fuerza productiva son mujeres, pero s\u00f3lo el 15% de los directivos m\u00e1s ricos lo son&quot;.\" width=\"390\" height=\"218\" \/><figcaption id=\"caption-attachment-73779\" class=\"wp-caption-text\">\u00abCasi el 70% de la fuerza productiva son mujeres, pero s\u00f3lo el 15% de los directivos m\u00e1s ricos lo son\u00bb.<\/figcaption><\/figure>\n<p>Sin embargo, nos damos de bruces con <a href=\"http:\/\/www.stecyl.es\/Mujer\/el_techo_de_cristal.htm\" target=\"_blank\" target=\"_blank\">el techo de cristal que nos impide ascender y alcanzar puestos directivos<\/a>; lidiamos con los prejuicios de quienes consideran que hay ciertos trabajos que no podemos hacer; <strong>nos peleamos con quienes nos miran por encima del hombro y<\/strong> <strong>nos dicen que hay trabajos que son &#8216;de hombres&#8217;<\/strong>. Y no. No lo son.<\/p>\n<figure id=\"attachment_73780\" aria-describedby=\"caption-attachment-73780\" style=\"width: 500px\" class=\"wp-caption aligncenter\"><img loading=\"lazy\" decoding=\"async\" class=\"size-full wp-image-73780\" src=\"https:\/\/graziamagazine.com\/es\/wp-content\/uploads\/sites\/12\/2016\/03\/02-Mujeres-con-profesi\u00f3n-de-hombre.gif\" alt=\"Se puede se como Alex, de Flashdance: soldadora de d\u00eda y bailarina de noche.\" width=\"500\" height=\"278\" \/><figcaption id=\"caption-attachment-73780\" class=\"wp-caption-text\">Se puede se como Alex, de Flashdance: soldadora de d\u00eda y bailarina de noche.<\/figcaption><\/figure>\n<p><strong>Mar\u00eda tiene 42 a\u00f1os y es Ingeniera Superior.<\/strong> Cuando estudi\u00f3 la carrera en su clase, de 200, eran 17 mujeres, todo un avance respecto al curso anterior en el que \u00fanicamente hab\u00eda cuatro. <strong>En palabras del profesor al que tuvieron que escuchar en\u00a0la charla inaugural \u00abestaban ah\u00ed para buscar marido\u00bb.<\/strong><\/p>\n<p>Desde ah\u00ed, todo fue una carrera de obst\u00e1culos: \u00abHe sentido la discriminaci\u00f3n desde el minuto cero. Imag\u00ednate, 24 a\u00f1os, chica, 47 kilos, peque\u00f1ita&#8230; en una obra. No hab\u00eda apenas mujeres y las que hab\u00eda eran secretarias o administrativas. Al principio era muy complicado y muy frustrante porque de primeras siempre era &#8216;esta ni\u00f1a no tiene ni pu\u00f1etera idea&#8217;. <strong>Cuando tomaba decisiones comprometidas me llegaban\u00a0a preguntar si hab\u00eda consultado con mi marido,<\/strong> que es del gremio\u00bb.<\/p>\n<p><strong>M\u00f3nica Ch\u00e9rcoles <\/strong>es la bloguera detr\u00e1s de <em><a href=\"http:\/\/www.blogmamialamoda.com\" target=\"_blank\" target=\"_blank\">Mami a la moda<\/a>,<\/em> un rinc\u00f3n\u00a0donde recoge las \u00faltimas tendencias de moda y decoraci\u00f3n para ni\u00f1os. Pero adem\u00e1s es Arquitecto de profesi\u00f3n y trabaja como Directora T\u00e9cnica del departamento de licencias urban\u00edsticas de una entidad de control en la Comunidad de Madrid: un mundo dominado tradicionalmente por hombres en el que no siempre se entiende que, adem\u00e1s de profesional, sea madre. \u00abHe llegado a ir a reuniones donde la \u00fanica mujer y menor de cuarenta era yo. Todos daban por hecho que era la secretaria. Nadie me tomaba en serio\u00bb.<\/p>\n<figure id=\"attachment_73788\" aria-describedby=\"caption-attachment-73788\" style=\"width: 785px\" class=\"wp-caption aligncenter\"><img loading=\"lazy\" decoding=\"async\" class=\"size-full wp-image-73788\" src=\"https:\/\/graziamagazine.com\/es\/wp-content\/uploads\/sites\/12\/2016\/03\/hero\u00ednas.jpg\" alt=\"M\u00f3nica, Pilar y Laura son solo tres de las hero\u00ednas an\u00f3nimas que han abierto el camino a muchas mujeres que vienen detr\u00e1s. \" width=\"785\" height=\"393\" srcset=\"https:\/\/graziamagazine.com\/es\/wp-content\/uploads\/sites\/12\/2016\/03\/hero\u00ednas.jpg 785w, https:\/\/graziamagazine.com\/es\/wp-content\/uploads\/sites\/12\/2016\/03\/hero\u00ednas-300x150.jpg 300w, https:\/\/graziamagazine.com\/es\/wp-content\/uploads\/sites\/12\/2016\/03\/hero\u00ednas-768x384.jpg 768w, https:\/\/graziamagazine.com\/es\/wp-content\/uploads\/sites\/12\/2016\/03\/hero\u00ednas-720x360.jpg 720w, https:\/\/graziamagazine.com\/es\/wp-content\/uploads\/sites\/12\/2016\/03\/hero\u00ednas-626x313.jpg 626w, https:\/\/graziamagazine.com\/es\/wp-content\/uploads\/sites\/12\/2016\/03\/hero\u00ednas-360x180.jpg 360w\" sizes=\"(max-width: 785px) 100vw, 785px\" \/><figcaption id=\"caption-attachment-73788\" class=\"wp-caption-text\">M\u00f3nica, Pilar y Laura son solo tres de las hero\u00ednas an\u00f3nimas que a diario abren\u00a0el camino a muchas mujeres que vienen detr\u00e1s.<\/figcaption><\/figure>\n<p>El respeto es el principal caballo de batalla para todas las que tienen un puesto\u00a0en profesiones con mayor\u00eda masculina.<strong> Pilar trabaj\u00f3 treinta a\u00f1os en el sector de la automoci\u00f3n<\/strong>. Tuvieron que pasar 12 a\u00f1os hasta que llegase otra mujer a su empresa. Actualmente es\u00a0responsable de un almac\u00e9n de construcci\u00f3n, un cargo\u00a0que le encanta. Ella, como Mar\u00eda, nos cuenta que cuando empez\u00f3, con 17 a\u00f1os, solo hab\u00eda sitio para las mujeres en la oficina.<\/p>\n<p>Pero Pilar\u00a0quer\u00eda estar fuera: \u00abPas\u00e9 de estar en la oficina a trabajar en el taller, en recepci\u00f3n de veh\u00edculos. <strong>El principal problema al que me enfrent\u00e9 fue la<\/strong> <strong>falta de confianza de compa\u00f1eros y clientes<\/strong>, que por mi juventud e inexperiencia no me ve\u00edan capaz de desarrollar mi labor. Me cost\u00f3 mucho pero consegu\u00ed aprender lo mismo que un hombre y hacerme un hueco en el taller. Cuando lo hab\u00eda conseguido se informatiz\u00f3 el almac\u00e9n y me toc\u00f3 pasar all\u00ed. Fue tambi\u00e9n muy dif\u00edcil; exig\u00eda una gran fuerza f\u00edsica y el resto de compa\u00f1eros me trataban como si fuera una mu\u00f1eca de porcelana, \u00a1pero yo quer\u00eda demostrar que pod\u00eda hacerlo igual que ellos! <strong>Fue un reto pero lo consegu\u00ed\u00bb.<\/strong><\/p>\n<figure id=\"attachment_73781\" aria-describedby=\"caption-attachment-73781\" style=\"width: 501px\" class=\"wp-caption aligncenter\"><img loading=\"lazy\" decoding=\"async\" class=\"size-full wp-image-73781\" src=\"https:\/\/graziamagazine.com\/es\/wp-content\/uploads\/sites\/12\/2016\/03\/03-Mujeres-con-profesi\u00f3n-de-hombre.gif\" alt=\"No, aqu\u00ed no hace falta raparse la cabeza.\" width=\"501\" height=\"290\" \/><figcaption id=\"caption-attachment-73781\" class=\"wp-caption-text\">No, aqu\u00ed no hace falta raparse la cabeza.<\/figcaption><\/figure>\n<p><strong>\u00c1ngela es operaria de mantenimiento en una piscina municipal,<\/strong> un puesto que gan\u00f3 por oposici\u00f3n y nos cuenta que hay de todo. En su desempe\u00f1o profesional se encontr\u00f3 con compa\u00f1eros que la trataban exactamente igual que si fuera un hombre\u00a0y otros que ten\u00edan\u00a0prejuicios. En general lo lleva bastante bien, aunque hace tiempo que se cans\u00f3 de estar permanentemente en pie de guerra e indign\u00e1ndose por todo: \u00abEs que si no, no vives. Est\u00e1s permanentemente de mala leche y yo no quiero vivir continuamente enfadada\u00bb.<\/p>\n<p><strong>Mar\u00eda Jes\u00fas, que trabaja como operaria en un cementerio<\/strong> afirma con resignaci\u00f3n: \u00abSi eres mujer, tienes que demostrar el doble. <strong>Si eres chica tienes que trabajar para ganarte su respeto. En el caso de los hombres\u00a0partes del respeto y lo pierdes si no trabajas.<\/strong> Es justo lo contrario\u00bb.<\/p>\n<figure id=\"attachment_73783\" aria-describedby=\"caption-attachment-73783\" style=\"width: 500px\" class=\"wp-caption aligncenter\"><img loading=\"lazy\" decoding=\"async\" class=\"size-full wp-image-73783\" src=\"https:\/\/graziamagazine.com\/es\/wp-content\/uploads\/sites\/12\/2016\/03\/05-Mujeres-con-profesi\u00f3n-de-hombre.gif\" alt=\"\u00bfQui\u00e9n dijo que una mujer no puede programar?\" width=\"500\" height=\"271\" \/><figcaption id=\"caption-attachment-73783\" class=\"wp-caption-text\">\u00bfQui\u00e9n dijo que una mujer no puede programar?<\/figcaption><\/figure>\n<p><strong>Beatriz es vigilante de seguridad<\/strong> y trabaja en un centro de menores (lo que com\u00fanmente se conoce como reformatorio). Ella, por su parte, \u00a0cuenta que nunca se ha sentido poco valorada ni por sus compa\u00f1eros ni por su empresa. Fue la primera que realiz\u00f3 unos servicios con bastante responsabilidad y siempre se ha sentido escuchada por todos. Eso s\u00ed, a\u00f1ade,\u00a0\u00aba veces el machismo se ha convertido en mi aliado: algunos de los menores recluidos son algo menos beligerantes con una mujer delante (algunos me han llegado a decir que no pegan a mujeres);\u00a0piensan que somos d\u00e9biles y que no tienen que mostrar tanto su fuerza. Esto me permite controlar la situaci\u00f3n con m\u00e1s psicolog\u00eda y con menos intervenciones violentas\u00bb.<\/p>\n<figure id=\"attachment_73782\" aria-describedby=\"caption-attachment-73782\" style=\"width: 500px\" class=\"wp-caption aligncenter\"><img loading=\"lazy\" decoding=\"async\" class=\"size-full wp-image-73782\" src=\"https:\/\/graziamagazine.com\/es\/wp-content\/uploads\/sites\/12\/2016\/03\/04-Mujeres-con-profesi\u00f3n-de-hombre.gif\" alt=\"Algunos se han quedado un poco atrasados, \u00bfno?\" width=\"500\" height=\"275\" \/><figcaption id=\"caption-attachment-73782\" class=\"wp-caption-text\">Algunos se han quedado un poco atrasados, \u00bfno?<\/figcaption><\/figure>\n<p>&nbsp;<\/p>\n<p><strong>Laura (53 a\u00f1os), pintora de brocha gorda,<\/strong> se emociona al contarnos su historia: \u00abAll\u00e1 por los a\u00f1os 80, un amigo que era pintor me empez\u00f3 a llamar para que le echara una mano. Primero le ayudaba con el trabajo m\u00e1s fino (recortes, veladuras&#8230;) pero acab\u00e9 haciendo de todo. Mi amigo estaba encantado y no hac\u00eda m\u00e1s que recomendarme a su jefe pero este ten\u00eda muchas reticencias por ser mujer. Un d\u00eda fall\u00f3 alguien, ten\u00edan prisa, no hab\u00eda nadie m\u00e1s y me contrataron. Tuve que defender mi puesto con u\u00f1as y dientes\u00bb recuerda.<\/p>\n<p>\u00abMi primer d\u00eda de trabajo con contrato me pusieron a lucir techos y me sangraron las manos. Nadie se enter\u00f3: me las vend\u00e9 con cinta de pintor. Poco a poco me fui haciendo un hueco y acab\u00e9 teniendo fama de ser m\u00e1s precisa y elegante\u00bb. Precisamente ese buen hacer consigui\u00f3\u00a0que fuese cambiando de una empresa a otra, siempre recomendada. Actualmente trabaja en un proyecto como instructora y oficial de pintura, formando\u00a0y desarrollando\u00a0trabajo con una cuadrilla de peones a su cargo.<\/p>\n<figure id=\"attachment_73785\" aria-describedby=\"caption-attachment-73785\" style=\"width: 500px\" class=\"wp-caption aligncenter\"><img loading=\"lazy\" decoding=\"async\" class=\"size-full wp-image-73785\" src=\"https:\/\/graziamagazine.com\/es\/wp-content\/uploads\/sites\/12\/2016\/03\/07-Mujeres-con-profesi\u00f3n-de-hombre.gif\" alt=\"S\u00ed, Leticia Dolera parece fr\u00e1gil pero ah\u00ed donde la veis escribe y dirige pel\u00edculas como una campeona.\" width=\"500\" height=\"272\" \/><figcaption id=\"caption-attachment-73785\" class=\"wp-caption-text\">S\u00ed, Leticia Dolera parece fr\u00e1gil pero ah\u00ed donde la veis escribe y dirige pel\u00edculas como una campeona.<\/figcaption><\/figure>\n<p><strong>Patricia es profesora de carpinter\u00eda en\u00a0un ayuntamiento.<\/strong> No es\u00a0su primer trabajo; antes hab\u00eda sido\u00a0conductora de camiones de obra, un empleo al que lleg\u00f3 de carambola. Tuvo que sacarse el carnet de cami\u00f3n para una oposici\u00f3n que no sali\u00f3 bien y con \u00e9l en la mano descubri\u00f3 que pod\u00eda ganar m\u00e1s dinero en un trabajo &#8216;de hombres&#8217; que en uno &#8216;de mujeres&#8217;.<\/p>\n<p>Fueron cinco a\u00f1os en un trabajo llevadero, que le gustaba, pero lo dej\u00f3 para cuidar de su hija y cuando quiso volver, en plena crisis, fue casi imposible. Ella nos cuenta que\u00a0\u00abla suerte me acompa\u00f1\u00f3 e hice un taller de empleo de carpinter\u00eda que marc\u00f3 mi destino. Me gust\u00f3 mucho y vi que era algo compatible con mis estudios y experiencia de deliberaci\u00f3n, as\u00ed que reorient\u00e9 mi carrera por ese camino. En 2011 salio una plaza para profesor de carpinter\u00eda en el ayuntamiento y la saqu\u00e9. Es un trabajo que me hace feliz. Creo que se me da bien tratar con las personas y aunque parezca un &#8216;trabajo de hombres&#8217;, visto desde dentro creo que no lo es tanto&#8230;\u00bb.<\/p>\n<figure id=\"attachment_73786\" aria-describedby=\"caption-attachment-73786\" style=\"width: 500px\" class=\"wp-caption aligncenter\"><img loading=\"lazy\" decoding=\"async\" class=\"size-full wp-image-73786\" src=\"https:\/\/graziamagazine.com\/es\/wp-content\/uploads\/sites\/12\/2016\/03\/08-Mujeres-con-profesi\u00f3n-de-hombre.gif\" alt=\"&quot;Y que alguien se atreva a decirme que no puedo hacerlo por ser mujer&quot;.\" width=\"500\" height=\"359\" \/><figcaption id=\"caption-attachment-73786\" class=\"wp-caption-text\">\u00abY que alguien se atreva a decirme que no puedo hacerlo por ser mujer\u00bb.<\/figcaption><\/figure>\n<p>En este tipo de trabajos muy masculinizados es dif\u00edcil que alguien apueste por mujeres. Patricia nos confiesa: \u00ab<strong>Tuve que mentir con mi experiencia<\/strong>. La primera oportunidad fue dif\u00edcil de conseguir: mientras que cualquier chico reci\u00e9n salido de la autoescuela ten\u00eda trabajo al d\u00eda siguiente, independientemente de que fuera alocado e irresponsable, a m\u00ed me cost\u00f3 un a\u00f1o de ir tocando puertas. <strong>Al final encontr\u00e9 a un empresario que supo apreciar lo\u00a0positivo de mi car\u00e1cter por encima de los t\u00f3picos de g\u00e9nero y me dio una oportunidad<\/strong>\u00ab.<\/p>\n<p>Y es que, si en algo coinciden todas las mujeres entrevistadas (algunas no han querido aparecer con\u00a0su nombre completo) es en que <strong>se han visto obligadas a demostrar mucho m\u00e1s que sus compa\u00f1eros<\/strong> para hacerse valer. Han sabido convertir lo que sus compa\u00f1eros y jefes pensaban que era una desventaja en un punto de vista diferente:\u00a0Laura, como pintora, tiene fama de ser mucho m\u00e1s precisa y de hacer un trabajo fino; Beatriz utiliza la psicolog\u00eda para darle la vuelta a situaciones violentas y Pilar aplica la organizaci\u00f3n a su almac\u00e9n. <strong>Son usos\u00a0diferentes que aprovechan puntos fuertes en lugar de querer copiar la manera de trabajar de los hombres.<\/strong><\/p>\n<figure id=\"attachment_11305\" aria-describedby=\"caption-attachment-11305\" style=\"width: 500px\" class=\"wp-caption aligncenter\"><img loading=\"lazy\" decoding=\"async\" class=\"size-full wp-image-11305\" src=\"http:\/\/www.mujeresymadresmagazine.com\/wp-content\/uploads\/sites\/12\/2016\/01\/gz-high-five.gif\" alt=\"\u00a1Lo conseguiremos! \u00a1Podemos cambiarlo!\" width=\"500\" height=\"299\" \/><figcaption id=\"caption-attachment-11305\" class=\"wp-caption-text\">\u00a1Lo conseguiremos! \u00a1Podemos cambiarlo!<\/figcaption><\/figure>\n<p>A\u00fan as\u00ed,\u00a0queda mucho camino por delante. <strong>El mundo todav\u00eda est\u00e1 lleno de peque\u00f1os detalles (que no lo son en absoluto) que nos recuerdan que vivimos en una sociedad llena de prejuicios.<\/strong> \u00abLos uniformes unisex son lo peor. Y no me refiero a que sean feos, que vas a trabajar, no a contonearte. Es que no est\u00e1n pensados para las curvas de las mujeres. Yo tengo mucho pecho y si me cierra por delante, me sobra del resto\u00bb, cuenta con resignaci\u00f3n \u00c1ngela. \u00abY de ropa adaptada para embarazadas, ni hablamos. Eso no existe, directamente\u00bb, a\u00f1ade.<\/p>\n<p><a href=\"http:\/\/clubdemalasmadres.com\/ellas-opinan-cuando-te-despiden-por-estar-embarazada\/\" target=\"_blank\" target=\"_blank\">Si los embarazos en cualquier trabajo se viven como si fuera el apocalipsis<\/a>, en un sector donde los trabajadores mayoritariamente no tienen \u00fatero, impresionan.\u00a0Mar\u00eda dice: <strong>\u00abCuando te embarazas pasas a la muerte en vida, directamente. A tu marido le llueven las felicitaciones y a ti el p\u00e9same laboral.<\/strong> Cuando me embarac\u00e9 de mi primer peque se lo dije a mi jefe de obra que fue bastante cordial. Despu\u00e9s se lo comunique a la direcci\u00f3n en una comida que tuvimos unos d\u00edas m\u00e1s tarde, con el cliente de la obra y la frase fue: \u2018No me jodas\u2019, lleg\u00e1ndome a preguntar sin cortarse si era buscado. Yo, sonrisa al canto contest\u00e9 que \u2018por supuesto\u2019. Volver\u00eda a este sector si empezara de nuevo porque me encanta la obra, y los proyectos son impresionantes, pero a d\u00eda de hoy sigue siendo un sector mayoritariamente masculino. Empiezo a contar y no parar\u00eda. Y creo que he tenido mucha suerte\u00bb.<\/p>\n<p><iframe loading=\"lazy\" style=\"border: none; overflow: hidden; height: 258px;\" src=\"\/\/www.facebook.com\/plugins\/likebox.php?href=https%3A%2F%2Fwww.facebook.com%2Fgraziaespana&amp;width&amp;height=258&amp;colorscheme=light&amp;show_faces=true&amp;header=false&amp;stream=false&amp;show_border=false&amp;appId=349017955267591\" width=\"300\" height=\"150\" frameborder=\"0\" scrolling=\"no\"><\/iframe><\/p>\n","protected":false},"author":22777,"featured_media":0,"template":"","format":"standard","categories":[19,18],"acf":[],"yoast_head":"<!-- This site is optimized with the Yoast SEO Premium plugin v18.5 (Yoast SEO v20.4) - https:\/\/yoast.com\/wordpress\/plugins\/seo\/ -->\n<title>Mujeres con profesi\u00f3n &#039;de hombre&#039; | Grazia<\/title>\n<meta name=\"description\" content=\"Les rendimos homenaje en el D\u00eda Internacional de la Mujer porque, en esta escala del &#039;m\u00e1s dif\u00edcil todav\u00eda&#039;, ellas rompen el marcador.\" \/>\n<meta name=\"robots\" content=\"index, follow, max-snippet:-1, max-image-preview:large, max-video-preview:-1\" \/>\n<link rel=\"canonical\" href=\"https:\/\/graziamagazine.com\/es\/articles\/mujeres-con-profesion-de-hombre\/\" \/>\n<meta property=\"og:locale\" content=\"es_ES\" \/>\n<meta property=\"og:type\" content=\"article\" \/>\n<meta property=\"og:title\" content=\"Mujeres con profesi\u00f3n &#039;de hombre&#039;\" \/>\n<meta property=\"og:description\" content=\"Les rendimos homenaje en el D\u00eda Internacional de la Mujer porque, en la escala del &#039;m\u00e1s dif\u00edcil todav\u00eda&#039; de las carreras profesionales femeninas, ellas rompen el marcador.\" \/>\n<meta property=\"og:url\" content=\"https:\/\/graziamagazine.com\/es\/articles\/mujeres-con-profesion-de-hombre\/\" \/>\n<meta property=\"og:site_name\" content=\"Grazia\" \/>\n<meta property=\"article:modified_time\" content=\"2017-05-16T10:18:08+00:00\" \/>\n<meta property=\"og:image\" content=\"https:\/\/graziamagazine.com\/es\/wp-content\/uploads\/sites\/12\/2016\/03\/07143819\/01-mujeres-con-profesi\u00f3n-de-hombre.jpg?fit=785%2C480\" \/>\n\t<meta property=\"og:image:width\" content=\"785\" \/>\n\t<meta property=\"og:image:height\" content=\"480\" \/>\n\t<meta property=\"og:image:type\" content=\"image\/jpeg\" \/>\n<meta name=\"twitter:card\" content=\"summary_large_image\" \/>\n<meta name=\"twitter:title\" content=\"Mujeres con profesi\u00f3n &#039;de hombre&#039;\" \/>\n<meta name=\"twitter:description\" content=\"Les rendimos homenaje en el D\u00eda Internacional de la Mujer porque, en la escala del &#039;m\u00e1s dif\u00edcil todav\u00eda&#039; de las carreras profesionales femeninas, ellas rompen el marcador.\" \/>\n<meta name=\"twitter:image\" content=\"http:\/\/s3-eu-west-1.amazonaws.com\/grazia-cdn\/wp-content\/uploads\/sites\/12\/2016\/03\/07143819\/01-mujeres-con-profesin-de-hombre.jpg\" \/>\n<meta name=\"twitter:label1\" content=\"Est. reading time\" \/>\n\t<meta name=\"twitter:data1\" content=\"10 minutos\" \/>\n<script type=\"application\/ld+json\" class=\"yoast-schema-graph\">{\"@context\":\"https:\/\/schema.org\",\"@graph\":[{\"@type\":\"WebPage\",\"@id\":\"https:\/\/graziamagazine.com\/es\/articles\/mujeres-con-profesion-de-hombre\/\",\"url\":\"https:\/\/graziamagazine.com\/es\/articles\/mujeres-con-profesion-de-hombre\/\",\"name\":\"Mujeres con profesi\u00f3n 'de hombre' | Grazia\",\"isPartOf\":{\"@id\":\"https:\/\/graziamagazine.com\/es\/#website\"},\"datePublished\":\"2016-03-07T23:06:03+00:00\",\"dateModified\":\"2017-05-16T10:18:08+00:00\",\"description\":\"Les rendimos homenaje en el D\u00eda Internacional de la Mujer porque, en esta escala del 'm\u00e1s dif\u00edcil todav\u00eda', ellas rompen el marcador.\",\"breadcrumb\":{\"@id\":\"https:\/\/graziamagazine.com\/es\/articles\/mujeres-con-profesion-de-hombre\/#breadcrumb\"},\"inLanguage\":\"es\",\"potentialAction\":[{\"@type\":\"ReadAction\",\"target\":[\"https:\/\/graziamagazine.com\/es\/articles\/mujeres-con-profesion-de-hombre\/\"]}]},{\"@type\":\"BreadcrumbList\",\"@id\":\"https:\/\/graziamagazine.com\/es\/articles\/mujeres-con-profesion-de-hombre\/#breadcrumb\",\"itemListElement\":[{\"@type\":\"ListItem\",\"position\":1,\"name\":\"Portada\",\"item\":\"https:\/\/graziamagazine.com\/es\/\"},{\"@type\":\"ListItem\",\"position\":2,\"name\":\"Mujeres con profesi\u00f3n &#8216;de hombre&#8217;\"}]},{\"@type\":\"WebSite\",\"@id\":\"https:\/\/graziamagazine.com\/es\/#website\",\"url\":\"https:\/\/graziamagazine.com\/es\/\",\"name\":\"Grazia\",\"description\":\"Moda, belleza, celebrities, estilo de vida...\",\"potentialAction\":[{\"@type\":\"SearchAction\",\"target\":{\"@type\":\"EntryPoint\",\"urlTemplate\":\"https:\/\/graziamagazine.com\/es\/?s={search_term_string}\"},\"query-input\":\"required name=search_term_string\"}],\"inLanguage\":\"es\"}]}<\/script>\n<!-- \/ Yoast SEO Premium plugin. -->","yoast_head_json":{"title":"Mujeres con profesi\u00f3n 'de hombre' | Grazia","description":"Les rendimos homenaje en el D\u00eda Internacional de la Mujer porque, en esta escala del 'm\u00e1s dif\u00edcil todav\u00eda', ellas rompen el marcador.","robots":{"index":"index","follow":"follow","max-snippet":"max-snippet:-1","max-image-preview":"max-image-preview:large","max-video-preview":"max-video-preview:-1"},"canonical":"https:\/\/graziamagazine.com\/es\/articles\/mujeres-con-profesion-de-hombre\/","og_locale":"es_ES","og_type":"article","og_title":"Mujeres con profesi\u00f3n 'de hombre'","og_description":"Les rendimos homenaje en el D\u00eda Internacional de la Mujer porque, en la escala del 'm\u00e1s dif\u00edcil todav\u00eda' de las carreras profesionales femeninas, ellas rompen el marcador.","og_url":"https:\/\/graziamagazine.com\/es\/articles\/mujeres-con-profesion-de-hombre\/","og_site_name":"Grazia","article_modified_time":"2017-05-16T10:18:08+00:00","og_image":[{"width":785,"height":480,"url":"https:\/\/graziamagazine.com\/es\/wp-content\/uploads\/sites\/12\/2016\/03\/07143819\/01-mujeres-con-profesi\u00f3n-de-hombre.jpg?fit=785%2C480","type":"image\/jpeg"}],"twitter_card":"summary_large_image","twitter_title":"Mujeres con profesi\u00f3n 'de hombre'","twitter_description":"Les rendimos homenaje en el D\u00eda Internacional de la Mujer porque, en la escala del 'm\u00e1s dif\u00edcil todav\u00eda' de las carreras profesionales femeninas, ellas rompen el marcador.","twitter_image":"http:\/\/s3-eu-west-1.amazonaws.com\/grazia-cdn\/wp-content\/uploads\/sites\/12\/2016\/03\/07143819\/01-mujeres-con-profesin-de-hombre.jpg","twitter_misc":{"Est. reading time":"10 minutos"},"schema":{"@context":"https:\/\/schema.org","@graph":[{"@type":"WebPage","@id":"https:\/\/graziamagazine.com\/es\/articles\/mujeres-con-profesion-de-hombre\/","url":"https:\/\/graziamagazine.com\/es\/articles\/mujeres-con-profesion-de-hombre\/","name":"Mujeres con profesi\u00f3n 'de hombre' | Grazia","isPartOf":{"@id":"https:\/\/graziamagazine.com\/es\/#website"},"datePublished":"2016-03-07T23:06:03+00:00","dateModified":"2017-05-16T10:18:08+00:00","description":"Les rendimos homenaje en el D\u00eda Internacional de la Mujer porque, en esta escala del 'm\u00e1s dif\u00edcil todav\u00eda', ellas rompen el marcador.","breadcrumb":{"@id":"https:\/\/graziamagazine.com\/es\/articles\/mujeres-con-profesion-de-hombre\/#breadcrumb"},"inLanguage":"es","potentialAction":[{"@type":"ReadAction","target":["https:\/\/graziamagazine.com\/es\/articles\/mujeres-con-profesion-de-hombre\/"]}]},{"@type":"BreadcrumbList","@id":"https:\/\/graziamagazine.com\/es\/articles\/mujeres-con-profesion-de-hombre\/#breadcrumb","itemListElement":[{"@type":"ListItem","position":1,"name":"Portada","item":"https:\/\/graziamagazine.com\/es\/"},{"@type":"ListItem","position":2,"name":"Mujeres con profesi\u00f3n &#8216;de hombre&#8217;"}]},{"@type":"WebSite","@id":"https:\/\/graziamagazine.com\/es\/#website","url":"https:\/\/graziamagazine.com\/es\/","name":"Grazia","description":"Moda, belleza, celebrities, estilo de vida...","potentialAction":[{"@type":"SearchAction","target":{"@type":"EntryPoint","urlTemplate":"https:\/\/graziamagazine.com\/es\/?s={search_term_string}"},"query-input":"required name=search_term_string"}],"inLanguage":"es"}]}},"jetpack_sharing_enabled":true,"distributor_meta":false,"distributor_terms":false,"distributor_media":false,"distributor_original_site_name":"Grazia","distributor_original_site_url":"https:\/\/graziamagazine.com\/es","push-errors":false,"_links":{"self":[{"href":"https:\/\/graziamagazine.com\/es\/wp-json\/wp\/v2\/articles\/63703"}],"collection":[{"href":"https:\/\/graziamagazine.com\/es\/wp-json\/wp\/v2\/articles"}],"about":[{"href":"https:\/\/graziamagazine.com\/es\/wp-json\/wp\/v2\/types\/articles"}],"author":[{"embeddable":true,"href":"https:\/\/graziamagazine.com\/es\/wp-json\/wp\/v2\/users\/22777"}],"wp:attachment":[{"href":"https:\/\/graziamagazine.com\/es\/wp-json\/wp\/v2\/media?parent=63703"}],"wp:term":[{"taxonomy":"category","embeddable":true,"href":"https:\/\/graziamagazine.com\/es\/wp-json\/wp\/v2\/categories?post=63703"}],"curies":[{"name":"wp","href":"https:\/\/api.w.org\/{rel}","templated":true}]}}