{"id":62344,"date":"2016-01-28T09:59:33","date_gmt":"2016-01-28T08:59:33","guid":{"rendered":"https:\/\/graziamagazine.com\/es\/?p=62344"},"modified":"2016-01-28T09:59:33","modified_gmt":"2016-01-28T08:59:33","slug":"natalia-de-molina-todos-los-caminos-llevan-al-goya","status":"publish","type":"articles","link":"https:\/\/graziamagazine.com\/es\/articles\/natalia-de-molina-todos-los-caminos-llevan-al-goya\/","title":{"rendered":"Natalia de Molina, todos los caminos llevan al Goya"},"content":{"rendered":"<p>Cuando eres joven, vives todo con mas intensidad. Quiz\u00e1 por eso, <strong><a href=\"https:\/\/graziamagazine.com\/es\/etiqueta\/natalia-de-molina\/\" target=\"_blank\">Natalia de Molina<\/a><\/strong> (Ja\u00e9n, 1990) se empe\u00f1a en disfrutar al m\u00e1ximo de todo lo que le esta pasando&#8230; que no es poco. <strong>A los 23 a\u00f1os gan\u00f3 su primer Goya como Mejor actriz revelaci\u00f3n por su papel en <em>Vivir es f\u00e1cil con los ojos cerrados<\/em><\/strong> (David Trueba, 2013). Era su primer largometraje, pero encandil\u00f3 a cr\u00edtica y p\u00fablico y, poco a poco, las buenas noticias se fueron encadenando. Eso s\u00ed, con mucho esfuerzo detr\u00e1s. Y pasi\u00f3n, pasi\u00f3n sobre todo, porque esto es lo que quiere hacer desde que Marilyn Monroe removi\u00f3 algo dentro de\u00a0ella, cuando\u00a0apenas ten\u00eda uso de raz\u00f3n como para saber qui\u00e9n era realmente esa se\u00f1ora rubia con labios rojos que resplandec\u00eda\u00a0al otro lado de la televisi\u00f3n.<\/p>\n<figure id=\"attachment_62351\" aria-describedby=\"caption-attachment-62351\" style=\"width: 550px\" class=\"wp-caption aligncenter\"><img loading=\"lazy\" decoding=\"async\" class=\"size-full wp-image-62351\" src=\"https:\/\/graziamagazine.com\/es\/wp-content\/uploads\/sites\/12\/2016\/01\/20181700\/1_natalia.jpg\" alt=\"Natalia, sonriente ante las c\u00e1maras en la alfombra roja de los Premios Feroz. \u00a9 Getty Images\" width=\"550\" height=\"826\" \/><figcaption id=\"caption-attachment-62351\" class=\"wp-caption-text\">Natalia, sonriente ante las c\u00e1maras en la alfombra roja de los Premios Feroz. \u00a9 Getty Images<\/figcaption><\/figure>\n<p>Ahora, tres a\u00f1os despu\u00e9s de darse a conocer al gran p\u00fablico, vuelve a estar en <a href=\"https:\/\/graziamagazine.com\/es\/lifestyle\/nominados-goya-2016\/\" target=\"_blank\">la lista de nominados a los premios mas prestigiosos\u00a0del cine espa\u00f1ol<\/a>. Esta vez, (algo m\u00e1s) mayor; esta vez, en la categor\u00eda de Mejor actriz protagonista, donde compite con<strong> Inma Cuesta<\/strong> (<em>La novia)<\/em>, <strong>Juliette Binoche<\/strong> (<em>Nadie quiere la noche<\/em>) y <strong><a href=\"https:\/\/graziamagazine.com\/es\/etiqueta\/penelope-cruz\/\" target=\"_blank\">Pen\u00e9lope Cruz<\/a><\/strong> (<em>Ma ma<\/em>). El solo\u00a0hecho de estar ah\u00ed es un honor para ella, y los ojos le brillan cuando, a dos semanas de la ceremonia, se le pregunta por ello.<\/p>\n<p>En su camino hacia el venerado cabezudo,\u00a0su papel\u00a0en <em>Techo y comida<\/em>, el crudo drama social de Juan Miguel del Castillo, le ha valido dos nominaciones m\u00e1s: una, en <a href=\"https:\/\/graziamagazine.com\/es\/celebs\/premios-forque-2016\/\" target=\"_blank\">los Forqu\u00e9<\/a>; la otra, en <a href=\"https:\/\/graziamagazine.com\/es\/celebs\/premios-feroz-2016\/\" target=\"_blank\">los Feroz<\/a>. De los primeros, por cierto, sali\u00f3 con las manos llenas y, cuando me re\u00fano con ella tres d\u00edas despu\u00e9s, en el acto que organiza <strong>L&#8217;Or\u00e9al Professionel <\/strong>(encargado de poner guapas a las actrices la noche de los Goya)\u00a0en la Academia de Cine, sigue recordando la emoci\u00f3n: \u00abFue un momento surrealista, sigo sin tener palabras. Es que&#8230; es que es muy fuerte lo que me est\u00e1 pasando\u00bb, me dice sin pesta\u00f1ear.<\/p>\n<figure id=\"attachment_62429\" aria-describedby=\"caption-attachment-62429\" style=\"width: 785px\" class=\"wp-caption aligncenter\"><img loading=\"lazy\" decoding=\"async\" class=\"size-full wp-image-62429\" src=\"https:\/\/graziamagazine.com\/es\/wp-content\/uploads\/sites\/12\/2016\/01\/21181525\/natalia-de-molina-techo-y-comida-01.jpg\" alt=\"Su papel como Roc\u00edo le ha valido una nominaci\u00f3n como Mejor actriz protagonista a los grandes premios del cine patrio. \u00a9 Fotograma de 'Techo y comida'.\" width=\"785\" height=\"414\" \/><figcaption id=\"caption-attachment-62429\" class=\"wp-caption-text\">Su papel como Roc\u00edo le ha valido una nominaci\u00f3n como Mejor actriz protagonista a los grandes premios del cine patrio. \u00a9 Fotograma de &#8216;Techo y comida&#8217;.<\/figcaption><\/figure>\n<p><strong>\u00bfC\u00f3mo te sientes de cara a esta nueva nominaci\u00f3n?<br \/>\n<\/strong>La verdad es que la sensaci\u00f3n que tengo es un poco la misma que tuve cuando me nominaron por <i>Vivir es f\u00e1cil <\/i>porque, aunque ya he estado nominada, esta es una situaci\u00f3n nueva totalmente. Actriz protagonista, con el primer papel que hago de tanto peso, con una pel\u00edcula que nos ha costado mucho sacar adelante porque mucha gente no cre\u00eda en ella\u2026 y, de repente, ver que han valorado tanto el trabajo es lo m\u00e1s. Y encima en los Goya. \u00a1Estar ah\u00ed es\u2026!<\/p>\n<p><strong>Hace unos meses presentabas <i><a href=\"https:\/\/graziamagazine.com\/es\/celebs\/ursula-corbero-natalia-de-molina-y-la-despedida-mas-loca-del-ano\/\" target=\"_blank\">C\u00f3mo sobrevivir a una despedida<\/a><\/i>, una comedia muy loca que no tiene nada que ver con la crudeza de <i>Techo y comida<\/i>\u2026<br \/>\n<\/strong>S\u00ed. De hecho, el gui\u00f3n de <i>Techo y comida<\/i> me lleg\u00f3 el \u00faltimo d\u00eda de rodaje de la despedida.<\/p>\n<p><strong>\u00bfC\u00f3mo se afronta un cambio tan dr\u00e1stico? Pasas de ser una joven d\u00e1ndolo todo en una despedida de soltera, a una madre igual de joven con un ni\u00f1o de ocho a\u00f1os en una situaci\u00f3n muy complicada\u2026<br \/>\n<\/strong>Pues es que es una de las cosas que m\u00e1s me gustan de mi profesi\u00f3n, de ser actriz, el poder hacer cosas tan diferentes. Estar en una cosa y, de repente, ir a todo lo contrario. Luego me pas\u00f3 lo mismo: termin\u00e9 <i>Techo y comida<\/i> y empec\u00e9 con <i>Kiki<\/i>, de Paco Le\u00f3n, que se estrena en abril y cuando la veas\u2026 es que es otro universo. \u00a1Todo lo contrario! Pero me pruebo como actriz y esto me hace enfrentarme a cosas en las que no sienta que lo controlo todo. En ese sentido, <i>Techo y comida<\/i> es un grand\u00edsimo paso en mi carrera.<\/p>\n<figure id=\"attachment_62431\" aria-describedby=\"caption-attachment-62431\" style=\"width: 785px\" class=\"wp-caption aligncenter\"><img loading=\"lazy\" decoding=\"async\" class=\"size-full wp-image-62431\" src=\"https:\/\/graziamagazine.com\/es\/wp-content\/uploads\/sites\/12\/2016\/01\/21181533\/natalia-de-molina-techo-y-comida-03.jpg\" alt=\"Fotograma de 'Techo y comida', la pel\u00edcula que podr\u00eda valerle su segundo Goya. Esta vez como actriz protagonista. \" width=\"785\" height=\"414\" \/><figcaption id=\"caption-attachment-62431\" class=\"wp-caption-text\">Fotograma de &#8216;Techo y comida&#8217;, la pel\u00edcula que podr\u00eda valerle su segundo Goya. Esta vez como actriz protagonista.<\/figcaption><\/figure>\n<p><strong>\u00bfC\u00f3mo te preparas para un papel como ese? \u00bfQu\u00e9 te ayud\u00f3 a meterte en \u00e9l?<br \/>\n<\/strong>De primeras, si lees el gui\u00f3n y te toca como este me toc\u00f3 a m\u00ed, eso ya hace mucho. Si te emociona y sientes cosas en la primera lectura, quiere decir que hay algo de ti que quiere participar en esa historia y que quiere entender al personaje. Pero, obviamente, ha sido una construcci\u00f3n muy compleja y es lo m\u00e1s duro que he hecho hasta el momento. Me he informado mucho, he le\u00eddo mucho, he hablado con un mont\u00f3n de gente que trata estos casos. Todo lo que pude hacer, lo hice. Adem\u00e1s, me abr\u00ed en canal, confi\u00e9 plenamente en Juan Miguel y fui consciente del peso que dejaba esta pel\u00edcula sobre mi personaje. Es muy cruda, no hay nada donde te puedas apoyar; no hay m\u00fasica, la fotograf\u00eda es pr\u00e1cticamente documental\u2026 es todo muy de verdad y se sustenta en la interpretaci\u00f3n, y eso da un poco de v\u00e9rtigo. Pero hay que arriesgarse y darlo todo, que si sale mal, por ti no sea.<\/p>\n<p><strong>Si pudieras escribirle una carta a Roc\u00edo, el personaje que tantas alegr\u00edas te est\u00e1 dando, \u00bfqu\u00e9 le dir\u00edas?<br \/>\n<\/strong>[Respira hondo] Ser\u00eda algo muy \u00edntimo lo que le dir\u00eda. O no, no le escribir\u00eda y simplemente le dar\u00eda un grand\u00edsimo abrazo, algo m\u00e1s sensorial.<\/p>\n<p><iframe loading=\"lazy\" title=\"Techo y comida - Trailer (HD)\" width=\"500\" height=\"281\" src=\"https:\/\/www.youtube.com\/embed\/_406RRueFts?feature=oembed\" frameborder=\"0\" allow=\"accelerometer; autoplay; encrypted-media; gyroscope; picture-in-picture\" allowfullscreen><\/iframe><\/p>\n<p><strong>Lo que est\u00e1 claro es que, como sigas a este ritmo, \u00a1en diez a\u00f1os no vas a tener sitio en el sal\u00f3n para tanto premio! \u00bfC\u00f3mo te ves en ese momento?<br \/>\n<\/strong>Me gustar\u00eda verme trabajando, no soy muy pretenciosa. Aunque, bueno, tal y como est\u00e1n las cosas \u00a1bastante ambicioso es decir que quiero trabajar! [r\u00ede] Quiero poder mirar atr\u00e1s y sentirme orgullosa de las cosas que he hecho, que espero que sean muy diferentes entre s\u00ed y que me hayan aportado mucho como actriz. Lo de los premios es una cosa muy bonita y un reconocimiento maravilloso, \u00a1a nadie le amarga un dulce! Pero lo realmente importante es trabajar y hacer personajes en los que puedas dejarte la piel. Lo que venga despu\u00e9s solo ser\u00e1 consecuencia de ello.<\/p>\n<p><strong>A poco m\u00e1s de dos semanas para los Goya, imagino que ya habr\u00e1s empezado con los nervios y los preparativos. \u00bfC\u00f3mo lo hace una actriz para tener todo a punto en el d\u00eda clave?<br \/>\n<\/strong>Estoy haciendo lo mismo que hice con <i>Vivir es f\u00e1cil<\/i>: contar con un grand\u00edsimo estilista, Freddy Alonso. Llevamos mucho tiempo trabajando juntos y me entiende perfectamente, hacemos muy buen equipo. Y menos mal, porque si tuviera que hacerlo yo sola\u2026 Es que es un mundo, \u00bfeh? \u00c9l me trae muchas opciones porque sabe lo que me gusta y lo que me sienta bien, y yo elijo, tomo la \u00faltima decisi\u00f3n.<\/p>\n<figure id=\"attachment_62352\" aria-describedby=\"caption-attachment-62352\" style=\"width: 785px\" class=\"wp-caption aligncenter\"><img loading=\"lazy\" decoding=\"async\" class=\"size-full wp-image-62352\" src=\"https:\/\/graziamagazine.com\/es\/wp-content\/uploads\/sites\/12\/2016\/01\/20181703\/GOYA_natalia.jpg\" alt=\"Natalia con su primer Goya, como Mejor actriz revelaci\u00f3n por Vivir es f\u00e1cil con los ojos cerrados. \u00a9 Getty Images\" width=\"785\" height=\"480\" \/><figcaption id=\"caption-attachment-62352\" class=\"wp-caption-text\">Natalia con su primer Goya, como Mejor actriz revelaci\u00f3n por <em>Vivir es f\u00e1cil con los ojos cerrados.<\/em> \u00a9 Getty Images<\/figcaption><\/figure>\n<p><strong>Entonces podr\u00e1s darnos alguna pista sobre tu look\u2026<br \/>\n<\/strong>Uy, es que todav\u00eda no lo s\u00e9 \u2013la miro ojipl\u00e1tica-. Ya, es muy fuerte. Pero vamos, que el a\u00f1o de <i>Vivir es f\u00e1ci<\/i><i>l<\/i>\u00a0hasta tres d\u00edas antes no lo ten\u00eda tampoco. En ese momento lo viv\u00ed con mucha angustia, as\u00ed que ahora lo llevo un poco mejor porque s\u00e9 que lo voy a encontrar. Cuando llega, te lo pruebas, lo ves y dices \u00abes este\u00bb. Es algo que se siente.<\/p>\n<p><strong>\u00bfVenga, ni siquiera sabes a\u00fan el color\u2026? (insistente, yo)<br \/>\n<\/strong>\u00a1No! Aunque amarillo s\u00e9 que no lo quiero. No soy supersticiosa, pero no s\u00e9, no quiero nada que lleve amarillo, eso lo tengo claro.<\/p>\n<p><strong>\u00bfRecuerdas alg\u00fan tropez\u00f3n estil\u00edstico al que mires ahora y digas \u201cpor Dios, que esto no me vuelva a pasar\u201d?<br \/>\n<\/strong>S\u00ed, claro. Al principio eres nueva, tienes menos idea de muchas cosas y te equivocas m\u00e1s. Pero luego te vas encontrando, es todo un proceso\u2026<\/p>\n<figure id=\"attachment_62353\" aria-describedby=\"caption-attachment-62353\" style=\"width: 785px\" class=\"wp-caption aligncenter\"><img loading=\"lazy\" decoding=\"async\" class=\"size-full wp-image-62353\" src=\"https:\/\/graziamagazine.com\/es\/wp-content\/uploads\/sites\/12\/2016\/01\/20181707\/LOOKS_natalia.jpg\" alt=\"Algunos de los looks de Natalia en los \u00faltimos dos a\u00f1os. \u00a9 Getty Images \/ Cordon Press\" width=\"785\" height=\"600\" \/><figcaption id=\"caption-attachment-62353\" class=\"wp-caption-text\">Algunos de los looks de Natalia en los \u00faltimos dos a\u00f1os. \u00a9 Getty Images \/ Cordon Press<\/figcaption><\/figure>\n<p><strong>Como en la vida real, vaya. Esos pantalones chillones de pata de elefante los veo ahora y\u2026<br \/>\n<\/strong>No se sabe, \u00bfeh? Con tanta moda que vuelve, \u00a1lo mismo nos vemos con ch\u00e1ndal fosforito en breves! [bromea. Ay, Natalia, no ser\u00e9 yo quien te diga que s\u00ed, que el ch\u00e1ndal est\u00e1 ya a la vuelta de la esquina].<\/p>\n<p><strong>\u00bfSueles fijarte en alfombras rojas internacionales a la hora de prepararte?<br \/>\n<\/strong>No suelo buscar con ese fin, pero s\u00ed que veo todos los premios en cada momento y me fijo mucho. Me gusta mucho ver las de Hollywood; Mario Cotillard, Emma Stone, Jennifer Lawrence\u2026<\/p>\n<p><strong>Y a nivel profesional, \u00bfa qu\u00e9 actriz te acercar\u00edas a darle las gracias por hacer que te dediques a esto?<\/strong><br \/>\nPues una ya no est\u00e1, que es Marilyn Monroe. Desde que era peque\u00f1a, con dos a\u00f1os, me disfrazaba de ella sin saber muy bien por qu\u00e9, porque no sab\u00eda qui\u00e9n era esa mujer, ni nada, pero la ve\u00eda en las revistas y en pel\u00edculas y quer\u00eda ser ella. Ahora ha pasado el tiempo y soy muy fan. Luego, Gena Rowlands, que este a\u00f1o le dan el Oscar de Honor y es definitivamente una de mis actrices favoritas.<\/p>\n<p><strong>Por \u00faltimo, y antes de desearte toda la suerte del mundo, \u00bfun sue\u00f1o que a\u00fan te quede por cumplir?<br \/>\n<\/strong>Hay tantos\u2026 No conozco Buenos Aires. Cumpl\u00ed el de ir a Nueva York y ahora quiero viajar all\u00ed. Tambi\u00e9n me encantar\u00eda trabajar con Ricardo Dar\u00edn.<\/p>\n<p><img loading=\"lazy\" decoding=\"async\" class=\"aligncenter size-full wp-image-62430\" src=\"https:\/\/graziamagazine.com\/es\/wp-content\/uploads\/sites\/12\/2016\/01\/21181529\/natalia-de-molina-techo-y-comida-02.jpg\" alt=\"natalia-de-molina-techo-y-comida-02\" width=\"785\" height=\"414\" \/><\/p>\n<p><iframe loading=\"lazy\" style=\"border: none; overflow: hidden; height: 258px;\" src=\"\/\/www.facebook.com\/plugins\/likebox.php?href=https%3A%2F%2Fwww.facebook.com%2Fgraziaespana&amp;width&amp;height=258&amp;colorscheme=light&amp;show_faces=true&amp;header=false&amp;stream=false&amp;show_border=false&amp;appId=349017955267591\" width=\"300\" height=\"150\" frameborder=\"0\" scrolling=\"no\"><\/iframe><\/p>\n","protected":false},"author":14080,"featured_media":0,"template":"","format":"standard","categories":[13,17],"acf":[],"yoast_head":"<!-- This site is optimized with the Yoast SEO Premium plugin v18.5 (Yoast SEO v20.4) - https:\/\/yoast.com\/wordpress\/plugins\/seo\/ -->\n<title>Natalia de Molina, todos los caminos llevan al Goya | Grazia<\/title>\n<meta name=\"description\" content=\"Con 25 a\u00f1os puede presumir de una carrera consolidada, un &#039;cabezudo&#039; en su estanter\u00eda y una nominaci\u00f3n por delante por &#039;Techo y comida&#039;.\" \/>\n<meta name=\"robots\" content=\"index, follow, max-snippet:-1, max-image-preview:large, max-video-preview:-1\" \/>\n<link rel=\"canonical\" href=\"https:\/\/graziamagazine.com\/es\/articles\/natalia-de-molina-todos-los-caminos-llevan-al-goya\/\" \/>\n<meta property=\"og:locale\" content=\"es_ES\" \/>\n<meta property=\"og:type\" content=\"article\" \/>\n<meta property=\"og:title\" content=\"Natalia de Molina, todos los caminos llevan al Goya\" \/>\n<meta property=\"og:description\" content=\"Con 25 a\u00f1os tiene una carrera consolidada, un &#039;cabezudo&#039; en su estanter\u00eda y una nominaci\u00f3n por delante. Es joven, s\u00ed, pero perfectamente consciente de que es el trabajo duro lo que le ha tra\u00eddo hasta aqu\u00ed. Y eso es bueno, porque adora lo que hace...\" \/>\n<meta property=\"og:url\" content=\"https:\/\/graziamagazine.com\/es\/articles\/natalia-de-molina-todos-los-caminos-llevan-al-goya\/\" \/>\n<meta property=\"og:site_name\" content=\"Grazia\" \/>\n<meta property=\"og:image\" content=\"https:\/\/graziamagazine.com\/es\/wp-content\/uploads\/sites\/12\/2016\/01\/20180559\/cover1_natalia.jpg?fit=785%2C480\" \/>\n\t<meta property=\"og:image:width\" content=\"785\" \/>\n\t<meta property=\"og:image:height\" content=\"480\" \/>\n\t<meta property=\"og:image:type\" content=\"image\/jpeg\" \/>\n<meta name=\"twitter:card\" content=\"summary_large_image\" \/>\n<meta name=\"twitter:title\" content=\"Natalia de Molina, todos los caminos llevan al Goya\" \/>\n<meta name=\"twitter:description\" content=\"Con 25 a\u00f1os tiene una carrera consolidada, un &#039;cabezudo&#039; en su estanter\u00eda y una nominaci\u00f3n por delante. Es joven, s\u00ed, pero perfectamente consciente de que es el trabajo duro lo que le ha tra\u00eddo hasta aqu\u00ed. Y eso es bueno, porque adora lo que hace...\" \/>\n<meta name=\"twitter:image\" content=\"http:\/\/s3-eu-west-1.amazonaws.com\/grazia-cdn\/wp-content\/uploads\/sites\/12\/2016\/01\/20180559\/cover1_natalia.jpg\" \/>\n<meta name=\"twitter:label1\" content=\"Est. reading time\" \/>\n\t<meta name=\"twitter:data1\" content=\"9 minutos\" \/>\n<script type=\"application\/ld+json\" class=\"yoast-schema-graph\">{\"@context\":\"https:\/\/schema.org\",\"@graph\":[{\"@type\":\"WebPage\",\"@id\":\"https:\/\/graziamagazine.com\/es\/articles\/natalia-de-molina-todos-los-caminos-llevan-al-goya\/\",\"url\":\"https:\/\/graziamagazine.com\/es\/articles\/natalia-de-molina-todos-los-caminos-llevan-al-goya\/\",\"name\":\"Natalia de Molina, todos los caminos llevan al Goya | Grazia\",\"isPartOf\":{\"@id\":\"https:\/\/graziamagazine.com\/es\/#website\"},\"datePublished\":\"2016-01-28T08:59:33+00:00\",\"dateModified\":\"2016-01-28T08:59:33+00:00\",\"description\":\"Con 25 a\u00f1os puede presumir de una carrera consolidada, un 'cabezudo' en su estanter\u00eda y una nominaci\u00f3n por delante por 'Techo y comida'.\",\"breadcrumb\":{\"@id\":\"https:\/\/graziamagazine.com\/es\/articles\/natalia-de-molina-todos-los-caminos-llevan-al-goya\/#breadcrumb\"},\"inLanguage\":\"es\",\"potentialAction\":[{\"@type\":\"ReadAction\",\"target\":[\"https:\/\/graziamagazine.com\/es\/articles\/natalia-de-molina-todos-los-caminos-llevan-al-goya\/\"]}]},{\"@type\":\"BreadcrumbList\",\"@id\":\"https:\/\/graziamagazine.com\/es\/articles\/natalia-de-molina-todos-los-caminos-llevan-al-goya\/#breadcrumb\",\"itemListElement\":[{\"@type\":\"ListItem\",\"position\":1,\"name\":\"Portada\",\"item\":\"https:\/\/graziamagazine.com\/es\/\"},{\"@type\":\"ListItem\",\"position\":2,\"name\":\"Natalia de Molina, todos los caminos llevan al Goya\"}]},{\"@type\":\"WebSite\",\"@id\":\"https:\/\/graziamagazine.com\/es\/#website\",\"url\":\"https:\/\/graziamagazine.com\/es\/\",\"name\":\"Grazia\",\"description\":\"Moda, belleza, celebrities, estilo de vida...\",\"potentialAction\":[{\"@type\":\"SearchAction\",\"target\":{\"@type\":\"EntryPoint\",\"urlTemplate\":\"https:\/\/graziamagazine.com\/es\/?s={search_term_string}\"},\"query-input\":\"required name=search_term_string\"}],\"inLanguage\":\"es\"}]}<\/script>\n<!-- \/ Yoast SEO Premium plugin. -->","yoast_head_json":{"title":"Natalia de Molina, todos los caminos llevan al Goya | Grazia","description":"Con 25 a\u00f1os puede presumir de una carrera consolidada, un 'cabezudo' en su estanter\u00eda y una nominaci\u00f3n por delante por 'Techo y comida'.","robots":{"index":"index","follow":"follow","max-snippet":"max-snippet:-1","max-image-preview":"max-image-preview:large","max-video-preview":"max-video-preview:-1"},"canonical":"https:\/\/graziamagazine.com\/es\/articles\/natalia-de-molina-todos-los-caminos-llevan-al-goya\/","og_locale":"es_ES","og_type":"article","og_title":"Natalia de Molina, todos los caminos llevan al Goya","og_description":"Con 25 a\u00f1os tiene una carrera consolidada, un 'cabezudo' en su estanter\u00eda y una nominaci\u00f3n por delante. Es joven, s\u00ed, pero perfectamente consciente de que es el trabajo duro lo que le ha tra\u00eddo hasta aqu\u00ed. Y eso es bueno, porque adora lo que hace...","og_url":"https:\/\/graziamagazine.com\/es\/articles\/natalia-de-molina-todos-los-caminos-llevan-al-goya\/","og_site_name":"Grazia","og_image":[{"width":785,"height":480,"url":"https:\/\/graziamagazine.com\/es\/wp-content\/uploads\/sites\/12\/2016\/01\/20180559\/cover1_natalia.jpg?fit=785%2C480","type":"image\/jpeg"}],"twitter_card":"summary_large_image","twitter_title":"Natalia de Molina, todos los caminos llevan al Goya","twitter_description":"Con 25 a\u00f1os tiene una carrera consolidada, un 'cabezudo' en su estanter\u00eda y una nominaci\u00f3n por delante. Es joven, s\u00ed, pero perfectamente consciente de que es el trabajo duro lo que le ha tra\u00eddo hasta aqu\u00ed. Y eso es bueno, porque adora lo que hace...","twitter_image":"http:\/\/s3-eu-west-1.amazonaws.com\/grazia-cdn\/wp-content\/uploads\/sites\/12\/2016\/01\/20180559\/cover1_natalia.jpg","twitter_misc":{"Est. reading time":"9 minutos"},"schema":{"@context":"https:\/\/schema.org","@graph":[{"@type":"WebPage","@id":"https:\/\/graziamagazine.com\/es\/articles\/natalia-de-molina-todos-los-caminos-llevan-al-goya\/","url":"https:\/\/graziamagazine.com\/es\/articles\/natalia-de-molina-todos-los-caminos-llevan-al-goya\/","name":"Natalia de Molina, todos los caminos llevan al Goya | Grazia","isPartOf":{"@id":"https:\/\/graziamagazine.com\/es\/#website"},"datePublished":"2016-01-28T08:59:33+00:00","dateModified":"2016-01-28T08:59:33+00:00","description":"Con 25 a\u00f1os puede presumir de una carrera consolidada, un 'cabezudo' en su estanter\u00eda y una nominaci\u00f3n por delante por 'Techo y comida'.","breadcrumb":{"@id":"https:\/\/graziamagazine.com\/es\/articles\/natalia-de-molina-todos-los-caminos-llevan-al-goya\/#breadcrumb"},"inLanguage":"es","potentialAction":[{"@type":"ReadAction","target":["https:\/\/graziamagazine.com\/es\/articles\/natalia-de-molina-todos-los-caminos-llevan-al-goya\/"]}]},{"@type":"BreadcrumbList","@id":"https:\/\/graziamagazine.com\/es\/articles\/natalia-de-molina-todos-los-caminos-llevan-al-goya\/#breadcrumb","itemListElement":[{"@type":"ListItem","position":1,"name":"Portada","item":"https:\/\/graziamagazine.com\/es\/"},{"@type":"ListItem","position":2,"name":"Natalia de Molina, todos los caminos llevan al Goya"}]},{"@type":"WebSite","@id":"https:\/\/graziamagazine.com\/es\/#website","url":"https:\/\/graziamagazine.com\/es\/","name":"Grazia","description":"Moda, belleza, celebrities, estilo de vida...","potentialAction":[{"@type":"SearchAction","target":{"@type":"EntryPoint","urlTemplate":"https:\/\/graziamagazine.com\/es\/?s={search_term_string}"},"query-input":"required name=search_term_string"}],"inLanguage":"es"}]}},"jetpack_sharing_enabled":true,"distributor_meta":false,"distributor_terms":false,"distributor_media":false,"distributor_original_site_name":"Grazia","distributor_original_site_url":"https:\/\/graziamagazine.com\/es","push-errors":false,"_links":{"self":[{"href":"https:\/\/graziamagazine.com\/es\/wp-json\/wp\/v2\/articles\/62344"}],"collection":[{"href":"https:\/\/graziamagazine.com\/es\/wp-json\/wp\/v2\/articles"}],"about":[{"href":"https:\/\/graziamagazine.com\/es\/wp-json\/wp\/v2\/types\/articles"}],"author":[{"embeddable":true,"href":"https:\/\/graziamagazine.com\/es\/wp-json\/wp\/v2\/users\/14080"}],"wp:attachment":[{"href":"https:\/\/graziamagazine.com\/es\/wp-json\/wp\/v2\/media?parent=62344"}],"wp:term":[{"taxonomy":"category","embeddable":true,"href":"https:\/\/graziamagazine.com\/es\/wp-json\/wp\/v2\/categories?post=62344"}],"curies":[{"name":"wp","href":"https:\/\/api.w.org\/{rel}","templated":true}]}}