{"id":62299,"date":"2016-01-20T12:35:35","date_gmt":"2016-01-20T11:35:35","guid":{"rendered":"https:\/\/graziamagazine.com\/es\/?p=62299"},"modified":"2016-01-20T12:56:06","modified_gmt":"2016-01-20T11:56:06","slug":"premios-feroz-2016","status":"publish","type":"articles","link":"https:\/\/graziamagazine.com\/es\/articles\/premios-feroz-2016\/","title":{"rendered":"Premios Feroz 2016"},"content":{"rendered":"<p>El a\u00f1o pasado fue la Plaza de las Ventas y, este, <strong>los Premios Feroz 2016 han elegido otro de los lugares m\u00e1s emblem\u00e1ticos de la capital para celebrar su tercera edici\u00f3n:\u00a0el Gran Teatro Pr\u00edncipe P\u00edo.\u00a0<\/strong>Situado en la antigua Estaci\u00f3n del Norte, fue anoche el centro del universo del cine espa\u00f1ol, que se rend\u00eda ante una gala que, en tan\u00a0solo tres ediciones, ha conseguido alzarse como una de las citas m\u00e1s importantes en\u00a0la carrera hacia los Goya <del>(venga, vale, vamos a decirlo: estos premios son\u00a0&#8216;la antesala de los Goya&#8217;. Ea, ya)<\/del>.<\/p>\n<p>La ceremonia, orquestada por <strong>Silvia Abril<\/strong>, destac\u00f3 una vez m\u00e1s por la libertad de expresi\u00f3n por parte de sus protagonistas, que aprovecharon para hacer humor de doble filo con la situaci\u00f3n del cine y la cultura. <strong><em>La novia<\/em>, nominada en nueve categor\u00edas, fue la m\u00e1s premiada<\/strong> (Mejor pel\u00edcula drama, Mejor directora para <strong>Paula Ortiz<\/strong> y Mejor actriz para <strong>Inma Cuesta<\/strong>, fueron solo algunos de los galardones que se llevaron a casa).<\/p>\n<figure id=\"attachment_62303\" aria-describedby=\"caption-attachment-62303\" style=\"width: 785px\" class=\"wp-caption aligncenter\"><img loading=\"lazy\" decoding=\"async\" class=\"size-full wp-image-62303\" src=\"https:\/\/graziamagazine.com\/es\/wp-content\/uploads\/sites\/12\/2016\/01\/20120133\/cover1_feroz.jpg\" alt=\"\u00a9 Getty Images\" width=\"785\" height=\"480\" \/><figcaption id=\"caption-attachment-62303\" class=\"wp-caption-text\">Pen\u00e9lope Cruz, nominada a Mejor actriz por <em>Ma Ma<\/em>, fue una de las mas esperadas de la noche. \u00a9 Getty Images<\/figcaption><\/figure>\n<p>En el terreno estil\u00edstico, los <em>flashes<\/em> fueron para <strong>Pen\u00e9lope Cruz<\/strong> aunque, si se trata de mejor vestidas,<strong> Aura Garrido, Irene Escolar <\/strong>o<strong> Natalia de Molina<\/strong> se llevan el podio. As\u00ed vistieron los invitados:<\/p>\n<p>[galeria]<\/p>\n<p><iframe loading=\"lazy\" style=\"border: none; overflow: hidden; height: 258px;\" src=\"\/\/www.facebook.com\/plugins\/likebox.php?href=https%3A%2F%2Fwww.facebook.com%2Fgraziaespana&amp;width&amp;height=258&amp;colorscheme=light&amp;show_faces=true&amp;header=false&amp;stream=false&amp;show_border=false&amp;appId=349017955267591\" width=\"300\" height=\"150\" frameborder=\"0\" scrolling=\"no\"><\/iframe><\/p>\n","protected":false},"author":24470,"featured_media":0,"template":"","format":"standard","categories":[13,15],"acf":[],"yoast_head":"<!-- This site is optimized with the Yoast SEO Premium plugin v18.5 (Yoast SEO v20.4) - https:\/\/yoast.com\/wordpress\/plugins\/seo\/ -->\n<title>Premios Feroz 2016 | Grazia<\/title>\n<meta name=\"description\" content=\"En la cuenta atr\u00e1s hacia los Goya, una parada m\u00e1s: el cine espa\u00f1ol volvi\u00f3 a vestirse de gala para celebrar la que es ya, en tan solo dos ediciones, una de las ceremonias m\u00e1s importantes de la industria.\u00a0\" \/>\n<meta name=\"robots\" content=\"index, follow, max-snippet:-1, max-image-preview:large, max-video-preview:-1\" \/>\n<link rel=\"canonical\" href=\"https:\/\/graziamagazine.com\/es\/articles\/premios-feroz-2016\/\" \/>\n<meta property=\"og:locale\" content=\"es_ES\" \/>\n<meta property=\"og:type\" content=\"article\" \/>\n<meta property=\"og:title\" content=\"Premios Feroz 2016\" \/>\n<meta property=\"og:description\" content=\"En la cuenta atr\u00e1s hacia los Goya, una parada m\u00e1s: el cine espa\u00f1ol volvi\u00f3 a vestirse de gala para celebrar la que es ya una de las ceremonias m\u00e1s importantes de la industria.\" \/>\n<meta property=\"og:url\" content=\"https:\/\/graziamagazine.com\/es\/articles\/premios-feroz-2016\/\" \/>\n<meta property=\"og:site_name\" content=\"Grazia\" \/>\n<meta property=\"article:modified_time\" content=\"2016-01-20T11:56:06+00:00\" \/>\n<meta property=\"og:image\" content=\"https:\/\/graziamagazine.com\/es\/wp-content\/uploads\/sites\/12\/2016\/01\/20113535\/PREMIOS-FEROZ-rrss.jpg?fit=980%2C507\" \/>\n\t<meta property=\"og:image:width\" content=\"980\" \/>\n\t<meta property=\"og:image:height\" content=\"507\" \/>\n\t<meta property=\"og:image:type\" content=\"image\/jpeg\" \/>\n<meta name=\"twitter:card\" content=\"summary_large_image\" \/>\n<meta name=\"twitter:title\" content=\"Premios Feroz 2016\" \/>\n<meta name=\"twitter:description\" content=\"En la cuenta atr\u00e1s hacia los Goya, una parada m\u00e1s: el cine espa\u00f1ol volvi\u00f3 a vestirse de gala para celebrar la que es ya una de las ceremonias m\u00e1s importantes de la industria.\" \/>\n<meta name=\"twitter:image\" content=\"http:\/\/s3-eu-west-1.amazonaws.com\/grazia-cdn\/wp-content\/uploads\/sites\/12\/2016\/01\/20113535\/PREMIOS-FEROZ-rrss.jpg\" \/>\n<meta name=\"twitter:label1\" content=\"Est. reading time\" \/>\n\t<meta name=\"twitter:data1\" content=\"1 minuto\" \/>\n<script type=\"application\/ld+json\" class=\"yoast-schema-graph\">{\"@context\":\"https:\/\/schema.org\",\"@graph\":[{\"@type\":\"WebPage\",\"@id\":\"https:\/\/graziamagazine.com\/es\/articles\/premios-feroz-2016\/\",\"url\":\"https:\/\/graziamagazine.com\/es\/articles\/premios-feroz-2016\/\",\"name\":\"Premios Feroz 2016 | Grazia\",\"isPartOf\":{\"@id\":\"https:\/\/graziamagazine.com\/es\/#website\"},\"datePublished\":\"2016-01-20T11:35:35+00:00\",\"dateModified\":\"2016-01-20T11:56:06+00:00\",\"description\":\"En la cuenta atr\u00e1s hacia los Goya, una parada m\u00e1s: el cine espa\u00f1ol volvi\u00f3 a vestirse de gala para celebrar la que es ya, en tan solo dos ediciones, una de las ceremonias m\u00e1s importantes de la industria.\u00a0\",\"breadcrumb\":{\"@id\":\"https:\/\/graziamagazine.com\/es\/articles\/premios-feroz-2016\/#breadcrumb\"},\"inLanguage\":\"es\",\"potentialAction\":[{\"@type\":\"ReadAction\",\"target\":[\"https:\/\/graziamagazine.com\/es\/articles\/premios-feroz-2016\/\"]}]},{\"@type\":\"BreadcrumbList\",\"@id\":\"https:\/\/graziamagazine.com\/es\/articles\/premios-feroz-2016\/#breadcrumb\",\"itemListElement\":[{\"@type\":\"ListItem\",\"position\":1,\"name\":\"Portada\",\"item\":\"https:\/\/graziamagazine.com\/es\/\"},{\"@type\":\"ListItem\",\"position\":2,\"name\":\"Premios Feroz 2016\"}]},{\"@type\":\"WebSite\",\"@id\":\"https:\/\/graziamagazine.com\/es\/#website\",\"url\":\"https:\/\/graziamagazine.com\/es\/\",\"name\":\"Grazia\",\"description\":\"Moda, belleza, celebrities, estilo de vida...\",\"potentialAction\":[{\"@type\":\"SearchAction\",\"target\":{\"@type\":\"EntryPoint\",\"urlTemplate\":\"https:\/\/graziamagazine.com\/es\/?s={search_term_string}\"},\"query-input\":\"required name=search_term_string\"}],\"inLanguage\":\"es\"}]}<\/script>\n<!-- \/ Yoast SEO Premium plugin. -->","yoast_head_json":{"title":"Premios Feroz 2016 | Grazia","description":"En la cuenta atr\u00e1s hacia los Goya, una parada m\u00e1s: el cine espa\u00f1ol volvi\u00f3 a vestirse de gala para celebrar la que es ya, en tan solo dos ediciones, una de las ceremonias m\u00e1s importantes de la industria.\u00a0","robots":{"index":"index","follow":"follow","max-snippet":"max-snippet:-1","max-image-preview":"max-image-preview:large","max-video-preview":"max-video-preview:-1"},"canonical":"https:\/\/graziamagazine.com\/es\/articles\/premios-feroz-2016\/","og_locale":"es_ES","og_type":"article","og_title":"Premios Feroz 2016","og_description":"En la cuenta atr\u00e1s hacia los Goya, una parada m\u00e1s: el cine espa\u00f1ol volvi\u00f3 a vestirse de gala para celebrar la que es ya una de las ceremonias m\u00e1s importantes de la industria.","og_url":"https:\/\/graziamagazine.com\/es\/articles\/premios-feroz-2016\/","og_site_name":"Grazia","article_modified_time":"2016-01-20T11:56:06+00:00","og_image":[{"width":980,"height":507,"url":"https:\/\/graziamagazine.com\/es\/wp-content\/uploads\/sites\/12\/2016\/01\/20113535\/PREMIOS-FEROZ-rrss.jpg?fit=980%2C507","type":"image\/jpeg"}],"twitter_card":"summary_large_image","twitter_title":"Premios Feroz 2016","twitter_description":"En la cuenta atr\u00e1s hacia los Goya, una parada m\u00e1s: el cine espa\u00f1ol volvi\u00f3 a vestirse de gala para celebrar la que es ya una de las ceremonias m\u00e1s importantes de la industria.","twitter_image":"http:\/\/s3-eu-west-1.amazonaws.com\/grazia-cdn\/wp-content\/uploads\/sites\/12\/2016\/01\/20113535\/PREMIOS-FEROZ-rrss.jpg","twitter_misc":{"Est. reading time":"1 minuto"},"schema":{"@context":"https:\/\/schema.org","@graph":[{"@type":"WebPage","@id":"https:\/\/graziamagazine.com\/es\/articles\/premios-feroz-2016\/","url":"https:\/\/graziamagazine.com\/es\/articles\/premios-feroz-2016\/","name":"Premios Feroz 2016 | Grazia","isPartOf":{"@id":"https:\/\/graziamagazine.com\/es\/#website"},"datePublished":"2016-01-20T11:35:35+00:00","dateModified":"2016-01-20T11:56:06+00:00","description":"En la cuenta atr\u00e1s hacia los Goya, una parada m\u00e1s: el cine espa\u00f1ol volvi\u00f3 a vestirse de gala para celebrar la que es ya, en tan solo dos ediciones, una de las ceremonias m\u00e1s importantes de la industria.\u00a0","breadcrumb":{"@id":"https:\/\/graziamagazine.com\/es\/articles\/premios-feroz-2016\/#breadcrumb"},"inLanguage":"es","potentialAction":[{"@type":"ReadAction","target":["https:\/\/graziamagazine.com\/es\/articles\/premios-feroz-2016\/"]}]},{"@type":"BreadcrumbList","@id":"https:\/\/graziamagazine.com\/es\/articles\/premios-feroz-2016\/#breadcrumb","itemListElement":[{"@type":"ListItem","position":1,"name":"Portada","item":"https:\/\/graziamagazine.com\/es\/"},{"@type":"ListItem","position":2,"name":"Premios Feroz 2016"}]},{"@type":"WebSite","@id":"https:\/\/graziamagazine.com\/es\/#website","url":"https:\/\/graziamagazine.com\/es\/","name":"Grazia","description":"Moda, belleza, celebrities, estilo de vida...","potentialAction":[{"@type":"SearchAction","target":{"@type":"EntryPoint","urlTemplate":"https:\/\/graziamagazine.com\/es\/?s={search_term_string}"},"query-input":"required name=search_term_string"}],"inLanguage":"es"}]}},"jetpack_sharing_enabled":true,"distributor_meta":false,"distributor_terms":false,"distributor_media":false,"distributor_original_site_name":"Grazia","distributor_original_site_url":"https:\/\/graziamagazine.com\/es","push-errors":false,"_links":{"self":[{"href":"https:\/\/graziamagazine.com\/es\/wp-json\/wp\/v2\/articles\/62299"}],"collection":[{"href":"https:\/\/graziamagazine.com\/es\/wp-json\/wp\/v2\/articles"}],"about":[{"href":"https:\/\/graziamagazine.com\/es\/wp-json\/wp\/v2\/types\/articles"}],"author":[{"embeddable":true,"href":"https:\/\/graziamagazine.com\/es\/wp-json\/wp\/v2\/users\/24470"}],"wp:attachment":[{"href":"https:\/\/graziamagazine.com\/es\/wp-json\/wp\/v2\/media?parent=62299"}],"wp:term":[{"taxonomy":"category","embeddable":true,"href":"https:\/\/graziamagazine.com\/es\/wp-json\/wp\/v2\/categories?post=62299"}],"curies":[{"name":"wp","href":"https:\/\/api.w.org\/{rel}","templated":true}]}}