{"id":61826,"date":"2016-01-12T10:35:37","date_gmt":"2016-01-12T09:35:37","guid":{"rendered":"https:\/\/graziamagazine.com\/es\/?p=61826"},"modified":"2016-01-12T10:54:04","modified_gmt":"2016-01-12T09:54:04","slug":"premios-forque-2016","status":"publish","type":"articles","link":"https:\/\/graziamagazine.com\/es\/articles\/premios-forque-2016\/","title":{"rendered":"Premios Forqu\u00e9 2016"},"content":{"rendered":"<p>La 21 edici\u00f3n de los premios con los que los productores galardonan sus cintas favoritas se celebraba la noche del lunes en Madrid. Hasta el Palacio de Congresos se desplazaron numerosos rostros conocidos que pasearon con m\u00e1s ganas que gracia por la alfombra roja del evento.<\/p>\n<p><strong>Jos\u00e9 Corbacho<\/strong> y <strong>Macarena G\u00f3mez<\/strong>\u00a0se encargaron de conducir una gala en la que\u00a0<em>Truman<\/em> se alz\u00f3 como triunfadora de la velada. La pel\u00edcula de <strong>Cesc Gay<\/strong> se\u00a0fue a casa con dos reconocimientos a\u00a0Mejor pel\u00edcula y Mejor actor para <strong>Ricardo Dar\u00edn.<\/strong><\/p>\n<p>No faltaron\u00a0<strong>Pen\u00e9lope Cruz<\/strong> (nominada por su trabajo en <em>ma ma),<\/em> <strong>Michelle Jenner, Manuela Vell\u00e9s, Berta V\u00e1zquez, Irene Escolar&#8230;<\/strong> pero no todas aprobaron con nota su pase\u00edllo por el certamen:<\/p>\n<p>[galeria]<\/p>\n<p><iframe loading=\"lazy\" style=\"border: none; overflow: hidden; height: 258px;\" src=\"\/\/www.facebook.com\/plugins\/likebox.php?href=https%3A%2F%2Fwww.facebook.com%2Fgraziaespana&amp;width&amp;height=258&amp;colorscheme=light&amp;show_faces=true&amp;header=false&amp;stream=false&amp;show_border=false&amp;appId=349017955267591\" width=\"300\" height=\"150\" frameborder=\"0\" scrolling=\"no\"><\/iframe><\/p>\n","protected":false},"author":24470,"featured_media":0,"template":"","format":"standard","categories":[13,15],"acf":[],"yoast_head":"<!-- This site is optimized with the Yoast SEO Premium plugin v18.5 (Yoast SEO v20.4) - https:\/\/yoast.com\/wordpress\/plugins\/seo\/ -->\n<title>Premios Forqu\u00e9 2016 | Grazia<\/title>\n<meta name=\"description\" content=\"El cine espa\u00f1ol estrena calendario anual de galardones con los Premios Forqu\u00e9 2016. C\u00e9lebres invitados no se lo perdieron pero no supieron dotarlo de brillo\" \/>\n<meta name=\"robots\" content=\"index, follow, max-snippet:-1, max-image-preview:large, max-video-preview:-1\" \/>\n<link rel=\"canonical\" href=\"https:\/\/graziamagazine.com\/es\/articles\/premios-forque-2016\/\" \/>\n<meta property=\"og:locale\" content=\"es_ES\" \/>\n<meta property=\"og:type\" content=\"article\" \/>\n<meta property=\"og:title\" content=\"Premios Forqu\u00e9 2016\" \/>\n<meta property=\"og:description\" content=\"El cine espa\u00f1ol estrena calendario anual de galardones con una alfombra roja concurrida (pero muy deslucida).\" \/>\n<meta property=\"og:url\" content=\"https:\/\/graziamagazine.com\/es\/articles\/premios-forque-2016\/\" \/>\n<meta property=\"og:site_name\" content=\"Grazia\" \/>\n<meta property=\"article:modified_time\" content=\"2016-01-12T09:54:04+00:00\" \/>\n<meta property=\"og:image\" content=\"https:\/\/graziamagazine.com\/es\/wp-content\/uploads\/sites\/12\/2016\/01\/12100920\/01premiosforque.jpg?fit=785%2C480\" \/>\n\t<meta property=\"og:image:width\" content=\"785\" \/>\n\t<meta property=\"og:image:height\" content=\"480\" \/>\n\t<meta property=\"og:image:type\" content=\"image\/jpeg\" \/>\n<meta name=\"twitter:card\" content=\"summary_large_image\" \/>\n<meta name=\"twitter:title\" content=\"Premios Forqu\u00e9 2016\" \/>\n<meta name=\"twitter:description\" content=\"El cine espa\u00f1ol estrena calendario anual de galardones con una alfombra roja concurrida (pero muy deslucida).\" \/>\n<meta name=\"twitter:image\" content=\"http:\/\/s3-eu-west-1.amazonaws.com\/grazia-cdn\/wp-content\/uploads\/sites\/12\/2016\/01\/12100920\/01premiosforque.jpg\" \/>\n<meta name=\"twitter:label1\" content=\"Est. reading time\" \/>\n\t<meta name=\"twitter:data1\" content=\"1 minuto\" \/>\n<script type=\"application\/ld+json\" class=\"yoast-schema-graph\">{\"@context\":\"https:\/\/schema.org\",\"@graph\":[{\"@type\":\"WebPage\",\"@id\":\"https:\/\/graziamagazine.com\/es\/articles\/premios-forque-2016\/\",\"url\":\"https:\/\/graziamagazine.com\/es\/articles\/premios-forque-2016\/\",\"name\":\"Premios Forqu\u00e9 2016 | Grazia\",\"isPartOf\":{\"@id\":\"https:\/\/graziamagazine.com\/es\/#website\"},\"datePublished\":\"2016-01-12T09:35:37+00:00\",\"dateModified\":\"2016-01-12T09:54:04+00:00\",\"description\":\"El cine espa\u00f1ol estrena calendario anual de galardones con los Premios Forqu\u00e9 2016. C\u00e9lebres invitados no se lo perdieron pero no supieron dotarlo de brillo\",\"breadcrumb\":{\"@id\":\"https:\/\/graziamagazine.com\/es\/articles\/premios-forque-2016\/#breadcrumb\"},\"inLanguage\":\"es\",\"potentialAction\":[{\"@type\":\"ReadAction\",\"target\":[\"https:\/\/graziamagazine.com\/es\/articles\/premios-forque-2016\/\"]}]},{\"@type\":\"BreadcrumbList\",\"@id\":\"https:\/\/graziamagazine.com\/es\/articles\/premios-forque-2016\/#breadcrumb\",\"itemListElement\":[{\"@type\":\"ListItem\",\"position\":1,\"name\":\"Portada\",\"item\":\"https:\/\/graziamagazine.com\/es\/\"},{\"@type\":\"ListItem\",\"position\":2,\"name\":\"Premios Forqu\u00e9 2016\"}]},{\"@type\":\"WebSite\",\"@id\":\"https:\/\/graziamagazine.com\/es\/#website\",\"url\":\"https:\/\/graziamagazine.com\/es\/\",\"name\":\"Grazia\",\"description\":\"Moda, belleza, celebrities, estilo de vida...\",\"potentialAction\":[{\"@type\":\"SearchAction\",\"target\":{\"@type\":\"EntryPoint\",\"urlTemplate\":\"https:\/\/graziamagazine.com\/es\/?s={search_term_string}\"},\"query-input\":\"required name=search_term_string\"}],\"inLanguage\":\"es\"}]}<\/script>\n<!-- \/ Yoast SEO Premium plugin. -->","yoast_head_json":{"title":"Premios Forqu\u00e9 2016 | Grazia","description":"El cine espa\u00f1ol estrena calendario anual de galardones con los Premios Forqu\u00e9 2016. C\u00e9lebres invitados no se lo perdieron pero no supieron dotarlo de brillo","robots":{"index":"index","follow":"follow","max-snippet":"max-snippet:-1","max-image-preview":"max-image-preview:large","max-video-preview":"max-video-preview:-1"},"canonical":"https:\/\/graziamagazine.com\/es\/articles\/premios-forque-2016\/","og_locale":"es_ES","og_type":"article","og_title":"Premios Forqu\u00e9 2016","og_description":"El cine espa\u00f1ol estrena calendario anual de galardones con una alfombra roja concurrida (pero muy deslucida).","og_url":"https:\/\/graziamagazine.com\/es\/articles\/premios-forque-2016\/","og_site_name":"Grazia","article_modified_time":"2016-01-12T09:54:04+00:00","og_image":[{"width":785,"height":480,"url":"https:\/\/graziamagazine.com\/es\/wp-content\/uploads\/sites\/12\/2016\/01\/12100920\/01premiosforque.jpg?fit=785%2C480","type":"image\/jpeg"}],"twitter_card":"summary_large_image","twitter_title":"Premios Forqu\u00e9 2016","twitter_description":"El cine espa\u00f1ol estrena calendario anual de galardones con una alfombra roja concurrida (pero muy deslucida).","twitter_image":"http:\/\/s3-eu-west-1.amazonaws.com\/grazia-cdn\/wp-content\/uploads\/sites\/12\/2016\/01\/12100920\/01premiosforque.jpg","twitter_misc":{"Est. reading time":"1 minuto"},"schema":{"@context":"https:\/\/schema.org","@graph":[{"@type":"WebPage","@id":"https:\/\/graziamagazine.com\/es\/articles\/premios-forque-2016\/","url":"https:\/\/graziamagazine.com\/es\/articles\/premios-forque-2016\/","name":"Premios Forqu\u00e9 2016 | Grazia","isPartOf":{"@id":"https:\/\/graziamagazine.com\/es\/#website"},"datePublished":"2016-01-12T09:35:37+00:00","dateModified":"2016-01-12T09:54:04+00:00","description":"El cine espa\u00f1ol estrena calendario anual de galardones con los Premios Forqu\u00e9 2016. C\u00e9lebres invitados no se lo perdieron pero no supieron dotarlo de brillo","breadcrumb":{"@id":"https:\/\/graziamagazine.com\/es\/articles\/premios-forque-2016\/#breadcrumb"},"inLanguage":"es","potentialAction":[{"@type":"ReadAction","target":["https:\/\/graziamagazine.com\/es\/articles\/premios-forque-2016\/"]}]},{"@type":"BreadcrumbList","@id":"https:\/\/graziamagazine.com\/es\/articles\/premios-forque-2016\/#breadcrumb","itemListElement":[{"@type":"ListItem","position":1,"name":"Portada","item":"https:\/\/graziamagazine.com\/es\/"},{"@type":"ListItem","position":2,"name":"Premios Forqu\u00e9 2016"}]},{"@type":"WebSite","@id":"https:\/\/graziamagazine.com\/es\/#website","url":"https:\/\/graziamagazine.com\/es\/","name":"Grazia","description":"Moda, belleza, celebrities, estilo de vida...","potentialAction":[{"@type":"SearchAction","target":{"@type":"EntryPoint","urlTemplate":"https:\/\/graziamagazine.com\/es\/?s={search_term_string}"},"query-input":"required name=search_term_string"}],"inLanguage":"es"}]}},"jetpack_sharing_enabled":true,"distributor_meta":false,"distributor_terms":false,"distributor_media":false,"distributor_original_site_name":"Grazia","distributor_original_site_url":"https:\/\/graziamagazine.com\/es","push-errors":false,"_links":{"self":[{"href":"https:\/\/graziamagazine.com\/es\/wp-json\/wp\/v2\/articles\/61826"}],"collection":[{"href":"https:\/\/graziamagazine.com\/es\/wp-json\/wp\/v2\/articles"}],"about":[{"href":"https:\/\/graziamagazine.com\/es\/wp-json\/wp\/v2\/types\/articles"}],"author":[{"embeddable":true,"href":"https:\/\/graziamagazine.com\/es\/wp-json\/wp\/v2\/users\/24470"}],"wp:attachment":[{"href":"https:\/\/graziamagazine.com\/es\/wp-json\/wp\/v2\/media?parent=61826"}],"wp:term":[{"taxonomy":"category","embeddable":true,"href":"https:\/\/graziamagazine.com\/es\/wp-json\/wp\/v2\/categories?post=61826"}],"curies":[{"name":"wp","href":"https:\/\/api.w.org\/{rel}","templated":true}]}}