{"id":61410,"date":"2016-01-01T13:37:29","date_gmt":"2016-01-01T12:37:29","guid":{"rendered":"https:\/\/graziamagazine.com\/es\/?p=61410"},"modified":"2016-01-01T13:39:25","modified_gmt":"2016-01-01T12:39:25","slug":"propositos-de-belleza-2016","status":"publish","type":"articles","link":"https:\/\/graziamagazine.com\/es\/articles\/propositos-de-belleza-2016\/","title":{"rendered":"2016 frente al espejo: este a\u00f1o no har\u00e9&#8230;"},"content":{"rendered":"<figure id=\"attachment_61413\" aria-describedby=\"caption-attachment-61413\" style=\"width: 785px\" class=\"wp-caption aligncenter\"><img loading=\"lazy\" decoding=\"async\" class=\"size-full wp-image-61413\" src=\"https:\/\/graziamagazine.com\/es\/wp-content\/uploads\/sites\/12\/2015\/12\/30121746\/propositos-belleza-2016-01.jpg\" alt=\"\u00a9 Matthew Eades\" width=\"785\" height=\"480\" \/><figcaption id=\"caption-attachment-61413\" class=\"wp-caption-text\">\u00a9 Matthew Eades<\/figcaption><\/figure>\n<p>Pasa cada a\u00f1o con el color que propone Pantone, que los primeros 300 d\u00edas nos fascinan y los dos \u00faltimos meses nos provoca una sensaci\u00f3n cercana a la nausea. Ya vale de tonos vino para los labios, para las lacas de u\u00f1as, \u00a1para las sombras de ojos! Volveremos a adorarlo, pero mejor darle una peque\u00f1a tregua. Despidamos, de momento, <strong>al tono Marsala<\/strong>. As\u00ed, en general.<\/p>\n<figure id=\"attachment_61419\" aria-describedby=\"caption-attachment-61419\" style=\"width: 785px\" class=\"wp-caption aligncenter\"><img loading=\"lazy\" decoding=\"async\" class=\"size-full wp-image-61419\" src=\"https:\/\/graziamagazine.com\/es\/wp-content\/uploads\/sites\/12\/2015\/12\/30125108\/0118.jpg\" alt=\"Adi\u00f3s labios Marsala.\" width=\"785\" height=\"480\" \/><figcaption id=\"caption-attachment-61419\" class=\"wp-caption-text\">Adi\u00f3s labios Marsala.<\/figcaption><\/figure>\n<p>Tambi\u00e9n despidamos (pero esta vez para siempre jam\u00e1s) las llamadas <strong>bubble nails<\/strong>. S\u00f3lo escribirlo, da grima. Son esas manicuras pretendidamente <em>arty<\/em> que parec\u00edan m\u00e1s bien bolas de plastelina pegadas a los dedos y que luc\u00edan sobre todo las m\u00e1s ac\u00e9rrimas fans del <em>nail art<\/em> (hasta sus \u00faltimas consecuencias).<\/p>\n<figure id=\"attachment_61420\" aria-describedby=\"caption-attachment-61420\" style=\"width: 785px\" class=\"wp-caption aligncenter\"><img loading=\"lazy\" decoding=\"async\" class=\"size-full wp-image-61420\" src=\"https:\/\/graziamagazine.com\/es\/wp-content\/uploads\/sites\/12\/2015\/12\/30125113\/026.jpg\" alt=\"Adi\u00f3 bubble nails.\" width=\"785\" height=\"480\" \/><figcaption id=\"caption-attachment-61420\" class=\"wp-caption-text\">Adi\u00f3 bubble nails.<\/figcaption><\/figure>\n<p>Y, por favor, que acabe ya la absurda moda de <strong>las pesta\u00f1as a pegotes<\/strong>. En serio, no hace falta intentar llamar la atenci\u00f3n con una mirada como de patas de ara\u00f1a. Nos pasamos media vida inventando trucos para que la m\u00e1scara quede bien repartida y las pesta\u00f1as bien separadas para tolerar esto. En 2016, que vuelvan las pesta\u00f1as de <em>Betty Boop.<\/em> Por favor.<\/p>\n<figure id=\"attachment_61422\" aria-describedby=\"caption-attachment-61422\" style=\"width: 785px\" class=\"wp-caption aligncenter\"><img loading=\"lazy\" decoding=\"async\" class=\"size-full wp-image-61422\" src=\"https:\/\/graziamagazine.com\/es\/wp-content\/uploads\/sites\/12\/2015\/12\/30125124\/044.jpg\" alt=\"Adi\u00f3s pesta\u00f1as a pegotes.\" width=\"785\" height=\"480\" \/><figcaption id=\"caption-attachment-61422\" class=\"wp-caption-text\">Adi\u00f3s pesta\u00f1as a pegotes.<\/figcaption><\/figure>\n<p>Imploramos tambi\u00e9n que t\u00e9cnicas como el <strong><a href=\"https:\/\/graziamagazine.com\/es\/belleza\/contouring-o-como-usar-la-brocha\/\" target=\"_blank\">contouring<\/a>, el strobing, el <a href=\"https:\/\/graziamagazine.com\/es\/belleza\/a-proposito-del-baking\/\" target=\"_blank\">baking<\/a><\/strong> y el <strong>color correcting<\/strong> se dejen en manos profesionales o, al menos, en las no tan incautas como esas que vemos en videoblogs de toda la Red. Puede ser una gran estrategia o el peor chiste <em>beauty<\/em> si cae en los pinceles equivocados.<\/p>\n<figure id=\"attachment_61421\" aria-describedby=\"caption-attachment-61421\" style=\"width: 785px\" class=\"wp-caption aligncenter\"><img loading=\"lazy\" decoding=\"async\" class=\"size-full wp-image-61421\" src=\"https:\/\/graziamagazine.com\/es\/wp-content\/uploads\/sites\/12\/2015\/12\/30125118\/036.jpg\" alt=\"Adi\u00f3s clown-touring.\" width=\"785\" height=\"480\" \/><figcaption id=\"caption-attachment-61421\" class=\"wp-caption-text\">Adi\u00f3s clown-touring.<\/figcaption><\/figure>\n<p>Tambi\u00e9n, poco a poco, hay que ir olvid\u00e1ndose del <strong>pelo rosa<\/strong>. Al menos de ese que parece una peluca y que grita a los cuatro vientos: soy barat\u00edsimo.<\/p>\n<figure id=\"attachment_61423\" aria-describedby=\"caption-attachment-61423\" style=\"width: 785px\" class=\"wp-caption aligncenter\"><img loading=\"lazy\" decoding=\"async\" class=\"size-full wp-image-61423\" src=\"https:\/\/graziamagazine.com\/es\/wp-content\/uploads\/sites\/12\/2015\/12\/30125129\/055.jpg\" alt=\"Adi\u00f3s pelucas rosas.\" width=\"785\" height=\"480\" \/><figcaption id=\"caption-attachment-61423\" class=\"wp-caption-text\">Adi\u00f3s pelucas rosas.<\/figcaption><\/figure>\n<p>Ni <strong>un rapado<\/strong> m\u00e1s, amigas. Ya estuvo bien como broma y como desaf\u00edo a los c\u00e1nones establecidos. Pero tenemos demasiadas mujeres con media cabeza de cada longitud. Rihanna ya no lo lleva, as\u00ed que es el momento de guardar la afeitadora.<\/p>\n<figure id=\"attachment_61424\" aria-describedby=\"caption-attachment-61424\" style=\"width: 785px\" class=\"wp-caption aligncenter\"><img loading=\"lazy\" decoding=\"async\" class=\"size-full wp-image-61424\" src=\"https:\/\/graziamagazine.com\/es\/wp-content\/uploads\/sites\/12\/2015\/12\/30125134\/065.jpg\" alt=\"Adi\u00f3s rapados.\" width=\"785\" height=\"480\" \/><figcaption id=\"caption-attachment-61424\" class=\"wp-caption-text\">Adi\u00f3s rapados.<\/figcaption><\/figure>\n<p>Y si decimos adi\u00f3s a este estilo <em>trashy,<\/em> no tengamos miedo a mandar a los corrales tambi\u00e9n al estilo m\u00e1s contrapuesto: las <strong>ondas retro marcadas y llenas de laca<\/strong>. En el futuro pr\u00f3ximo vislumbramos ondulaciones sinuosas, cepilladas, deshechas&#8230; El mercado revienta de herramientas adecuadas y f\u00e1ciles de usar. As\u00ed que ya sabes: est\u00e1 en tus manos que Veronica Lake hiberne un a\u00f1ito o, si puede ser, un par de ellos.<\/p>\n<figure id=\"attachment_61425\" aria-describedby=\"caption-attachment-61425\" style=\"width: 785px\" class=\"wp-caption aligncenter\"><img loading=\"lazy\" decoding=\"async\" class=\"size-full wp-image-61425\" src=\"https:\/\/graziamagazine.com\/es\/wp-content\/uploads\/sites\/12\/2015\/12\/30125139\/075.jpg\" alt=\"Adi\u00f3s bucles.\" width=\"785\" height=\"480\" \/><figcaption id=\"caption-attachment-61425\" class=\"wp-caption-text\">Adi\u00f3s bucles.<\/figcaption><\/figure>\n<p><a href=\"https:\/\/graziamagazine.com\/es\/belleza\/las-celebrities-y-su-zumo-verde\/\" target=\"_blank\">Tomemos conciencia de lo que llevamos bebiendo desde 2013<\/a> y echemos el freno. Est\u00e1 muy bien tomar verdura cruda, pero tambi\u00e9n podemos engullir manzanas a bocaos y tomar ensaladas de espinacas. <a href=\"https:\/\/graziamagazine.com\/es\/belleza\/menos-zumo-verde-y-mas-detox-emocional\/\" target=\"_blank\">Ciao, ciao, <\/a><strong><a href=\"https:\/\/graziamagazine.com\/es\/belleza\/menos-zumo-verde-y-mas-detox-emocional\/\" target=\"_blank\">green smoothie<\/a>.<\/strong> Vuelve a las colinas de Hollywood, que aqu\u00ed queremos recuperar el gazpacho.<\/p>\n<figure id=\"attachment_61426\" aria-describedby=\"caption-attachment-61426\" style=\"width: 785px\" class=\"wp-caption aligncenter\"><img loading=\"lazy\" decoding=\"async\" class=\"size-full wp-image-61426\" src=\"https:\/\/graziamagazine.com\/es\/wp-content\/uploads\/sites\/12\/2015\/12\/30125143\/086.jpg\" alt=\"Adi\u00f3s zumos de Hollywood.\" width=\"785\" height=\"480\" \/><figcaption id=\"caption-attachment-61426\" class=\"wp-caption-text\">Adi\u00f3s zumos de Hollywood.<\/figcaption><\/figure>\n<p>Del <strong>half bun<\/strong>&#8230; tambi\u00e9n podr\u00edamos ir prescindiendo, que a cualquier cosa le llaman peinarse. Podemos conservarlo, pero s\u00f3lo para dos grandes ocasiones: el momento de desmaquillarnos y el peor d\u00eda de resaca, ese en el que no te mueves del sof\u00e1 ni ante amenaza de incendio.<\/p>\n<figure id=\"attachment_61427\" aria-describedby=\"caption-attachment-61427\" style=\"width: 785px\" class=\"wp-caption aligncenter\"><img loading=\"lazy\" decoding=\"async\" class=\"size-full wp-image-61427\" src=\"https:\/\/graziamagazine.com\/es\/wp-content\/uploads\/sites\/12\/2015\/12\/30125148\/095.jpg\" alt=\"Adi\u00f3s half-bun.\" width=\"785\" height=\"480\" \/><figcaption id=\"caption-attachment-61427\" class=\"wp-caption-text\">Adi\u00f3s half-bun.<\/figcaption><\/figure>\n<p>Pero, bueno, para que no digan que en Grazia nos gusta prohibir, qu\u00e9date con esto: si tienes que elegir solo una cosa de 2015 (adem\u00e1s de las <em>bubble nails),<\/em> <strong>olvida, como si nunca hubiera existido, el reto de Kylile Jenner.<\/strong> Es peligroso, marca de una forma espantosa los labios y te hace parecer bastante boba.<\/p>\n<figure id=\"attachment_61428\" aria-describedby=\"caption-attachment-61428\" style=\"width: 785px\" class=\"wp-caption aligncenter\"><img loading=\"lazy\" decoding=\"async\" class=\"size-full wp-image-61428\" src=\"https:\/\/graziamagazine.com\/es\/wp-content\/uploads\/sites\/12\/2015\/12\/30125153\/0106.jpg\" alt=\"Adi\u00f3s, adi\u00f3s, adi\u00f3s.\" width=\"785\" height=\"480\" \/><figcaption id=\"caption-attachment-61428\" class=\"wp-caption-text\">Adi\u00f3s, adi\u00f3s, adi\u00f3s.<\/figcaption><\/figure>\n<p>De nada.<\/p>\n<p><iframe loading=\"lazy\" style=\"border: none; overflow: hidden; height: 258px;\" src=\"\/\/www.facebook.com\/plugins\/likebox.php?href=https%3A%2F%2Fwww.facebook.com%2Fgraziaespana&amp;width&amp;height=258&amp;colorscheme=light&amp;show_faces=true&amp;header=false&amp;stream=false&amp;show_border=false&amp;appId=349017955267591\" width=\"300\" height=\"150\" frameborder=\"0\" scrolling=\"no\"><\/iframe><\/p>\n","protected":false},"author":18798,"featured_media":0,"template":"","format":"standard","categories":[8,7],"acf":[],"yoast_head":"<!-- This site is optimized with the Yoast SEO Premium plugin v18.5 (Yoast SEO v20.4) - https:\/\/yoast.com\/wordpress\/plugins\/seo\/ -->\n<title>Prop\u00f3sitos de belleza 2016<\/title>\n<meta name=\"description\" content=\"Son tendencias de peinado, maquillaje y otros asuntos del tocador que plagaron Instagram y de las que ha llegado el momento de despedirse para siempre.\" \/>\n<meta name=\"robots\" content=\"index, follow, max-snippet:-1, max-image-preview:large, max-video-preview:-1\" \/>\n<link rel=\"canonical\" href=\"https:\/\/graziamagazine.com\/es\/articles\/propositos-de-belleza-2016\/\" \/>\n<meta property=\"og:locale\" content=\"es_ES\" \/>\n<meta property=\"og:type\" content=\"article\" \/>\n<meta property=\"og:title\" content=\"2016 frente al espejo: este a\u00f1o no har\u00e9...\" \/>\n<meta property=\"og:description\" content=\"Son tendencias de peinado, maquillaje y otros asuntos del tocador que plagaron Instagram y de las que ha llegado el momento de despedirse para siempre.\" \/>\n<meta property=\"og:url\" content=\"https:\/\/graziamagazine.com\/es\/articles\/propositos-de-belleza-2016\/\" \/>\n<meta property=\"og:site_name\" content=\"Grazia\" \/>\n<meta property=\"article:modified_time\" content=\"2016-01-01T12:39:25+00:00\" \/>\n<meta property=\"og:image\" content=\"https:\/\/graziamagazine.com\/es\/wp-content\/uploads\/sites\/12\/2015\/12\/30121746\/propositos-belleza-2016-01.jpg\" \/>\n<meta name=\"twitter:card\" content=\"summary_large_image\" \/>\n<meta name=\"twitter:label1\" content=\"Est. reading time\" \/>\n\t<meta name=\"twitter:data1\" content=\"3 minutos\" \/>\n<script type=\"application\/ld+json\" class=\"yoast-schema-graph\">{\"@context\":\"https:\/\/schema.org\",\"@graph\":[{\"@type\":\"WebPage\",\"@id\":\"https:\/\/graziamagazine.com\/es\/articles\/propositos-de-belleza-2016\/\",\"url\":\"https:\/\/graziamagazine.com\/es\/articles\/propositos-de-belleza-2016\/\",\"name\":\"Prop\u00f3sitos de belleza 2016\",\"isPartOf\":{\"@id\":\"https:\/\/graziamagazine.com\/es\/#website\"},\"datePublished\":\"2016-01-01T12:37:29+00:00\",\"dateModified\":\"2016-01-01T12:39:25+00:00\",\"description\":\"Son tendencias de peinado, maquillaje y otros asuntos del tocador que plagaron Instagram y de las que ha llegado el momento de despedirse para siempre.\",\"breadcrumb\":{\"@id\":\"https:\/\/graziamagazine.com\/es\/articles\/propositos-de-belleza-2016\/#breadcrumb\"},\"inLanguage\":\"es\",\"potentialAction\":[{\"@type\":\"ReadAction\",\"target\":[\"https:\/\/graziamagazine.com\/es\/articles\/propositos-de-belleza-2016\/\"]}]},{\"@type\":\"BreadcrumbList\",\"@id\":\"https:\/\/graziamagazine.com\/es\/articles\/propositos-de-belleza-2016\/#breadcrumb\",\"itemListElement\":[{\"@type\":\"ListItem\",\"position\":1,\"name\":\"Portada\",\"item\":\"https:\/\/graziamagazine.com\/es\/\"},{\"@type\":\"ListItem\",\"position\":2,\"name\":\"2016 frente al espejo: este a\u00f1o no har\u00e9&#8230;\"}]},{\"@type\":\"WebSite\",\"@id\":\"https:\/\/graziamagazine.com\/es\/#website\",\"url\":\"https:\/\/graziamagazine.com\/es\/\",\"name\":\"Grazia\",\"description\":\"Moda, belleza, celebrities, estilo de vida...\",\"potentialAction\":[{\"@type\":\"SearchAction\",\"target\":{\"@type\":\"EntryPoint\",\"urlTemplate\":\"https:\/\/graziamagazine.com\/es\/?s={search_term_string}\"},\"query-input\":\"required name=search_term_string\"}],\"inLanguage\":\"es\"}]}<\/script>\n<!-- \/ Yoast SEO Premium plugin. -->","yoast_head_json":{"title":"Prop\u00f3sitos de belleza 2016","description":"Son tendencias de peinado, maquillaje y otros asuntos del tocador que plagaron Instagram y de las que ha llegado el momento de despedirse para siempre.","robots":{"index":"index","follow":"follow","max-snippet":"max-snippet:-1","max-image-preview":"max-image-preview:large","max-video-preview":"max-video-preview:-1"},"canonical":"https:\/\/graziamagazine.com\/es\/articles\/propositos-de-belleza-2016\/","og_locale":"es_ES","og_type":"article","og_title":"2016 frente al espejo: este a\u00f1o no har\u00e9...","og_description":"Son tendencias de peinado, maquillaje y otros asuntos del tocador que plagaron Instagram y de las que ha llegado el momento de despedirse para siempre.","og_url":"https:\/\/graziamagazine.com\/es\/articles\/propositos-de-belleza-2016\/","og_site_name":"Grazia","article_modified_time":"2016-01-01T12:39:25+00:00","og_image":[{"url":"https:\/\/graziamagazine.com\/es\/wp-content\/uploads\/sites\/12\/2015\/12\/30121746\/propositos-belleza-2016-01.jpg"}],"twitter_card":"summary_large_image","twitter_misc":{"Est. reading time":"3 minutos"},"schema":{"@context":"https:\/\/schema.org","@graph":[{"@type":"WebPage","@id":"https:\/\/graziamagazine.com\/es\/articles\/propositos-de-belleza-2016\/","url":"https:\/\/graziamagazine.com\/es\/articles\/propositos-de-belleza-2016\/","name":"Prop\u00f3sitos de belleza 2016","isPartOf":{"@id":"https:\/\/graziamagazine.com\/es\/#website"},"datePublished":"2016-01-01T12:37:29+00:00","dateModified":"2016-01-01T12:39:25+00:00","description":"Son tendencias de peinado, maquillaje y otros asuntos del tocador que plagaron Instagram y de las que ha llegado el momento de despedirse para siempre.","breadcrumb":{"@id":"https:\/\/graziamagazine.com\/es\/articles\/propositos-de-belleza-2016\/#breadcrumb"},"inLanguage":"es","potentialAction":[{"@type":"ReadAction","target":["https:\/\/graziamagazine.com\/es\/articles\/propositos-de-belleza-2016\/"]}]},{"@type":"BreadcrumbList","@id":"https:\/\/graziamagazine.com\/es\/articles\/propositos-de-belleza-2016\/#breadcrumb","itemListElement":[{"@type":"ListItem","position":1,"name":"Portada","item":"https:\/\/graziamagazine.com\/es\/"},{"@type":"ListItem","position":2,"name":"2016 frente al espejo: este a\u00f1o no har\u00e9&#8230;"}]},{"@type":"WebSite","@id":"https:\/\/graziamagazine.com\/es\/#website","url":"https:\/\/graziamagazine.com\/es\/","name":"Grazia","description":"Moda, belleza, celebrities, estilo de vida...","potentialAction":[{"@type":"SearchAction","target":{"@type":"EntryPoint","urlTemplate":"https:\/\/graziamagazine.com\/es\/?s={search_term_string}"},"query-input":"required name=search_term_string"}],"inLanguage":"es"}]}},"jetpack_sharing_enabled":true,"distributor_meta":false,"distributor_terms":false,"distributor_media":false,"distributor_original_site_name":"Grazia","distributor_original_site_url":"https:\/\/graziamagazine.com\/es","push-errors":false,"_links":{"self":[{"href":"https:\/\/graziamagazine.com\/es\/wp-json\/wp\/v2\/articles\/61410"}],"collection":[{"href":"https:\/\/graziamagazine.com\/es\/wp-json\/wp\/v2\/articles"}],"about":[{"href":"https:\/\/graziamagazine.com\/es\/wp-json\/wp\/v2\/types\/articles"}],"author":[{"embeddable":true,"href":"https:\/\/graziamagazine.com\/es\/wp-json\/wp\/v2\/users\/18798"}],"wp:attachment":[{"href":"https:\/\/graziamagazine.com\/es\/wp-json\/wp\/v2\/media?parent=61410"}],"wp:term":[{"taxonomy":"category","embeddable":true,"href":"https:\/\/graziamagazine.com\/es\/wp-json\/wp\/v2\/categories?post=61410"}],"curies":[{"name":"wp","href":"https:\/\/api.w.org\/{rel}","templated":true}]}}