{"id":59210,"date":"2015-11-22T12:06:36","date_gmt":"2015-11-22T11:06:36","guid":{"rendered":"https:\/\/graziamagazine.com\/es\/?p=59210"},"modified":"2015-11-21T12:06:48","modified_gmt":"2015-11-21T11:06:48","slug":"consejos-maternos-no-solicitados","status":"publish","type":"articles","link":"https:\/\/graziamagazine.com\/es\/articles\/consejos-maternos-no-solicitados\/","title":{"rendered":"Consejos maternos no solicitados"},"content":{"rendered":"<p>Intentaste evitarlo, pero definitivamente has crecido. Has ido encadenando una decisi\u00f3n con otra y ahora resulta que eres mayor, seria y responsable <del>o al menos lo aparentas<\/del>. \u00a1Y est\u00e1s embarazada! Miras hacia abajo, a\u00a0<a href=\"https:\/\/graziamagazine.com\/es\/lifestyle\/lo-que-no-te-cuentan-del-parto\/\" target=\"_blank\">tu barriguita (o barrig\u00f3n)<\/a>\u00a0y crees que todo en tu vida va a cambiar. Vas a pasar de &#8216;ser hija&#8217;, a &#8216;ser madre&#8217;, y esto se supone que viene, como los <em>hobbits,<\/em> con un anillo de poder <del>o algo<\/del>, \u00bfno?<\/p>\n<p>Pues no. Resulta que <strong>una vez tengas a tu beb\u00e9 en brazos experimentar\u00e1s un efecto rara vez estudiado: no sabr\u00e1s nada de nada.<\/strong> En ese momento ya no eres adulta para el mundo exterior que se ver\u00e1 en la necesidad de opinar sobre lo que tienes o no tienes qu\u00e9 hacer. Porque todo el mundo sabr\u00e1 m\u00e1s que t\u00fa: tu t\u00eda, tu vecina, tu amiga soltera y hasta la se\u00f1ora con la que te cruzas en la fruter\u00eda.\u00a0Esa, tambi\u00e9n. Sabe mucho m\u00e1s que t\u00fa de las necesidades de tu beb\u00e9 en particular\u00a0y de la maternidad en general. <strong>Y por supuesto tama\u00f1a sabidur\u00eda va a\u00a0compartirla.<\/strong> Contigo. Que est\u00e1s de consejos que no has pedido como <em>Buzzlightyear:<\/em>\u00a0\u00abHasta el infinito y m\u00e1s all\u00e1\u00bb.<\/p>\n<blockquote><p>\u00bfPor qu\u00e9 cuando una pasea con su beb\u00e9 la gente se para a opinar c\u00f3mo lo est\u00e1 haciendo? \u00bfPor qu\u00e9 nadie para a una persona con pinta de cansada a recomendarle que \u00abdeber\u00eda tomar unas vitaminas\u00bb?<\/p><\/blockquote>\n<p>Vamos con el <span style=\"text-decoration: underline;\"><em>top ten<\/em> de consejos no solicitados.<\/span> Ve tachando los que ya te hayan dado y&#8230; \u00a1seguimos para bingo!<\/p>\n<figure id=\"attachment_59224\" aria-describedby=\"caption-attachment-59224\" style=\"width: 785px\" class=\"wp-caption aligncenter\"><img loading=\"lazy\" decoding=\"async\" class=\"size-full wp-image-59224\" src=\"https:\/\/graziamagazine.com\/es\/wp-content\/uploads\/sites\/12\/2015\/11\/19201420\/consejos-no-solicitados-01.jpg\" alt=\"Resulta que tienes a tu beb\u00e9 y se produce un efecto rara vez estudiado. De repente no sabes nada. Ya no eres adulta. Todo el mundo se cree con derecho a opinar sobre lo que tienes o no tienes que hacer.\" width=\"785\" height=\"480\" \/><figcaption id=\"caption-attachment-59224\" class=\"wp-caption-text\">Resulta que tienes a tu beb\u00e9 y se produce un efecto rara vez estudiado. De repente no sabes nada. Ya no eres adulta. Todo el mundo se cree con derecho a opinar sobre lo que tienes o no tienes que hacer.<\/figcaption><\/figure>\n<ul>\n<li><span style=\"text-decoration: underline;\"><strong>\u00abSi lo coges tanto en brazos se va a acostumbrar\u00bb.<\/strong><\/span><\/li>\n<\/ul>\n<p>Un cl\u00e1sico. Al parecer hay a quien le molesta que los beb\u00e9s y reci\u00e9n nacidos est\u00e9n en brazos. En cuanto te ven con ellos encima, te dicen: \u00abD\u00e9jalo, que se va a acostumbrar\u00bb. \u00bfY acostumbrar a qu\u00e9? \u00bfConoc\u00e9is a alguien que con dieciocho a\u00f1os no quiera m\u00e1s que estar en brazos de su madre? Los beb\u00e9s est\u00e1n programados para estar en brazos. <strong>Hasta 1840 no comenzaron a comercializarse carritos de beb\u00e9<\/strong>. Y si, <a href=\"http:\/\/www.bebesymas.com\/desarrollo\/carlos-gonzalez-habla-acerca-de-coger-a-los-ninos-en-brazos\" target=\"_blank\" target=\"_blank\">como dice el pediatra Carlos Gonz\u00e1lez <\/a>pones a dos ni\u00f1os de 6 a\u00f1os juntos, uno que haya sido llevado en brazos mucho y otro que no, seguro que no sabr\u00e1s diferenciar cu\u00e1l ha sido criado de qu\u00e9 manera. Y, sobre todo: los ni\u00f1os crecen terriblemente deprisa; si no los coges cuando son beb\u00e9s, eso que te pierdes.<\/p>\n<p><strong>C\u00f3gelo o no lo cojas, es tu elecci\u00f3n, pero no lo hagas porque se acostumbre o se deje de acostumbrar<\/strong>.<\/p>\n<figure id=\"attachment_59213\" aria-describedby=\"caption-attachment-59213\" style=\"width: 330px\" class=\"wp-caption aligncenter\"><img loading=\"lazy\" decoding=\"async\" class=\"size-full wp-image-59213\" src=\"https:\/\/graziamagazine.com\/es\/wp-content\/uploads\/sites\/12\/2015\/11\/19201313\/01-consejos-no-solicitados-.gif\" alt=\"&quot;\u00a1Me est\u00e1 tocando Kate Upton! Me acordar\u00e9 de ello cuando sea mayor...&quot;\" width=\"330\" height=\"165\" \/><figcaption id=\"caption-attachment-59213\" class=\"wp-caption-text\">\u00ab\u00a1Me est\u00e1 tocando Kate Upton! Me acordar\u00e9 de ello cuando sea mayor\u00bb.<\/figcaption><\/figure>\n<ul>\n<li><span style=\"text-decoration: underline;\"><strong>\u00ab\u00bfNo lo llevas muy destapado? Va a coger fr\u00edo\u00bb.<\/strong><\/span><\/li>\n<\/ul>\n<p>El\u00a0eterno dilema de la temperatura. Muchos\u00a0sufren cada vez que ven a un ni\u00f1o que sigue la recomendaci\u00f3n de \u00ablos ni\u00f1os, una manga m\u00e1s que los adultos\u00bb. O sea, que si t\u00fa vas con manga corta, ellos con manga larga. Pero nada m\u00e1s. Nada de llevarlos con el pl\u00e1stico de la lluvia del carrito perpetuamente (son ni\u00f1os, no ficus) ni abrigarlos como si fueran el mu\u00f1eco de Michelin. Como nos explica la\u00a0<strong>Dra. Luc\u00eda Gal\u00e1n<\/strong>, del interesant\u00edsimo blog <em><a href=\"http:\/\/luciamipediatra.com\" target=\"_blank\" target=\"_blank\">Luc\u00eda, mi pediatra<\/a>:\u00a0<\/em>\u00abLos virus no entran por los pies por ir descalzos. Los virus no se cogen en el recreo por salir sin abrigo y los virus no entran en nuestro cuerpo por habernos destapado por la noche. <strong>Los virus nos los pasamos de unos a otros por el contacto directo: besos, abrazos, hablar juntos como hablan los ni\u00f1os y tocar con nuestras manos<\/strong>. Los virus no los cogen en el recreo, los virus los cogen dentro de clase cuando sus 25 cabecitas se juntan\u00bb. Pues eso. Sepultar a los ni\u00f1os debajo de un mont\u00f3n de ropa no har\u00e1 que no se pongan malos.<\/p>\n<figure id=\"attachment_59214\" aria-describedby=\"caption-attachment-59214\" style=\"width: 320px\" class=\"wp-caption aligncenter\"><img loading=\"lazy\" decoding=\"async\" class=\"size-full wp-image-59214\" src=\"https:\/\/graziamagazine.com\/es\/wp-content\/uploads\/sites\/12\/2015\/11\/19201323\/02-consejos-no-solicitados.gif\" alt=\"&quot;Mam\u00e1, creo que se te ha ido la mano&quot;.\" width=\"320\" height=\"242\" \/><figcaption id=\"caption-attachment-59214\" class=\"wp-caption-text\">\u00abMam\u00e1, creo que se te ha ido la mano\u00bb.<\/figcaption><\/figure>\n<ul>\n<li><span style=\"text-decoration: underline;\"><strong>\u00abD\u00e9jale llorar un poco, que te quiere tomar el pelo\u00bb.<\/strong><\/span><\/li>\n<\/ul>\n<p>Los beb\u00e9s reci\u00e9n nacidos no lloran para fastidiarnos, ni para manipularnos, ni para nada por el estilo. Un beb\u00e9 reci\u00e9n nacido llora porque <strong>el llanto es la \u00fanica manera que tiene de comunicarse con nosotros<\/strong> (recu\u00e9rdalo cuando a las tres de la ma\u00f1ana hayas dormido media hora y desear\u00edas que tuviera m\u00e1s recursos para comunicarse contigo). Llora porque tiene una necesidad. Hambre, sue\u00f1o, fr\u00edo&#8230; pero tambi\u00e9n necesidad de cari\u00f1o, de que est\u00e9s cerca&#8230; en fin. <strong>Lloran, literalmente, por todo<\/strong>. Lo que ocurre es que unos tienen m\u00e1s necesidades que otros. Unos est\u00e1n tan felices all\u00e1 donde los dejen y pr\u00e1cticamente no les oyes la voz &#8230; y hay otros que tienen muchas m\u00e1s necesidades y las piden de manera imperiosa.<\/p>\n<p>Ignorar el llanto no suele solucionar los problemas, ni calmar las necesidades. Adem\u00e1s, como explica\u00a0la psic\u00f3loga <strong>Rosa Jov\u00e9<\/strong>, <a href=\"http:\/\/www.diariodeburgos.es\/noticia.cfm\/Miranda\/20111002\/dejar\/llorar\/ni\u00c3\u00b1o\/es\/cruel\/provoca\/secuelas\/8955D367-DD27-296F-30CDABA551EC77E7\" target=\"_blank\" target=\"_blank\">es cruel y puede producir secuelas<\/a>.<\/p>\n<figure id=\"attachment_59215\" aria-describedby=\"caption-attachment-59215\" style=\"width: 500px\" class=\"wp-caption aligncenter\"><img loading=\"lazy\" decoding=\"async\" class=\"size-full wp-image-59215\" src=\"https:\/\/graziamagazine.com\/es\/wp-content\/uploads\/sites\/12\/2015\/11\/19201329\/03-consejos-no-solicitados.gif\" alt=\"&quot;A m\u00ed me da igual\u2026 yo pienso achucharte lo que me d\u00e9 la gana&quot;.\" width=\"500\" height=\"263\" \/><figcaption id=\"caption-attachment-59215\" class=\"wp-caption-text\">\u00abA m\u00ed me da igual\u2026 yo pienso achucharte lo que me d\u00e9 la gana\u00bb.<\/figcaption><\/figure>\n<ul>\n<li><span style=\"text-decoration: underline;\"><strong>\u00ab\u00bfNo te cansas de llevarlo en la mochila?\u00bb.<\/strong><\/span><\/li>\n<\/ul>\n<p>Como hemos dicho antes, los primeros carritos no comenzaron a comercializarse hasta mitad del siglo XIX, as\u00ed que t\u00e9cnicamente <a href=\"http:\/\/www.saquitodecanela.com\/no-me-llames-moderna\/\" target=\"_blank\" target=\"_blank\">lo moderno es llevar a los ni\u00f1os en cochecito.<\/a> Llevar a los ni\u00f1os encima <strong>es una opci\u00f3n m\u00e1s<\/strong>. De hecho, es la que nos sale instintivamente. Como dice <strong>Marta Gonz\u00e1lez<\/strong>, asesora de porteo y propietaria de la tienda <a href=\"http:\/\/www.miscanguritos.com\" target=\"_blank\" target=\"_blank\">Mis Canguritos<\/a> desde 2009: \u00abEn un apocalipsis zombie, \u00bfte llevar\u00edas el carrito o <a href=\"https:\/\/graziamagazine.com\/es\/celebs\/el-espiritu-protector-de-ryan-reynolds\/\" target=\"_blank\">coger\u00edas a tu beb\u00e9 para protegerlo con tu cuerpo?<\/a> Pues eso\u00bb.<\/p>\n<p>Existen, eso s\u00ed, diferencias considerables entre el porteo ergon\u00f3mico y el que no lo es. Un beb\u00e9 nunca deber\u00eda ir mirando al frente, ni colgando de sus genitales. Es inc\u00f3modo para ellos e inc\u00f3modo para ti.<strong> Una mochila ergon\u00f3mica reparte el peso y permite prolongar el porteo<\/strong> (de una manera c\u00f3moda, claro) durante muchos meses, a\u00f1os incluso. Si no sabes reconocer una mochila ergon\u00f3mica de una que no lo es puedes ver <a href=\"http:\/\/www.mamisybebes.com\/2011\/02\/ergonomico-versus-no-ergonomico\/\" target=\"_blank\" target=\"_blank\">aqu\u00ed<\/a> las diferencias.<\/p>\n<figure id=\"attachment_59216\" aria-describedby=\"caption-attachment-59216\" style=\"width: 500px\" class=\"wp-caption aligncenter\"><img loading=\"lazy\" decoding=\"async\" class=\"size-full wp-image-59216\" src=\"https:\/\/graziamagazine.com\/es\/wp-content\/uploads\/sites\/12\/2015\/11\/19201334\/04-consejos-no-solicitados.gif\" alt=\"Mirando hacia adelante, \u00a1no!\" width=\"500\" height=\"208\" \/><figcaption id=\"caption-attachment-59216\" class=\"wp-caption-text\">Mirando hacia adelante, \u00a1no!<\/figcaption><\/figure>\n<ul>\n<li><span style=\"text-decoration: underline;\"><strong>\u00abLos ni\u00f1os tienen que dormir en su cuarto, no en\u00a0tu cama\u00bb.<\/strong><\/span><\/li>\n<\/ul>\n<p>El sue\u00f1o es una de las cuestiones que m\u00e1s ampollas levantan entre las madres. Al final, durante el primer a\u00f1o se suele dormir poco y mal y cuando una no ha descansado lo suficiente es verdad que todo se discute de manera m\u00e1s intensa. La realidad es que <strong>cada familia deber\u00eda poder elegir c\u00f3mo debe dormir su familia<\/strong>. Hay quien tiene a los ni\u00f1os fuera de la habitaci\u00f3n y les funciona, quienes prefieren tenerlo unos meses en la minicuna por comodidad y luego los lleva a su habitaci\u00f3n y quienes prefieren dormir con los ni\u00f1os en su cama. Esto es lo que se conoce como colecho y <a href=\"http:\/\/www.crianzanatural.com\/art\/art24.html\" target=\"_blank\" target=\"_blank\">para practicarlo de manera segura conviene seguir algunas recomendaciones<\/a>.<\/p>\n<p><strong>Todas las opciones son adecuadas si tu familia est\u00e1 satisfecha con ellas<\/strong>. Y por familia entendemos a la gente que vive en casa. Los padres, los suegros o la vecina del quinto no tienen vela en ese entierro. <del>Se siente<\/del>.<\/p>\n<figure id=\"attachment_59217\" aria-describedby=\"caption-attachment-59217\" style=\"width: 400px\" class=\"wp-caption aligncenter\"><img loading=\"lazy\" decoding=\"async\" class=\"size-full wp-image-59217\" src=\"https:\/\/graziamagazine.com\/es\/wp-content\/uploads\/sites\/12\/2015\/11\/19201340\/05-consejos-no-solicitados.gif\" alt=\"&quot;Ven pac\u00e1, le\u00f1e, \u00a1que est\u00e1s muy lejos!&quot;\" width=\"400\" height=\"225\" \/><figcaption id=\"caption-attachment-59217\" class=\"wp-caption-text\">\u00abVen pac\u00e1, le\u00f1e, \u00a1que est\u00e1s muy lejos!\u00bb<\/figcaption><\/figure>\n<ul>\n<li><span style=\"text-decoration: underline;\"><strong>\u00abEl beb\u00e9 de\u00a0fulanito\u00a0hace mucho que duerme del tir\u00f3n\u00bb.<\/strong><\/span><\/li>\n<\/ul>\n<p>Punto uno: el beb\u00e9 de cualquiera no es medida de nada. Punto dos: no te f\u00edes de lo que te digan terceros. Punto tres: tampoco te creas siempre a pies juntillas lo que te digan los implicados&#8230; el sue\u00f1o distorsiona mucho la percepci\u00f3n de la realidad. En todo caso, los beb\u00e9s no son m\u00e1quinas, y exactamente igual que los adultos los hay que duermen m\u00e1s y que duermen menos.<\/p>\n<p>En todo caso <a href=\"http:\/\/dormirsinllorar.blogspot.com.es\/2013\/05\/entrada-2.html\" target=\"_blank\" target=\"_blank\">el ciclo de sue\u00f1o de los beb\u00e9s no tiene nada que ver con el de los adultos<\/a>. Si tenemos en cuenta <a href=\"http:\/\/evestherenyoutube.com\/wp-content\/uploads\/sites\/12\/2013\/10\/Desktop.jpg\" target=\"_blank\" target=\"_blank\">el tama\u00f1o del est\u00f3mago de un beb\u00e9<\/a> entenderemos que necesitan alimentarse con mucha frecuencia. Lo que a la hora m\u00e1gica de las tres de la ma\u00f1ana no es una noticia que recibas con demasiada alegr\u00eda, s\u00ed, pero esto es lo que hay <del>o haber elegido muerte<\/del>. \u00bfLa buena noticia? Casi todo acaba solucion\u00e1ndose con el tiempo. <strong>Con quince a\u00f1os no habr\u00e1 quien los saque de la cama el domingo por la ma\u00f1ana. <\/strong>Prometido.<\/p>\n<figure id=\"attachment_59218\" aria-describedby=\"caption-attachment-59218\" style=\"width: 260px\" class=\"wp-caption aligncenter\"><img loading=\"lazy\" decoding=\"async\" class=\"size-full wp-image-59218\" src=\"https:\/\/graziamagazine.com\/es\/wp-content\/uploads\/sites\/12\/2015\/11\/19201343\/06-consejos-no-solicitados.gif\" alt=\"&quot;Me est\u00e1 entrando un sue\u00f1o que te caZZZZzzzzZZZZZzzzzZZZZ&quot;.\" width=\"260\" height=\"146\" \/><figcaption id=\"caption-attachment-59218\" class=\"wp-caption-text\">\u00abMe est\u00e1 entrando un sue\u00f1o que te caZZZZzzzzZZZZZzzzzZZZZ\u00bb.<\/figcaption><\/figure>\n<ul>\n<li><span style=\"text-decoration: underline;\"><strong>\u00ab\u00bfUn tercer hijo? \u00ab.<\/strong><\/span><\/li>\n<\/ul>\n<p>A ver: p\u00f3nganse de acuerdo. Cuando est\u00e1s soltera, que <a href=\"https:\/\/graziamagazine.com\/es\/lifestyle\/soltera-a-los-30-pues-fea-no-eres\/\" target=\"_blank\">cu\u00e1ndo te echas novio.<\/a> Cuando te lo echas, que cu\u00e1ndo te casas. Cuando te casas, que cu\u00e1ndo tienes hijos. Cuando tienes el primero, que cu\u00e1ndo \u00abvas a por la parejita\u00bb&#8230;\u00a0Total, que con el n\u00famero de hijos parece ser que hay una norma no escrita que dice que uno solo es la muerte, dos es el n\u00famero perfecto, y todos los que tengas por encima de esa cifra es que est\u00e1s grillada o que han sido por sorpresa (\u00bf?). <del>Es as\u00ed de loco todo<\/del>. La bloguera <strong>Gisela Soroka<\/strong> de <em><a href=\"http:\/\/www.paraelbebe.net\" target=\"_blank\" target=\"_blank\">Para el Beb\u00e9<\/a>,<\/em> embarazada de su tercer beb\u00e9 cuenta que no pasa un d\u00eda sin que alguien le diga: \u00ab\u00bfY un embarazo a estas alturas? \u00bfno te da pereza <del>a tu edad, so vieja<\/del>?\u00bb<\/p>\n<p><strong>Gentes del mundo: \u00bfVan a tener el hijo ustedes? Pues \u00a1c\u00e1llense!<\/strong><\/p>\n<figure id=\"attachment_59219\" aria-describedby=\"caption-attachment-59219\" style=\"width: 400px\" class=\"wp-caption aligncenter\"><img loading=\"lazy\" decoding=\"async\" class=\"size-full wp-image-59219\" src=\"https:\/\/graziamagazine.com\/es\/wp-content\/uploads\/sites\/12\/2015\/11\/19201354\/07-consejos-no-solicitados.gif\" alt=\"&quot;\u00a1Estoy en shock y quiero los detalles!&quot;.\" width=\"400\" height=\"268\" \/><figcaption id=\"caption-attachment-59219\" class=\"wp-caption-text\">\u00ab\u00a1Estoy en shock y quiero los detalles!\u00bb.<\/figcaption><\/figure>\n<p>&nbsp;<\/p>\n<ul>\n<li><span style=\"text-decoration: underline;\"><strong>\u00abEste ni\u00f1o \u00bfCome bien? Est\u00e1 muy delgado\/gordo\/alto\/bajo\u00bb.<\/strong><\/span><\/li>\n<\/ul>\n<p>En serio, a veces parece que estemos todav\u00eda en la postguerra en la que los ni\u00f1os ten\u00edan problemas (reales) de alimentaci\u00f3n.<strong> \u00bfPor qu\u00e9 esa obsesi\u00f3n por los percentiles, esas tablas de la muerte donde todos vamos a medir a nuestros hijos y a compararlos con los del vecino?<\/strong> (Los nuestros siempre m\u00e1s mejor, todo, lo que sea). Salvo problemas reales hay ni\u00f1os m\u00e1s delgados, m\u00e1s gordos, m\u00e1s altos y m\u00e1s bajos. Y todos perfectamente normales. Que un ni\u00f1o est\u00e9 en el percentil 3 de altura no significa m\u00e1s que en una muestra de 100 ni\u00f1os, 97 estar\u00e1n m\u00e1s altos que \u00e9l. Igual no nos retira como jugador de baloncesto (o s\u00ed, v\u00e1yase usted a saber) pero no pasa absolutamente nada m\u00e1s.<\/p>\n<p><strong>Los percentiles son la titulitis de la primera infancia.<\/strong> Relax.<\/p>\n<figure id=\"attachment_59220\" aria-describedby=\"caption-attachment-59220\" style=\"width: 320px\" class=\"wp-caption aligncenter\"><img loading=\"lazy\" decoding=\"async\" class=\"size-full wp-image-59220\" src=\"https:\/\/graziamagazine.com\/es\/wp-content\/uploads\/sites\/12\/2015\/11\/19201357\/08-consejos-no-solicitados.gif\" alt=\"&quot;De peque\u00f1o no com\u00eda, por eso ahora me zampo todo&quot;.\" width=\"320\" height=\"128\" \/><figcaption id=\"caption-attachment-59220\" class=\"wp-caption-text\">\u00abDe peque\u00f1o no com\u00eda, por eso ahora me zampo todo\u00bb.<\/figcaption><\/figure>\n<ul>\n<li><span style=\"text-decoration: underline;\"><strong>\u00abHuy como llora. Este ni\u00f1o tiene hambre\/sue\u00f1o\/fr\u00edo\u00bb.<\/strong><\/span><\/li>\n<\/ul>\n<p>Como hemos dicho, los beb\u00e9s lloran por todo. No saben decirnos: \u00abEy, que me pica el pie\u00bb, as\u00ed que lloran. Cuando tu beb\u00e9 tiene unos cuantos d\u00edas tienes que aprender el significado de cada llanto <del>y no, <a href=\"http:\/\/www.bebesymas.com\/compras-para-mamas-y-papas\/traductor-del-llanto-del-bebe-para-el-iphone\" target=\"_blank\" target=\"_blank\">no hace falta una m\u00e1quina para interpretarlo para nada<\/a><\/del>, pero m\u00e1s pronto que tarde acabas por pillarle el punto. Salvo cuando lloran y no tienes ni la m\u00e1s remota idea de lo que le pasa, que alguna vez sucede. Pero, en serio, <strong>un desconocido nunca jam\u00e1s, <em>never, mais,<\/em> va a saber mejor que t\u00fa qu\u00e9 le pasa a tu beb\u00e9<\/strong>.<\/p>\n<figure id=\"attachment_59221\" aria-describedby=\"caption-attachment-59221\" style=\"width: 500px\" class=\"wp-caption aligncenter\"><img loading=\"lazy\" decoding=\"async\" class=\"size-full wp-image-59221\" src=\"https:\/\/graziamagazine.com\/es\/wp-content\/uploads\/sites\/12\/2015\/11\/19201405\/09-consejos-no-solicitados.gif\" alt=\"&quot;El gato tambi\u00e9n sabe lo que el ni\u00f1o necesita&quot;.\" width=\"500\" height=\"281\" \/><figcaption id=\"caption-attachment-59221\" class=\"wp-caption-text\">\u00abEl gato tambi\u00e9n sabe lo que el ni\u00f1o necesita\u00bb.<\/figcaption><\/figure>\n<ul>\n<li><span style=\"text-decoration: underline;\"><strong>\u00ab\u00bfY todav\u00eda toma teta?\/\u00bfC\u00f3mo es que le das biber\u00f3n?\u00bb<\/strong><\/span><\/li>\n<\/ul>\n<p>La lactancia es el otro tema estrella de la infancia. Todo el mundo se cree con derecho a opinar, sobre \u00abenvase\u00bb y \u00abduraci\u00f3n\u00bb. <a href=\"https:\/\/instagram.com\/p\/75w2cshz-J\/?taken-by=cocorocha\" target=\"_blank\" target=\"_blank\">Coco Rocha recibi\u00f3 infinidad de cr\u00edticas en Instagram por darle el biber\u00f3n a su beb\u00e9<\/a>. Otras mujeres en cambio <a href=\"http:\/\/www.huffingtonpost.es\/2013\/08\/23\/tetada-madres-amamantar-primark_n_3805094.html\" target=\"_blank\" target=\"_blank\">han sido expulsadas de establecimientos comerciales por dar el pecho a sus hijos en p\u00fablico<\/a>. <a href=\"http:\/\/www.maternidadcontinuum.com\" target=\"_blank\" target=\"_blank\">Pilar Mart\u00ednez<\/a>, farmac\u00e9utica y formadora de asesores de lactancia explica:\u00a0\u00abLa lactancia es un asunto personal de cada mujer. Evidentemente yo defiendo el hecho de que la leche materna es mejor, pero nuestra labor no puede ser imponerlo a nadie, sino escuchar, asesorar y ayudar a quienes s\u00ed que quieren dar el pecho y encuentran dificultades. Nunca nos podemos entrometer, ni hacer sentir culpable a nadie. <strong>Que bastante tenemos las mujeres con lo que tenemos como para a\u00f1adir una presi\u00f3n extra<\/strong>\u00ab.<\/p>\n<p>Dar el pecho o el biber\u00f3n <a href=\"http:\/\/verne.elpais.com\/verne\/2015\/10\/25\/articulo\/1445796516_851655.html\" target=\"_blank\" target=\"_blank\">como explic\u00f3 recientemente Jaione Yabar<\/a>, no te hace mejor o peor madre. Olv\u00eddate. \u00a1Anda que no hay cosas que marcar\u00e1n la diferencia como para discutir por esto!<\/p>\n<figure id=\"attachment_59222\" aria-describedby=\"caption-attachment-59222\" style=\"width: 320px\" class=\"wp-caption aligncenter\"><img loading=\"lazy\" decoding=\"async\" class=\"size-full wp-image-59222\" src=\"https:\/\/graziamagazine.com\/es\/wp-content\/uploads\/sites\/12\/2015\/11\/19201411\/10-consejos-no-solicitados.gif\" alt=\"&quot;Bueno, a m\u00ed no me importa&quot;.\" width=\"320\" height=\"214\" \/><figcaption id=\"caption-attachment-59222\" class=\"wp-caption-text\">\u00abBueno, a m\u00ed no me importa\u00bb.<\/figcaption><\/figure>\n<p>En definitiva, <strong>querida madre que me lees: t\u00fa eres la maestra jedi de tu casa<\/strong>. Nadie sabe mejor que t\u00fa lo que quiere tu peque, nadie conoce sus necesidades y las tuyas mejor. No eres una adolescente destalentada y <strong>tienes la poderosa fuerza de tu instinto.<\/strong> Eso s\u00ed, que la fuerza te acompa\u00f1e.<\/p>\n<blockquote><p>T\u00fa eres la maestra jedi de tu casa:\u00a0tienes la poderosa fuerza de tu instinto.<\/p><\/blockquote>\n<figure id=\"attachment_59223\" aria-describedby=\"caption-attachment-59223\" style=\"width: 500px\" class=\"wp-caption aligncenter\"><img loading=\"lazy\" decoding=\"async\" class=\"size-full wp-image-59223\" src=\"https:\/\/graziamagazine.com\/es\/wp-content\/uploads\/sites\/12\/2015\/11\/19201417\/11-consejos-no-solicitados.gif\" alt=\"&quot;\u00c1nimo majeta, que de opin\u00f3logos est\u00e1 el mundo lleno&quot;.\" width=\"500\" height=\"213\" \/><figcaption id=\"caption-attachment-59223\" class=\"wp-caption-text\">\u00ab\u00c1nimo majeta, que de opin\u00f3logos est\u00e1 el mundo lleno\u00bb.<\/figcaption><\/figure>\n<p><iframe loading=\"lazy\" style=\"border: none; overflow: hidden; height: 258px;\" src=\"\/\/www.facebook.com\/plugins\/likebox.php?href=https%3A%2F%2Fwww.facebook.com%2Fgraziaespana&amp;width&amp;height=258&amp;colorscheme=light&amp;show_faces=true&amp;header=false&amp;stream=false&amp;show_border=false&amp;appId=349017955267591\" width=\"300\" height=\"150\" frameborder=\"0\" scrolling=\"no\"><\/iframe><\/p>\n","protected":false},"author":22777,"featured_media":0,"template":"","format":"standard","categories":[18,21],"acf":[],"yoast_head":"<!-- This site is optimized with the Yoast SEO Premium plugin v18.5 (Yoast SEO v20.4) - https:\/\/yoast.com\/wordpress\/plugins\/seo\/ -->\n<title>Consejos maternos no solicitados | Grazia<\/title>\n<meta name=\"description\" content=\"Cuando tengas a tu beb\u00e9 no sabr\u00e1s nada de nada. Dejar\u00e1s de ser adulta para el mundo que se ver\u00e1 en la necesidad de opinar sobre lo que tienes qu\u00e9 hacer.\" \/>\n<meta name=\"robots\" content=\"index, follow, max-snippet:-1, max-image-preview:large, max-video-preview:-1\" \/>\n<link rel=\"canonical\" href=\"https:\/\/graziamagazine.com\/es\/articles\/consejos-maternos-no-solicitados\/\" \/>\n<meta property=\"og:locale\" content=\"es_ES\" \/>\n<meta property=\"og:type\" content=\"article\" \/>\n<meta property=\"og:title\" content=\"Consejos maternos no solicitados\" \/>\n<meta property=\"og:description\" content=\"Cuando tengas a tu beb\u00e9 no sabr\u00e1s nada de nada. Dejar\u00e1s de ser adulta para el mundo que se ver\u00e1 en la necesidad de opinar sobre lo que tienes qu\u00e9 hacer.\" \/>\n<meta property=\"og:url\" content=\"https:\/\/graziamagazine.com\/es\/articles\/consejos-maternos-no-solicitados\/\" \/>\n<meta property=\"og:site_name\" content=\"Grazia\" \/>\n<meta property=\"article:modified_time\" content=\"2015-11-21T11:06:48+00:00\" \/>\n<meta property=\"og:image\" content=\"https:\/\/graziamagazine.com\/es\/wp-content\/uploads\/sites\/12\/2015\/11\/19201420\/consejos-no-solicitados-01.jpg\" \/>\n<meta name=\"twitter:card\" content=\"summary_large_image\" \/>\n<meta name=\"twitter:label1\" content=\"Est. reading time\" \/>\n\t<meta name=\"twitter:data1\" content=\"12 minutos\" \/>\n<script type=\"application\/ld+json\" class=\"yoast-schema-graph\">{\"@context\":\"https:\/\/schema.org\",\"@graph\":[{\"@type\":\"WebPage\",\"@id\":\"https:\/\/graziamagazine.com\/es\/articles\/consejos-maternos-no-solicitados\/\",\"url\":\"https:\/\/graziamagazine.com\/es\/articles\/consejos-maternos-no-solicitados\/\",\"name\":\"Consejos maternos no solicitados | Grazia\",\"isPartOf\":{\"@id\":\"https:\/\/graziamagazine.com\/es\/#website\"},\"datePublished\":\"2015-11-22T11:06:36+00:00\",\"dateModified\":\"2015-11-21T11:06:48+00:00\",\"description\":\"Cuando tengas a tu beb\u00e9 no sabr\u00e1s nada de nada. Dejar\u00e1s de ser adulta para el mundo que se ver\u00e1 en la necesidad de opinar sobre lo que tienes qu\u00e9 hacer.\",\"breadcrumb\":{\"@id\":\"https:\/\/graziamagazine.com\/es\/articles\/consejos-maternos-no-solicitados\/#breadcrumb\"},\"inLanguage\":\"es\",\"potentialAction\":[{\"@type\":\"ReadAction\",\"target\":[\"https:\/\/graziamagazine.com\/es\/articles\/consejos-maternos-no-solicitados\/\"]}]},{\"@type\":\"BreadcrumbList\",\"@id\":\"https:\/\/graziamagazine.com\/es\/articles\/consejos-maternos-no-solicitados\/#breadcrumb\",\"itemListElement\":[{\"@type\":\"ListItem\",\"position\":1,\"name\":\"Portada\",\"item\":\"https:\/\/graziamagazine.com\/es\/\"},{\"@type\":\"ListItem\",\"position\":2,\"name\":\"Consejos maternos no solicitados\"}]},{\"@type\":\"WebSite\",\"@id\":\"https:\/\/graziamagazine.com\/es\/#website\",\"url\":\"https:\/\/graziamagazine.com\/es\/\",\"name\":\"Grazia\",\"description\":\"Moda, belleza, celebrities, estilo de vida...\",\"potentialAction\":[{\"@type\":\"SearchAction\",\"target\":{\"@type\":\"EntryPoint\",\"urlTemplate\":\"https:\/\/graziamagazine.com\/es\/?s={search_term_string}\"},\"query-input\":\"required name=search_term_string\"}],\"inLanguage\":\"es\"}]}<\/script>\n<!-- \/ Yoast SEO Premium plugin. -->","yoast_head_json":{"title":"Consejos maternos no solicitados | Grazia","description":"Cuando tengas a tu beb\u00e9 no sabr\u00e1s nada de nada. Dejar\u00e1s de ser adulta para el mundo que se ver\u00e1 en la necesidad de opinar sobre lo que tienes qu\u00e9 hacer.","robots":{"index":"index","follow":"follow","max-snippet":"max-snippet:-1","max-image-preview":"max-image-preview:large","max-video-preview":"max-video-preview:-1"},"canonical":"https:\/\/graziamagazine.com\/es\/articles\/consejos-maternos-no-solicitados\/","og_locale":"es_ES","og_type":"article","og_title":"Consejos maternos no solicitados","og_description":"Cuando tengas a tu beb\u00e9 no sabr\u00e1s nada de nada. Dejar\u00e1s de ser adulta para el mundo que se ver\u00e1 en la necesidad de opinar sobre lo que tienes qu\u00e9 hacer.","og_url":"https:\/\/graziamagazine.com\/es\/articles\/consejos-maternos-no-solicitados\/","og_site_name":"Grazia","article_modified_time":"2015-11-21T11:06:48+00:00","og_image":[{"url":"https:\/\/graziamagazine.com\/es\/wp-content\/uploads\/sites\/12\/2015\/11\/19201420\/consejos-no-solicitados-01.jpg"}],"twitter_card":"summary_large_image","twitter_misc":{"Est. reading time":"12 minutos"},"schema":{"@context":"https:\/\/schema.org","@graph":[{"@type":"WebPage","@id":"https:\/\/graziamagazine.com\/es\/articles\/consejos-maternos-no-solicitados\/","url":"https:\/\/graziamagazine.com\/es\/articles\/consejos-maternos-no-solicitados\/","name":"Consejos maternos no solicitados | Grazia","isPartOf":{"@id":"https:\/\/graziamagazine.com\/es\/#website"},"datePublished":"2015-11-22T11:06:36+00:00","dateModified":"2015-11-21T11:06:48+00:00","description":"Cuando tengas a tu beb\u00e9 no sabr\u00e1s nada de nada. Dejar\u00e1s de ser adulta para el mundo que se ver\u00e1 en la necesidad de opinar sobre lo que tienes qu\u00e9 hacer.","breadcrumb":{"@id":"https:\/\/graziamagazine.com\/es\/articles\/consejos-maternos-no-solicitados\/#breadcrumb"},"inLanguage":"es","potentialAction":[{"@type":"ReadAction","target":["https:\/\/graziamagazine.com\/es\/articles\/consejos-maternos-no-solicitados\/"]}]},{"@type":"BreadcrumbList","@id":"https:\/\/graziamagazine.com\/es\/articles\/consejos-maternos-no-solicitados\/#breadcrumb","itemListElement":[{"@type":"ListItem","position":1,"name":"Portada","item":"https:\/\/graziamagazine.com\/es\/"},{"@type":"ListItem","position":2,"name":"Consejos maternos no solicitados"}]},{"@type":"WebSite","@id":"https:\/\/graziamagazine.com\/es\/#website","url":"https:\/\/graziamagazine.com\/es\/","name":"Grazia","description":"Moda, belleza, celebrities, estilo de vida...","potentialAction":[{"@type":"SearchAction","target":{"@type":"EntryPoint","urlTemplate":"https:\/\/graziamagazine.com\/es\/?s={search_term_string}"},"query-input":"required name=search_term_string"}],"inLanguage":"es"}]}},"jetpack_sharing_enabled":true,"distributor_meta":false,"distributor_terms":false,"distributor_media":false,"distributor_original_site_name":"Grazia","distributor_original_site_url":"https:\/\/graziamagazine.com\/es","push-errors":false,"_links":{"self":[{"href":"https:\/\/graziamagazine.com\/es\/wp-json\/wp\/v2\/articles\/59210"}],"collection":[{"href":"https:\/\/graziamagazine.com\/es\/wp-json\/wp\/v2\/articles"}],"about":[{"href":"https:\/\/graziamagazine.com\/es\/wp-json\/wp\/v2\/types\/articles"}],"author":[{"embeddable":true,"href":"https:\/\/graziamagazine.com\/es\/wp-json\/wp\/v2\/users\/22777"}],"wp:attachment":[{"href":"https:\/\/graziamagazine.com\/es\/wp-json\/wp\/v2\/media?parent=59210"}],"wp:term":[{"taxonomy":"category","embeddable":true,"href":"https:\/\/graziamagazine.com\/es\/wp-json\/wp\/v2\/categories?post=59210"}],"curies":[{"name":"wp","href":"https:\/\/api.w.org\/{rel}","templated":true}]}}