{"id":59114,"date":"2015-11-19T12:46:23","date_gmt":"2015-11-19T11:46:23","guid":{"rendered":"https:\/\/graziamagazine.com\/es\/?p=59114"},"modified":"2015-11-30T10:41:24","modified_gmt":"2015-11-30T09:41:24","slug":"mercadillos-para-adelantarse-a-las-compras-navidenas","status":"publish","type":"articles","link":"https:\/\/graziamagazine.com\/es\/articles\/mercadillos-para-adelantarse-a-las-compras-navidenas\/","title":{"rendered":"Mercadillos para adelantarse a las compras navide\u00f1as"},"content":{"rendered":"<p>Los esp\u00edritus navide\u00f1os m\u00e1s precavidos estar\u00e1n empezando ya a maquinar su <em>planning<\/em> festivo: <strong>qu\u00e9 hacer, qu\u00e9 ponerse en Nochevieja <del>no lo negu\u00e9is, esto nos afecta a todos<\/del> y, sobre todo, qu\u00e9 regalar a qui\u00e9n.<\/strong><\/p>\n<p><img loading=\"lazy\" decoding=\"async\" class=\"aligncenter size-full wp-image-59159\" src=\"https:\/\/graziamagazine.com\/es\/wp-content\/uploads\/sites\/12\/2015\/11\/19112447\/giphy.gif\" alt=\"giphy\" width=\"400\" height=\"225\" \/><\/p>\n<p>&nbsp;<\/p>\n<p>Este asunto es delicado y s\u00ed, quedar\u00eda feo que volvieras a envolver\u00a0los mismos calcetines para tu cu\u00f1ado y el en\u00e9simo\u00a0sacacorchos para tu santo padre. \u00bfEntonces, qu\u00e9? \u00bfTe vas a matar Zara arriba, Zara abajo buscando una maldita camisa que pueda gustarles? No necesariamente. Las opciones no son pocas: desde algo especial y hecho a mano (<a href=\"http:\/\/www.daretodiy.com\" target=\"_blank\" target=\"_blank\">la fiebre DIY<\/a> ayuda mucho en este sentido) hasta un detalle original que no nadie\u00a0espere. \u00bfQue d\u00f3nde vas a encontrar t\u00fa de eso? F\u00e1cil: cada vez son m\u00e1s los mercadillos navide\u00f1os que inundan las ciudades en las semanas previas al 25 de diciembre con cientos de opciones para hacer el regalo perfecto (y adaptado a tu bolsillo).<\/p>\n<p>Estos son algunos de los que\u00a0que encontrar\u00e1s este fin de semana en Madrid. \u00a1Apunta!<\/p>\n<figure id=\"attachment_59161\" aria-describedby=\"caption-attachment-59161\" style=\"width: 785px\" class=\"wp-caption aligncenter\"><img loading=\"lazy\" decoding=\"async\" class=\"size-full wp-image-59161\" src=\"https:\/\/graziamagazine.com\/es\/wp-content\/uploads\/sites\/12\/2015\/11\/19114602\/1_mercadillos.jpg\" alt=\"\u00a9 Fotograma de 'La mujer del predicador' (1996). \" width=\"785\" height=\"480\" \/><figcaption id=\"caption-attachment-59161\" class=\"wp-caption-text\">\u00a9 Fotograma de &#8216;La mujer del predicador&#8217; (1996).<\/figcaption><\/figure>\n<p><strong>1. THE HOVSE<\/strong><br \/>\n<span style=\"text-decoration: underline;\">D\u00f3nde:<\/span> en General Arrando, 40.<br \/>\n<span style=\"text-decoration: underline;\">Hasta cu\u00e1ndo:<\/span> desde el 21 de noviembre y hasta el 24 de diciembre, todos los d\u00edas de la semana de 11 a 21 horas.<\/p>\n<p><em>The Hovse<\/em> es la casa en la que te gustar\u00eda vivir. Tres pisos en pleno centro de Madrid que parecen reci\u00e9n sacados de Pinterest y que, por tercer\u00a0a\u00f1o consecutivo, prometen alzarse como\u00a0los m\u00e1s transitados de la ciudad. Tras el \u00e9xito de la edici\u00f3n de 2014, muchas marcas repiten como inquilinos (como Mr.Wonderful, Ouibyou o Mr. Boho) \u00a0y otras se adentran de primeras en la aventura, siendo m\u00e1s de 60 firmas en total.<\/p>\n<p>\u00bfEl plan perfecto? Subir a su (maravillosa) terraza y devorar una hamburguesa en Meat antes lanzarse a las compras.<\/p>\n<p>M\u00e1s informaci\u00f3n, <a href=\"http:\/\/www.thehovse.es\" target=\"_blank\" target=\"_blank\">en su web<\/a>.<\/p>\n<figure id=\"attachment_59118\" aria-describedby=\"caption-attachment-59118\" style=\"width: 785px\" class=\"wp-caption aligncenter\"><img loading=\"lazy\" decoding=\"async\" class=\"size-full wp-image-59118\" src=\"https:\/\/graziamagazine.com\/es\/wp-content\/uploads\/sites\/12\/2015\/11\/18164827\/1_THEHOVSE.jpg\" alt=\"\u00a9 The Hovse\" width=\"785\" height=\"480\" \/><figcaption id=\"caption-attachment-59118\" class=\"wp-caption-text\">Algunas im\u00e1genes de la pasada edici\u00f3n de The Hovse, tres pisos en los que querr\u00e1s quedarte a vivir&#8230; \u00a9 The Hovse<\/figcaption><\/figure>\n<p><strong>2. SLOW REVOLUTION, by Federica &amp; Co.\u00a0<\/strong><br \/>\n<span style=\"text-decoration: underline;\">D\u00f3nde:<\/span> en N\u00fa\u00f1ez de Balboa, 24.<br \/>\n<span style=\"text-decoration: underline;\">Hasta cu\u00e1ndo:<\/span> ya est\u00e1 en marcha, hasta el 5 de enero por la noche, para los m\u00e1s rezagados. Su horario es de L-S de 11 a 21 horas; domingos de 11 a 15 horas.<\/p>\n<p>Jam\u00e1s creer\u00edas encontrar un espacio como este en pleno Barrio de Salamanca, nada m\u00e1s dejar atr\u00e1s la calle Goya para entrar en N\u00fa\u00f1ez de Balboa. Se trata de una nave industrial ba\u00f1ada Navidad de arriba abajo de Navidad donde se venden desde pinos para decorar hasta bizcochos caseros (cortes\u00eda -deliciosa- de Un bizcocho para\u00a0Teo). Adem\u00e1s, ideas de regalos en forma de decoraci\u00f3n, kraft, moda (Kolonaki), los calcetines originales de Hop Shocks o las joyitas-tesoro de Small Affaire.<\/p>\n<p>Organizado por la ya m\u00edtica <a href=\"https:\/\/www.instagram.com\/federicaandco\/\" target=\"_blank\" target=\"_blank\">Federica &amp; Co<\/a>. (cuyo espacio era un imprescindible en la Navidad madrile\u00f1a), sabe atraer tambi\u00e9n a los <em>foodies<\/em>: el chef Matteo de Filippo prepara all\u00ed mismo sus mejores recetas italianas; para muchos, las mejores de la capital. No hace falta decir m\u00e1s.<\/p>\n<figure id=\"attachment_59117\" aria-describedby=\"caption-attachment-59117\" style=\"width: 785px\" class=\"wp-caption aligncenter\"><img loading=\"lazy\" decoding=\"async\" class=\"size-full wp-image-59117\" src=\"https:\/\/graziamagazine.com\/es\/wp-content\/uploads\/sites\/12\/2015\/11\/18164823\/2_SLOWREV.jpg\" alt=\"Esp\u00edritu navide\u00f1o en cada esquina, de ese que desbordan las pel\u00edculas americanas... \u00a9 Instagram #slowrevolution\" width=\"785\" height=\"480\" \/><figcaption id=\"caption-attachment-59117\" class=\"wp-caption-text\">Esp\u00edritu navide\u00f1o en cada esquina, de ese que desbordan las pel\u00edculas americanas&#8230; \u00a9 Instagram #slowrevolution<\/figcaption><\/figure>\n<p><strong>3. MODA SHOPPING VINTAGE<\/strong><br \/>\n<span style=\"text-decoration: underline;\">D\u00f3nde:<\/span> en el C.C. Moda Shopping, Avda. del General Per\u00f3n, 40.<br \/>\n<span style=\"text-decoration: underline;\">Hasta cu\u00e1ndo: <\/span>solo este fin de semana, del 19 al 22 de noviembre. Con horario de 10 a 21 horas y, el domingo, de 11 a 20.<\/p>\n<p>Un capricho <em>vintage<\/em> con descuento de vez en cuando no hace da\u00f1o a nadie, sobre todo cuando tienes que hacer el regalo del amigo invisible a esa amiga tuya amante de la moda y del llenar su armario con tesoros. Durante este fin de semana, en el Centro Comercial Moda Shopping, en plena Castellana, encontrar\u00e1s diversos <em>stands<\/em> en los que buscar (y encontrar) reliquias <em>vintage<\/em> firmadas por\u00a0Loewe, Christian Dior, Pertegaz o Valentino.<\/p>\n<figure id=\"attachment_59116\" aria-describedby=\"caption-attachment-59116\" style=\"width: 550px\" class=\"wp-caption aligncenter\"><img loading=\"lazy\" decoding=\"async\" class=\"size-full wp-image-59116\" src=\"https:\/\/graziamagazine.com\/es\/wp-content\/uploads\/sites\/12\/2015\/11\/18164816\/4_MODASHOPPING.jpg\" alt=\"\u00a9 Moda Shopping\" width=\"550\" height=\"769\" \/><figcaption id=\"caption-attachment-59116\" class=\"wp-caption-text\">\u00a9 Moda Shopping<\/figcaption><\/figure>\n<p><strong>4. RECOOL<\/strong><br \/>\n<span style=\"text-decoration: underline;\">D\u00f3nde:<\/span><em> en C\/ Maldonado, 37.<\/em><br \/>\n<span style=\"text-decoration: underline;\">Hasta cu\u00e1ndo:<\/span> del 17 al 21 de noviembre, con horario de 11 a 20.30 horas.<\/p>\n<p>Desde el d\u00eda 17 y hasta este s\u00e1bado, el espacio Maquis &amp; Co. acoger\u00e1 el Pop-Up Recool, donde podr\u00e1s encontrar piezas exclusivas de marcas de lujo a precios asequibles. Se trata de una venta de art\u00edculos de segunda mano (todos ellos restaurados y en perfecto estado) de firmas como Louis Vuitton, Chanel, Loewe, Gucci o Herm\u00e8s. \u00bfHace cu\u00e1nto que no te haces un autoregalazo\u00a0por Navidad?<\/p>\n<p>&nbsp;<\/p>\n<p><strong>5. VENTA ESPECIAL ISABEL MARANT<\/strong><br \/>\n<span style=\"text-decoration: underline;\">D\u00f3nde: <\/span>en C\/Pelayo, 52.<br \/>\n<span style=\"text-decoration: underline;\">Hasta cu\u00e1ndo:<\/span> empez\u00f3 a principios de semana y estar\u00e1 en la capital\u00a0hasta el s\u00e1bado 21, de 11 a 21 horas.<\/p>\n<p>No s\u00e9 a vosotros, pero a la que escribe\u00a0le entra la risa tonta solo de pensar en poder hacerse con un b\u00e1sico de la dise\u00f1adora francesa. El <em>qu\u00e9 se yo<\/em> parisino -versi\u00f3n textil- se ha asentado en Madrid durante unos d\u00edas en forma de Pop-Up y con descuentos de locos. Un abrigazo, unos pantalones pitillo (de esos que sientan a las mil maravillas), un jersey gustosito apellidado Marant&#8230; el presente\u00a0perfecto si eres de las que disfruta regalando(se) ropa.<\/p>\n<figure id=\"attachment_59119\" aria-describedby=\"caption-attachment-59119\" style=\"width: 454px\" class=\"wp-caption aligncenter\"><img loading=\"lazy\" decoding=\"async\" class=\"size-full wp-image-59119\" src=\"https:\/\/graziamagazine.com\/es\/wp-content\/uploads\/sites\/12\/2015\/11\/18164835\/3_ISABELMARANT.png\" alt=\"B\u00e1sicos de Marant con descuento? \u00a1S\u00ed, gracias! \u00a9 Instagram @betterpopups\" width=\"454\" height=\"600\" \/><figcaption id=\"caption-attachment-59119\" class=\"wp-caption-text\">\u00bfB\u00e1sicos de Marant con descuento? \u00a1S\u00ed, gracias! \u00a9 Instagram @betterpopups<\/figcaption><\/figure>\n<p><strong>6. CIENTO Y PICO MARKET<\/strong><br \/>\nD\u00f3nde: C\/ Velarde, 14.<br \/>\n<span style=\"text-decoration: underline;\">Hasta cu\u00e1ndo:<\/span> 20 (de 17 a 22 horas), 21 (de 12 a 22 horas) y 22 de noviembre (de 12 a 20 horas).<\/p>\n<p>El coraz\u00f3n de Malasa\u00f1a latir\u00e1 fuerte este fin de semana, sobre todo en el 14 de la calle Velarde, donde el local con &#8216;ciento y pico&#8217; a\u00f1os de historia acoger\u00e1 piezas de moda, arte y decoraci\u00f3n de 16 dise\u00f1adores patrios. La ocasi\u00f3n perfecta para conocer nuevas firmas, encontrar alg\u00fan que otro tesoro y brindar con cerveza Bravante. \u00a1Bendito fin de semana!<\/p>\n<figure id=\"attachment_59154\" aria-describedby=\"caption-attachment-59154\" style=\"width: 550px\" class=\"wp-caption aligncenter\"><img loading=\"lazy\" decoding=\"async\" class=\"size-full wp-image-59154\" src=\"https:\/\/graziamagazine.com\/es\/wp-content\/uploads\/sites\/12\/2015\/11\/19104418\/3_CIENTOYPICO.jpg\" alt=\"\u00a9 Facebook 'Ciento y Pico Market'. \" width=\"550\" height=\"772\" \/><figcaption id=\"caption-attachment-59154\" class=\"wp-caption-text\">\u00a9 Facebook &#8216;Ciento y Pico Market&#8217;.<\/figcaption><\/figure>\n<p><strong>7. ADELITA MARKET<\/strong><br \/>\n<span style=\"text-decoration: underline;\">D\u00f3nde:<\/span> Plaza del Dos de Mayo<br \/>\n<span style=\"text-decoration: underline;\">Hasta cu\u00e1ndo:<\/span> solo el s\u00e1bado 21 de noviembre, de 11 de la ma\u00f1ana a 20 horas.<\/p>\n<p>Se trata de hacer que la rueda siga girando, que las cosas que ya no utilizamos\u00a0lleguen a otras personas y de no tirar nada. En Adelita Market podr\u00e1s tanto comprar como vender (solicitando previamente tu puesto, eso s\u00ed); un mercadillo de segunda mano que es ya todo un cl\u00e1sico en la ciudad. Tiger &amp; Milk se encargar\u00e1n de poner ritmo a la jornada con m\u00fasica en directo.<\/p>\n<p>M\u00e1s informaci\u00f3n <a href=\"http:\/\/adelitamadrid.blogspot.com.es\/p\/adelita-market.html\" target=\"_blank\" target=\"_blank\">en su blog<\/a>.<\/p>\n<p><iframe loading=\"lazy\" style=\"border: none; overflow: hidden; height: 258px;\" src=\"\/\/www.facebook.com\/plugins\/likebox.php?href=https%3A%2F%2Fwww.facebook.com%2Fgraziaespana&amp;width&amp;height=258&amp;colorscheme=light&amp;show_faces=true&amp;header=false&amp;stream=false&amp;show_border=false&amp;appId=349017955267591\" width=\"300\" height=\"150\" frameborder=\"0\" scrolling=\"no\"><\/iframe><\/p>\n","protected":false},"author":14080,"featured_media":0,"template":"","format":"standard","categories":[19,18],"acf":[],"yoast_head":"<!-- This site is optimized with the Yoast SEO Premium plugin v18.5 (Yoast SEO v20.4) - https:\/\/yoast.com\/wordpress\/plugins\/seo\/ -->\n<title>Mercadillos para adelantarse a las compras navide\u00f1as | Grazia<\/title>\n<meta name=\"description\" content=\"\u2018Ese momento del a\u00f1o\u2019 ya ha llegado y cada vez son m\u00e1s las ventas especiales previas a las fiestas. No te pierdas las opciones en la capital para este fin de semana.\" \/>\n<meta name=\"robots\" content=\"index, follow, max-snippet:-1, max-image-preview:large, max-video-preview:-1\" \/>\n<link rel=\"canonical\" href=\"https:\/\/graziamagazine.com\/es\/articles\/mercadillos-para-adelantarse-a-las-compras-navidenas\/\" \/>\n<meta property=\"og:locale\" content=\"es_ES\" \/>\n<meta property=\"og:type\" content=\"article\" \/>\n<meta property=\"og:title\" content=\"Mercadillos para adelantarse a las compras navide\u00f1as\" \/>\n<meta property=\"og:description\" content=\"\u2018Ese momento del a\u00f1o\u2019 ya ha llegado y cada vez son m\u00e1s las ventas especiales previas a las fiestas. No te pierdas las opciones en la capital para este fin de semana.\" \/>\n<meta property=\"og:url\" content=\"https:\/\/graziamagazine.com\/es\/articles\/mercadillos-para-adelantarse-a-las-compras-navidenas\/\" \/>\n<meta property=\"og:site_name\" content=\"Grazia\" \/>\n<meta property=\"article:modified_time\" content=\"2015-11-30T09:41:24+00:00\" \/>\n<meta property=\"og:image\" content=\"https:\/\/graziamagazine.com\/es\/wp-content\/uploads\/sites\/12\/2015\/11\/18182142\/cover1_mercadillos.jpg?fit=785%2C480\" \/>\n\t<meta property=\"og:image:width\" content=\"785\" \/>\n\t<meta property=\"og:image:height\" content=\"480\" \/>\n\t<meta property=\"og:image:type\" content=\"image\/jpeg\" \/>\n<meta name=\"twitter:card\" content=\"summary_large_image\" \/>\n<meta name=\"twitter:label1\" content=\"Est. reading time\" \/>\n\t<meta name=\"twitter:data1\" content=\"6 minutos\" \/>\n<script type=\"application\/ld+json\" class=\"yoast-schema-graph\">{\"@context\":\"https:\/\/schema.org\",\"@graph\":[{\"@type\":\"WebPage\",\"@id\":\"https:\/\/graziamagazine.com\/es\/articles\/mercadillos-para-adelantarse-a-las-compras-navidenas\/\",\"url\":\"https:\/\/graziamagazine.com\/es\/articles\/mercadillos-para-adelantarse-a-las-compras-navidenas\/\",\"name\":\"Mercadillos para adelantarse a las compras navide\u00f1as | Grazia\",\"isPartOf\":{\"@id\":\"https:\/\/graziamagazine.com\/es\/#website\"},\"datePublished\":\"2015-11-19T11:46:23+00:00\",\"dateModified\":\"2015-11-30T09:41:24+00:00\",\"description\":\"\u2018Ese momento del a\u00f1o\u2019 ya ha llegado y cada vez son m\u00e1s las ventas especiales previas a las fiestas. No te pierdas las opciones en la capital para este fin de semana.\",\"breadcrumb\":{\"@id\":\"https:\/\/graziamagazine.com\/es\/articles\/mercadillos-para-adelantarse-a-las-compras-navidenas\/#breadcrumb\"},\"inLanguage\":\"es\",\"potentialAction\":[{\"@type\":\"ReadAction\",\"target\":[\"https:\/\/graziamagazine.com\/es\/articles\/mercadillos-para-adelantarse-a-las-compras-navidenas\/\"]}]},{\"@type\":\"BreadcrumbList\",\"@id\":\"https:\/\/graziamagazine.com\/es\/articles\/mercadillos-para-adelantarse-a-las-compras-navidenas\/#breadcrumb\",\"itemListElement\":[{\"@type\":\"ListItem\",\"position\":1,\"name\":\"Portada\",\"item\":\"https:\/\/graziamagazine.com\/es\/\"},{\"@type\":\"ListItem\",\"position\":2,\"name\":\"Mercadillos para adelantarse a las compras navide\u00f1as\"}]},{\"@type\":\"WebSite\",\"@id\":\"https:\/\/graziamagazine.com\/es\/#website\",\"url\":\"https:\/\/graziamagazine.com\/es\/\",\"name\":\"Grazia\",\"description\":\"Moda, belleza, celebrities, estilo de vida...\",\"potentialAction\":[{\"@type\":\"SearchAction\",\"target\":{\"@type\":\"EntryPoint\",\"urlTemplate\":\"https:\/\/graziamagazine.com\/es\/?s={search_term_string}\"},\"query-input\":\"required name=search_term_string\"}],\"inLanguage\":\"es\"}]}<\/script>\n<!-- \/ Yoast SEO Premium plugin. -->","yoast_head_json":{"title":"Mercadillos para adelantarse a las compras navide\u00f1as | Grazia","description":"\u2018Ese momento del a\u00f1o\u2019 ya ha llegado y cada vez son m\u00e1s las ventas especiales previas a las fiestas. No te pierdas las opciones en la capital para este fin de semana.","robots":{"index":"index","follow":"follow","max-snippet":"max-snippet:-1","max-image-preview":"max-image-preview:large","max-video-preview":"max-video-preview:-1"},"canonical":"https:\/\/graziamagazine.com\/es\/articles\/mercadillos-para-adelantarse-a-las-compras-navidenas\/","og_locale":"es_ES","og_type":"article","og_title":"Mercadillos para adelantarse a las compras navide\u00f1as","og_description":"\u2018Ese momento del a\u00f1o\u2019 ya ha llegado y cada vez son m\u00e1s las ventas especiales previas a las fiestas. No te pierdas las opciones en la capital para este fin de semana.","og_url":"https:\/\/graziamagazine.com\/es\/articles\/mercadillos-para-adelantarse-a-las-compras-navidenas\/","og_site_name":"Grazia","article_modified_time":"2015-11-30T09:41:24+00:00","og_image":[{"width":785,"height":480,"url":"https:\/\/graziamagazine.com\/es\/wp-content\/uploads\/sites\/12\/2015\/11\/18182142\/cover1_mercadillos.jpg?fit=785%2C480","type":"image\/jpeg"}],"twitter_card":"summary_large_image","twitter_misc":{"Est. reading time":"6 minutos"},"schema":{"@context":"https:\/\/schema.org","@graph":[{"@type":"WebPage","@id":"https:\/\/graziamagazine.com\/es\/articles\/mercadillos-para-adelantarse-a-las-compras-navidenas\/","url":"https:\/\/graziamagazine.com\/es\/articles\/mercadillos-para-adelantarse-a-las-compras-navidenas\/","name":"Mercadillos para adelantarse a las compras navide\u00f1as | Grazia","isPartOf":{"@id":"https:\/\/graziamagazine.com\/es\/#website"},"datePublished":"2015-11-19T11:46:23+00:00","dateModified":"2015-11-30T09:41:24+00:00","description":"\u2018Ese momento del a\u00f1o\u2019 ya ha llegado y cada vez son m\u00e1s las ventas especiales previas a las fiestas. No te pierdas las opciones en la capital para este fin de semana.","breadcrumb":{"@id":"https:\/\/graziamagazine.com\/es\/articles\/mercadillos-para-adelantarse-a-las-compras-navidenas\/#breadcrumb"},"inLanguage":"es","potentialAction":[{"@type":"ReadAction","target":["https:\/\/graziamagazine.com\/es\/articles\/mercadillos-para-adelantarse-a-las-compras-navidenas\/"]}]},{"@type":"BreadcrumbList","@id":"https:\/\/graziamagazine.com\/es\/articles\/mercadillos-para-adelantarse-a-las-compras-navidenas\/#breadcrumb","itemListElement":[{"@type":"ListItem","position":1,"name":"Portada","item":"https:\/\/graziamagazine.com\/es\/"},{"@type":"ListItem","position":2,"name":"Mercadillos para adelantarse a las compras navide\u00f1as"}]},{"@type":"WebSite","@id":"https:\/\/graziamagazine.com\/es\/#website","url":"https:\/\/graziamagazine.com\/es\/","name":"Grazia","description":"Moda, belleza, celebrities, estilo de vida...","potentialAction":[{"@type":"SearchAction","target":{"@type":"EntryPoint","urlTemplate":"https:\/\/graziamagazine.com\/es\/?s={search_term_string}"},"query-input":"required name=search_term_string"}],"inLanguage":"es"}]}},"jetpack_sharing_enabled":true,"distributor_meta":false,"distributor_terms":false,"distributor_media":false,"distributor_original_site_name":"Grazia","distributor_original_site_url":"https:\/\/graziamagazine.com\/es","push-errors":false,"_links":{"self":[{"href":"https:\/\/graziamagazine.com\/es\/wp-json\/wp\/v2\/articles\/59114"}],"collection":[{"href":"https:\/\/graziamagazine.com\/es\/wp-json\/wp\/v2\/articles"}],"about":[{"href":"https:\/\/graziamagazine.com\/es\/wp-json\/wp\/v2\/types\/articles"}],"author":[{"embeddable":true,"href":"https:\/\/graziamagazine.com\/es\/wp-json\/wp\/v2\/users\/14080"}],"wp:attachment":[{"href":"https:\/\/graziamagazine.com\/es\/wp-json\/wp\/v2\/media?parent=59114"}],"wp:term":[{"taxonomy":"category","embeddable":true,"href":"https:\/\/graziamagazine.com\/es\/wp-json\/wp\/v2\/categories?post=59114"}],"curies":[{"name":"wp","href":"https:\/\/api.w.org\/{rel}","templated":true}]}}