{"id":58444,"date":"2015-11-04T18:04:21","date_gmt":"2015-11-04T17:04:21","guid":{"rendered":"https:\/\/graziamagazine.com\/es\/?p=58444"},"modified":"2015-11-04T18:09:51","modified_gmt":"2015-11-04T17:09:51","slug":"emilia-clarke-nueva-imagen-de-dior","status":"publish","type":"articles","link":"https:\/\/graziamagazine.com\/es\/articles\/emilia-clarke-nueva-imagen-de-dior\/","title":{"rendered":"Emilia Clarke es la nueva imagen de Dior"},"content":{"rendered":"<p>El pasado 2 de octubre, <strong>Emilia Clarke<\/strong> hac\u00eda un par\u00f3n en el rodaje de la sexta temporada de <em>Juego de Tronos<\/em> para ocupar su asiento en la primera fila de <strong>Dior<\/strong>. Por suerte, la grabaci\u00f3n en las distintas localizaciones de Espa\u00f1a le permit\u00edan estar a &#8216;tiro de piedra&#8217; del que en ese momento era el epicentro de la moda, Par\u00eds. Y all\u00ed que se plant\u00f3, con su media melena casta\u00f1a, labios rojos y un vestido-tuxedo de la casa francesa. Pocos d\u00edas despu\u00e9s, la edici\u00f3n americana de <em>Esquire<\/em> la nombraba la mujer m\u00e1s sexy viva del mundo. Por fin, hab\u00eda conquistado la industria\u00a0de la moda y ni siquiera tuvo que echar mano de sus dragones para dejarnos las cosas claras.<\/p>\n<figure id=\"attachment_58447\" aria-describedby=\"caption-attachment-58447\" style=\"width: 785px\" class=\"wp-caption aligncenter\"><img loading=\"lazy\" decoding=\"async\" class=\"size-full wp-image-58447\" src=\"https:\/\/graziamagazine.com\/es\/wp-content\/uploads\/sites\/12\/2015\/11\/04175137\/dior-Emilia-Clarke-01.jpg\" alt=\"Emilia Clarke asistiendo al \u00faltimo desfile de Raf Simons para Dior, el pasado 2 de octubre en Par\u00eds. \u00a9 Cordon Press\" width=\"785\" height=\"480\" \/><figcaption id=\"caption-attachment-58447\" class=\"wp-caption-text\">Emilia Clarke asistiendo al \u00faltimo desfile de Raf Simons para Dior, el pasado 2 de octubre en Par\u00eds. \u00a9 Cordon Press<\/figcaption><\/figure>\n<p>Ahora, la <em>maison<\/em> que hasta hace escasas semanas <a href=\"https:\/\/graziamagazine.com\/es\/moda\/raf-simons-abandona-dior\/\" target=\"_blank\">bailaba a ritmo de <strong>Raf Simons<\/strong><\/a>, ha anunciado que <strong>la actriz brit\u00e1nica es imagen de su l\u00ednea de joyer\u00eda<\/strong>, algo que el <em>fashion business<\/em> se ol\u00eda desde que apareci\u00f3 en aquel show en el Louvre.<\/p>\n<figure id=\"attachment_58450\" aria-describedby=\"caption-attachment-58450\" style=\"width: 650px\" class=\"wp-caption aligncenter\"><img loading=\"lazy\" decoding=\"async\" class=\"size-full wp-image-58450\" src=\"https:\/\/graziamagazine.com\/es\/wp-content\/uploads\/sites\/12\/2015\/11\/04175146\/dior-Emilia-Clarke-04.jpg\" alt=\"Con su casta\u00f1o natural y unos despampanantes labios rojos, as\u00ed se presenta la protagonista de 'Juego de Tronos' como imagen de la l\u00ednea de joyer\u00eda de Dior.\" width=\"650\" height=\"842\" \/><figcaption id=\"caption-attachment-58450\" class=\"wp-caption-text\">Con su casta\u00f1o natural y unos despampanantes labios rojos, as\u00ed se presenta la protagonista de &#8216;Juego de Tronos&#8217; como imagen de la l\u00ednea de joyer\u00eda de Dior.<\/figcaption><\/figure>\n<figure id=\"attachment_58451\" aria-describedby=\"caption-attachment-58451\" style=\"width: 650px\" class=\"wp-caption aligncenter\"><img loading=\"lazy\" decoding=\"async\" class=\"size-full wp-image-58451\" src=\"https:\/\/graziamagazine.com\/es\/wp-content\/uploads\/sites\/12\/2015\/11\/04175149\/dior-Emilia-Clarke-05.jpg\" alt=\"Con camisa semiabierta y un look muy natural.\" width=\"650\" height=\"842\" \/><figcaption id=\"caption-attachment-58451\" class=\"wp-caption-text\">Con camisa semiabierta y un look muy natural.<\/figcaption><\/figure>\n<p>La campa\u00f1a, fotografiada por <strong>Patrick Demarchelier<\/strong>, muestra a Clarke como una mujer segura de s\u00ed misma y cosmopolita, enfundada en un jersey negro de cuello vuelto y dejando total protagonismo a la joyer\u00eda fina de la colecci\u00f3n\u00a0<em>Rose des Vents<\/em> de Dior. El resultado augura una buena (y larga, seguro) relaci\u00f3n con la maison, quien ha afianzado durante a\u00f1os su <del>contrato<\/del>\u00a0amistad\u00a0con estrellas de todo tipo como\u00a0Marion Cotillard, Jennifer Lawrence o Rihanna.<\/p>\n<p>\u00a1Adi\u00f3s, Daenerys, adi\u00f3s!<\/p>\n<blockquote class=\"instagram-media\" style=\"background: #FFF; border: 0; border-radius: 3px; box-shadow: 0 0 1px 0 rgba(0,0,0,0.5),0 1px 10px 0 rgba(0,0,0,0.15); margin: 1px; max-width: 658px; padding: 0; width: calc(100% - 2px);\" data-instgrm-captioned=\"\" data-instgrm-version=\"5\">\n<div style=\"padding: 8px;\">\n<div style=\"background: #F8F8F8; line-height: 0; margin-top: 40px; padding: 50.0% 0; text-align: center; width: 100%;\"><\/div>\n<p style=\"margin: 8px 0 0 0; padding: 0 4px;\"><a href=\"https:\/\/instagram.com\/p\/8VumitI1Iq\/\"style=\"color: #000; font-family: Arial,sans-serif; font-size: 14px; font-style: normal; font-weight: normal; line-height: 17px; text-decoration: none; word-wrap: break-word;\"  target=\"_blank\" target=\"_blank\">Oh la la! I didn&#8217;t see you there! You want this @dior outfit do ya?! Well Paris thanks to the clever Raf Simmons and the breathtaking collection you sure got me smiling &#8230; #pfw #whatsfrenchforiforgotmyappropraiteknickers? #pariswhenitsonfire #dioryouhavemyfashionheart<\/a><\/p>\n<p style=\"color: #c9c8cd; font-family: Arial,sans-serif; font-size: 14px; line-height: 17px; margin-bottom: 0; margin-top: 8px; overflow: hidden; padding: 8px 0 7px; text-align: center; text-overflow: ellipsis; white-space: nowrap;\">Una foto publicada por @emilia_clarke el <time style=\"font-family: Arial,sans-serif; font-size: 14px; line-height: 17px;\" datetime=\"2015-10-02T15:01:56+00:00\">2 de Oct de 2015 a la(s) 8:01 PDT<\/time><\/p>\n<\/div>\n<\/blockquote>\n<p><script src=\"\/\/platform.instagram.com\/en_US\/embeds.js\" async=\"\" defer=\"defer\"><\/script><\/p>\n<p><iframe loading=\"lazy\" style=\"border: none; overflow: hidden; height: 258px;\" src=\"\/\/www.facebook.com\/plugins\/likebox.php?href=https%3A%2F%2Fwww.facebook.com%2Fgraziaespana&amp;width&amp;height=258&amp;colorscheme=light&amp;show_faces=true&amp;header=false&amp;stream=false&amp;show_border=false&amp;appId=349017955267591\" width=\"300\" height=\"150\" frameborder=\"0\" scrolling=\"no\"><\/iframe><\/p>\n","protected":false},"author":14080,"featured_media":0,"template":"","format":"standard","categories":[3,1],"acf":[],"yoast_head":"<!-- This site is optimized with the Yoast SEO Premium plugin v18.5 (Yoast SEO v20.4) - https:\/\/yoast.com\/wordpress\/plugins\/seo\/ -->\n<title>Emilia Clarke es la nueva imagen de Dior | Grazia<\/title>\n<meta name=\"description\" content=\"La reina madre de los dragones en Juego de Tronos se ha camelado tambi\u00e9n (y por fin) a los grandes de la moda. As\u00ed es su primera campa\u00f1a para la l\u00ednea de joyer\u00eda de la maison.\" \/>\n<meta name=\"robots\" content=\"index, follow, max-snippet:-1, max-image-preview:large, max-video-preview:-1\" \/>\n<link rel=\"canonical\" href=\"https:\/\/graziamagazine.com\/es\/articles\/emilia-clarke-nueva-imagen-de-dior\/\" \/>\n<meta property=\"og:locale\" content=\"es_ES\" \/>\n<meta property=\"og:type\" content=\"article\" \/>\n<meta property=\"og:title\" content=\"Emilia Clarke es la nueva imagen de Dior\" \/>\n<meta property=\"og:description\" content=\"La reina madre de los dragones en Juego de Tronos se ha camelado tambi\u00e9n (y por fin) a los grandes de la moda. As\u00ed es su primera campa\u00f1a para la l\u00ednea de joyer\u00eda de la maison.\" \/>\n<meta property=\"og:url\" content=\"https:\/\/graziamagazine.com\/es\/articles\/emilia-clarke-nueva-imagen-de-dior\/\" \/>\n<meta property=\"og:site_name\" content=\"Grazia\" \/>\n<meta property=\"article:modified_time\" content=\"2015-11-04T17:09:51+00:00\" \/>\n<meta property=\"og:image\" content=\"https:\/\/graziamagazine.com\/es\/wp-content\/uploads\/sites\/12\/2015\/11\/04175137\/dior-Emilia-Clarke-01.jpg\" \/>\n<meta name=\"twitter:card\" content=\"summary_large_image\" \/>\n<meta name=\"twitter:label1\" content=\"Est. reading time\" \/>\n\t<meta name=\"twitter:data1\" content=\"2 minutos\" \/>\n<script type=\"application\/ld+json\" class=\"yoast-schema-graph\">{\"@context\":\"https:\/\/schema.org\",\"@graph\":[{\"@type\":\"WebPage\",\"@id\":\"https:\/\/graziamagazine.com\/es\/articles\/emilia-clarke-nueva-imagen-de-dior\/\",\"url\":\"https:\/\/graziamagazine.com\/es\/articles\/emilia-clarke-nueva-imagen-de-dior\/\",\"name\":\"Emilia Clarke es la nueva imagen de Dior | Grazia\",\"isPartOf\":{\"@id\":\"https:\/\/graziamagazine.com\/es\/#website\"},\"datePublished\":\"2015-11-04T17:04:21+00:00\",\"dateModified\":\"2015-11-04T17:09:51+00:00\",\"description\":\"La reina madre de los dragones en Juego de Tronos se ha camelado tambi\u00e9n (y por fin) a los grandes de la moda. As\u00ed es su primera campa\u00f1a para la l\u00ednea de joyer\u00eda de la maison.\",\"breadcrumb\":{\"@id\":\"https:\/\/graziamagazine.com\/es\/articles\/emilia-clarke-nueva-imagen-de-dior\/#breadcrumb\"},\"inLanguage\":\"es\",\"potentialAction\":[{\"@type\":\"ReadAction\",\"target\":[\"https:\/\/graziamagazine.com\/es\/articles\/emilia-clarke-nueva-imagen-de-dior\/\"]}]},{\"@type\":\"BreadcrumbList\",\"@id\":\"https:\/\/graziamagazine.com\/es\/articles\/emilia-clarke-nueva-imagen-de-dior\/#breadcrumb\",\"itemListElement\":[{\"@type\":\"ListItem\",\"position\":1,\"name\":\"Portada\",\"item\":\"https:\/\/graziamagazine.com\/es\/\"},{\"@type\":\"ListItem\",\"position\":2,\"name\":\"Emilia Clarke es la nueva imagen de Dior\"}]},{\"@type\":\"WebSite\",\"@id\":\"https:\/\/graziamagazine.com\/es\/#website\",\"url\":\"https:\/\/graziamagazine.com\/es\/\",\"name\":\"Grazia\",\"description\":\"Moda, belleza, celebrities, estilo de vida...\",\"potentialAction\":[{\"@type\":\"SearchAction\",\"target\":{\"@type\":\"EntryPoint\",\"urlTemplate\":\"https:\/\/graziamagazine.com\/es\/?s={search_term_string}\"},\"query-input\":\"required name=search_term_string\"}],\"inLanguage\":\"es\"}]}<\/script>\n<!-- \/ Yoast SEO Premium plugin. -->","yoast_head_json":{"title":"Emilia Clarke es la nueva imagen de Dior | Grazia","description":"La reina madre de los dragones en Juego de Tronos se ha camelado tambi\u00e9n (y por fin) a los grandes de la moda. As\u00ed es su primera campa\u00f1a para la l\u00ednea de joyer\u00eda de la maison.","robots":{"index":"index","follow":"follow","max-snippet":"max-snippet:-1","max-image-preview":"max-image-preview:large","max-video-preview":"max-video-preview:-1"},"canonical":"https:\/\/graziamagazine.com\/es\/articles\/emilia-clarke-nueva-imagen-de-dior\/","og_locale":"es_ES","og_type":"article","og_title":"Emilia Clarke es la nueva imagen de Dior","og_description":"La reina madre de los dragones en Juego de Tronos se ha camelado tambi\u00e9n (y por fin) a los grandes de la moda. As\u00ed es su primera campa\u00f1a para la l\u00ednea de joyer\u00eda de la maison.","og_url":"https:\/\/graziamagazine.com\/es\/articles\/emilia-clarke-nueva-imagen-de-dior\/","og_site_name":"Grazia","article_modified_time":"2015-11-04T17:09:51+00:00","og_image":[{"url":"https:\/\/graziamagazine.com\/es\/wp-content\/uploads\/sites\/12\/2015\/11\/04175137\/dior-Emilia-Clarke-01.jpg"}],"twitter_card":"summary_large_image","twitter_misc":{"Est. reading time":"2 minutos"},"schema":{"@context":"https:\/\/schema.org","@graph":[{"@type":"WebPage","@id":"https:\/\/graziamagazine.com\/es\/articles\/emilia-clarke-nueva-imagen-de-dior\/","url":"https:\/\/graziamagazine.com\/es\/articles\/emilia-clarke-nueva-imagen-de-dior\/","name":"Emilia Clarke es la nueva imagen de Dior | Grazia","isPartOf":{"@id":"https:\/\/graziamagazine.com\/es\/#website"},"datePublished":"2015-11-04T17:04:21+00:00","dateModified":"2015-11-04T17:09:51+00:00","description":"La reina madre de los dragones en Juego de Tronos se ha camelado tambi\u00e9n (y por fin) a los grandes de la moda. As\u00ed es su primera campa\u00f1a para la l\u00ednea de joyer\u00eda de la maison.","breadcrumb":{"@id":"https:\/\/graziamagazine.com\/es\/articles\/emilia-clarke-nueva-imagen-de-dior\/#breadcrumb"},"inLanguage":"es","potentialAction":[{"@type":"ReadAction","target":["https:\/\/graziamagazine.com\/es\/articles\/emilia-clarke-nueva-imagen-de-dior\/"]}]},{"@type":"BreadcrumbList","@id":"https:\/\/graziamagazine.com\/es\/articles\/emilia-clarke-nueva-imagen-de-dior\/#breadcrumb","itemListElement":[{"@type":"ListItem","position":1,"name":"Portada","item":"https:\/\/graziamagazine.com\/es\/"},{"@type":"ListItem","position":2,"name":"Emilia Clarke es la nueva imagen de Dior"}]},{"@type":"WebSite","@id":"https:\/\/graziamagazine.com\/es\/#website","url":"https:\/\/graziamagazine.com\/es\/","name":"Grazia","description":"Moda, belleza, celebrities, estilo de vida...","potentialAction":[{"@type":"SearchAction","target":{"@type":"EntryPoint","urlTemplate":"https:\/\/graziamagazine.com\/es\/?s={search_term_string}"},"query-input":"required name=search_term_string"}],"inLanguage":"es"}]}},"jetpack_sharing_enabled":true,"distributor_meta":false,"distributor_terms":false,"distributor_media":false,"distributor_original_site_name":"Grazia","distributor_original_site_url":"https:\/\/graziamagazine.com\/es","push-errors":false,"_links":{"self":[{"href":"https:\/\/graziamagazine.com\/es\/wp-json\/wp\/v2\/articles\/58444"}],"collection":[{"href":"https:\/\/graziamagazine.com\/es\/wp-json\/wp\/v2\/articles"}],"about":[{"href":"https:\/\/graziamagazine.com\/es\/wp-json\/wp\/v2\/types\/articles"}],"author":[{"embeddable":true,"href":"https:\/\/graziamagazine.com\/es\/wp-json\/wp\/v2\/users\/14080"}],"wp:attachment":[{"href":"https:\/\/graziamagazine.com\/es\/wp-json\/wp\/v2\/media?parent=58444"}],"wp:term":[{"taxonomy":"category","embeddable":true,"href":"https:\/\/graziamagazine.com\/es\/wp-json\/wp\/v2\/categories?post=58444"}],"curies":[{"name":"wp","href":"https:\/\/api.w.org\/{rel}","templated":true}]}}