{"id":58256,"date":"2015-11-10T09:35:41","date_gmt":"2015-11-10T08:35:41","guid":{"rendered":"https:\/\/graziamagazine.com\/es\/?p=58256"},"modified":"2015-11-10T09:35:41","modified_gmt":"2015-11-10T08:35:41","slug":"las-nuevas-herramientas-para-una-melena-10","status":"publish","type":"articles","link":"https:\/\/graziamagazine.com\/es\/articles\/las-nuevas-herramientas-para-una-melena-10\/","title":{"rendered":"Las nuevas herramientas para una melena 10"},"content":{"rendered":"<p>No tienes por qu\u00e9 buscar una excusa, pero si quieres una, te dir\u00e9 que <strong>porque se acercan los d\u00edas de lluvia en la que todo esfuerzo anti-encrespamiento es poco.<\/strong> Porque antes o despu\u00e9s escribir\u00e1s tu carta a los Reyes y, sobre todo, porque el mercado revienta de novedades&#8230; elige la que quieras, pero revisa nuestra selecci\u00f3n de herramientas de peinado. Son todas nuevas y vienen muy muy punteras. Ya no queman el cabello, sino que lo cuidan, protegen y aportan un brillo espectacular.<\/p>\n<figure id=\"attachment_58298\" aria-describedby=\"caption-attachment-58298\" style=\"width: 785px\" class=\"wp-caption aligncenter\"><img loading=\"lazy\" decoding=\"async\" class=\"size-full wp-image-58298\" src=\"https:\/\/graziamagazine.com\/es\/wp-content\/uploads\/sites\/12\/2015\/11\/02120202\/01-herramientas-pelo.jpg\" alt=\"Las nuevas herramientas capilares no solo no da\u00f1an el pelo sino que lo protegen. \u00a9 Sander Thiemo\" width=\"785\" height=\"480\" \/><figcaption id=\"caption-attachment-58298\" class=\"wp-caption-text\">Las nuevas herramientas capilares no solo no da\u00f1an el pelo sino que lo protegen. \u00a9 Sander Thiemo<\/figcaption><\/figure>\n<p>Descubre lo \u00faltimo en herramientas de peinado e insp\u00edrate con los looks que puedes conseguir con ellas. No olvides usar los productos adecuados para proteger a\u00fan m\u00e1s\u00a0tu pelazo. Que luego dir\u00e1s que no te avisamos&#8230;<\/p>\n<p>[galeria]<\/p>\n<p><iframe loading=\"lazy\" style=\"border: none; overflow: hidden; height: 258px;\" src=\"\/\/www.facebook.com\/plugins\/likebox.php?href=https%3A%2F%2Fwww.facebook.com%2Fgraziaespana&amp;width&amp;height=258&amp;colorscheme=light&amp;show_faces=true&amp;header=false&amp;stream=false&amp;show_border=false&amp;appId=349017955267591\" width=\"300\" height=\"150\" frameborder=\"0\" scrolling=\"no\"><\/iframe><\/p>\n","protected":false},"author":18798,"featured_media":0,"template":"","format":"standard","categories":[7,9],"acf":[],"yoast_head":"<!-- This site is optimized with the Yoast SEO Premium plugin v18.5 (Yoast SEO v20.4) - https:\/\/yoast.com\/wordpress\/plugins\/seo\/ -->\n<title>Las nuevas herramientas para una melena 10 | Grazia<\/title>\n<meta name=\"description\" content=\"Planchas con vapor, secadores de infrarrojos, tenacillas estilo a\u00f1os ochenta. Revisa las herramientas capilares que pugnan por un hueco en tu neceser.\" \/>\n<meta name=\"robots\" content=\"index, follow, max-snippet:-1, max-image-preview:large, max-video-preview:-1\" \/>\n<link rel=\"canonical\" href=\"https:\/\/graziamagazine.com\/es\/articles\/las-nuevas-herramientas-para-una-melena-10\/\" \/>\n<meta property=\"og:locale\" content=\"es_ES\" \/>\n<meta property=\"og:type\" content=\"article\" \/>\n<meta property=\"og:title\" content=\"Las nuevas herramientas para una melena 10\" \/>\n<meta property=\"og:description\" content=\"Planchas con vapor, secadores de infrarrojos, tenacillas estilo a\u00f1os ochenta. Revisa las herramientas capilares que pugnan por un hueco en tu neceser.\" \/>\n<meta property=\"og:url\" content=\"https:\/\/graziamagazine.com\/es\/articles\/las-nuevas-herramientas-para-una-melena-10\/\" \/>\n<meta property=\"og:site_name\" content=\"Grazia\" \/>\n<meta property=\"og:image\" content=\"https:\/\/graziamagazine.com\/es\/wp-content\/uploads\/sites\/12\/2015\/11\/02120202\/01-herramientas-pelo.jpg\" \/>\n<meta name=\"twitter:card\" content=\"summary_large_image\" \/>\n<meta name=\"twitter:label1\" content=\"Est. reading time\" \/>\n\t<meta name=\"twitter:data1\" content=\"1 minuto\" \/>\n<script type=\"application\/ld+json\" class=\"yoast-schema-graph\">{\"@context\":\"https:\/\/schema.org\",\"@graph\":[{\"@type\":\"WebPage\",\"@id\":\"https:\/\/graziamagazine.com\/es\/articles\/las-nuevas-herramientas-para-una-melena-10\/\",\"url\":\"https:\/\/graziamagazine.com\/es\/articles\/las-nuevas-herramientas-para-una-melena-10\/\",\"name\":\"Las nuevas herramientas para una melena 10 | Grazia\",\"isPartOf\":{\"@id\":\"https:\/\/graziamagazine.com\/es\/#website\"},\"datePublished\":\"2015-11-10T08:35:41+00:00\",\"dateModified\":\"2015-11-10T08:35:41+00:00\",\"description\":\"Planchas con vapor, secadores de infrarrojos, tenacillas estilo a\u00f1os ochenta. Revisa las herramientas capilares que pugnan por un hueco en tu neceser.\",\"breadcrumb\":{\"@id\":\"https:\/\/graziamagazine.com\/es\/articles\/las-nuevas-herramientas-para-una-melena-10\/#breadcrumb\"},\"inLanguage\":\"es\",\"potentialAction\":[{\"@type\":\"ReadAction\",\"target\":[\"https:\/\/graziamagazine.com\/es\/articles\/las-nuevas-herramientas-para-una-melena-10\/\"]}]},{\"@type\":\"BreadcrumbList\",\"@id\":\"https:\/\/graziamagazine.com\/es\/articles\/las-nuevas-herramientas-para-una-melena-10\/#breadcrumb\",\"itemListElement\":[{\"@type\":\"ListItem\",\"position\":1,\"name\":\"Portada\",\"item\":\"https:\/\/graziamagazine.com\/es\/\"},{\"@type\":\"ListItem\",\"position\":2,\"name\":\"Las nuevas herramientas para una melena 10\"}]},{\"@type\":\"WebSite\",\"@id\":\"https:\/\/graziamagazine.com\/es\/#website\",\"url\":\"https:\/\/graziamagazine.com\/es\/\",\"name\":\"Grazia\",\"description\":\"Moda, belleza, celebrities, estilo de vida...\",\"potentialAction\":[{\"@type\":\"SearchAction\",\"target\":{\"@type\":\"EntryPoint\",\"urlTemplate\":\"https:\/\/graziamagazine.com\/es\/?s={search_term_string}\"},\"query-input\":\"required name=search_term_string\"}],\"inLanguage\":\"es\"}]}<\/script>\n<!-- \/ Yoast SEO Premium plugin. -->","yoast_head_json":{"title":"Las nuevas herramientas para una melena 10 | Grazia","description":"Planchas con vapor, secadores de infrarrojos, tenacillas estilo a\u00f1os ochenta. Revisa las herramientas capilares que pugnan por un hueco en tu neceser.","robots":{"index":"index","follow":"follow","max-snippet":"max-snippet:-1","max-image-preview":"max-image-preview:large","max-video-preview":"max-video-preview:-1"},"canonical":"https:\/\/graziamagazine.com\/es\/articles\/las-nuevas-herramientas-para-una-melena-10\/","og_locale":"es_ES","og_type":"article","og_title":"Las nuevas herramientas para una melena 10","og_description":"Planchas con vapor, secadores de infrarrojos, tenacillas estilo a\u00f1os ochenta. Revisa las herramientas capilares que pugnan por un hueco en tu neceser.","og_url":"https:\/\/graziamagazine.com\/es\/articles\/las-nuevas-herramientas-para-una-melena-10\/","og_site_name":"Grazia","og_image":[{"url":"https:\/\/graziamagazine.com\/es\/wp-content\/uploads\/sites\/12\/2015\/11\/02120202\/01-herramientas-pelo.jpg"}],"twitter_card":"summary_large_image","twitter_misc":{"Est. reading time":"1 minuto"},"schema":{"@context":"https:\/\/schema.org","@graph":[{"@type":"WebPage","@id":"https:\/\/graziamagazine.com\/es\/articles\/las-nuevas-herramientas-para-una-melena-10\/","url":"https:\/\/graziamagazine.com\/es\/articles\/las-nuevas-herramientas-para-una-melena-10\/","name":"Las nuevas herramientas para una melena 10 | Grazia","isPartOf":{"@id":"https:\/\/graziamagazine.com\/es\/#website"},"datePublished":"2015-11-10T08:35:41+00:00","dateModified":"2015-11-10T08:35:41+00:00","description":"Planchas con vapor, secadores de infrarrojos, tenacillas estilo a\u00f1os ochenta. Revisa las herramientas capilares que pugnan por un hueco en tu neceser.","breadcrumb":{"@id":"https:\/\/graziamagazine.com\/es\/articles\/las-nuevas-herramientas-para-una-melena-10\/#breadcrumb"},"inLanguage":"es","potentialAction":[{"@type":"ReadAction","target":["https:\/\/graziamagazine.com\/es\/articles\/las-nuevas-herramientas-para-una-melena-10\/"]}]},{"@type":"BreadcrumbList","@id":"https:\/\/graziamagazine.com\/es\/articles\/las-nuevas-herramientas-para-una-melena-10\/#breadcrumb","itemListElement":[{"@type":"ListItem","position":1,"name":"Portada","item":"https:\/\/graziamagazine.com\/es\/"},{"@type":"ListItem","position":2,"name":"Las nuevas herramientas para una melena 10"}]},{"@type":"WebSite","@id":"https:\/\/graziamagazine.com\/es\/#website","url":"https:\/\/graziamagazine.com\/es\/","name":"Grazia","description":"Moda, belleza, celebrities, estilo de vida...","potentialAction":[{"@type":"SearchAction","target":{"@type":"EntryPoint","urlTemplate":"https:\/\/graziamagazine.com\/es\/?s={search_term_string}"},"query-input":"required name=search_term_string"}],"inLanguage":"es"}]}},"jetpack_sharing_enabled":true,"distributor_meta":false,"distributor_terms":false,"distributor_media":false,"distributor_original_site_name":"Grazia","distributor_original_site_url":"https:\/\/graziamagazine.com\/es","push-errors":false,"_links":{"self":[{"href":"https:\/\/graziamagazine.com\/es\/wp-json\/wp\/v2\/articles\/58256"}],"collection":[{"href":"https:\/\/graziamagazine.com\/es\/wp-json\/wp\/v2\/articles"}],"about":[{"href":"https:\/\/graziamagazine.com\/es\/wp-json\/wp\/v2\/types\/articles"}],"author":[{"embeddable":true,"href":"https:\/\/graziamagazine.com\/es\/wp-json\/wp\/v2\/users\/18798"}],"wp:attachment":[{"href":"https:\/\/graziamagazine.com\/es\/wp-json\/wp\/v2\/media?parent=58256"}],"wp:term":[{"taxonomy":"category","embeddable":true,"href":"https:\/\/graziamagazine.com\/es\/wp-json\/wp\/v2\/categories?post=58256"}],"curies":[{"name":"wp","href":"https:\/\/api.w.org\/{rel}","templated":true}]}}