{"id":5666,"date":"2014-11-10T23:09:34","date_gmt":"2014-11-10T23:09:34","guid":{"rendered":"https:\/\/graziamagazine.com\/es\/?p=5666"},"modified":"2015-03-10T16:41:57","modified_gmt":"2015-03-10T15:41:57","slug":"el-berlin-mas-cool","status":"publish","type":"articles","link":"https:\/\/graziamagazine.com\/es\/articles\/el-berlin-mas-cool\/","title":{"rendered":"El Berl\u00edn m\u00e1s cool"},"content":{"rendered":"<p>\u00bfYa han pasado 25? S\u00ed, ni uno m\u00e1s ni uno menos: se acaba de cumplir un cuarto de siglo desde la ca\u00edda del tristemente c\u00e9lebre muro. Para celebrarlo, <strong>la ciudad est\u00e1 de fiesta y durante todo el a\u00f1o organizar\u00e1 exposiciones y evento<\/strong>s o reuniones (rutas en bici a lo largo del muro, visitas a las torres de control&#8230;) para que entendamos c\u00f3mo era el d\u00eda a d\u00eda en una ciudad dividida.<\/p>\n<figure id=\"attachment_33132\" aria-describedby=\"caption-attachment-33132\" style=\"width: 1080px\" class=\"wp-caption aligncenter\"><img loading=\"lazy\" decoding=\"async\" class=\"wp-image-33132 size-full\" src=\"https:\/\/graziamagazine.com\/es\/wp-content\/uploads\/sites\/12\/2014\/11\/10230934\/east-side.jpg\" alt=\"east-side\" width=\"1080\" height=\"720\" \/><figcaption id=\"caption-attachment-33132\" class=\"wp-caption-text\">La m\u00edtica East Side Gallery rodeada de los globos que se lanzaron el domingo<\/figcaption><\/figure>\n<p>Pero <strong>la mejor forma de acercarse a la historia es vivir durante unos d\u00edas en uno de los apartamentos que rodeaban el muro.<\/strong> O, mejor a\u00fan, ser acogido en una casa de gente que lo vivi\u00f3 en directo. \u00bfSuena raro? No tanto, aproximarse a estas historias reales es lo que lleva haciendo seis a\u00f1os <a href=\"https:\/\/www.airbnb.es\/?af=1922719&amp;c=A_TC%3Dycp94pj2nk%26G_MT%3De%26G_CR%3D21832706106%26G_N%3Dg%26G_K%3Dairbnb%26G_P%3D&amp;gclid=CjwKEAiAhIejBRCKm_fTxIWyyXcSJABXY0XY-Lk67-JAW7EmWNEExYLaBcErn5-9f-wq6MOy2PLY9hoCJuvw_wcB\" target=\"_blank\" target=\"_blank\"><strong>Airbnb,<\/strong><\/a> que m\u00e1s que una empresa es una comunidad que pone en contacto a millones de personas en 190 pa\u00edses.\u00a0Tanto si te apetece una casita en un \u00e1rbol en medio de la selva o un apartamento neoyorquino en el que sentirte <em>Carrie Bradshaw,<\/em> en la aplicaci\u00f3n lo tienes.<\/p>\n<p>En Berl\u00edn, si eres una\u00a0<em>freak<\/em>\u00a0de la historia puedes quedarte en uno de los apartamentos que rodeaban el Muro y que todav\u00eda conservan ese aire\u00a0<em>vintage<\/em>\u00a0de la zona Este. Tambi\u00e9n si quieres aprender a\u00fan m\u00e1s, en vez de coger una casa por tu cuenta, puedes quedarte con gente que protagoniz\u00f3 la ca\u00edda. \u00bfSe te ocurren unas vacaciones m\u00e1s diferentes?<\/p>\n<div class=\"img\"><img loading=\"lazy\" decoding=\"async\" class=\"aligncenter size-full wp-image-33140\" src=\"https:\/\/graziamagazine.com\/es\/wp-content\/uploads\/sites\/12\/2014\/11\/10230934\/casa.jpg\" alt=\"casa\" width=\"1080\" height=\"720\" \/><\/div>\n<p>&nbsp;<\/p>\n<p>Y nosotros, que a curiosos no nos gana nadie, nos hemos liado la manta a la cabeza y hemos viajado hasta la capital alemana para vivirlo en primera persona, coincidiendo el fin de semana aniversario de la ca\u00edda. Esa misma sensaci\u00f3n de \u201cmundo sin barreras\u201d fue la nos embriag\u00f3 nada m\u00e1s pisar <a href=\"https:\/\/www.airbnb.es\/rooms\/4097756?s=asRm\" target=\"_blank\" target=\"_blank\">la casa en la que nos alojamos<\/a>, en Mitte, en pleno centro pero alejada del agobio tur\u00edstico. Tan acogedora que un par de horas nos bastaron para sentirnos unos berlineses m\u00e1s.\u00a0\u00a0Resumiendo: <strong>era tan incre\u00edble que no nos hubiera importado habernos quedado all\u00ed para siempre.<\/strong><\/p>\n<p>Han sido pocos d\u00edas pero <strong>traemos los deberes hechos en forma de recomendaciones con los rincones que no puedes perderte en tu pr\u00f3xima visita:<\/strong><\/p>\n<figure id=\"attachment_33237\" aria-describedby=\"caption-attachment-33237\" style=\"width: 1080px\" class=\"wp-caption aligncenter\"><img loading=\"lazy\" decoding=\"async\" class=\"wp-image-33237 size-full\" src=\"https:\/\/graziamagazine.com\/es\/wp-content\/uploads\/sites\/12\/2014\/11\/10230934\/casas-b.jpg\" alt=\"casas-b\" width=\"1080\" height=\"720\" \/><figcaption id=\"caption-attachment-33237\" class=\"wp-caption-text\">Diferentes espacios en los que vivir tu experiencia berlinesa<\/figcaption><\/figure>\n<p>&nbsp;<\/p>\n<div class=\"img\"><strong>RESTAURANTES<\/strong><\/div>\n<p><strong><a href=\"http:\/\/dasmeisterstueck.de\" target=\"_blank\" target=\"_blank\">Das Meisterst\u00fcck<\/a>\u00a0<\/strong>(Hausvogteiplatz 3-4, Metro U2\u00a0Hausvogteiplatz)<\/p>\n<p>El lema de este restaurante, <em>Bratwurst und Bier, das Gute von hier<\/em> (\u00abSalchichas asadas y cerveza, lo bueno de aqu\u00ed\u00bb),\u00a0no necesita muchas explicaciones y lo convierte en uno de los m\u00e1s tradicionales de la ciudad. El olor de la brasa donde hacen las salchichas caseras es m\u00e1gico y la cerveza, la mejor que hayas probado jam\u00e1s.<\/p>\n<p>Precio medio: 15-20 \u20ac<\/p>\n<p>&nbsp;<\/p>\n<p><a href=\"http:\/\/www.cafe-anna-blume.de\" target=\"_blank\" target=\"_blank\"><strong>Caf\u00e9 Anna Blume<\/strong><\/a> (Kollwitzstrasse 83- Prenzlauer Berg)<\/p>\n<p>Si lo tuyo son los desayunos potentes, este es tu local. La comida viene en bandejas, para que te sientas un poco Mar\u00eda Antonieta comiendo fruta, hasta mesas en las que se codean familias con ni\u00f1os a grupos de amigos hipsters. El mejor d\u00eda para visitarlo es el s\u00e1bado, para despu\u00e9s pasar por el mercado de productos org\u00e1nicos que se celebra justo al lado.<\/p>\n<p>Precio medio: 15 \u20ac<\/p>\n<div class=\"img\"><img loading=\"lazy\" decoding=\"async\" class=\"aligncenter size-full wp-image-33139\" src=\"https:\/\/graziamagazine.com\/es\/wp-content\/uploads\/sites\/12\/2014\/11\/10230934\/annablume.jpg\" alt=\"annablume\" width=\"1080\" height=\"720\" \/><\/div>\n<p>&nbsp;<\/p>\n<p><a href=\"http:\/\/alpenstueck.de\" target=\"_blank\" target=\"_blank\"><strong>Alpenstueck <\/strong><\/a>(Gartenstra\u00dfe 9-\u00a0S1, S2, S25 Berlin Nordbahnhof)<\/p>\n<p>A\u00fan tenemos grabado en la mente el sabor de la sopa de calabaza picante y el pastel de manzana que probamos en este restaurante. Su carta est\u00e1 basada en la cocina m\u00e1s tradicional alemana pero con un punto moderno. Si viajas con un grupo grande, tienen una sala privada en la que cenar comodamente.<\/p>\n<p>Precio medio: 25-30\u20ac<\/p>\n<p>&nbsp;<\/p>\n<p><a href=\"https:\/\/www.facebook.com\/pages\/Kottiwood\/151364144908753\" target=\"_blank\" target=\"_blank\"><strong>Kottiwood<\/strong><\/a> (Reichenbergerstr. 175, Metro Kottbusser Tor)<\/p>\n<p>Perfecto si vas con prisas y quieres comer por poco dinero el Kebab, otro cl\u00e1sico de Berl\u00edn. En este local del barrio de Kreutzberg el D\u00f6ner lo sirven con verduras, salsa de ajo, queso azul y patatas ba\u00f1adas en azafr\u00e1n. Una aut\u00e9ntica delicia por menos de 5 euros.<\/p>\n<p>&nbsp;<\/p>\n<p><a href=\"http:\/\/www.thebirdinberlin.com\" target=\"_blank\" target=\"_blank\"><strong>The Bird <\/strong><\/a>(Am Falkplatz 5,)<\/p>\n<p>Despu\u00e9s de un d\u00eda de turismo intenso hay que darse un homenaje en este restaurante americano en el que sirven las mejores hamburguesas de la ciudad. No es demasiado c\u00e9ntrico, pero vale la pena el paseo.<\/p>\n<p>Precio medio: 20 \u20ac<\/p>\n<div class=\"img\"><img loading=\"lazy\" decoding=\"async\" class=\"aligncenter size-full wp-image-33138\" src=\"https:\/\/graziamagazine.com\/es\/wp-content\/uploads\/sites\/12\/2014\/11\/10230934\/the-bird-berlin.jpg\" alt=\"the-bird-berlin\" width=\"1600\" height=\"1066\" \/><\/div>\n<p>&nbsp;<\/p>\n<p><strong>NOCHE<\/strong><\/p>\n<p><a href=\"http:\/\/parker-bowles.com\" target=\"_blank\" target=\"_blank\"><strong>Parker Bowles<\/strong><\/a>\u00a0(Prinzenstrasse 85d, Moritzplatz)<\/p>\n<p>Para empezar la noche, nada mejor que este bar-restaurante cercano al museo jud\u00edo (otra visita obligatoria) en el que adem\u00e1s de una cena espectacular puedes disfrutar del vino que fabrican ellos mismos. Cuando acabes, puedes pasar a la \u00a0detr\u00e1s tienen el club &#8216;Prince Charles&#8217; (aqu\u00ed todo queda en familia).<\/p>\n<div class=\"img\"><img loading=\"lazy\" decoding=\"async\" class=\"aligncenter size-full wp-image-33137\" src=\"https:\/\/graziamagazine.com\/es\/wp-content\/uploads\/sites\/12\/2014\/11\/10230934\/Start2.jpg\" alt=\"Start2\" width=\"1920\" height=\"1203\" \/><\/div>\n<p>&nbsp;<\/p>\n<p><a href=\"http:\/\/www.barraval.de\" target=\"_blank\" target=\"_blank\"><strong>Bar Raval<\/strong><\/a> (L\u00fcbbener Str. 1 www.barraval.de)<\/p>\n<p>Si durante tu estancia en la ciudad echas de menos lo nuestro tienes que visitar este bar de tapas espa\u00f1olas. \u00bfLo mejor? El due\u00f1o es el actor germanoespa\u00f1ol <strong>Daniel Br\u00fchl<\/strong> as\u00ed que con suerte incluso podr\u00e1s encontrarlo all\u00ed.<\/p>\n<div class=\"img\"><img loading=\"lazy\" decoding=\"async\" class=\"aligncenter size-full wp-image-33136\" src=\"https:\/\/graziamagazine.com\/es\/wp-content\/uploads\/sites\/12\/2014\/11\/10230934\/Bar_Raval_694806.jpg\" alt=\"Bar_Raval_694806\" width=\"1080\" height=\"600\" \/><\/div>\n<p>&nbsp;<\/p>\n<p><strong>TIENDAS<\/strong><\/p>\n<p><a href=\"http:\/\/kleidermarkt.de\/places\/berlin\/made-in-berlin-friedrichstrasse\" target=\"_blank\" target=\"_blank\"><strong>Made in Berlin<\/strong><\/a> (Neue Sch\u00f6nhauser Stra\u00dfe 19)<\/p>\n<p>Es una de las tiendas vintage m\u00e1s famosas de la ciudad. Est\u00e1 especializada en los 80, por lo que el color y los estampados est\u00e1n asegurados. Comparte acera con marcas tan geniales como <strong>&amp; Other Stories, Monki<\/strong> o <strong>American Apparel<\/strong> as\u00ed que est\u00e1s casi obligada a visitarla.<\/p>\n<div class=\"img\"><img loading=\"lazy\" decoding=\"async\" class=\"aligncenter size-full wp-image-33135\" src=\"https:\/\/graziamagazine.com\/es\/wp-content\/uploads\/sites\/12\/2014\/11\/10230934\/IG_3351.jpg\" alt=\"IG_3351\" width=\"1080\" height=\"600\" \/><\/div>\n<p>&nbsp;<\/p>\n<p><a href=\"https:\/\/mykita.com\/en\" target=\"_blank\" target=\"_blank\"><strong>Mykita<\/strong><\/a> (Rosa-Luxemburg-Strasse 6)<\/p>\n<p>Aprovecha el viaje a una de las capitales europeas con m\u00e1s estilo para renovar tus gafas de vista. Esta marca alemana tiene los mejores dise\u00f1os de los que se comenta que <a href=\"https:\/\/graziamagazine.com\/es\/celebs\/gente-grazia\/en-el-escenario-con-lady-gaga\" target=\"_blank\">Lady Gaga<\/a> es fan.<\/p>\n<p><strong>MUSEOS<\/strong><\/p>\n<p><a href=\"http:\/\/www.topographie.de\" target=\"_blank\" target=\"_blank\"><strong>Topographie des terror<\/strong><\/a> (Niederkirchnerstra\u00dfe 8)<\/p>\n<p>Berl\u00edn es una ciudad repleta de museos interesantes y adem\u00e1s del incre\u00edble Museo Jud\u00edo (Lindenstra\u00dfe 9-14) y el Museo de Historia Germana (Unter den Linden 2) uno que no puedes perderte es este. Es clave para entender el horror que fue la \u00e9poca nazi y est\u00e1 repleto de documentaci\u00f3n de un valor incalculable.<\/p>\n<div class=\"img\"><img loading=\"lazy\" decoding=\"async\" class=\"aligncenter size-full wp-image-33133\" src=\"https:\/\/graziamagazine.com\/es\/wp-content\/uploads\/sites\/12\/2014\/11\/10230934\/museo.jpg\" alt=\"museo\" width=\"1080\" height=\"720\" \/><\/div>\n","protected":false},"author":15107,"featured_media":0,"template":"","format":"standard","categories":[18,21],"acf":[],"yoast_head":"<!-- This site is optimized with the Yoast SEO Premium plugin v18.5 (Yoast SEO v20.4) - https:\/\/yoast.com\/wordpress\/plugins\/seo\/ -->\n<title>Direcciones cool en Berl\u00edn - Grazia<\/title>\n<meta name=\"description\" content=\"En el 25 aniversario de la ca\u00edda del Muro viajamos a la capital alemana con Airbnb para conocer sus mejores rincones\" \/>\n<meta name=\"robots\" content=\"index, follow, max-snippet:-1, max-image-preview:large, max-video-preview:-1\" \/>\n<link rel=\"canonical\" href=\"https:\/\/graziamagazine.com\/es\/articles\/el-berlin-mas-cool\/\" \/>\n<meta property=\"og:locale\" content=\"es_ES\" \/>\n<meta property=\"og:type\" content=\"article\" \/>\n<meta property=\"og:title\" content=\"El Berl\u00edn m\u00e1s cool\" \/>\n<meta property=\"og:description\" content=\"En el 25 aniversario de la ca\u00edda del Muro viajamos a la capital alemana con Airbnb para conocer sus mejores rincones\" \/>\n<meta property=\"og:url\" content=\"https:\/\/graziamagazine.com\/es\/articles\/el-berlin-mas-cool\/\" \/>\n<meta property=\"og:site_name\" content=\"Grazia\" \/>\n<meta property=\"article:modified_time\" content=\"2015-03-10T15:41:57+00:00\" \/>\n<meta property=\"og:image\" content=\"https:\/\/graziamagazine.com\/es\/wp-content\/uploads\/sites\/12\/2014\/11\/10230934\/east-side.jpg\" \/>\n<meta name=\"twitter:card\" content=\"summary_large_image\" \/>\n<meta name=\"twitter:label1\" content=\"Est. reading time\" \/>\n\t<meta name=\"twitter:data1\" content=\"5 minutos\" \/>\n<script type=\"application\/ld+json\" class=\"yoast-schema-graph\">{\"@context\":\"https:\/\/schema.org\",\"@graph\":[{\"@type\":\"WebPage\",\"@id\":\"https:\/\/graziamagazine.com\/es\/articles\/el-berlin-mas-cool\/\",\"url\":\"https:\/\/graziamagazine.com\/es\/articles\/el-berlin-mas-cool\/\",\"name\":\"Direcciones cool en Berl\u00edn - Grazia\",\"isPartOf\":{\"@id\":\"https:\/\/graziamagazine.com\/es\/#website\"},\"datePublished\":\"2014-11-10T23:09:34+00:00\",\"dateModified\":\"2015-03-10T15:41:57+00:00\",\"description\":\"En el 25 aniversario de la ca\u00edda del Muro viajamos a la capital alemana con Airbnb para conocer sus mejores rincones\",\"breadcrumb\":{\"@id\":\"https:\/\/graziamagazine.com\/es\/articles\/el-berlin-mas-cool\/#breadcrumb\"},\"inLanguage\":\"es\",\"potentialAction\":[{\"@type\":\"ReadAction\",\"target\":[\"https:\/\/graziamagazine.com\/es\/articles\/el-berlin-mas-cool\/\"]}]},{\"@type\":\"BreadcrumbList\",\"@id\":\"https:\/\/graziamagazine.com\/es\/articles\/el-berlin-mas-cool\/#breadcrumb\",\"itemListElement\":[{\"@type\":\"ListItem\",\"position\":1,\"name\":\"Portada\",\"item\":\"https:\/\/graziamagazine.com\/es\/\"},{\"@type\":\"ListItem\",\"position\":2,\"name\":\"El Berl\u00edn m\u00e1s cool\"}]},{\"@type\":\"WebSite\",\"@id\":\"https:\/\/graziamagazine.com\/es\/#website\",\"url\":\"https:\/\/graziamagazine.com\/es\/\",\"name\":\"Grazia\",\"description\":\"Moda, belleza, celebrities, estilo de vida...\",\"potentialAction\":[{\"@type\":\"SearchAction\",\"target\":{\"@type\":\"EntryPoint\",\"urlTemplate\":\"https:\/\/graziamagazine.com\/es\/?s={search_term_string}\"},\"query-input\":\"required name=search_term_string\"}],\"inLanguage\":\"es\"}]}<\/script>\n<!-- \/ Yoast SEO Premium plugin. -->","yoast_head_json":{"title":"Direcciones cool en Berl\u00edn - Grazia","description":"En el 25 aniversario de la ca\u00edda del Muro viajamos a la capital alemana con Airbnb para conocer sus mejores rincones","robots":{"index":"index","follow":"follow","max-snippet":"max-snippet:-1","max-image-preview":"max-image-preview:large","max-video-preview":"max-video-preview:-1"},"canonical":"https:\/\/graziamagazine.com\/es\/articles\/el-berlin-mas-cool\/","og_locale":"es_ES","og_type":"article","og_title":"El Berl\u00edn m\u00e1s cool","og_description":"En el 25 aniversario de la ca\u00edda del Muro viajamos a la capital alemana con Airbnb para conocer sus mejores rincones","og_url":"https:\/\/graziamagazine.com\/es\/articles\/el-berlin-mas-cool\/","og_site_name":"Grazia","article_modified_time":"2015-03-10T15:41:57+00:00","og_image":[{"url":"https:\/\/graziamagazine.com\/es\/wp-content\/uploads\/sites\/12\/2014\/11\/10230934\/east-side.jpg"}],"twitter_card":"summary_large_image","twitter_misc":{"Est. reading time":"5 minutos"},"schema":{"@context":"https:\/\/schema.org","@graph":[{"@type":"WebPage","@id":"https:\/\/graziamagazine.com\/es\/articles\/el-berlin-mas-cool\/","url":"https:\/\/graziamagazine.com\/es\/articles\/el-berlin-mas-cool\/","name":"Direcciones cool en Berl\u00edn - Grazia","isPartOf":{"@id":"https:\/\/graziamagazine.com\/es\/#website"},"datePublished":"2014-11-10T23:09:34+00:00","dateModified":"2015-03-10T15:41:57+00:00","description":"En el 25 aniversario de la ca\u00edda del Muro viajamos a la capital alemana con Airbnb para conocer sus mejores rincones","breadcrumb":{"@id":"https:\/\/graziamagazine.com\/es\/articles\/el-berlin-mas-cool\/#breadcrumb"},"inLanguage":"es","potentialAction":[{"@type":"ReadAction","target":["https:\/\/graziamagazine.com\/es\/articles\/el-berlin-mas-cool\/"]}]},{"@type":"BreadcrumbList","@id":"https:\/\/graziamagazine.com\/es\/articles\/el-berlin-mas-cool\/#breadcrumb","itemListElement":[{"@type":"ListItem","position":1,"name":"Portada","item":"https:\/\/graziamagazine.com\/es\/"},{"@type":"ListItem","position":2,"name":"El Berl\u00edn m\u00e1s cool"}]},{"@type":"WebSite","@id":"https:\/\/graziamagazine.com\/es\/#website","url":"https:\/\/graziamagazine.com\/es\/","name":"Grazia","description":"Moda, belleza, celebrities, estilo de vida...","potentialAction":[{"@type":"SearchAction","target":{"@type":"EntryPoint","urlTemplate":"https:\/\/graziamagazine.com\/es\/?s={search_term_string}"},"query-input":"required name=search_term_string"}],"inLanguage":"es"}]}},"jetpack_sharing_enabled":true,"distributor_meta":false,"distributor_terms":false,"distributor_media":false,"distributor_original_site_name":"Grazia","distributor_original_site_url":"https:\/\/graziamagazine.com\/es","push-errors":false,"_links":{"self":[{"href":"https:\/\/graziamagazine.com\/es\/wp-json\/wp\/v2\/articles\/5666"}],"collection":[{"href":"https:\/\/graziamagazine.com\/es\/wp-json\/wp\/v2\/articles"}],"about":[{"href":"https:\/\/graziamagazine.com\/es\/wp-json\/wp\/v2\/types\/articles"}],"author":[{"embeddable":true,"href":"https:\/\/graziamagazine.com\/es\/wp-json\/wp\/v2\/users\/15107"}],"wp:attachment":[{"href":"https:\/\/graziamagazine.com\/es\/wp-json\/wp\/v2\/media?parent=5666"}],"wp:term":[{"taxonomy":"category","embeddable":true,"href":"https:\/\/graziamagazine.com\/es\/wp-json\/wp\/v2\/categories?post=5666"}],"curies":[{"name":"wp","href":"https:\/\/api.w.org\/{rel}","templated":true}]}}