{"id":54821,"date":"2015-10-01T19:25:09","date_gmt":"2015-10-01T17:25:09","guid":{"rendered":"https:\/\/graziamagazine.com\/es\/?p=54821"},"modified":"2015-10-01T19:25:09","modified_gmt":"2015-10-01T17:25:09","slug":"la-primera-foto-de-andres-velencoso-y-ursula-corbero-juntos","status":"publish","type":"articles","link":"https:\/\/graziamagazine.com\/es\/articles\/la-primera-foto-de-andres-velencoso-y-ursula-corbero-juntos\/","title":{"rendered":"La primera foto de Andr\u00e9s Velencoso y \u00darsula Corber\u00f3 juntos"},"content":{"rendered":"<p>Desde que <strong>Andr\u00e9s Velencoso<\/strong> y <strong>\u00darsula Corber\u00f3<\/strong> empezasen su relaci\u00f3n, no hab\u00edamos podido verlos posar juntos. Bueno, vale, es cierto que <strong>en el cumplea\u00f1os del modelo, <a href=\"https:\/\/graziamagazine.com\/es\/celebs\/asi-felicita-ursula-corbero-andres-velencoso\/\" target=\"_blank\">\u00darsula subi\u00f3 a su Instagram una imagen<\/a> en la que se apreciaba\u00a0a una pareja a contra luz frente al mar<\/strong>. Aunque pod\u00eda adivinarse\u00a0que eran ellos, segu\u00edan jugando al escondite con ayuda del sol.<\/p>\n<figure id=\"attachment_54891\" aria-describedby=\"caption-attachment-54891\" style=\"width: 785px\" class=\"wp-caption aligncenter\"><img loading=\"lazy\" decoding=\"async\" class=\"size-full wp-image-54891\" src=\"https:\/\/graziamagazine.com\/es\/wp-content\/uploads\/sites\/12\/2015\/10\/01191934\/cover1_velencoso.jpg\" alt=\"\u00a9 Cordon Press\" width=\"785\" height=\"480\" \/><figcaption id=\"caption-attachment-54891\" class=\"wp-caption-text\">\u00a9 Cordon Press<\/figcaption><\/figure>\n<p>Tras un &#8216;lo sabe, no lo sabe&#8217; que dur\u00f3 varios meses (tira y afloja en Instagram, posando por separado en los mismos photocalls&#8230;) hoy, por fin, hemos podido verlos juntos en la misma instant\u00e1nea.<strong> Velencoso ha sido el encargado de sacarnos alg\u00fan que otro suspiro con una imagen en la que aparece \u00e9l haciendo una foto a su chica<\/strong>:<\/p>\n<blockquote class=\"instagram-media\" style=\"background: #FFF; border: 0; border-radius: 3px; box-shadow: 0 0 1px 0 rgba(0,0,0,0.5),0 1px 10px 0 rgba(0,0,0,0.15); margin: 1px; max-width: 658px; padding: 0; width: calc(100% - 2px);\" data-instgrm-captioned=\"\" data-instgrm-version=\"5\">\n<div style=\"padding: 8px;\">\n<div style=\"background: #F8F8F8; line-height: 0; margin-top: 40px; padding: 50.0% 0; text-align: center; width: 100%;\"><\/div>\n<p style=\"margin: 8px 0 0 0; padding: 0 4px;\"><a href=\"https:\/\/instagram.com\/p\/8S472QoxW3\/\"style=\"color: #000; font-family: Arial,sans-serif; font-size: 14px; font-style: normal; font-weight: normal; line-height: 17px; text-decoration: none; word-wrap: break-word;\"  target=\"_blank\" target=\"_blank\">She can pose @ursulolita<\/a><\/p>\n<p style=\"color: #c9c8cd; font-family: Arial,sans-serif; font-size: 14px; line-height: 17px; margin-bottom: 0; margin-top: 8px; overflow: hidden; padding: 8px 0 7px; text-align: center; text-overflow: ellipsis; white-space: nowrap;\">Una foto publicada por @andresvelencoso el <time style=\"font-family: Arial,sans-serif; font-size: 14px; line-height: 17px;\" datetime=\"2015-10-01T12:34:30+00:00\">1 de Oct de 2015 a la(s) 5:34 PDT<\/time><\/p>\n<\/div>\n<\/blockquote>\n<p><script src=\"\/\/platform.instagram.com\/en_US\/embeds.js\" async=\"\" defer=\"defer\"><\/script><\/p>\n<p>\u00abSabe posar\u00bb, escribe junto a ella, menci\u00f3n a Corber\u00f3 incluida. \u00a1Y no es para menos! \u00darsula es uno de los rostros m\u00e1s sexys del pa\u00eds y, adem\u00e1s, tiene a su lado al mejor de los mentores en lo que a seducir a la c\u00e1mara se refiere. Y viceversa, ahora que el modelo triunfa cada mi\u00e9rcoles como actor en <em>B&amp;B: de boca en boca<\/em>. \u00a1Vaya t\u00e1ndem!<\/p>\n<p><iframe loading=\"lazy\" style=\"border: none; overflow: hidden; height: 258px;\" src=\"\/\/www.facebook.com\/plugins\/likebox.php?href=https%3A%2F%2Fwww.facebook.com%2Fgraziaespana&amp;width&amp;height=258&amp;colorscheme=light&amp;show_faces=true&amp;header=false&amp;stream=false&amp;show_border=false&amp;appId=349017955267591\" width=\"300\" height=\"150\" frameborder=\"0\" scrolling=\"no\"><\/iframe><\/p>\n","protected":false},"author":24470,"featured_media":0,"template":"","format":"standard","categories":[14,13],"acf":[],"yoast_head":"<!-- This site is optimized with the Yoast SEO Premium plugin v18.5 (Yoast SEO v20.4) - https:\/\/yoast.com\/wordpress\/plugins\/seo\/ -->\n<title>La primera foto de Andr\u00e9s Velencoso y \u00darsula Corber\u00f3 juntos | Grazia<\/title>\n<meta name=\"description\" content=\"Instagram ha vuelto a ser part\u00edcipe de la relaci\u00f3n entre el modelo y la actriz. \u00a1Por fin posan juntos en una misma imagen!\" \/>\n<meta name=\"robots\" content=\"index, follow, max-snippet:-1, max-image-preview:large, max-video-preview:-1\" \/>\n<link rel=\"canonical\" href=\"https:\/\/graziamagazine.com\/es\/articles\/la-primera-foto-de-andres-velencoso-y-ursula-corbero-juntos\/\" \/>\n<meta property=\"og:locale\" content=\"es_ES\" \/>\n<meta property=\"og:type\" content=\"article\" \/>\n<meta property=\"og:title\" content=\"La primera foto de Andr\u00e9s Velencoso y \u00darsula Corber\u00f3 juntos\" \/>\n<meta property=\"og:description\" content=\"Instagram ha vuelto a ser part\u00edcipe de la relaci\u00f3n entre el modelo y la actriz. \u00a1Por fin posan juntos en una misma imagen!\" \/>\n<meta property=\"og:url\" content=\"https:\/\/graziamagazine.com\/es\/articles\/la-primera-foto-de-andres-velencoso-y-ursula-corbero-juntos\/\" \/>\n<meta property=\"og:site_name\" content=\"Grazia\" \/>\n<meta property=\"og:image\" content=\"https:\/\/graziamagazine.com\/es\/wp-content\/uploads\/sites\/12\/2015\/10\/01191934\/cover1_velencoso.jpg\" \/>\n<meta name=\"twitter:card\" content=\"summary_large_image\" \/>\n<meta name=\"twitter:label1\" content=\"Est. reading time\" \/>\n\t<meta name=\"twitter:data1\" content=\"1 minuto\" \/>\n<script type=\"application\/ld+json\" class=\"yoast-schema-graph\">{\"@context\":\"https:\/\/schema.org\",\"@graph\":[{\"@type\":\"WebPage\",\"@id\":\"https:\/\/graziamagazine.com\/es\/articles\/la-primera-foto-de-andres-velencoso-y-ursula-corbero-juntos\/\",\"url\":\"https:\/\/graziamagazine.com\/es\/articles\/la-primera-foto-de-andres-velencoso-y-ursula-corbero-juntos\/\",\"name\":\"La primera foto de Andr\u00e9s Velencoso y \u00darsula Corber\u00f3 juntos | Grazia\",\"isPartOf\":{\"@id\":\"https:\/\/graziamagazine.com\/es\/#website\"},\"datePublished\":\"2015-10-01T17:25:09+00:00\",\"dateModified\":\"2015-10-01T17:25:09+00:00\",\"description\":\"Instagram ha vuelto a ser part\u00edcipe de la relaci\u00f3n entre el modelo y la actriz. \u00a1Por fin posan juntos en una misma imagen!\",\"breadcrumb\":{\"@id\":\"https:\/\/graziamagazine.com\/es\/articles\/la-primera-foto-de-andres-velencoso-y-ursula-corbero-juntos\/#breadcrumb\"},\"inLanguage\":\"es\",\"potentialAction\":[{\"@type\":\"ReadAction\",\"target\":[\"https:\/\/graziamagazine.com\/es\/articles\/la-primera-foto-de-andres-velencoso-y-ursula-corbero-juntos\/\"]}]},{\"@type\":\"BreadcrumbList\",\"@id\":\"https:\/\/graziamagazine.com\/es\/articles\/la-primera-foto-de-andres-velencoso-y-ursula-corbero-juntos\/#breadcrumb\",\"itemListElement\":[{\"@type\":\"ListItem\",\"position\":1,\"name\":\"Portada\",\"item\":\"https:\/\/graziamagazine.com\/es\/\"},{\"@type\":\"ListItem\",\"position\":2,\"name\":\"La primera foto de Andr\u00e9s Velencoso y \u00darsula Corber\u00f3 juntos\"}]},{\"@type\":\"WebSite\",\"@id\":\"https:\/\/graziamagazine.com\/es\/#website\",\"url\":\"https:\/\/graziamagazine.com\/es\/\",\"name\":\"Grazia\",\"description\":\"Moda, belleza, celebrities, estilo de vida...\",\"potentialAction\":[{\"@type\":\"SearchAction\",\"target\":{\"@type\":\"EntryPoint\",\"urlTemplate\":\"https:\/\/graziamagazine.com\/es\/?s={search_term_string}\"},\"query-input\":\"required name=search_term_string\"}],\"inLanguage\":\"es\"}]}<\/script>\n<!-- \/ Yoast SEO Premium plugin. -->","yoast_head_json":{"title":"La primera foto de Andr\u00e9s Velencoso y \u00darsula Corber\u00f3 juntos | Grazia","description":"Instagram ha vuelto a ser part\u00edcipe de la relaci\u00f3n entre el modelo y la actriz. \u00a1Por fin posan juntos en una misma imagen!","robots":{"index":"index","follow":"follow","max-snippet":"max-snippet:-1","max-image-preview":"max-image-preview:large","max-video-preview":"max-video-preview:-1"},"canonical":"https:\/\/graziamagazine.com\/es\/articles\/la-primera-foto-de-andres-velencoso-y-ursula-corbero-juntos\/","og_locale":"es_ES","og_type":"article","og_title":"La primera foto de Andr\u00e9s Velencoso y \u00darsula Corber\u00f3 juntos","og_description":"Instagram ha vuelto a ser part\u00edcipe de la relaci\u00f3n entre el modelo y la actriz. \u00a1Por fin posan juntos en una misma imagen!","og_url":"https:\/\/graziamagazine.com\/es\/articles\/la-primera-foto-de-andres-velencoso-y-ursula-corbero-juntos\/","og_site_name":"Grazia","og_image":[{"url":"https:\/\/graziamagazine.com\/es\/wp-content\/uploads\/sites\/12\/2015\/10\/01191934\/cover1_velencoso.jpg"}],"twitter_card":"summary_large_image","twitter_misc":{"Est. reading time":"1 minuto"},"schema":{"@context":"https:\/\/schema.org","@graph":[{"@type":"WebPage","@id":"https:\/\/graziamagazine.com\/es\/articles\/la-primera-foto-de-andres-velencoso-y-ursula-corbero-juntos\/","url":"https:\/\/graziamagazine.com\/es\/articles\/la-primera-foto-de-andres-velencoso-y-ursula-corbero-juntos\/","name":"La primera foto de Andr\u00e9s Velencoso y \u00darsula Corber\u00f3 juntos | Grazia","isPartOf":{"@id":"https:\/\/graziamagazine.com\/es\/#website"},"datePublished":"2015-10-01T17:25:09+00:00","dateModified":"2015-10-01T17:25:09+00:00","description":"Instagram ha vuelto a ser part\u00edcipe de la relaci\u00f3n entre el modelo y la actriz. \u00a1Por fin posan juntos en una misma imagen!","breadcrumb":{"@id":"https:\/\/graziamagazine.com\/es\/articles\/la-primera-foto-de-andres-velencoso-y-ursula-corbero-juntos\/#breadcrumb"},"inLanguage":"es","potentialAction":[{"@type":"ReadAction","target":["https:\/\/graziamagazine.com\/es\/articles\/la-primera-foto-de-andres-velencoso-y-ursula-corbero-juntos\/"]}]},{"@type":"BreadcrumbList","@id":"https:\/\/graziamagazine.com\/es\/articles\/la-primera-foto-de-andres-velencoso-y-ursula-corbero-juntos\/#breadcrumb","itemListElement":[{"@type":"ListItem","position":1,"name":"Portada","item":"https:\/\/graziamagazine.com\/es\/"},{"@type":"ListItem","position":2,"name":"La primera foto de Andr\u00e9s Velencoso y \u00darsula Corber\u00f3 juntos"}]},{"@type":"WebSite","@id":"https:\/\/graziamagazine.com\/es\/#website","url":"https:\/\/graziamagazine.com\/es\/","name":"Grazia","description":"Moda, belleza, celebrities, estilo de vida...","potentialAction":[{"@type":"SearchAction","target":{"@type":"EntryPoint","urlTemplate":"https:\/\/graziamagazine.com\/es\/?s={search_term_string}"},"query-input":"required name=search_term_string"}],"inLanguage":"es"}]}},"jetpack_sharing_enabled":true,"distributor_meta":false,"distributor_terms":false,"distributor_media":false,"distributor_original_site_name":"Grazia","distributor_original_site_url":"https:\/\/graziamagazine.com\/es","push-errors":false,"_links":{"self":[{"href":"https:\/\/graziamagazine.com\/es\/wp-json\/wp\/v2\/articles\/54821"}],"collection":[{"href":"https:\/\/graziamagazine.com\/es\/wp-json\/wp\/v2\/articles"}],"about":[{"href":"https:\/\/graziamagazine.com\/es\/wp-json\/wp\/v2\/types\/articles"}],"author":[{"embeddable":true,"href":"https:\/\/graziamagazine.com\/es\/wp-json\/wp\/v2\/users\/24470"}],"wp:attachment":[{"href":"https:\/\/graziamagazine.com\/es\/wp-json\/wp\/v2\/media?parent=54821"}],"wp:term":[{"taxonomy":"category","embeddable":true,"href":"https:\/\/graziamagazine.com\/es\/wp-json\/wp\/v2\/categories?post=54821"}],"curies":[{"name":"wp","href":"https:\/\/api.w.org\/{rel}","templated":true}]}}