{"id":5422,"date":"2014-10-28T15:48:07","date_gmt":"2014-10-28T15:48:07","guid":{"rendered":"https:\/\/graziamagazine.com\/es\/?p=5422"},"modified":"2015-03-11T18:44:48","modified_gmt":"2015-03-11T17:44:48","slug":"la-alta-cocina-se-vuelve-informal","status":"publish","type":"articles","link":"https:\/\/graziamagazine.com\/es\/articles\/la-alta-cocina-se-vuelve-informal\/","title":{"rendered":"La alta cocina se vuelve informal"},"content":{"rendered":"<p>La alta cocina, a veces, se hace insostenible. Otras, inasequible. La primera raz\u00f3n lleva a muchos chefs, algunos con estrellas Michelin, a cerrar las puertas de sus reputad\u00edsimos pero costos\u00edsimos restaurantes y abrir otros de gastos menos exorbitantes. La segunda hace que algunos de sus colegas opten por mantener sus famosos \u2018templos\u2019 pero abrir a la vez \u2018sucursales\u2019 de su cocina, sin renunciar a la calidad y buen nombre.<\/p>\n<p>Por un motivo u otro, lo cierto es que <strong>cada vez es m\u00e1s com\u00fan el proceso de <em>casualizaci\u00f3n<\/em> de la alta cocina.<\/strong> Resumiendo: locales a cuyos precios pueda acceder el gran p\u00fablico, sin renunciar a una gastronom\u00eda ambiciosa y huyendo del consabido men\u00fa.<\/p>\n<p><img loading=\"lazy\" decoding=\"async\" class=\"aligncenter size-full wp-image-33824\" src=\"https:\/\/graziamagazine.com\/es\/wp-content\/uploads\/sites\/12\/2014\/10\/28154807\/alta-cocina.jpg\" alt=\"alta-cocina\" width=\"1080\" height=\"720\" \/><\/p>\n<p><strong>\u00bfQuieres conocer algunas de las cocinas <em>casual<\/em> de los grandes?<\/strong><\/p>\n<p><strong>David Mu\u00f1oz<\/strong><\/p>\n<p>Este joven cocinero se ha convertido en una estrella gracias a su buen hacer en <a href=\"http:\/\/diverxo.com\" target=\"_blank\" target=\"_blank\"><em>DiverXo<\/em><\/a> (el \u00fanico tres estrellas Michelin en Madrid): una propuesta interesante, nueva y de excelente cocina en la capital que acaba de cambiar de sede (a los bajos del hotel NH Eurobuilding), donde se podr\u00e1 seguir degustando su gastronom\u00eda con dos men\u00fas, de 145 y 200 \u20ac.<\/p>\n<p>Mu\u00f1oz <strong>quiso crear tambi\u00e9n un concepto de cocina m\u00e1s <em>casual<\/em> y opt\u00f3 por la cocina callejera, o <em>street food.<\/em> <\/strong>El resultado: <em>StreetXo,<\/em> hasta ahora en la \u00faltima planta de El Corte Ingl\u00e9s de Callao (Madrid) que, en breve (si no lo ha hecho ya cuando est\u00e9s leyendo estas l\u00edneas), se trasladar\u00e1 a otro centro de la cadena de grandes almacenes, aunque esta vez en una zona noble como es la calle de Serrano esquina con Ayala. Eso s\u00ed, la cocina ser\u00e1 la misma: en tus mismas narices te preparan tataki de pez mantequilla a la brasa, reinvenci\u00f3n-experimentaci\u00f3n-reconstrucci\u00f3n de algo tan habitual como las gambas o, directamente, el s\u00e1ndwich club. Con acceso directo desde la calle, ser\u00e1 un local de m\u00e1s de 200 m2 con distintos puestos y barras, para comer en la que m\u00e1s te guste. Y a precios de calle, con cubiertos de pl\u00e1stico y un papel en el que depositar la comida.<\/p>\n<p><em>DiverXo: pr\u00f3xima apertura, NH Eurobuilging, Padre Dami\u00e1n, 26 (Madrid).<\/em><\/p>\n<p><em>StreetXo: pr\u00f3xima apertura, Serrano, 52 (Madrid).<\/em><\/p>\n<figure id=\"attachment_33813\" aria-describedby=\"caption-attachment-33813\" style=\"width: 1080px\" class=\"wp-caption aligncenter\"><img loading=\"lazy\" decoding=\"async\" class=\"wp-image-33813 size-full\" src=\"https:\/\/graziamagazine.com\/es\/wp-content\/uploads\/sites\/12\/2014\/10\/28154807\/streetxo.jpg\" alt=\"streetxo\" width=\"1080\" height=\"720\" \/><figcaption id=\"caption-attachment-33813\" class=\"wp-caption-text\">As\u00ed ser\u00e1 el nuevo Streetxo que se inaugurar\u00e1 de manera inminente en la calle Serrano.<\/figcaption><\/figure>\n<p><strong>Quique Dacosta<\/strong><\/p>\n<p>El cocinero valenciano posee otro de los triestrellados Michelin de Espa\u00f1a: su <a href=\"http:\/\/www.quiquedacosta.es\" target=\"_blank\"><em>Quique Dacosta,<\/em> en D\u00e9nia (Alicante),<\/a> es uno de los restaurantes m\u00e1s afamados internacionalmente. En estos momentos ofrece dos men\u00fas: <em>Universo local,<\/em> compuesto por platos \u201cque representan nuestro bagaje en forma de tradici\u00f3n, evoluci\u00f3n y vanguardia\u201d; y el <em>Tomorrowland,<\/em> nacido en 2014, al que el chef ha impreso de su \u201cvisi\u00f3n culinaria, su trabajo de investigaci\u00f3n y su pasi\u00f3n por la creatividad\u201d. Ambos, por 165 \u20ac.<\/p>\n<p>Pero, como \u00e9l mismo ha reconocido, <strong>este local hubiera incluso cerrado si no hubiera abierto, bajo el amparo de su marca <em>Daco&amp;Co,<\/em> dos restaurantes <em>casual<\/em> en Valencia:<\/strong> <em><a href=\"http:\/\/www.mercatbar.es\" target=\"_blank\">Mercatbar<\/a><\/em> y <em><a href=\"http:\/\/www.vuelvecarolina.com\/\" target=\"_blank\">Vuelve Carolina.<\/a><\/em> El primero ofrece un men\u00fa del d\u00eda por 14 \u20ac, tapas, platos fr\u00edos y calientes que no distan mucho de lo que se paga en otros locales y la posibilidad incluso de abrir franquicias. El \u2018toque Dacosta\u2019, adem\u00e1s de en la cocina, se nota tambi\u00e9n en que los cocineros disponen de todos los metros que hay a lo largo del local para cocinar y son ellos mismos los que sirven. Por su parte, <em>Vuelve Carolina<\/em> es un gastrobar moderno con las tapas como sanctasanct\u00f3rum de su cocina. Junto a ellas, ostras, papeles, guisos, gui\u00f1os a Jap\u00f3n, pescados, carnes, masas\u2026 e, igualmente, la posibilidad de abrir otros restaurantes de la marca.<\/p>\n<p><em>Quique Dacosta: Ctra. Las Marinas, km 3. Urb. El Poblet (D\u00e9nia).<\/em><\/p>\n<p><em>Mercatbar: Joaqu\u00edn Costa, 27 (Valencia).<\/em><\/p>\n<p><em>Vuelve Carolina: Correos, 8 (Valencia).<\/em><\/p>\n<figure id=\"attachment_33814\" aria-describedby=\"caption-attachment-33814\" style=\"width: 1080px\" class=\"wp-caption aligncenter\"><img loading=\"lazy\" decoding=\"async\" class=\"wp-image-33814 size-full\" src=\"https:\/\/graziamagazine.com\/es\/wp-content\/uploads\/sites\/12\/2014\/10\/28154807\/7648_mercatbar-1.jpg\" alt=\"7648_mercatbar-1\" width=\"1080\" height=\"720\" \/><figcaption id=\"caption-attachment-33814\" class=\"wp-caption-text\">Mercatbar, una de las propuestas m\u00e1s informales de Quique Dacosta<\/figcaption><\/figure>\n<p><strong>elBulli<\/strong><\/p>\n<p>El que fue mejor restaurante del mundo ha sido, seguramente, el que m\u00e1s ha cambiado: ha cerrado para crear <em>elBulliFoundation,<\/em> mezcla de cuartel general de todo lo generado en \u00e9l a nivel te\u00f3rico y pr\u00e1ctico y lugar de experimentaci\u00f3n culinaria.<\/p>\n<p>Adem\u00e1s, hace tres a\u00f1os los hermanos Adri\u00e0 abrieron un local que ya se conoce como &#8216;elBulli de barrio&#8217;: <em><a href=\"http:\/\/www.ticketsbar.es\/web\/\" target=\"_blank\" target=\"_blank\">Tickets<\/a>.<\/em>\u00a0Aqu\u00ed las propuestas se dividen en espacios que recogen diferentes especialidades gastron\u00f3micas, todas ellas bajo esta nueva filosof\u00eda de acercar la alta cocina a todos los p\u00fablicos.<\/p>\n<p>Pero la esencia gastron\u00f3mica del afamado restaurante tambi\u00e9n se ha trasladado a <em><a href=\"http:\/\/es.compartircadaques.com\/\" target=\"_blank\">Compartir,<\/a><\/em> un local abierto por tres exchefs de su cocina (Mateu Casa\u00f1as, Eduard Xatruch y Oriol Castro) en Cadaqu\u00e9s, y conceptuado como un local de cocina sencilla y <strong>platos pensados, como su propio nombre indica, para compartir,<\/strong> eso tan cercano de poner el plato en el centro de la mesa. Y hablamos del esp\u00edritu de <em>elBulli<\/em> porque todo lo aprendido se plasma en una cocina dirigida a todos los p\u00fablicos (vamos, a todos los paladares y todos los bolsillos), con un precio medio que puede rondar entre los 35 y los 55 \u20ac. El restaurante recrea fielmente la arquitectura y los colores t\u00edpicos de Cadaqu\u00e9s y, en el mismo edificio, apartamentos para el alquiler. Eso es aprovechar el espacio.<\/p>\n<p><em>Tickets Bar: Avinguda del Paral\u00b7lel, 164 (Barcelona).<\/em><\/p>\n<p><em>Compartir: Riera de Sant Vicen\u00e7, s\/n, Cadaqu\u00e9s (Girona).<\/em><\/p>\n<figure id=\"attachment_33812\" aria-describedby=\"caption-attachment-33812\" style=\"width: 602px\" class=\"wp-caption aligncenter\"><img loading=\"lazy\" decoding=\"async\" class=\"wp-image-33812 size-full\" src=\"https:\/\/graziamagazine.com\/es\/wp-content\/uploads\/sites\/12\/2014\/10\/28154807\/tickets.png\" alt=\"tickets\" width=\"602\" height=\"400\" \/><figcaption id=\"caption-attachment-33812\" class=\"wp-caption-text\">Los hermanos Adri\u00e0 triunfan, entre otros, con Tickets en Barcelona.<\/figcaption><\/figure>\n<p><strong>Los hermanos Roca<\/strong><\/p>\n<p>Due\u00f1os del que ha sido el mejor restaurante del mundo \u2013ahora, en segunda posici\u00f3n-, <em>El Celler de Can Roca,<\/em> sus art\u00edfices, los hermanos \u00eddem, han ideado otras marcar para abrir m\u00e1s mercado y posicionarse en otras esferas de la gastronom\u00eda que, recordemos, tambi\u00e9n es un negocio.<\/p>\n<p>Podr\u00edamos hablar del restaurante y el bar abiertos en el <em>Hotel Omm<\/em> de Barcelona (<em>Roca Moo<\/em> y <em>Rocabar),<\/em> pero nos parece m\u00e1s original la helader\u00eda <em>Rocambolesc,<\/em> en la que tiene mucho que ver Jordi Roca, el m\u00e1s peque\u00f1o de los tres, por eso de ser el que se dedica a la parte dulce de la cocina. Se trata de un local delicioso (decorativa y gastron\u00f3micamente hablando), con un estilo vintage que, seg\u00fan sus autores, <strong>se basa en el mundo fant\u00e1stico de Willy Wonka,<\/strong> el personaje creado por Roald Dahl. Como por muchas ideas que se tengan nada existe si no se materializa, decir que los art\u00edfices de este mundo interior son Sandra Tarruella (interiorista) y el estudio de dise\u00f1o gr\u00e1fico Run.<\/p>\n<p>Existen seis tipos diferentes de helados, combinados con 34 <em>toppings.<\/em> Por cierto: ahora que llega el invierno, el local ofrece los panecillos de helado caliente y magdalenas de helado. Adem\u00e1s, dentro tambi\u00e9n puedes disfrutar de libros, perfumes, caramelos y otros postres. Y hay muchas innovaciones m\u00e1s (siendo los Roca, te puedes imaginar), pero para conocerlas, lo mejor es <a href=\"http:\/\/www.rocambolesc.com\/\" target=\"_blank\">visitar su web.<\/a><\/p>\n<p><em>Rocambolesc: Santa Clara, 50 (Girona) \/ Av. De S\u2019Agar\u00f3, 59, Platja d\u2019Aro (Girona).<\/em><\/p>\n<figure id=\"attachment_33810\" aria-describedby=\"caption-attachment-33810\" style=\"width: 1000px\" class=\"wp-caption aligncenter\"><img loading=\"lazy\" decoding=\"async\" class=\"wp-image-33810 size-full\" src=\"https:\/\/graziamagazine.com\/es\/wp-content\/uploads\/sites\/12\/2014\/10\/28154807\/rrr_pda_21.jpg\" alt=\"rrr_pda_21\" width=\"1000\" height=\"667\" \/><figcaption id=\"caption-attachment-33810\" class=\"wp-caption-text\">En Rocambolesc redescubrir\u00e1s el placer del helado.<\/figcaption><\/figure>\n<p><strong>Ram\u00f3n Freixa<\/strong><\/p>\n<p>El chef tambi\u00e9n presume de estrellas (concretamente de dos) y de un nuevo espacio m\u00e1s cercano, \u00absu versi\u00f3n <em>pr\u00eat-\u00e0-porter\u00bb,<\/em> que acaba de abrir puertas en\u00a0<em>Platea,<\/em> el \u00faltimo espacio gastron\u00f3mico de la capital. El rinc\u00f3n ha sido bautizado como\u00a0<a href=\"http:\/\/www.plateamadrid.com\/es\/the-place\/restaurante-arriba\" target=\"_blank\" target=\"_blank\"><em>Arriba<\/em><\/a>\u00a0(est\u00e1 situado en el anfiteatro del antiguo cine en el que se localiza) y permite degustar sus bocados mientras se disfruta de uno de los espect\u00e1culos del espacio. Ensaladilla rusa, croquetas, ensaladas o perrito caliente de butifarra son algunas de sus apuestas.<\/p>\n<p><em>Arriba: Platea, Goya, 7 (Madrid).<\/em><\/p>\n<figure id=\"attachment_33808\" aria-describedby=\"caption-attachment-33808\" style=\"width: 1080px\" class=\"wp-caption aligncenter\"><img loading=\"lazy\" decoding=\"async\" class=\"wp-image-33808 size-full\" src=\"https:\/\/graziamagazine.com\/es\/wp-content\/uploads\/sites\/12\/2014\/10\/28154807\/Platea3.jpg\" alt=\"Platea3\" width=\"1080\" height=\"720\" \/><figcaption id=\"caption-attachment-33808\" class=\"wp-caption-text\">El multiespacio Platea con anfiteatro donde se aloja Arriba, lo \u00faltimo de Ram\u00f3n Freixa.<\/figcaption><\/figure>\n<p><strong>Marcelo Tejedor<\/strong><\/p>\n<p>Este es uno de esos casos claros en los que la alta cocina acaba por reconvertirse en algo m\u00e1s informal, sin dobles sucursales. Marcelo Tejedor abri\u00f3 hace m\u00e1s de 15 a\u00f1os\u00a0<a href=\"http:\/\/www.casamarcelo.net\/\" target=\"_blank\"><em>Casa Marcelo,<\/em>\u00a0en Santiago de Compostela,<\/a>\u00a0y apost\u00f3 por algo, en aquel momento, totalmente nuevo: se ofrec\u00eda un men\u00fa degustaci\u00f3n que depend\u00eda, exclusivamente, de los materiales que ofreciera el mercado, sin opci\u00f3n para el comensal, y una cocina completamente abierta y visible desde toda la sala. Muchos otros le copiaron, pero solo \u00e9l logr\u00f3 una estrella Michelin.<\/p>\n<p>Hasta que decidi\u00f3 cambiar el concepto: el restaurante gastron\u00f3mico cerraba para abrirse (hace algo m\u00e1s de dos a\u00f1os) un espacio mucho m\u00e1s informal bajo el mismo nombre, donde compartir una buena porci\u00f3n de raciones y platos de cocinas de todo tipo (japonesa, mejicana, gallega, peruana\u2026) en tres espacios. Los precios: entre 1,50-4,50-5 \u20ac\u2026 Resultado: una especie de taberna abarrotada de gente gracias a la buena calidad de los productos y la cocina y una reinvenci\u00f3n que, si no se hubiera producido, quiz\u00e1 hubiera acabado con la antigua\u00a0<em>Casa Marcelo<\/em>\u00a0o, lo que hubiera sido peor, con las ganas de innovar de su creador.<\/p>\n<p><em>Casa Marcelo: r\u00faa das Hortas, 1 (Santiago de Compostela).<\/em><\/p>\n","protected":false},"author":16025,"featured_media":0,"template":"","format":"standard","categories":[20,18],"acf":[],"yoast_head":"<!-- This site is optimized with the Yoast SEO Premium plugin v18.5 (Yoast SEO v20.4) - https:\/\/yoast.com\/wordpress\/plugins\/seo\/ -->\n<title>La alta cocina se vuelve informal | Grazia<\/title>\n<meta name=\"description\" content=\"Los grandes chefs optan por abrir locales m\u00e1s asequibles, sin perder un \u00e1tomo de su buena cocina\" \/>\n<meta name=\"robots\" content=\"index, follow, max-snippet:-1, max-image-preview:large, max-video-preview:-1\" \/>\n<link rel=\"canonical\" href=\"https:\/\/graziamagazine.com\/es\/articles\/la-alta-cocina-se-vuelve-informal\/\" \/>\n<meta property=\"og:locale\" content=\"es_ES\" \/>\n<meta property=\"og:type\" content=\"article\" \/>\n<meta property=\"og:title\" content=\"La alta cocina se vuelve informal\" \/>\n<meta property=\"og:description\" content=\"Los grandes chefs optan por abrir locales m\u00e1s asequibles, sin perder un \u00e1tomo de su buena cocina\" \/>\n<meta property=\"og:url\" content=\"https:\/\/graziamagazine.com\/es\/articles\/la-alta-cocina-se-vuelve-informal\/\" \/>\n<meta property=\"og:site_name\" content=\"Grazia\" \/>\n<meta property=\"article:modified_time\" content=\"2015-03-11T17:44:48+00:00\" \/>\n<meta property=\"og:image\" content=\"https:\/\/graziamagazine.com\/es\/wp-content\/uploads\/sites\/12\/2014\/10\/28154807\/alta-cocina.jpg\" \/>\n<meta name=\"twitter:card\" content=\"summary_large_image\" \/>\n<meta name=\"twitter:label1\" content=\"Est. reading time\" \/>\n\t<meta name=\"twitter:data1\" content=\"8 minutos\" \/>\n<script type=\"application\/ld+json\" class=\"yoast-schema-graph\">{\"@context\":\"https:\/\/schema.org\",\"@graph\":[{\"@type\":\"WebPage\",\"@id\":\"https:\/\/graziamagazine.com\/es\/articles\/la-alta-cocina-se-vuelve-informal\/\",\"url\":\"https:\/\/graziamagazine.com\/es\/articles\/la-alta-cocina-se-vuelve-informal\/\",\"name\":\"La alta cocina se vuelve informal | Grazia\",\"isPartOf\":{\"@id\":\"https:\/\/graziamagazine.com\/es\/#website\"},\"datePublished\":\"2014-10-28T15:48:07+00:00\",\"dateModified\":\"2015-03-11T17:44:48+00:00\",\"description\":\"Los grandes chefs optan por abrir locales m\u00e1s asequibles, sin perder un \u00e1tomo de su buena cocina\",\"breadcrumb\":{\"@id\":\"https:\/\/graziamagazine.com\/es\/articles\/la-alta-cocina-se-vuelve-informal\/#breadcrumb\"},\"inLanguage\":\"es\",\"potentialAction\":[{\"@type\":\"ReadAction\",\"target\":[\"https:\/\/graziamagazine.com\/es\/articles\/la-alta-cocina-se-vuelve-informal\/\"]}]},{\"@type\":\"BreadcrumbList\",\"@id\":\"https:\/\/graziamagazine.com\/es\/articles\/la-alta-cocina-se-vuelve-informal\/#breadcrumb\",\"itemListElement\":[{\"@type\":\"ListItem\",\"position\":1,\"name\":\"Portada\",\"item\":\"https:\/\/graziamagazine.com\/es\/\"},{\"@type\":\"ListItem\",\"position\":2,\"name\":\"La alta cocina se vuelve informal\"}]},{\"@type\":\"WebSite\",\"@id\":\"https:\/\/graziamagazine.com\/es\/#website\",\"url\":\"https:\/\/graziamagazine.com\/es\/\",\"name\":\"Grazia\",\"description\":\"Moda, belleza, celebrities, estilo de vida...\",\"potentialAction\":[{\"@type\":\"SearchAction\",\"target\":{\"@type\":\"EntryPoint\",\"urlTemplate\":\"https:\/\/graziamagazine.com\/es\/?s={search_term_string}\"},\"query-input\":\"required name=search_term_string\"}],\"inLanguage\":\"es\"}]}<\/script>\n<!-- \/ Yoast SEO Premium plugin. -->","yoast_head_json":{"title":"La alta cocina se vuelve informal | Grazia","description":"Los grandes chefs optan por abrir locales m\u00e1s asequibles, sin perder un \u00e1tomo de su buena cocina","robots":{"index":"index","follow":"follow","max-snippet":"max-snippet:-1","max-image-preview":"max-image-preview:large","max-video-preview":"max-video-preview:-1"},"canonical":"https:\/\/graziamagazine.com\/es\/articles\/la-alta-cocina-se-vuelve-informal\/","og_locale":"es_ES","og_type":"article","og_title":"La alta cocina se vuelve informal","og_description":"Los grandes chefs optan por abrir locales m\u00e1s asequibles, sin perder un \u00e1tomo de su buena cocina","og_url":"https:\/\/graziamagazine.com\/es\/articles\/la-alta-cocina-se-vuelve-informal\/","og_site_name":"Grazia","article_modified_time":"2015-03-11T17:44:48+00:00","og_image":[{"url":"https:\/\/graziamagazine.com\/es\/wp-content\/uploads\/sites\/12\/2014\/10\/28154807\/alta-cocina.jpg"}],"twitter_card":"summary_large_image","twitter_misc":{"Est. reading time":"8 minutos"},"schema":{"@context":"https:\/\/schema.org","@graph":[{"@type":"WebPage","@id":"https:\/\/graziamagazine.com\/es\/articles\/la-alta-cocina-se-vuelve-informal\/","url":"https:\/\/graziamagazine.com\/es\/articles\/la-alta-cocina-se-vuelve-informal\/","name":"La alta cocina se vuelve informal | Grazia","isPartOf":{"@id":"https:\/\/graziamagazine.com\/es\/#website"},"datePublished":"2014-10-28T15:48:07+00:00","dateModified":"2015-03-11T17:44:48+00:00","description":"Los grandes chefs optan por abrir locales m\u00e1s asequibles, sin perder un \u00e1tomo de su buena cocina","breadcrumb":{"@id":"https:\/\/graziamagazine.com\/es\/articles\/la-alta-cocina-se-vuelve-informal\/#breadcrumb"},"inLanguage":"es","potentialAction":[{"@type":"ReadAction","target":["https:\/\/graziamagazine.com\/es\/articles\/la-alta-cocina-se-vuelve-informal\/"]}]},{"@type":"BreadcrumbList","@id":"https:\/\/graziamagazine.com\/es\/articles\/la-alta-cocina-se-vuelve-informal\/#breadcrumb","itemListElement":[{"@type":"ListItem","position":1,"name":"Portada","item":"https:\/\/graziamagazine.com\/es\/"},{"@type":"ListItem","position":2,"name":"La alta cocina se vuelve informal"}]},{"@type":"WebSite","@id":"https:\/\/graziamagazine.com\/es\/#website","url":"https:\/\/graziamagazine.com\/es\/","name":"Grazia","description":"Moda, belleza, celebrities, estilo de vida...","potentialAction":[{"@type":"SearchAction","target":{"@type":"EntryPoint","urlTemplate":"https:\/\/graziamagazine.com\/es\/?s={search_term_string}"},"query-input":"required name=search_term_string"}],"inLanguage":"es"}]}},"jetpack_sharing_enabled":true,"distributor_meta":false,"distributor_terms":false,"distributor_media":false,"distributor_original_site_name":"Grazia","distributor_original_site_url":"https:\/\/graziamagazine.com\/es","push-errors":false,"_links":{"self":[{"href":"https:\/\/graziamagazine.com\/es\/wp-json\/wp\/v2\/articles\/5422"}],"collection":[{"href":"https:\/\/graziamagazine.com\/es\/wp-json\/wp\/v2\/articles"}],"about":[{"href":"https:\/\/graziamagazine.com\/es\/wp-json\/wp\/v2\/types\/articles"}],"author":[{"embeddable":true,"href":"https:\/\/graziamagazine.com\/es\/wp-json\/wp\/v2\/users\/16025"}],"wp:attachment":[{"href":"https:\/\/graziamagazine.com\/es\/wp-json\/wp\/v2\/media?parent=5422"}],"wp:term":[{"taxonomy":"category","embeddable":true,"href":"https:\/\/graziamagazine.com\/es\/wp-json\/wp\/v2\/categories?post=5422"}],"curies":[{"name":"wp","href":"https:\/\/api.w.org\/{rel}","templated":true}]}}