{"id":51411,"date":"2015-09-23T11:34:34","date_gmt":"2015-09-23T09:34:34","guid":{"rendered":"https:\/\/graziamagazine.com\/es\/?p=51411"},"modified":"2015-09-23T11:54:58","modified_gmt":"2015-09-23T09:54:58","slug":"dime-que-colores-vistes-y-te-dire-como-te-ven","status":"publish","type":"articles","link":"https:\/\/graziamagazine.com\/es\/articles\/dime-que-colores-vistes-y-te-dire-como-te-ven\/","title":{"rendered":"Dime qu\u00e9 colores vistes y te dir\u00e9 c\u00f3mo te ven"},"content":{"rendered":"<p>Sabemos cu\u00e1l es el color de moda en las pasarelas, <a href=\"http:\/\/www.pantone.com\/color-of-the-year\" target=\"_blank\" target=\"_blank\">el que elige Pantone cada a\u00f1o<\/a>, tenemos tambi\u00e9n nuestro color preferido e incluso sabemos cu\u00e1l nos favorece y cu\u00e1l es mejor que no nos pongamos nunca; pero,\u00a0<strong>\u00bftenemos idea de c\u00f3mo nos ven los dem\u00e1s cuando vestimos uno u otro? <\/strong>Porque a nadie le cabe duda que las primeras impresiones importan y que en este sentido la ropa que llevamos tiene mucho que decir al respecto; pero, \u00bfqu\u00e9 aportan los colores a esos primeras percepciones\u00a0cuando conocemos a alguien?<\/p>\n<figure id=\"attachment_51727\" aria-describedby=\"caption-attachment-51727\" style=\"width: 785px\" class=\"wp-caption aligncenter\"><img loading=\"lazy\" decoding=\"async\" class=\"size-full wp-image-51727\" src=\"https:\/\/graziamagazine.com\/es\/wp-content\/uploads\/sites\/12\/2015\/09\/23103039\/cover1.jpg\" alt=\"\u00a9 Mondadori Photo\" width=\"785\" height=\"480\" \/><figcaption id=\"caption-attachment-51727\" class=\"wp-caption-text\">\u00a9 Mondadori Photo<\/figcaption><\/figure>\n<p><a href=\"http:\/\/www.buytshirtsonline.co.uk\/colour-perception\/\" target=\"_blank\" target=\"_blank\">La web inglesa BTSO ha realizado una encuesta<\/a> entre miles de usuarios para concluir que <strong>el negro es el color mejor valorado\u00a0<\/strong>a la hora de juzgar a los dem\u00e1s a primera vista. O as\u00ed lo creen el 56% de los encuestados. Es curioso que sea precisamente el mismo tono que en nuestra sociedad nos recuerda a la muerte o nos evoca tristeza. Sin embargo, para los encuestados, <strong>una persona que viste de negro transmite seguridad, confianza, fiabilidad e incluso inteligencia.<\/strong> Y no van tan desencaminados porque, tendencias aparte, en el mundo de la moda, al fin y al cabo, el negro es siempre el color fetiche. Que se lo pregunten a <strong>Karl Lagerfeld<\/strong>, que ha sabido hacer de \u00e9l su inconfundible uniforme a trav\u00e9s de los trajes de Dior Homme, fiel devoto primero a Hedi Slimane (lleg\u00f3 incluso a afirmar que perdi\u00f3 40 kilos solo para poder meterse en sus dise\u00f1os) y ahora a Kris Van Assche.<\/p>\n<p><img loading=\"lazy\" decoding=\"async\" class=\"aligncenter size-full wp-image-51415\" src=\"https:\/\/graziamagazine.com\/es\/wp-content\/uploads\/sites\/12\/2015\/09\/22142713\/54abcdca8cf91_-_karl.gif\" alt=\"54abcdca8cf91_-_karl\" width=\"500\" height=\"246\" \/><\/p>\n<p>&nbsp;<\/p>\n<p>Pero no es oro todo lo que reluce. Aunque si queremos dar una buena impresi\u00f3n tenemos que caer rendidas al negro, tambi\u00e9n tenemos que saber tambi\u00e9n que no se salva de connotaciones negativas y es que, seg\u00fan la percepci\u00f3n de los entrevistados, <strong>la gente que viste de negro no transmite generosidad<\/strong>.<\/p>\n<p><strong>Por detr\u00e1s del negro se sit\u00faa el que muchas veces es su sustituto: el azul<\/strong>, id\u00f3neo tambi\u00e9n para una entrevista de trabajo, una cita formal o cualquier momento en el que queramos que nos perciban como una persona fiable y seria.<\/p>\n<figure id=\"attachment_51607\" aria-describedby=\"caption-attachment-51607\" style=\"width: 785px\" class=\"wp-caption aligncenter\"><img loading=\"lazy\" decoding=\"async\" class=\"size-full wp-image-51607\" src=\"https:\/\/graziamagazine.com\/es\/wp-content\/uploads\/sites\/12\/2015\/09\/22184834\/AZUL.jpg\" alt=\"\u00a9 Mondadori Photo\" width=\"785\" height=\"480\" \/><figcaption id=\"caption-attachment-51607\" class=\"wp-caption-text\">Esta temporada, el azul quiere ser pastel (casi) todo el rato. Lo vemos (de izquierda a derecha) en Topshop Unique, Dolce &amp; Gabbana, Giorgio Armani, N\u00ba21. Burberry Prorsum, a la derecha, apuesta por el Klein. \u00a9 Mondadori Photo<\/figcaption><\/figure>\n<p>Y <strong>por detr\u00e1s, en el tercer puesto, aparece un polo opuesto: el rojo.<\/strong> El 54% de las mujeres est\u00e1n dispuestas a vestir el color de la pasi\u00f3n ya que, seg\u00fan dice, les ofrece seguridad y con \u00e9l se sienten m\u00e1s sexy. As\u00ed lo confirma el 56% de los hombres, que se sienten atra\u00eddos por una mujer vestida de rojo.<\/p>\n<figure id=\"attachment_51606\" aria-describedby=\"caption-attachment-51606\" style=\"width: 785px\" class=\"wp-caption aligncenter\"><img loading=\"lazy\" decoding=\"async\" class=\"size-full wp-image-51606\" src=\"https:\/\/graziamagazine.com\/es\/wp-content\/uploads\/sites\/12\/2015\/09\/22184829\/ROJO.jpg\" alt=\"\u00a9 Mondadori Photo\" width=\"785\" height=\"480\" \/><figcaption id=\"caption-attachment-51606\" class=\"wp-caption-text\">M\u00e1s all\u00e1 del mini vestido sexy escotado en rojo vibrante, este color puede definirnos como seguras de nosotras mismas en clave de pantal\u00f3n\u00a0de pinzas, vestidos midi, faldas&#8230; As\u00ed lo dictan Zac Posen, Carolina Herrera, Erdem, Fendi o Burberry Prorsum. \u00a9 Mondadori Photo<\/figcaption><\/figure>\n<p>Pero no ocurre lo mismo si son ellos los que tienen que pon\u00e9rselo, <strong>en los hombres este tono se asocia con la agresividad<\/strong> (solo un 28% lo vestir\u00eda). Y es que el significado de los colores cambia mucho seg\u00fan qui\u00e9n los lleve y d\u00f3nde se lleven. Por ejemplo, el que consideramos nosotros como un color pasional y atractivo es, precisamente, el que visten las viudas en Sud\u00e1frica y que, por tanto, se asocia a la muerte, mientras que en China es s\u00edmbolo de prosperidad y felicidad. Pero volvamos a Espa\u00f1a, \u00bfqu\u00e9 pasa con el color de la pasi\u00f3n si le quitamos las connotaciones sexuales y lo trasladamos a otros rasgos de la personalidad? Seg\u00fan la\u00a0encuesta, solo el 12% lo asocia a personas inteligentes o bondadosas.<\/p>\n<p>Que no cunda el p\u00e1nico entre las amantes del rojo porque a\u00fan <strong>hay un color mucho peor parado: el rosa<\/strong>. Solo un 5% de los encuestados asocia el color preferido de Elle Woods (<strong>Reese Witherspoon<\/strong> en <em>Una rubia muy legal<\/em>), con la inteligencia. Sin embargo, es la misma Elle el ejemplo de que no hay que juzgar a los dem\u00e1s por su apariencia.<\/p>\n<p><img loading=\"lazy\" decoding=\"async\" class=\"aligncenter size-full wp-image-51418\" src=\"https:\/\/graziamagazine.com\/es\/wp-content\/uploads\/sites\/12\/2015\/09\/22143400\/tumblr_mxvj77y1kt1qdq9nxo1_500.gif\" alt=\"tumblr_mxvj77y1kt1qdq9nxo1_500\" width=\"500\" height=\"213\" \/><\/p>\n<p>&nbsp;<\/p>\n<p>El rosa, al que siempre hab\u00edamos asociado con dulzura, parece ser que, adem\u00e1s de la falta de inteligencia, tambi\u00e9n se le achaca la frivolidad. Asusta un poco, la verdad, porque las opciones siguen reduci\u00e9ndose. <strong>Tampoco salen muy bien parados el naranja y el marr\u00f3n, ya que solo el 2% de la mujeres lo usar\u00edan para una cita clave<\/strong>. Definitivamente,<em> orange is not the new black<\/em>.<\/p>\n<figure id=\"attachment_51732\" aria-describedby=\"caption-attachment-51732\" style=\"width: 785px\" class=\"wp-caption aligncenter\"><img loading=\"lazy\" decoding=\"async\" class=\"size-full wp-image-51732\" src=\"https:\/\/graziamagazine.com\/es\/wp-content\/uploads\/sites\/12\/2015\/09\/23103959\/MARRON_NARANJA.jpg\" alt=\"A pesar de que pocas lo usar\u00edan en una cita clave, el marr\u00f3n es uno de los colores de la temporada gracias al auge de las prendas en ante. Chiara lo prefiere en mini vestido de piel. El naranja, por su parte, es clave en el invierno de Louis Vuitton y Miu MIu. \u00a9 Mondadori Photo\" width=\"785\" height=\"480\" \/><figcaption id=\"caption-attachment-51732\" class=\"wp-caption-text\">A pesar de que pocas lo usar\u00edan en una cita clave, el marr\u00f3n es uno de los colores de la temporada gracias al auge de las prendas en ante. Chiara Ferragni lo prefiere en mini vestido de piel. El naranja, por su parte, es clave en el invierno de Louis Vuitton y Miu Miu. \u00a9 Mondadori Photo<\/figcaption><\/figure>\n<p><strong>Pero, entonces \u00bfpor qu\u00e9 siempre caemos en el color de la temporada si nos cuesta salir del negro?<\/strong> Pues porque, adem\u00e1s de que de vez en cuando hay que variar <del>y que en el fondo somos unas <em>fashion victims<\/em><\/del>, tenemos que reconocer que, en cuesti\u00f3n de colores, al fin y al cabo, que las dem\u00e1s vistan lo mismo que nosotras nos aporta seguridad. \u00a1Si es que al final todo es cuesti\u00f3n de psicolog\u00eda!<\/p>\n<figure id=\"attachment_51609\" aria-describedby=\"caption-attachment-51609\" style=\"width: 785px\" class=\"wp-caption aligncenter\"><img loading=\"lazy\" decoding=\"async\" class=\"size-full wp-image-51609\" src=\"https:\/\/graziamagazine.com\/es\/wp-content\/uploads\/sites\/12\/2015\/09\/22190433\/NEGRO.jpg\" alt=\"Nada puede ser the new black. Nos pongamos como nos pongamos, el negro siempre prevalecer\u00e1 en moda. \u00a9 Mondadori Photo\" width=\"785\" height=\"480\" \/><figcaption id=\"caption-attachment-51609\" class=\"wp-caption-text\">Nada puede ser the new black. Nos pongamos como nos pongamos, el negro siempre prevalecer\u00e1. De izquierda a derecha, presente en Chlo\u00e9, Stella McCartney, Topshop Unique, Victoria Beckham y Carven. \u00a9 Mondadori Photo<\/figcaption><\/figure>\n<p>Y ahora te estar\u00e1s preguntando que esto est\u00e1 a punto de acabar y que <strong>a\u00fan no sabes qu\u00e9 pasa con el verde, el blanco, el morado o el amarillo<\/strong>. Si alguno de estos son tus preferidos a la hora de vestir est\u00e1s de suerte porque, adem\u00e1s de haber pasado casi desapercibidos en el estudio, no se ha destacado ninguna connotaci\u00f3n negativa. De estos cuatro, <strong>el blanco es el mejor valorado<\/strong> (se encuentra en el cuarto puesto por detr\u00e1s del negro, el azul y el rojo) y el peor, el amarillo: <del>piensa que al fin y al cabo ha participado en la creaci\u00f3n del tan poco querido naranja.<\/del><\/p>\n<figure id=\"attachment_51734\" aria-describedby=\"caption-attachment-51734\" style=\"width: 785px\" class=\"wp-caption aligncenter\"><img loading=\"lazy\" decoding=\"async\" class=\"size-full wp-image-51734\" src=\"https:\/\/graziamagazine.com\/es\/wp-content\/uploads\/sites\/12\/2015\/09\/23105725\/COLORES.jpg\" alt=\"\u00a9 Mondadori Photo\" width=\"785\" height=\"480\" \/><figcaption id=\"caption-attachment-51734\" class=\"wp-caption-text\">De izquierda a derecha, as\u00ed se lleva el blanco en Isabel Marant y Barbara Casasola, el verde en Christopher Kane, el morado en Missoni y el amarillo en MSGM.\u00a9 Mondadori Photo<\/figcaption><\/figure>\n<p>A\u00fan as\u00ed, d\u00e9jate guiar por tu instinto y viste como mejor te sientas, pues<strong>\u00a0eres t\u00fa la que tiene que estar a gusto con la ropa que te acompa\u00f1ar\u00e1 durante todo un d\u00eda.<\/strong> Por eso, preferimos pensar que el amarillo provoca alegr\u00eda y estimula la actividad mental; el rosa nos hace sentir cari\u00f1o, amor y protecci\u00f3n; el blanco significa seguridad, pureza y limpieza; el naranja combina la felicidad del amarillo con la energ\u00eda del rojo y representa la creatividad y el entusiasmo; y el verde es la armon\u00eda y la seguridad. \u00a1T\u00fa eliges!<\/p>\n<p><iframe loading=\"lazy\" style=\"border: none; overflow: hidden; height: 258px;\" src=\"\/\/www.facebook.com\/plugins\/likebox.php?href=https%3A%2F%2Fwww.facebook.com%2Fgraziaespana&amp;width&amp;height=258&amp;colorscheme=light&amp;show_faces=true&amp;header=false&amp;stream=false&amp;show_border=false&amp;appId=349017955267591\" width=\"300\" height=\"150\" frameborder=\"0\" scrolling=\"no\"><\/iframe><\/p>\n","protected":false},"author":24052,"featured_media":0,"template":"","format":"standard","categories":[162,1],"acf":[],"yoast_head":"<!-- This site is optimized with the Yoast SEO Premium plugin v18.5 (Yoast SEO v20.4) - https:\/\/yoast.com\/wordpress\/plugins\/seo\/ -->\n<title>Dime qu\u00e9 colores vistes y te dir\u00e9 c\u00f3mo te ven | Grazia<\/title>\n<meta name=\"description\" content=\"Las diferentes tonalidades de nuestra ropa influyen en la percepci\u00f3n que tienen los dem\u00e1s de nosotros. \u00bfEres como dicen tus colores?\" \/>\n<meta name=\"robots\" content=\"index, follow, max-snippet:-1, max-image-preview:large, max-video-preview:-1\" \/>\n<link rel=\"canonical\" href=\"https:\/\/graziamagazine.com\/es\/articles\/dime-que-colores-vistes-y-te-dire-como-te-ven\/\" \/>\n<meta property=\"og:locale\" content=\"es_ES\" \/>\n<meta property=\"og:type\" content=\"article\" \/>\n<meta property=\"og:title\" content=\"Dime qu\u00e9 colores vistes y te dir\u00e9 c\u00f3mo te ven\" \/>\n<meta property=\"og:description\" content=\"Las diferentes tonalidades de nuestra ropa influyen en la percepci\u00f3n que tienen los dem\u00e1s de nosotros. \u00bfEres como dicen tus colores?\" \/>\n<meta property=\"og:url\" content=\"https:\/\/graziamagazine.com\/es\/articles\/dime-que-colores-vistes-y-te-dire-como-te-ven\/\" \/>\n<meta property=\"og:site_name\" content=\"Grazia\" \/>\n<meta property=\"article:modified_time\" content=\"2015-09-23T09:54:58+00:00\" \/>\n<meta property=\"og:image\" content=\"https:\/\/graziamagazine.com\/es\/wp-content\/uploads\/sites\/12\/2015\/09\/23103039\/cover1.jpg\" \/>\n<meta name=\"twitter:card\" content=\"summary_large_image\" \/>\n<meta name=\"twitter:label1\" content=\"Est. reading time\" \/>\n\t<meta name=\"twitter:data1\" content=\"6 minutos\" \/>\n<script type=\"application\/ld+json\" class=\"yoast-schema-graph\">{\"@context\":\"https:\/\/schema.org\",\"@graph\":[{\"@type\":\"WebPage\",\"@id\":\"https:\/\/graziamagazine.com\/es\/articles\/dime-que-colores-vistes-y-te-dire-como-te-ven\/\",\"url\":\"https:\/\/graziamagazine.com\/es\/articles\/dime-que-colores-vistes-y-te-dire-como-te-ven\/\",\"name\":\"Dime qu\u00e9 colores vistes y te dir\u00e9 c\u00f3mo te ven | Grazia\",\"isPartOf\":{\"@id\":\"https:\/\/graziamagazine.com\/es\/#website\"},\"datePublished\":\"2015-09-23T09:34:34+00:00\",\"dateModified\":\"2015-09-23T09:54:58+00:00\",\"description\":\"Las diferentes tonalidades de nuestra ropa influyen en la percepci\u00f3n que tienen los dem\u00e1s de nosotros. \u00bfEres como dicen tus colores?\",\"breadcrumb\":{\"@id\":\"https:\/\/graziamagazine.com\/es\/articles\/dime-que-colores-vistes-y-te-dire-como-te-ven\/#breadcrumb\"},\"inLanguage\":\"es\",\"potentialAction\":[{\"@type\":\"ReadAction\",\"target\":[\"https:\/\/graziamagazine.com\/es\/articles\/dime-que-colores-vistes-y-te-dire-como-te-ven\/\"]}]},{\"@type\":\"BreadcrumbList\",\"@id\":\"https:\/\/graziamagazine.com\/es\/articles\/dime-que-colores-vistes-y-te-dire-como-te-ven\/#breadcrumb\",\"itemListElement\":[{\"@type\":\"ListItem\",\"position\":1,\"name\":\"Portada\",\"item\":\"https:\/\/graziamagazine.com\/es\/\"},{\"@type\":\"ListItem\",\"position\":2,\"name\":\"Dime qu\u00e9 colores vistes y te dir\u00e9 c\u00f3mo te ven\"}]},{\"@type\":\"WebSite\",\"@id\":\"https:\/\/graziamagazine.com\/es\/#website\",\"url\":\"https:\/\/graziamagazine.com\/es\/\",\"name\":\"Grazia\",\"description\":\"Moda, belleza, celebrities, estilo de vida...\",\"potentialAction\":[{\"@type\":\"SearchAction\",\"target\":{\"@type\":\"EntryPoint\",\"urlTemplate\":\"https:\/\/graziamagazine.com\/es\/?s={search_term_string}\"},\"query-input\":\"required name=search_term_string\"}],\"inLanguage\":\"es\"}]}<\/script>\n<!-- \/ Yoast SEO Premium plugin. -->","yoast_head_json":{"title":"Dime qu\u00e9 colores vistes y te dir\u00e9 c\u00f3mo te ven | Grazia","description":"Las diferentes tonalidades de nuestra ropa influyen en la percepci\u00f3n que tienen los dem\u00e1s de nosotros. \u00bfEres como dicen tus colores?","robots":{"index":"index","follow":"follow","max-snippet":"max-snippet:-1","max-image-preview":"max-image-preview:large","max-video-preview":"max-video-preview:-1"},"canonical":"https:\/\/graziamagazine.com\/es\/articles\/dime-que-colores-vistes-y-te-dire-como-te-ven\/","og_locale":"es_ES","og_type":"article","og_title":"Dime qu\u00e9 colores vistes y te dir\u00e9 c\u00f3mo te ven","og_description":"Las diferentes tonalidades de nuestra ropa influyen en la percepci\u00f3n que tienen los dem\u00e1s de nosotros. \u00bfEres como dicen tus colores?","og_url":"https:\/\/graziamagazine.com\/es\/articles\/dime-que-colores-vistes-y-te-dire-como-te-ven\/","og_site_name":"Grazia","article_modified_time":"2015-09-23T09:54:58+00:00","og_image":[{"url":"https:\/\/graziamagazine.com\/es\/wp-content\/uploads\/sites\/12\/2015\/09\/23103039\/cover1.jpg"}],"twitter_card":"summary_large_image","twitter_misc":{"Est. reading time":"6 minutos"},"schema":{"@context":"https:\/\/schema.org","@graph":[{"@type":"WebPage","@id":"https:\/\/graziamagazine.com\/es\/articles\/dime-que-colores-vistes-y-te-dire-como-te-ven\/","url":"https:\/\/graziamagazine.com\/es\/articles\/dime-que-colores-vistes-y-te-dire-como-te-ven\/","name":"Dime qu\u00e9 colores vistes y te dir\u00e9 c\u00f3mo te ven | Grazia","isPartOf":{"@id":"https:\/\/graziamagazine.com\/es\/#website"},"datePublished":"2015-09-23T09:34:34+00:00","dateModified":"2015-09-23T09:54:58+00:00","description":"Las diferentes tonalidades de nuestra ropa influyen en la percepci\u00f3n que tienen los dem\u00e1s de nosotros. \u00bfEres como dicen tus colores?","breadcrumb":{"@id":"https:\/\/graziamagazine.com\/es\/articles\/dime-que-colores-vistes-y-te-dire-como-te-ven\/#breadcrumb"},"inLanguage":"es","potentialAction":[{"@type":"ReadAction","target":["https:\/\/graziamagazine.com\/es\/articles\/dime-que-colores-vistes-y-te-dire-como-te-ven\/"]}]},{"@type":"BreadcrumbList","@id":"https:\/\/graziamagazine.com\/es\/articles\/dime-que-colores-vistes-y-te-dire-como-te-ven\/#breadcrumb","itemListElement":[{"@type":"ListItem","position":1,"name":"Portada","item":"https:\/\/graziamagazine.com\/es\/"},{"@type":"ListItem","position":2,"name":"Dime qu\u00e9 colores vistes y te dir\u00e9 c\u00f3mo te ven"}]},{"@type":"WebSite","@id":"https:\/\/graziamagazine.com\/es\/#website","url":"https:\/\/graziamagazine.com\/es\/","name":"Grazia","description":"Moda, belleza, celebrities, estilo de vida...","potentialAction":[{"@type":"SearchAction","target":{"@type":"EntryPoint","urlTemplate":"https:\/\/graziamagazine.com\/es\/?s={search_term_string}"},"query-input":"required name=search_term_string"}],"inLanguage":"es"}]}},"jetpack_sharing_enabled":true,"distributor_meta":false,"distributor_terms":false,"distributor_media":false,"distributor_original_site_name":"Grazia","distributor_original_site_url":"https:\/\/graziamagazine.com\/es","push-errors":false,"_links":{"self":[{"href":"https:\/\/graziamagazine.com\/es\/wp-json\/wp\/v2\/articles\/51411"}],"collection":[{"href":"https:\/\/graziamagazine.com\/es\/wp-json\/wp\/v2\/articles"}],"about":[{"href":"https:\/\/graziamagazine.com\/es\/wp-json\/wp\/v2\/types\/articles"}],"author":[{"embeddable":true,"href":"https:\/\/graziamagazine.com\/es\/wp-json\/wp\/v2\/users\/24052"}],"wp:attachment":[{"href":"https:\/\/graziamagazine.com\/es\/wp-json\/wp\/v2\/media?parent=51411"}],"wp:term":[{"taxonomy":"category","embeddable":true,"href":"https:\/\/graziamagazine.com\/es\/wp-json\/wp\/v2\/categories?post=51411"}],"curies":[{"name":"wp","href":"https:\/\/api.w.org\/{rel}","templated":true}]}}