{"id":46973,"date":"2015-09-11T21:12:24","date_gmt":"2015-09-11T19:12:24","guid":{"rendered":"https:\/\/graziamagazine.com\/es\/?p=46973"},"modified":"2015-09-11T21:14:27","modified_gmt":"2015-09-11T19:14:27","slug":"que-tienen-en-comun-cristiano-ronaldo-y-paula-echevarria","status":"publish","type":"articles","link":"https:\/\/graziamagazine.com\/es\/articles\/que-tienen-en-comun-cristiano-ronaldo-y-paula-echevarria\/","title":{"rendered":"\u00bfQu\u00e9 tienen en com\u00fan Cristiano Ronaldo y Paula Echevarr\u00eda?"},"content":{"rendered":"<p><strong>La actriz espa\u00f1ola m\u00e1s seguida y el jugador de f\u00fatbol m\u00e1s estelar piensan igual.<\/strong> O muy parecido. Los dos han estado trabajando este verano en sus respectivos perfumes, el primero de cada cual, y los dos han decidido revelarlos esta semana.<\/p>\n<p>Concretamente en la capital, <strong>con muy poquitas horas de diferencia:<\/strong> el primero, Ronaldo, en una misteriosa fiesta con <em>dresscode<\/em> negro y dorado en la noche del mi\u00e9rcoles. A la ma\u00f1ana siguiente hac\u00eda lo propio Echevarr\u00eda en un luminoso local en el centro de Madrid.<\/p>\n<figure id=\"attachment_47085\" aria-describedby=\"caption-attachment-47085\" style=\"width: 785px\" class=\"wp-caption aligncenter\"><img loading=\"lazy\" decoding=\"async\" class=\"size-full wp-image-47085\" src=\"https:\/\/graziamagazine.com\/es\/wp-content\/uploads\/sites\/12\/2015\/09\/10224018\/ronaldo-echevarria-01.jpg\" alt=\"Dos celebrities, dos perfumes y dos citas para conocerlos... con apenas 12 horas de diferencia. \u00a9 Cristiano Ronaldo Legacy \/ Europa Press\" width=\"785\" height=\"480\" \/><figcaption id=\"caption-attachment-47085\" class=\"wp-caption-text\">Dos celebrities, dos perfumes y dos citas muy diferentes para conocerlos&#8230; con apenas 12 horas de diferencia. \u00a9 Cristiano Ronaldo Legacy \/ Europa Press<\/figcaption><\/figure>\n<p>Ella aprovechaba el d\u00eda del estreno de la nueva temporada de <em>Velvet<\/em> para ense\u00f1arle al mundo su aroma femenino, <em>Paula:<\/em> c\u00edtrico, con notas florales y una pizca picante. <a href=\"https:\/\/graziamagazine.com\/es\/belleza\/el-primer-perfume-de-paula-echevarria\/\" target=\"_blank\">Inspirado en sus mejores recuerdos olfativos.<\/a><\/p>\n<p>\u00c9l, por su parte, ha creado una fragancia masculina, <em>Cristiano Ronaldo Legacy:<\/em> <strong>\u201cQuer\u00eda crear algo que te hiciera sentir sexy y seguro inmediatamente<\/strong> y que dejase una impresi\u00f3n duradera\u201d, explicaba el futbolista de su elecci\u00f3n \u201clujosa y ex\u00f3tica\u201d. Porque si los tonos pastel han sido los elegidos por Paula, el negro y el oro,\u00a0 han sido los de Cristiano. Porque <strong>es lo que tiene plasmar su \u00abyo\u00bb en un perfume,<\/strong> que m\u00e1s all\u00e1 del aroma hay que tener en cuenta hasta la gama crom\u00e1tica.<\/p>\n<figure id=\"attachment_47090\" aria-describedby=\"caption-attachment-47090\" style=\"width: 785px\" class=\"wp-caption aligncenter\"><img loading=\"lazy\" decoding=\"async\" class=\"size-full wp-image-47090\" src=\"https:\/\/graziamagazine.com\/es\/wp-content\/uploads\/sites\/12\/2015\/09\/10224046\/pau.jpg\" alt=\"Tonos pastel en una ma\u00f1ana luminosa para Paula. \u00a9 Instagram @pau_eche \/ @Grazia\" width=\"785\" height=\"394\" \/><figcaption id=\"caption-attachment-47090\" class=\"wp-caption-text\">Tonos pastel en una ma\u00f1ana luminosa para Paula. \u00a9 Instagram @pau_eche \/ @Grazia<\/figcaption><\/figure>\n<figure id=\"attachment_47089\" aria-describedby=\"caption-attachment-47089\" style=\"width: 550px\" class=\"wp-caption aligncenter\"><img loading=\"lazy\" decoding=\"async\" class=\"size-full wp-image-47089\" src=\"https:\/\/graziamagazine.com\/es\/wp-content\/uploads\/sites\/12\/2015\/09\/10224042\/ronaldo2.jpg\" alt=\"Oro y negro en la fiesta noctura de Ronaldo. \u00a9 Cristiano Ronaldo Legacy\" width=\"550\" height=\"825\" \/><figcaption id=\"caption-attachment-47089\" class=\"wp-caption-text\">Oro y negro en la fiesta noctura de Ronaldo. \u00a9 Cristiano Ronaldo Legacy<\/figcaption><\/figure>\n<p>De lo que se trata es de ser lo m\u00e1s fiel posible a la imagen de cada uno, porque al fin y al cabo <strong>esa fotograf\u00eda aspiracional es la que buscan las miles de personas que se decantan por los perfumes de celebridades.<\/strong> Y es que Paula y Cristiano no han sido los \u00fanicos ni los primeros en encontrar el huevo de oro de las fragancias. Todo lo contrario, de hecho son de los \u00faltimos personajes que quedaban sin un olor asociado a su cara bonita.<\/p>\n<p>Actores, actrices, cantantes, deportistas&#8230; la lista es amplia, extensa y, muchas veces, sorprendente. <strong>\u00bfSabr\u00edas decir cu\u00e1ntos de los siguientes famosos tienen perfume y cu\u00e1les no?<\/strong> Avisamos que para encontrar a los del segundo grupo hemos tenido que hacer un gran esfuerzo levantando piedras.<\/p>\n<p>[galeria]<\/p>\n<figure id=\"attachment_47088\" aria-describedby=\"caption-attachment-47088\" style=\"width: 785px\" class=\"wp-caption aligncenter\"><img loading=\"lazy\" decoding=\"async\" class=\"size-full wp-image-47088\" src=\"https:\/\/graziamagazine.com\/es\/wp-content\/uploads\/sites\/12\/2015\/09\/10224037\/ronaldo.jpg\" alt=\"Selfie estelar en un momento de la presentaci\u00f3n del primer perfume de Cristiano Ronaldo. \u00a9 Cristiano Ronaldo Legacy\" width=\"785\" height=\"523\" \/><figcaption id=\"caption-attachment-47088\" class=\"wp-caption-text\">Selfie estelar en un momento de la presentaci\u00f3n del primer perfume de Cristiano Ronaldo. \u00a9 Cristiano Ronaldo Legacy<\/figcaption><\/figure>\n<p><iframe loading=\"lazy\" style=\"border: none; overflow: hidden; height: 258px;\" src=\"\/\/www.facebook.com\/plugins\/likebox.php?href=https%3A%2F%2Fwww.facebook.com%2Fgraziaespana&amp;width&amp;height=258&amp;colorscheme=light&amp;show_faces=true&amp;header=false&amp;stream=false&amp;show_border=false&amp;appId=349017955267591\" width=\"300\" height=\"150\" frameborder=\"0\" scrolling=\"no\"><\/iframe><\/p>\n","protected":false},"author":24470,"featured_media":0,"template":"","format":"standard","categories":[8,7],"acf":[],"yoast_head":"<!-- This site is optimized with the Yoast SEO Premium plugin v18.5 (Yoast SEO v20.4) - https:\/\/yoast.com\/wordpress\/plugins\/seo\/ -->\n<title>\u00bfQu\u00e9 tienen en com\u00fan Cristiano Ronaldo y Paula Echevarr\u00eda? | Grazia<\/title>\n<meta name=\"description\" content=\"Ambos han elegido esta semana para lanzar su primer perfume. Pero no son los \u00fanicos famosos que ponen aroma a su cara bonita, \u00bferes capaz de saber qui\u00e9n m\u00e1s forma parte del club?\" \/>\n<meta name=\"robots\" content=\"index, follow, max-snippet:-1, max-image-preview:large, max-video-preview:-1\" \/>\n<link rel=\"canonical\" href=\"https:\/\/graziamagazine.com\/es\/articles\/que-tienen-en-comun-cristiano-ronaldo-y-paula-echevarria\/\" \/>\n<meta property=\"og:locale\" content=\"es_ES\" \/>\n<meta property=\"og:type\" content=\"article\" \/>\n<meta property=\"og:title\" content=\"\u00bfQu\u00e9 tienen en com\u00fan Cristiano Ronaldo y Paula Echevarr\u00eda?\" \/>\n<meta property=\"og:description\" content=\"Ambos han elegido esta semana para lanzar su primer perfume. Pero no son los \u00fanicos famosos que ponen aroma a su cara bonita, \u00bferes capaz de saber qui\u00e9n m\u00e1s forma parte del club?\" \/>\n<meta property=\"og:url\" content=\"https:\/\/graziamagazine.com\/es\/articles\/que-tienen-en-comun-cristiano-ronaldo-y-paula-echevarria\/\" \/>\n<meta property=\"og:site_name\" content=\"Grazia\" \/>\n<meta property=\"article:modified_time\" content=\"2015-09-11T19:14:27+00:00\" \/>\n<meta property=\"og:image\" content=\"https:\/\/graziamagazine.com\/es\/wp-content\/uploads\/sites\/12\/2015\/09\/10224018\/ronaldo-echevarria-01.jpg\" \/>\n<meta name=\"twitter:card\" content=\"summary_large_image\" \/>\n<meta name=\"twitter:label1\" content=\"Est. reading time\" \/>\n\t<meta name=\"twitter:data1\" content=\"2 minutos\" \/>\n<script type=\"application\/ld+json\" class=\"yoast-schema-graph\">{\"@context\":\"https:\/\/schema.org\",\"@graph\":[{\"@type\":\"WebPage\",\"@id\":\"https:\/\/graziamagazine.com\/es\/articles\/que-tienen-en-comun-cristiano-ronaldo-y-paula-echevarria\/\",\"url\":\"https:\/\/graziamagazine.com\/es\/articles\/que-tienen-en-comun-cristiano-ronaldo-y-paula-echevarria\/\",\"name\":\"\u00bfQu\u00e9 tienen en com\u00fan Cristiano Ronaldo y Paula Echevarr\u00eda? | Grazia\",\"isPartOf\":{\"@id\":\"https:\/\/graziamagazine.com\/es\/#website\"},\"datePublished\":\"2015-09-11T19:12:24+00:00\",\"dateModified\":\"2015-09-11T19:14:27+00:00\",\"description\":\"Ambos han elegido esta semana para lanzar su primer perfume. Pero no son los \u00fanicos famosos que ponen aroma a su cara bonita, \u00bferes capaz de saber qui\u00e9n m\u00e1s forma parte del club?\",\"breadcrumb\":{\"@id\":\"https:\/\/graziamagazine.com\/es\/articles\/que-tienen-en-comun-cristiano-ronaldo-y-paula-echevarria\/#breadcrumb\"},\"inLanguage\":\"es\",\"potentialAction\":[{\"@type\":\"ReadAction\",\"target\":[\"https:\/\/graziamagazine.com\/es\/articles\/que-tienen-en-comun-cristiano-ronaldo-y-paula-echevarria\/\"]}]},{\"@type\":\"BreadcrumbList\",\"@id\":\"https:\/\/graziamagazine.com\/es\/articles\/que-tienen-en-comun-cristiano-ronaldo-y-paula-echevarria\/#breadcrumb\",\"itemListElement\":[{\"@type\":\"ListItem\",\"position\":1,\"name\":\"Portada\",\"item\":\"https:\/\/graziamagazine.com\/es\/\"},{\"@type\":\"ListItem\",\"position\":2,\"name\":\"\u00bfQu\u00e9 tienen en com\u00fan Cristiano Ronaldo y Paula Echevarr\u00eda?\"}]},{\"@type\":\"WebSite\",\"@id\":\"https:\/\/graziamagazine.com\/es\/#website\",\"url\":\"https:\/\/graziamagazine.com\/es\/\",\"name\":\"Grazia\",\"description\":\"Moda, belleza, celebrities, estilo de vida...\",\"potentialAction\":[{\"@type\":\"SearchAction\",\"target\":{\"@type\":\"EntryPoint\",\"urlTemplate\":\"https:\/\/graziamagazine.com\/es\/?s={search_term_string}\"},\"query-input\":\"required name=search_term_string\"}],\"inLanguage\":\"es\"}]}<\/script>\n<!-- \/ Yoast SEO Premium plugin. -->","yoast_head_json":{"title":"\u00bfQu\u00e9 tienen en com\u00fan Cristiano Ronaldo y Paula Echevarr\u00eda? | Grazia","description":"Ambos han elegido esta semana para lanzar su primer perfume. Pero no son los \u00fanicos famosos que ponen aroma a su cara bonita, \u00bferes capaz de saber qui\u00e9n m\u00e1s forma parte del club?","robots":{"index":"index","follow":"follow","max-snippet":"max-snippet:-1","max-image-preview":"max-image-preview:large","max-video-preview":"max-video-preview:-1"},"canonical":"https:\/\/graziamagazine.com\/es\/articles\/que-tienen-en-comun-cristiano-ronaldo-y-paula-echevarria\/","og_locale":"es_ES","og_type":"article","og_title":"\u00bfQu\u00e9 tienen en com\u00fan Cristiano Ronaldo y Paula Echevarr\u00eda?","og_description":"Ambos han elegido esta semana para lanzar su primer perfume. Pero no son los \u00fanicos famosos que ponen aroma a su cara bonita, \u00bferes capaz de saber qui\u00e9n m\u00e1s forma parte del club?","og_url":"https:\/\/graziamagazine.com\/es\/articles\/que-tienen-en-comun-cristiano-ronaldo-y-paula-echevarria\/","og_site_name":"Grazia","article_modified_time":"2015-09-11T19:14:27+00:00","og_image":[{"url":"https:\/\/graziamagazine.com\/es\/wp-content\/uploads\/sites\/12\/2015\/09\/10224018\/ronaldo-echevarria-01.jpg"}],"twitter_card":"summary_large_image","twitter_misc":{"Est. reading time":"2 minutos"},"schema":{"@context":"https:\/\/schema.org","@graph":[{"@type":"WebPage","@id":"https:\/\/graziamagazine.com\/es\/articles\/que-tienen-en-comun-cristiano-ronaldo-y-paula-echevarria\/","url":"https:\/\/graziamagazine.com\/es\/articles\/que-tienen-en-comun-cristiano-ronaldo-y-paula-echevarria\/","name":"\u00bfQu\u00e9 tienen en com\u00fan Cristiano Ronaldo y Paula Echevarr\u00eda? | Grazia","isPartOf":{"@id":"https:\/\/graziamagazine.com\/es\/#website"},"datePublished":"2015-09-11T19:12:24+00:00","dateModified":"2015-09-11T19:14:27+00:00","description":"Ambos han elegido esta semana para lanzar su primer perfume. Pero no son los \u00fanicos famosos que ponen aroma a su cara bonita, \u00bferes capaz de saber qui\u00e9n m\u00e1s forma parte del club?","breadcrumb":{"@id":"https:\/\/graziamagazine.com\/es\/articles\/que-tienen-en-comun-cristiano-ronaldo-y-paula-echevarria\/#breadcrumb"},"inLanguage":"es","potentialAction":[{"@type":"ReadAction","target":["https:\/\/graziamagazine.com\/es\/articles\/que-tienen-en-comun-cristiano-ronaldo-y-paula-echevarria\/"]}]},{"@type":"BreadcrumbList","@id":"https:\/\/graziamagazine.com\/es\/articles\/que-tienen-en-comun-cristiano-ronaldo-y-paula-echevarria\/#breadcrumb","itemListElement":[{"@type":"ListItem","position":1,"name":"Portada","item":"https:\/\/graziamagazine.com\/es\/"},{"@type":"ListItem","position":2,"name":"\u00bfQu\u00e9 tienen en com\u00fan Cristiano Ronaldo y Paula Echevarr\u00eda?"}]},{"@type":"WebSite","@id":"https:\/\/graziamagazine.com\/es\/#website","url":"https:\/\/graziamagazine.com\/es\/","name":"Grazia","description":"Moda, belleza, celebrities, estilo de vida...","potentialAction":[{"@type":"SearchAction","target":{"@type":"EntryPoint","urlTemplate":"https:\/\/graziamagazine.com\/es\/?s={search_term_string}"},"query-input":"required name=search_term_string"}],"inLanguage":"es"}]}},"jetpack_sharing_enabled":true,"distributor_meta":false,"distributor_terms":false,"distributor_media":false,"distributor_original_site_name":"Grazia","distributor_original_site_url":"https:\/\/graziamagazine.com\/es","push-errors":false,"_links":{"self":[{"href":"https:\/\/graziamagazine.com\/es\/wp-json\/wp\/v2\/articles\/46973"}],"collection":[{"href":"https:\/\/graziamagazine.com\/es\/wp-json\/wp\/v2\/articles"}],"about":[{"href":"https:\/\/graziamagazine.com\/es\/wp-json\/wp\/v2\/types\/articles"}],"author":[{"embeddable":true,"href":"https:\/\/graziamagazine.com\/es\/wp-json\/wp\/v2\/users\/24470"}],"wp:attachment":[{"href":"https:\/\/graziamagazine.com\/es\/wp-json\/wp\/v2\/media?parent=46973"}],"wp:term":[{"taxonomy":"category","embeddable":true,"href":"https:\/\/graziamagazine.com\/es\/wp-json\/wp\/v2\/categories?post=46973"}],"curies":[{"name":"wp","href":"https:\/\/api.w.org\/{rel}","templated":true}]}}