{"id":46153,"date":"2015-08-20T13:51:06","date_gmt":"2015-08-20T11:51:06","guid":{"rendered":"https:\/\/graziamagazine.com\/es\/?p=46153"},"modified":"2015-08-20T14:03:01","modified_gmt":"2015-08-20T12:03:01","slug":"jennifer-aniston-reaparece-tras-su-boda","status":"publish","type":"articles","link":"https:\/\/graziamagazine.com\/es\/articles\/jennifer-aniston-reaparece-tras-su-boda\/","title":{"rendered":"Jennifer Aniston reaparece tras su boda"},"content":{"rendered":"<p>Han pasado ya dos semanas desde que <a href=\"https:\/\/graziamagazine.com\/es\/etiqueta\/jennifer-aniston\/\" target=\"_blank\">Jennifer Aniston<\/a>\u00a0contrajo matrimonio con su chico,<strong> Justin Theroux,<\/strong> en Bel Air (y en secreto, claro, <em>Hollywood style<\/em>). Despu\u00e9s vino la luna de mielen Bora Bora y ahora, con una sonrisa de oreja a oreja, la actriz ha reaparecido, anillo en mano, en su primer evento como &#8216;se\u00f1ora de Theroux&#8217;. \u00bfEl motivo? La presentaci\u00f3n de su \u00faltima cinta, <em>She&#8217;s funny that way<\/em>, en Los Angeles.<\/p>\n<figure id=\"attachment_46159\" aria-describedby=\"caption-attachment-46159\" style=\"width: 785px\" class=\"wp-caption aligncenter\"><img loading=\"lazy\" decoding=\"async\" class=\"wp-image-46159 size-full\" src=\"https:\/\/graziamagazine.com\/es\/wp-content\/uploads\/sites\/12\/2015\/08\/20125759\/FOTONOT2.jpg\" alt=\"FOTONOT2\" width=\"785\" height=\"480\" \/><figcaption id=\"caption-attachment-46159\" class=\"wp-caption-text\">\u00a1Qu\u00e9 lustre, Jen! \/ \u00a9 Cordon Press<\/figcaption><\/figure>\n<p>Todos los flashes apuntaban a ella, aunque comparti\u00f3 protagonismo con su mano izquierda y el anillo que, suponemos, es el de su boda. Se trata de una alianza de oro y brillantes que luci\u00f3 con otras joyas a juego y una manicura perfecta.<\/p>\n<p>La actriz de 46 a\u00f1os hizo una vez m\u00e1s alarde de\u00a0su inconfundible media melena; una mezcla de relfejos rubios y avellana y\u00a0que hace poco <a href=\"https:\/\/graziamagazine.com\/es\/belleza\/asi-mantiene-su-melena-jennifer-aniston\/\" target=\"_blank\">desvel\u00f3 c\u00f3mo cuidaba<\/a>. Para su reaparici\u00f3n en el <em>photocall<\/em>\u00a0escogi\u00f3 un mono negro de escote asim\u00e9trico con <em>clutch<\/em> a juego.<\/p>\n<figure id=\"attachment_46160\" aria-describedby=\"caption-attachment-46160\" style=\"width: 785px\" class=\"wp-caption aligncenter\"><img loading=\"lazy\" decoding=\"async\" class=\"wp-image-46160 size-full\" src=\"https:\/\/graziamagazine.com\/es\/wp-content\/uploads\/sites\/12\/2015\/08\/20125854\/FOTONOT1.jpg\" alt=\"FOTONOT1\" width=\"785\" height=\"480\" \/><figcaption id=\"caption-attachment-46160\" class=\"wp-caption-text\">Manicura, anillazo y total look black. Perfecta. \/ \u00a9 Cordon Press<\/figcaption><\/figure>\n<p>Durante la presentaci\u00f3n, la actriz prefiri\u00f3 centrarse en la pel\u00edcula y no soltar prenda de su enlace: <strong>\u00abTuvimos el maravilloso lujo de poder disfrutar de un momento privado, as\u00ed que \u00a1voy a ser ego\u00edsta y mantenerlo as\u00ed!\u00bb<\/strong>, coment\u00f3 divertida ante las c\u00e1maras del portal <a href=\"http:\/\/www.etonline.com\/news\/170306_jennifer_aniston_on_wedding_day_it_was_a_beautiful_private_moment\/\" target=\"_blank\" target=\"_blank\"><em>ET Online<\/em><\/a>.<\/p>\n<p>Por el momento,<strong> tendremos que esperar para ver posar juntos a Jennifer y a Justin<\/strong> puesto que \u00e9l est\u00e1 en Texas rodando una nueva temporada de la\u00a0serie que protagoniza,\u00a0<em>The Leftovers<\/em>. Entretanto, los rumores a su alrededor no cesan <del>(al menos ya se han quitado el de la boda despu\u00e9s de a\u00f1os de compromiso, \u00a1qu\u00e9 alivio!)<\/del>: <strong><a href=\"https:\/\/graziamagazine.com\/es\/celebs\/jennifer-aniston-habla-de-ser-madre\/\" target=\"_blank\">la maternidad de Aniston<\/a> vuelve a estar en el punto de mira<\/strong> tras una informaci\u00f3n publicada por <em>InTouch US<\/em> en la que se confirmaba que la actriz y su chico estaban en pleno tr\u00e1mite de adopci\u00f3n.<\/p>\n<p><iframe loading=\"lazy\" src=\"\/\/www.facebook.com\/plugins\/likebox.php?href=https%3A%2F%2Fwww.facebook.com%2Fgraziaespana&amp;width&amp;height=258&amp;colorscheme=light&amp;show_faces=true&amp;header=false&amp;stream=false&amp;show_border=false&amp;appId=349017955267591\" width=\"300\" height=\"150\" frameborder=\"0\" scrolling=\"no\"><\/iframe><\/p>\n<p>&nbsp;<\/p>\n","protected":false},"author":24470,"featured_media":0,"template":"","format":"standard","categories":[14,13],"acf":[],"yoast_head":"<!-- This site is optimized with the Yoast SEO Premium plugin v18.5 (Yoast SEO v20.4) - https:\/\/yoast.com\/wordpress\/plugins\/seo\/ -->\n<title>Jennifer Aniston reaparece tras su boda | Grazia<\/title>\n<meta name=\"description\" content=\"Tras un &#039;s\u00ed, quiero&#039; en la m\u00e1s absoluta intimidad, la actriz vuelve a ponerse ante las c\u00e1maras en el estreno de su \u00faltima cinta, &#039;She&#039;s funny that way&#039;.\" \/>\n<meta name=\"robots\" content=\"index, follow, max-snippet:-1, max-image-preview:large, max-video-preview:-1\" \/>\n<link rel=\"canonical\" href=\"https:\/\/graziamagazine.com\/es\/articles\/jennifer-aniston-reaparece-tras-su-boda\/\" \/>\n<meta property=\"og:locale\" content=\"es_ES\" \/>\n<meta property=\"og:type\" content=\"article\" \/>\n<meta property=\"og:title\" content=\"Jennifer Aniston reaparece tras su boda\" \/>\n<meta property=\"og:description\" content=\"Tras un &#039;s\u00ed, quiero&#039; en la m\u00e1s absoluta intimidad, la actriz vuelve a ponerse ante las c\u00e1maras en el estreno de su \u00faltima cinta, &#039;She&#039;s funny that way&#039;.\" \/>\n<meta property=\"og:url\" content=\"https:\/\/graziamagazine.com\/es\/articles\/jennifer-aniston-reaparece-tras-su-boda\/\" \/>\n<meta property=\"og:site_name\" content=\"Grazia\" \/>\n<meta property=\"article:modified_time\" content=\"2015-08-20T12:03:01+00:00\" \/>\n<meta property=\"og:image\" content=\"https:\/\/graziamagazine.com\/es\/wp-content\/uploads\/sites\/12\/2015\/08\/20125759\/FOTONOT2.jpg\" \/>\n<meta name=\"twitter:card\" content=\"summary_large_image\" \/>\n<meta name=\"twitter:label1\" content=\"Est. reading time\" \/>\n\t<meta name=\"twitter:data1\" content=\"2 minutos\" \/>\n<script type=\"application\/ld+json\" class=\"yoast-schema-graph\">{\"@context\":\"https:\/\/schema.org\",\"@graph\":[{\"@type\":\"WebPage\",\"@id\":\"https:\/\/graziamagazine.com\/es\/articles\/jennifer-aniston-reaparece-tras-su-boda\/\",\"url\":\"https:\/\/graziamagazine.com\/es\/articles\/jennifer-aniston-reaparece-tras-su-boda\/\",\"name\":\"Jennifer Aniston reaparece tras su boda | Grazia\",\"isPartOf\":{\"@id\":\"https:\/\/graziamagazine.com\/es\/#website\"},\"datePublished\":\"2015-08-20T11:51:06+00:00\",\"dateModified\":\"2015-08-20T12:03:01+00:00\",\"description\":\"Tras un 's\u00ed, quiero' en la m\u00e1s absoluta intimidad, la actriz vuelve a ponerse ante las c\u00e1maras en el estreno de su \u00faltima cinta, 'She's funny that way'.\",\"breadcrumb\":{\"@id\":\"https:\/\/graziamagazine.com\/es\/articles\/jennifer-aniston-reaparece-tras-su-boda\/#breadcrumb\"},\"inLanguage\":\"es\",\"potentialAction\":[{\"@type\":\"ReadAction\",\"target\":[\"https:\/\/graziamagazine.com\/es\/articles\/jennifer-aniston-reaparece-tras-su-boda\/\"]}]},{\"@type\":\"BreadcrumbList\",\"@id\":\"https:\/\/graziamagazine.com\/es\/articles\/jennifer-aniston-reaparece-tras-su-boda\/#breadcrumb\",\"itemListElement\":[{\"@type\":\"ListItem\",\"position\":1,\"name\":\"Portada\",\"item\":\"https:\/\/graziamagazine.com\/es\/\"},{\"@type\":\"ListItem\",\"position\":2,\"name\":\"Jennifer Aniston reaparece tras su boda\"}]},{\"@type\":\"WebSite\",\"@id\":\"https:\/\/graziamagazine.com\/es\/#website\",\"url\":\"https:\/\/graziamagazine.com\/es\/\",\"name\":\"Grazia\",\"description\":\"Moda, belleza, celebrities, estilo de vida...\",\"potentialAction\":[{\"@type\":\"SearchAction\",\"target\":{\"@type\":\"EntryPoint\",\"urlTemplate\":\"https:\/\/graziamagazine.com\/es\/?s={search_term_string}\"},\"query-input\":\"required name=search_term_string\"}],\"inLanguage\":\"es\"}]}<\/script>\n<!-- \/ Yoast SEO Premium plugin. -->","yoast_head_json":{"title":"Jennifer Aniston reaparece tras su boda | Grazia","description":"Tras un 's\u00ed, quiero' en la m\u00e1s absoluta intimidad, la actriz vuelve a ponerse ante las c\u00e1maras en el estreno de su \u00faltima cinta, 'She's funny that way'.","robots":{"index":"index","follow":"follow","max-snippet":"max-snippet:-1","max-image-preview":"max-image-preview:large","max-video-preview":"max-video-preview:-1"},"canonical":"https:\/\/graziamagazine.com\/es\/articles\/jennifer-aniston-reaparece-tras-su-boda\/","og_locale":"es_ES","og_type":"article","og_title":"Jennifer Aniston reaparece tras su boda","og_description":"Tras un 's\u00ed, quiero' en la m\u00e1s absoluta intimidad, la actriz vuelve a ponerse ante las c\u00e1maras en el estreno de su \u00faltima cinta, 'She's funny that way'.","og_url":"https:\/\/graziamagazine.com\/es\/articles\/jennifer-aniston-reaparece-tras-su-boda\/","og_site_name":"Grazia","article_modified_time":"2015-08-20T12:03:01+00:00","og_image":[{"url":"https:\/\/graziamagazine.com\/es\/wp-content\/uploads\/sites\/12\/2015\/08\/20125759\/FOTONOT2.jpg"}],"twitter_card":"summary_large_image","twitter_misc":{"Est. reading time":"2 minutos"},"schema":{"@context":"https:\/\/schema.org","@graph":[{"@type":"WebPage","@id":"https:\/\/graziamagazine.com\/es\/articles\/jennifer-aniston-reaparece-tras-su-boda\/","url":"https:\/\/graziamagazine.com\/es\/articles\/jennifer-aniston-reaparece-tras-su-boda\/","name":"Jennifer Aniston reaparece tras su boda | Grazia","isPartOf":{"@id":"https:\/\/graziamagazine.com\/es\/#website"},"datePublished":"2015-08-20T11:51:06+00:00","dateModified":"2015-08-20T12:03:01+00:00","description":"Tras un 's\u00ed, quiero' en la m\u00e1s absoluta intimidad, la actriz vuelve a ponerse ante las c\u00e1maras en el estreno de su \u00faltima cinta, 'She's funny that way'.","breadcrumb":{"@id":"https:\/\/graziamagazine.com\/es\/articles\/jennifer-aniston-reaparece-tras-su-boda\/#breadcrumb"},"inLanguage":"es","potentialAction":[{"@type":"ReadAction","target":["https:\/\/graziamagazine.com\/es\/articles\/jennifer-aniston-reaparece-tras-su-boda\/"]}]},{"@type":"BreadcrumbList","@id":"https:\/\/graziamagazine.com\/es\/articles\/jennifer-aniston-reaparece-tras-su-boda\/#breadcrumb","itemListElement":[{"@type":"ListItem","position":1,"name":"Portada","item":"https:\/\/graziamagazine.com\/es\/"},{"@type":"ListItem","position":2,"name":"Jennifer Aniston reaparece tras su boda"}]},{"@type":"WebSite","@id":"https:\/\/graziamagazine.com\/es\/#website","url":"https:\/\/graziamagazine.com\/es\/","name":"Grazia","description":"Moda, belleza, celebrities, estilo de vida...","potentialAction":[{"@type":"SearchAction","target":{"@type":"EntryPoint","urlTemplate":"https:\/\/graziamagazine.com\/es\/?s={search_term_string}"},"query-input":"required name=search_term_string"}],"inLanguage":"es"}]}},"jetpack_sharing_enabled":true,"distributor_meta":false,"distributor_terms":false,"distributor_media":false,"distributor_original_site_name":"Grazia","distributor_original_site_url":"https:\/\/graziamagazine.com\/es","push-errors":false,"_links":{"self":[{"href":"https:\/\/graziamagazine.com\/es\/wp-json\/wp\/v2\/articles\/46153"}],"collection":[{"href":"https:\/\/graziamagazine.com\/es\/wp-json\/wp\/v2\/articles"}],"about":[{"href":"https:\/\/graziamagazine.com\/es\/wp-json\/wp\/v2\/types\/articles"}],"author":[{"embeddable":true,"href":"https:\/\/graziamagazine.com\/es\/wp-json\/wp\/v2\/users\/24470"}],"wp:attachment":[{"href":"https:\/\/graziamagazine.com\/es\/wp-json\/wp\/v2\/media?parent=46153"}],"wp:term":[{"taxonomy":"category","embeddable":true,"href":"https:\/\/graziamagazine.com\/es\/wp-json\/wp\/v2\/categories?post=46153"}],"curies":[{"name":"wp","href":"https:\/\/api.w.org\/{rel}","templated":true}]}}