{"id":45711,"date":"2015-08-11T17:48:46","date_gmt":"2015-08-11T15:48:46","guid":{"rendered":"https:\/\/graziamagazine.com\/es\/?p=45711"},"modified":"2017-10-30T17:35:37","modified_gmt":"2017-10-30T16:35:37","slug":"las-gemelas-olsen-demandadas-por-los-becarios-de-the-row","status":"publish","type":"articles","link":"https:\/\/graziamagazine.com\/es\/articles\/las-gemelas-olsen-demandadas-por-los-becarios-de-the-row\/","title":{"rendered":"Las gemelas Olsen, demandadas por los becarios de The Row"},"content":{"rendered":"<p><strong>Mary Kate y Ashley Olsen<\/strong>, due\u00f1as de la marca <strong><a href=\"https:\/\/www.therow.com\/\" target=\"_blank\" target=\"_blank\">The Row<\/a><\/strong>, <strong>han sido demandadas esta semana por una antigua empleada suya que asegura haber trabajado en p\u00e9simas condiciones<\/strong>. <strong>Shahista Lalani<\/strong> fue becaria en el \u00e1rea de dise\u00f1o de la firma y, seg\u00fan recoge la web <em><a href=\"http:\/\/pagesix.com\/2015\/08\/11\/olsen-twins-made-us-work-50-hour-weeks-without-pay-interns\/\" target=\"_blank\" target=\"_blank\">Page Six<\/a><\/em>, estuvo, en muchas ocasiones, haciendo el trabajo de tres personas. Lalani ha contado que trabaj\u00f3 para la firma 50 horas semanales sin ver por ello\u00a0ni un solo d\u00f3lar.<\/p>\n<figure id=\"attachment_45728\" aria-describedby=\"caption-attachment-45728\" style=\"width: 785px\" class=\"wp-caption aligncenter\"><img loading=\"lazy\" decoding=\"async\" class=\"size-full wp-image-45728\" src=\"https:\/\/graziamagazine.com\/es\/wp-content\/uploads\/sites\/12\/2015\/08\/cover1_olsen.jpg\" alt=\"\u00a9 Cordon Press\" width=\"785\" height=\"480\" srcset=\"https:\/\/graziamagazine.com\/es\/wp-content\/uploads\/sites\/12\/2015\/08\/cover1_olsen.jpg 785w, https:\/\/graziamagazine.com\/es\/wp-content\/uploads\/sites\/12\/2015\/08\/cover1_olsen-300x183.jpg 300w, https:\/\/graziamagazine.com\/es\/wp-content\/uploads\/sites\/12\/2015\/08\/cover1_olsen-695x425.jpg 695w, https:\/\/graziamagazine.com\/es\/wp-content\/uploads\/sites\/12\/2015\/08\/cover1_olsen-720x440.jpg 720w, https:\/\/graziamagazine.com\/es\/wp-content\/uploads\/sites\/12\/2015\/08\/cover1_olsen-626x383.jpg 626w, https:\/\/graziamagazine.com\/es\/wp-content\/uploads\/sites\/12\/2015\/08\/cover1_olsen-360x220.jpg 360w\" sizes=\"(max-width: 785px) 100vw, 785px\" \/><figcaption id=\"caption-attachment-45728\" class=\"wp-caption-text\">\u00a9 Cordon Press<\/figcaption><\/figure>\n<p>La que fuera becaria, <strong>graduada en la escuela Parsons<\/strong>, cuenta adem\u00e1s que, a prop\u00f3sito de su exceso de trabajo y de la presi\u00f3n que tuvo durante su etapa en la empresa en el a\u00f1o 2012, tuvo que ser hospitalizada por deshidrataci\u00f3n. Lalani asegura que recib\u00eda e-mails de la Jefa de Dise\u00f1o de <strong>The Row<\/strong> hasta las diez de la noche y que viv\u00eda pegada al tel\u00e9fono, por y para ella. Eso s\u00ed, sobre las propias gemelas, con las que no tuvo contacto directo alguno, a\u00f1ade que \u00abson gente amable. No han sido malas con nadie. Son empresarias, al fin y al cabo\u00bb.<\/p>\n<p>El caso est\u00e1 siendo tramitado en la Corte Suprema de Manhattan y en el documento de la demanda, al que ha tenido acceso <em>Page Six<\/em>, se cuentan las tareas que ten\u00edan que realizar los becarios para la marca: desde la actualizaci\u00f3n de bases de datos en hojas de c\u00e1lculo, hasta hacer recados personales para el resto de empleados o hacer fotocopias y <del>ya si eso<\/del> llevar a cabo las tareas propias de su especialidad, el dise\u00f1o. Y si por alg\u00fan casual llegaba un momento en el que no estaban haciendo nada, se les pon\u00eda a ordenar los botones por c\u00f3digo de color. (<del>Si eres becaria y est\u00e1s leyendo esto, sabr\u00e1s perfectamente a lo que se refiere).<\/del><\/p>\n<figure id=\"attachment_45720\" aria-describedby=\"caption-attachment-45720\" style=\"width: 500px\" class=\"wp-caption aligncenter\"><img loading=\"lazy\" decoding=\"async\" class=\"wp-image-45720 size-full\" src=\"https:\/\/graziamagazine.com\/es\/wp-content\/uploads\/sites\/12\/2015\/08\/llorar.gif\" alt=\"llorar\" width=\"500\" height=\"222\" \/><figcaption id=\"caption-attachment-45720\" class=\"wp-caption-text\">As\u00ed terminan algunos d\u00edas de las becarias con exceso de trabajo. Y no exageramos.<\/figcaption><\/figure>\n<p>Desde Dualstar Entertainment Group, la empresa de las Olsen, su<strong>\u00a0portavoz<\/strong>\u00a0Annett Wolf ha declarado al peri\u00f3dico <em>The Post<\/em> que <strong>la compa\u00f1\u00eda\u00a0no estaba al tanto de esta problem\u00e1tica<\/strong>. Wolf, quien pod\u00eda haber despejado dudas sobre las condiciones de trabajo de los becarios, <strong>ha preferido no pronunciarse<\/strong> sobre la pol\u00edtica de trabajo de la empresa de las gemelas Olsen con los puestos\u00a0en pr\u00e1cticas.<\/p>\n<p><img loading=\"lazy\" decoding=\"async\" class=\"wp-image-45714 size-full aligncenter\" src=\"https:\/\/graziamagazine.com\/es\/wp-content\/uploads\/sites\/12\/2015\/08\/OLSEN.gif\" alt=\"OLSEN\" width=\"480\" height=\"252\" \/><\/p>\n<p>&nbsp;<\/p>\n<p><iframe loading=\"lazy\" src=\"\/\/www.facebook.com\/plugins\/likebox.php?href=https%3A%2F%2Fwww.facebook.com%2Fgraziaespana&amp;width&amp;height=258&amp;colorscheme=light&amp;show_faces=true&amp;header=false&amp;stream=false&amp;show_border=false&amp;appId=349017955267591\" width=\"300\" height=\"150\" frameborder=\"0\" scrolling=\"no\"><\/iframe><\/p>\n","protected":false},"author":24470,"featured_media":0,"template":"","format":"standard","categories":[14,13],"acf":[],"yoast_head":"<!-- This site is optimized with the Yoast SEO Premium plugin v18.5 (Yoast SEO v20.4) - https:\/\/yoast.com\/wordpress\/plugins\/seo\/ -->\n<title>Las gemelas Olsen, demandadas por los becarios de The Row | Grazia<\/title>\n<meta name=\"description\" content=\"Shahista Lalani, que estuvo de pr\u00e1cticas en el departamento de dise\u00f1o, ha dado voz a los becarios explotados que trabajan (en exceso) para la firma sin cobrar.\" \/>\n<meta name=\"robots\" content=\"index, follow, max-snippet:-1, max-image-preview:large, max-video-preview:-1\" \/>\n<link rel=\"canonical\" href=\"https:\/\/graziamagazine.com\/es\/articles\/las-gemelas-olsen-demandadas-por-los-becarios-de-the-row\/\" \/>\n<meta property=\"og:locale\" content=\"es_ES\" \/>\n<meta property=\"og:type\" content=\"article\" \/>\n<meta property=\"og:title\" content=\"Las gemelas Olsen, demandadas por los becarios de The Row\" \/>\n<meta property=\"og:description\" content=\"Shahista Lalani, que estuvo de pr\u00e1cticas en el departamento de dise\u00f1o, ha dado voz a los becarios explotados que trabajan (en exceso) para la firma sin cobrar.\" \/>\n<meta property=\"og:url\" content=\"https:\/\/graziamagazine.com\/es\/articles\/las-gemelas-olsen-demandadas-por-los-becarios-de-the-row\/\" \/>\n<meta property=\"og:site_name\" content=\"Grazia\" \/>\n<meta property=\"article:modified_time\" content=\"2017-10-30T16:35:37+00:00\" \/>\n<meta property=\"og:image\" content=\"https:\/\/graziamagazine.com\/es\/wp-content\/uploads\/sites\/12\/2015\/08\/cover1_olsen.jpg\" \/>\n<meta name=\"twitter:card\" content=\"summary_large_image\" \/>\n<meta name=\"twitter:label1\" content=\"Est. reading time\" \/>\n\t<meta name=\"twitter:data1\" content=\"2 minutos\" \/>\n<script type=\"application\/ld+json\" class=\"yoast-schema-graph\">{\"@context\":\"https:\/\/schema.org\",\"@graph\":[{\"@type\":\"WebPage\",\"@id\":\"https:\/\/graziamagazine.com\/es\/articles\/las-gemelas-olsen-demandadas-por-los-becarios-de-the-row\/\",\"url\":\"https:\/\/graziamagazine.com\/es\/articles\/las-gemelas-olsen-demandadas-por-los-becarios-de-the-row\/\",\"name\":\"Las gemelas Olsen, demandadas por los becarios de The Row | Grazia\",\"isPartOf\":{\"@id\":\"https:\/\/graziamagazine.com\/es\/#website\"},\"datePublished\":\"2015-08-11T15:48:46+00:00\",\"dateModified\":\"2017-10-30T16:35:37+00:00\",\"description\":\"Shahista Lalani, que estuvo de pr\u00e1cticas en el departamento de dise\u00f1o, ha dado voz a los becarios explotados que trabajan (en exceso) para la firma sin cobrar.\",\"breadcrumb\":{\"@id\":\"https:\/\/graziamagazine.com\/es\/articles\/las-gemelas-olsen-demandadas-por-los-becarios-de-the-row\/#breadcrumb\"},\"inLanguage\":\"es\",\"potentialAction\":[{\"@type\":\"ReadAction\",\"target\":[\"https:\/\/graziamagazine.com\/es\/articles\/las-gemelas-olsen-demandadas-por-los-becarios-de-the-row\/\"]}]},{\"@type\":\"BreadcrumbList\",\"@id\":\"https:\/\/graziamagazine.com\/es\/articles\/las-gemelas-olsen-demandadas-por-los-becarios-de-the-row\/#breadcrumb\",\"itemListElement\":[{\"@type\":\"ListItem\",\"position\":1,\"name\":\"Portada\",\"item\":\"https:\/\/graziamagazine.com\/es\/\"},{\"@type\":\"ListItem\",\"position\":2,\"name\":\"Las gemelas Olsen, demandadas por los becarios de The Row\"}]},{\"@type\":\"WebSite\",\"@id\":\"https:\/\/graziamagazine.com\/es\/#website\",\"url\":\"https:\/\/graziamagazine.com\/es\/\",\"name\":\"Grazia\",\"description\":\"Moda, belleza, celebrities, estilo de vida...\",\"potentialAction\":[{\"@type\":\"SearchAction\",\"target\":{\"@type\":\"EntryPoint\",\"urlTemplate\":\"https:\/\/graziamagazine.com\/es\/?s={search_term_string}\"},\"query-input\":\"required name=search_term_string\"}],\"inLanguage\":\"es\"}]}<\/script>\n<!-- \/ Yoast SEO Premium plugin. -->","yoast_head_json":{"title":"Las gemelas Olsen, demandadas por los becarios de The Row | Grazia","description":"Shahista Lalani, que estuvo de pr\u00e1cticas en el departamento de dise\u00f1o, ha dado voz a los becarios explotados que trabajan (en exceso) para la firma sin cobrar.","robots":{"index":"index","follow":"follow","max-snippet":"max-snippet:-1","max-image-preview":"max-image-preview:large","max-video-preview":"max-video-preview:-1"},"canonical":"https:\/\/graziamagazine.com\/es\/articles\/las-gemelas-olsen-demandadas-por-los-becarios-de-the-row\/","og_locale":"es_ES","og_type":"article","og_title":"Las gemelas Olsen, demandadas por los becarios de The Row","og_description":"Shahista Lalani, que estuvo de pr\u00e1cticas en el departamento de dise\u00f1o, ha dado voz a los becarios explotados que trabajan (en exceso) para la firma sin cobrar.","og_url":"https:\/\/graziamagazine.com\/es\/articles\/las-gemelas-olsen-demandadas-por-los-becarios-de-the-row\/","og_site_name":"Grazia","article_modified_time":"2017-10-30T16:35:37+00:00","og_image":[{"url":"https:\/\/graziamagazine.com\/es\/wp-content\/uploads\/sites\/12\/2015\/08\/cover1_olsen.jpg"}],"twitter_card":"summary_large_image","twitter_misc":{"Est. reading time":"2 minutos"},"schema":{"@context":"https:\/\/schema.org","@graph":[{"@type":"WebPage","@id":"https:\/\/graziamagazine.com\/es\/articles\/las-gemelas-olsen-demandadas-por-los-becarios-de-the-row\/","url":"https:\/\/graziamagazine.com\/es\/articles\/las-gemelas-olsen-demandadas-por-los-becarios-de-the-row\/","name":"Las gemelas Olsen, demandadas por los becarios de The Row | Grazia","isPartOf":{"@id":"https:\/\/graziamagazine.com\/es\/#website"},"datePublished":"2015-08-11T15:48:46+00:00","dateModified":"2017-10-30T16:35:37+00:00","description":"Shahista Lalani, que estuvo de pr\u00e1cticas en el departamento de dise\u00f1o, ha dado voz a los becarios explotados que trabajan (en exceso) para la firma sin cobrar.","breadcrumb":{"@id":"https:\/\/graziamagazine.com\/es\/articles\/las-gemelas-olsen-demandadas-por-los-becarios-de-the-row\/#breadcrumb"},"inLanguage":"es","potentialAction":[{"@type":"ReadAction","target":["https:\/\/graziamagazine.com\/es\/articles\/las-gemelas-olsen-demandadas-por-los-becarios-de-the-row\/"]}]},{"@type":"BreadcrumbList","@id":"https:\/\/graziamagazine.com\/es\/articles\/las-gemelas-olsen-demandadas-por-los-becarios-de-the-row\/#breadcrumb","itemListElement":[{"@type":"ListItem","position":1,"name":"Portada","item":"https:\/\/graziamagazine.com\/es\/"},{"@type":"ListItem","position":2,"name":"Las gemelas Olsen, demandadas por los becarios de The Row"}]},{"@type":"WebSite","@id":"https:\/\/graziamagazine.com\/es\/#website","url":"https:\/\/graziamagazine.com\/es\/","name":"Grazia","description":"Moda, belleza, celebrities, estilo de vida...","potentialAction":[{"@type":"SearchAction","target":{"@type":"EntryPoint","urlTemplate":"https:\/\/graziamagazine.com\/es\/?s={search_term_string}"},"query-input":"required name=search_term_string"}],"inLanguage":"es"}]}},"jetpack_sharing_enabled":true,"distributor_meta":false,"distributor_terms":false,"distributor_media":false,"distributor_original_site_name":"Grazia","distributor_original_site_url":"https:\/\/graziamagazine.com\/es","push-errors":false,"_links":{"self":[{"href":"https:\/\/graziamagazine.com\/es\/wp-json\/wp\/v2\/articles\/45711"}],"collection":[{"href":"https:\/\/graziamagazine.com\/es\/wp-json\/wp\/v2\/articles"}],"about":[{"href":"https:\/\/graziamagazine.com\/es\/wp-json\/wp\/v2\/types\/articles"}],"author":[{"embeddable":true,"href":"https:\/\/graziamagazine.com\/es\/wp-json\/wp\/v2\/users\/24470"}],"wp:attachment":[{"href":"https:\/\/graziamagazine.com\/es\/wp-json\/wp\/v2\/media?parent=45711"}],"wp:term":[{"taxonomy":"category","embeddable":true,"href":"https:\/\/graziamagazine.com\/es\/wp-json\/wp\/v2\/categories?post=45711"}],"curies":[{"name":"wp","href":"https:\/\/api.w.org\/{rel}","templated":true}]}}