{"id":45435,"date":"2015-08-03T10:15:16","date_gmt":"2015-08-03T08:15:16","guid":{"rendered":"https:\/\/graziamagazine.com\/es\/?p=45435"},"modified":"2015-08-03T10:41:29","modified_gmt":"2015-08-03T08:41:29","slug":"beatrice-borromeo-y-pierre-casiraghi-boda-no2","status":"publish","type":"articles","link":"https:\/\/graziamagazine.com\/es\/articles\/beatrice-borromeo-y-pierre-casiraghi-boda-no2\/","title":{"rendered":"Beatrice Borromeo y Pierre Casiraghi: boda n\u00ba2"},"content":{"rendered":"<p>Dos fines de semana de celebraciones y cinco vestidos de novia es el saldo del enlace del verano (y quiz\u00e1 del a\u00f1o). Y es que <a href=\"https:\/\/graziamagazine.com\/es\/celebs\/las-bodas-de-pierre-casiraghi-y-beatrice-borromeo\/\" target=\"_blank\">siete d\u00edas\u00a0despu\u00e9s de su enlace civil en M\u00f3naco<\/a>, <strong>Pierre Casiraghi <\/strong>y <a href=\"https:\/\/graziamagazine.com\/es\/celebs\/beatrice-borromeo-entre-la-jet-set-y-la-mafia\/\" target=\"_blank\"><strong>Beatrice Borromeo<\/strong><\/a>\u00a0volvieron\u00a0a la carga con una segunda tanda de celebraciones, esta vez en Italia, en las islas Borromeas propiedad de la familia de la novia.<\/p>\n<figure id=\"attachment_45441\" aria-describedby=\"caption-attachment-45441\" style=\"width: 785px\" class=\"wp-caption aligncenter\"><img loading=\"lazy\" decoding=\"async\" class=\"wp-image-45441 size-full\" src=\"https:\/\/graziamagazine.com\/es\/wp-content\/uploads\/sites\/12\/2015\/08\/03094619\/borromeo04.jpg\" alt=\"borromeo04\" width=\"785\" height=\"747\" \/><figcaption id=\"caption-attachment-45441\" class=\"wp-caption-text\">Beatrice Borromeo, con vestido de encaje de Armani Priv\u00e9, y Pierre Casiraghi, con chaqu\u00e9 gris, a la salida de la iglesia tras darse el &#8216;s\u00ed quiero&#8217;. \u00a9 Instagram @Armani<\/figcaption><\/figure>\n<p>Para su enlace religioso, Beatrice <strong>apost\u00f3 por un vestido de Armani Priv\u00e9, firma de la que es embajadora,<\/strong> realizado en exclusiva para ella. Con cuerpo de encaje, cola y velo que nac\u00eda de un recogido bajo, el vestido no defraud\u00f3 y sum\u00f3 un punto m\u00e1s al armario de sobresaliente\u00a0que la novia\u00a0ha preparado con sumo cuidado para sus semanas de bodas.<\/p>\n<blockquote class=\"instagram-media\" style=\"background: #FFF; border: 0; border-radius: 3px; box-shadow: 0 0 1px 0 rgba(0,0,0,0.5),0 1px 10px 0 rgba(0,0,0,0.15); margin: 1px; max-width: 658px; padding: 0; width: calc(100% - 2px);\" data-instgrm-version=\"4\">\n<div style=\"padding: 8px;\">\n<div style=\"background: #F8F8F8; line-height: 0; margin-top: 40px; padding: 50% 0; text-align: center; width: 100%;\"><\/div>\n<p style=\"color: #c9c8cd; font-family: Arial,sans-serif; font-size: 14px; line-height: 17px; margin-bottom: 0; margin-top: 8px; overflow: hidden; padding: 8px 0 7px; text-align: center; text-overflow: ellipsis; white-space: nowrap;\"><a href=\"https:\/\/instagram.com\/p\/52rzXsGY1E\/\"style=\"color: #c9c8cd; font-family: Arial,sans-serif; font-size: 14px; font-style: normal; font-weight: normal; line-height: 17px; text-decoration: none;\"  target=\"_top\" target=\"_blank\">Una foto publicada por Palais Princier De Monaco (@monacoprincelyfamily)<\/a> el <time style=\"font-family: Arial,sans-serif; font-size: 14px; line-height: 17px;\" datetime=\"2015-08-01T20:38:14+00:00\">1 de Ago de 2015 a la(s) 1:38 PDT<\/time><\/p>\n<\/div>\n<\/blockquote>\n<p><script src=\"\/\/platform.instagram.com\/en_US\/embeds.js\" async=\"\" defer=\"defer\"><\/script>El &#8216;s\u00ed quiero&#8217; propiamente dicho se lo dieron\u00a0ante unos pocos invitados, familiares y amigos m\u00e1s allegados, en la isla de San Giovanni. Despu\u00e9s, la fiesta continu\u00f3 por todo lo alto y ante\u00a0m\u00e1s de 600 personas entre las que se encontraban personaes como <strong>Poppy Delevingne, Jessica Hart, Bianca Brandolini,<\/strong> los herederos de Noruega <strong>Haako<\/strong>n y <strong>Mette-Marit<\/strong> (con su hijo Marius), <strong>Lana del Rey<\/strong> (acompa\u00f1ando a su novio e hijo de Franca Sozzani)\u2026 La hermana del novio, <a href=\"https:\/\/graziamagazine.com\/es\/etiqueta\/carlota-casiraghi\/\" target=\"_blank\"><strong>Carlota Casiraghi,<\/strong> <\/a>lleg\u00f3 acompa\u00f1ada por su pareja <strong>Gad Elameh<\/strong> y\u00a0se decant\u00f3 por un vestido de flores de<strong> Gucci,<\/strong> firma de la que es imagen. Por su parte la madriana, Carolina de M\u00f3naco, fue la \u00fanica que luci\u00f3 pamela. <\/p>\n<blockquote class=\"instagram-media\" style=\"background: #FFF; border: 0; border-radius: 3px; box-shadow: 0 0 1px 0 rgba(0,0,0,0.5),0 1px 10px 0 rgba(0,0,0,0.15); margin: 1px; max-width: 658px; padding: 0; width: calc(100% - 2px);\" data-instgrm-version=\"4\">\n<div style=\"padding: 8px;\">\n<div style=\"background: #F8F8F8; line-height: 0; margin-top: 40px; padding: 50% 0; text-align: center; width: 100%;\"><\/div>\n<p><a href=\"https:\/\/instagram.com\/p\/520LenzRSl\/\"style=\"color: #c9c8cd; font-family: Arial,sans-serif; font-size: 14px; font-style: normal; font-weight: normal; line-height: 17px; text-decoration: none;\"  target=\"_top\" target=\"_blank\">Una foto publicada por Charlotte Casiraghi (@charlottecasiraghi_)<\/a> el <time style=\"font-family: Arial,sans-serif; font-size: 14px; line-height: 17px;\" datetime=\"2015-08-01T21:51:25+00:00\">1 de Ago de 2015 a la(s) 2:51 PDT<\/time>\n<\/div>\n<\/blockquote>\n<p><script src=\"\/\/platform.instagram.com\/en_US\/embeds.js\" async=\"\" defer=\"defer\"><\/script><\/p>\n<p>Tras la ceramonia, fiesta y <strong>nuevo guardarropa para los novios:<\/strong> un flamante Armani para ella y traje oscuro con pajarita para \u00e9l:<\/p>\n<figure id=\"attachment_45443\" aria-describedby=\"caption-attachment-45443\" style=\"width: 785px\" class=\"wp-caption aligncenter\"><img loading=\"lazy\" decoding=\"async\" class=\"size-full wp-image-45443\" src=\"https:\/\/graziamagazine.com\/es\/wp-content\/uploads\/sites\/12\/2015\/08\/03094626\/borromeo06.jpg\" alt=\"Pierre y Beatrice (de Armani) listos para la en\u00e9sima celebraci\u00f3n de su matrimonio. \u00a9 Instagram @Armani\" width=\"785\" height=\"747\" \/><figcaption id=\"caption-attachment-45443\" class=\"wp-caption-text\">Pierre y Beatrice (de Armani) listos para la en\u00e9sima celebraci\u00f3n de su matrimonio. \u00a9 Instagram @Armani<\/figcaption><\/figure>\n<p>\u00bfY el resto de invitados? Hubo de todo, pero la gran mayor\u00eda se decant\u00f3 por no salirse del amplio abanico del <em>hippy chic:\u00a0<\/em><strong>Bianca Brandolini,<\/strong> por ejemplo, se atrevi\u00f3 con el blanco y negro con un vestido de cuadros firmado por <strong>Dolce&amp;Gabbana,<\/strong> una de sus firmas de cabecera.<\/p>\n<figure id=\"attachment_45444\" aria-describedby=\"caption-attachment-45444\" style=\"width: 550px\" class=\"wp-caption aligncenter\"><img loading=\"lazy\" decoding=\"async\" class=\"size-full wp-image-45444\" src=\"https:\/\/graziamagazine.com\/es\/wp-content\/uploads\/sites\/12\/2015\/08\/03094628\/brandolini.jpg\" alt=\"Lapo Elkann junto a Bianca Brandolini. \u00a9 Instagram \/ lapoindependent\" width=\"550\" height=\"548\" \/><figcaption id=\"caption-attachment-45444\" class=\"wp-caption-text\">Lapo Elkann junto a Bianca Brandolini. \u00a9 Instagram \/ lapoindependent<\/figcaption><\/figure>\n<p>El hermano mayor del novio, <strong>Andrea Casiraghi,<\/strong>\u00a0sal\u00eda hacia\u00a0la iglesia con su hijo Sasha en brazos. Unos pasos por detr\u00e1s, con vestido rojo estampado,\u00a0su mujer <strong>Tatiana Santo<\/strong> <strong>Domingo:<\/strong><\/p>\n<div class=\"getty embed image\" style=\"background-color: #fff; display: inline-block; font-family: 'Helvetica Neue',Helvetica,Arial,sans-serif; color: #a7a7a7; font-size: 11px; width: 100%; max-width: 395px;\">\n<div style=\"overflow: hidden; position: relative; height: 0; padding: 150.379747% 0 0 0; width: 100%;\"><iframe loading=\"lazy\" style=\"display: inline-block; position: absolute; top: 0; left: 0; width: 100%; height: 100%;\" src=\"\/\/embed.gettyimages.com\/embed\/482642448?et=LiGnKy3TRFBmUeDI7WwojQ&amp;viewMoreLink=on&amp;sig=4Y_vmdC5b_Ygv-ltviOF3SXUYHBmbSMRN5Mdw3rr2Aw=\" width=\"395\" height=\"594\" frameborder=\"0\" scrolling=\"no\"><\/iframe><\/div>\n<div style=\"padding: 0; margin: 0 0 0 10px; text-align: left;\"><a href=\"http:\/\/www.gettyimages.com\/detail\/482642448\"style=\"color: #a7a7a7; text-decoration: none; font-weight: normal !important; border: none; display: inline-block;\"  target=\"_blank\" target=\"_blank\">View image<\/a> | <a href=\"http:\/\/www.gettyimages.com\"style=\"color: #a7a7a7; text-decoration: none; font-weight: normal !important; border: none; display: inline-block;\"  target=\"_blank\" target=\"_blank\">gettyimages.com<\/a><\/div>\n<\/div>\n<p><strong>Lana del Rey,<\/strong> con minivestido estampado, junto a su chico, <strong>Francesco Carrozzini<\/strong> y <strong>Franca Sozzani<\/strong> (madre de \u00e9l).<\/p>\n<div class=\"getty embed image\" style=\"background-color: #fff; display: inline-block; font-family: 'Helvetica Neue',Helvetica,Arial,sans-serif; color: #a7a7a7; font-size: 11px; width: 100%; max-width: 412px;\">\n<div style=\"overflow: hidden; position: relative; height: 0; padding: 144.174757% 0 0 0; width: 100%;\"><iframe loading=\"lazy\" style=\"display: inline-block; position: absolute; top: 0; left: 0; width: 100%; height: 100%;\" src=\"\/\/embed.gettyimages.com\/embed\/482648244?et=EHbxqm8GQ0ZBxgaoOP_AHA&amp;viewMoreLink=on&amp;sig=_vBUP_AAf1HF58v6EQaIxQjrW5g9RjK0LCrOqtyqbjA=\" width=\"412\" height=\"594\" frameborder=\"0\" scrolling=\"no\"><\/iframe><\/div>\n<div style=\"padding: 0; margin: 0 0 0 10px; text-align: left;\"><a href=\"http:\/\/www.gettyimages.com\/detail\/482648244\"style=\"color: #a7a7a7; text-decoration: none; font-weight: normal !important; border: none; display: inline-block;\"  target=\"_blank\" target=\"_blank\">View image<\/a> | <a href=\"http:\/\/www.gettyimages.com\"style=\"color: #a7a7a7; text-decoration: none; font-weight: normal !important; border: none; display: inline-block;\"  target=\"_blank\" target=\"_blank\">gettyimages.com<\/a><\/div>\n<\/div>\n<p><strong>Margherita<\/strong> y <strong>Teresa Missoni<\/strong> o <strong>Eugenie Niarchos<\/strong> fueron solo algunas de las amigas de ambos lados de la familia que tampoco faltaron al evento:<\/p>\n<figure id=\"attachment_45447\" aria-describedby=\"caption-attachment-45447\" style=\"width: 785px\" class=\"wp-caption aligncenter\"><img loading=\"lazy\" decoding=\"async\" class=\"size-full wp-image-45447\" src=\"https:\/\/graziamagazine.com\/es\/wp-content\/uploads\/sites\/12\/2015\/08\/03100638\/missoni-niarchos.jpg\" alt=\"Teresa Maccapani, Margherita Missoni y Eugenie Niarchos. \u00a9 Instagram @mmmargherita @Venyx\" width=\"785\" height=\"262\" \/><figcaption id=\"caption-attachment-45447\" class=\"wp-caption-text\">Teresa Maccapani, Margherita Missoni y Eugenie Niarchos. \u00a9 Instagram @mmmargherita @Venyx<\/figcaption><\/figure>\n<p>La noche\u00a0previa ya hab\u00edan calentado motores con otra\u00a0fiesta en Isla Madre. Para esta ocasi\u00f3n Beatrice escogi\u00f3 un vestido de seda bordado de <strong>Alberta Ferretti<\/strong> que hasta hace poco estaba a la venta en Net-a-porter por 4.445 euros. <a href=\"http:\/\/www.net-a-porter.com\/product\/543636?resType=single&amp;keywords=alberta&amp;termUsed=Alberta%20Ferretti&amp;enableAjaxRequest=false\" target=\"_blank\" target=\"_blank\">Ahora, por supuesto, est\u00e1 agotado.<\/a>\u00a0Lo combin\u00f3 con sandalia plana y un semirecogido rematado con un ramillete de flores.<\/p>\n<figure id=\"attachment_45442\" aria-describedby=\"caption-attachment-45442\" style=\"width: 785px\" class=\"wp-caption aligncenter\"><img loading=\"lazy\" decoding=\"async\" class=\"size-full wp-image-45442\" src=\"https:\/\/graziamagazine.com\/es\/wp-content\/uploads\/sites\/12\/2015\/08\/03094623\/borromeo05.jpg\" alt=\"Beatrice Borromeo, de Alberta Ferretti, en la cena del viernes. \u00a9 Instagram @AlbertaFerretti\" width=\"785\" height=\"573\" \/><figcaption id=\"caption-attachment-45442\" class=\"wp-caption-text\">Beatrice Borromeo, de Alberta Ferretti, en la cena del viernes. \u00a9 Instagram @AlbertaFerretti<\/figcaption><\/figure>\n<p>En el lado opuesto de la balanza, su cu\u00f1ada <strong>Carlota prefiri\u00f3 un vestido de <a href=\"http:\/\/www.zara.com\/es\/es\/mujer\/vestidos\/vestido-largo-estampado-c269185p2776286.html\" target=\"_blank\" target=\"_blank\">la nueva colecci\u00f3n de Zara<\/a>.<\/strong>\u00a0Semitransparente y con cuello de pico, estaba a la venta por 39,95 euros pero, por supuesto tambi\u00e9n, est\u00e1 ya agotado.<\/p>\n<blockquote class=\"instagram-media\" style=\"background: #FFF; border: 0; border-radius: 3px; box-shadow: 0 0 1px 0 rgba(0,0,0,0.5),0 1px 10px 0 rgba(0,0,0,0.15); margin: 1px; max-width: 658px; padding: 0; width: calc(100% - 2px);\" data-instgrm-version=\"4\">\n<div style=\"padding: 8px;\">\n<div style=\"background: #F8F8F8; line-height: 0; margin-top: 40px; padding: 50% 0; text-align: center; width: 100%;\"><\/div>\n<p style=\"color: #c9c8cd; font-family: Arial,sans-serif; font-size: 14px; line-height: 17px; margin-bottom: 0; margin-top: 8px; overflow: hidden; padding: 8px 0 7px; text-align: center; text-overflow: ellipsis; white-space: nowrap;\"><a href=\"https:\/\/instagram.com\/p\/50DzENzRYh\/\"style=\"color: #c9c8cd; font-family: Arial,sans-serif; font-size: 14px; font-style: normal; font-weight: normal; line-height: 17px; text-decoration: none;\"  target=\"_top\" target=\"_blank\">Una foto publicada por Charlotte Casiraghi (@charlottecasiraghi_)<\/a> el <time style=\"font-family: Arial,sans-serif; font-size: 14px; line-height: 17px;\" datetime=\"2015-07-31T20:10:11+00:00\">31 de Jul de 2015 a la(s) 1:10 PDT<\/time><\/p>\n<\/div>\n<\/blockquote>\n<p><script src=\"\/\/platform.instagram.com\/en_US\/embeds.js\" async=\"\" defer=\"defer\"><\/script><\/p>\n<p>Bocetos de tres de los cinco vestidos que ha lucido Beatrice Borromeo durante los dos fines de semana de boda entre Italia y M\u00f3naco:<\/p>\n<figure id=\"attachment_45449\" aria-describedby=\"caption-attachment-45449\" style=\"width: 785px\" class=\"wp-caption aligncenter\"><img loading=\"lazy\" decoding=\"async\" class=\"size-full wp-image-45449\" src=\"https:\/\/graziamagazine.com\/es\/wp-content\/uploads\/sites\/12\/2015\/08\/03101430\/bocetos.jpg\" alt=\"Bocetos de tres de los vestidos que ha lucido Beatrice Borromeo en sus dos bodas: Valentino para la civil y Armani para la religiosa. \u00a9 Instagram\" width=\"785\" height=\"352\" \/><figcaption id=\"caption-attachment-45449\" class=\"wp-caption-text\">Bocetos de tres de los vestidos que ha lucido Beatrice Borromeo en sus dos bodas: Valentino para la civil y Armani para la religiosa. \u00a9 Instagram<\/figcaption><\/figure>\n<p><iframe loading=\"lazy\" src=\"\/\/www.facebook.com\/plugins\/likebox.php?href=https%3A%2F%2Fwww.facebook.com%2Fgraziaespana&amp;width&amp;height=258&amp;colorscheme=light&amp;show_faces=true&amp;header=false&amp;stream=false&amp;show_border=false&amp;appId=349017955267591\" width=\"300\" height=\"150\" frameborder=\"0\" scrolling=\"no\"><\/iframe><\/p>\n","protected":false},"author":21500,"featured_media":0,"template":"","format":"standard","categories":[14,13],"acf":[],"yoast_head":"<!-- This site is optimized with the Yoast SEO Premium plugin v18.5 (Yoast SEO v20.4) - https:\/\/yoast.com\/wordpress\/plugins\/seo\/ -->\n<title>Beatrice Borromeo y Pierre Casiraghi: boda n\u00ba2 | Grazia<\/title>\n<meta name=\"description\" content=\"Tras el enlace civil en M\u00f3naco, la pareja se da un segundo &#039;s\u00ed quiero&#039; por la iglesia en las Islas Borromeas. Y con fiest\u00f3n por todo lo alto, faltar\u00eda m\u00e1s.\" \/>\n<meta name=\"robots\" content=\"index, follow, max-snippet:-1, max-image-preview:large, max-video-preview:-1\" \/>\n<link rel=\"canonical\" href=\"https:\/\/graziamagazine.com\/es\/articles\/beatrice-borromeo-y-pierre-casiraghi-boda-no2\/\" \/>\n<meta property=\"og:locale\" content=\"es_ES\" \/>\n<meta property=\"og:type\" content=\"article\" \/>\n<meta property=\"og:title\" content=\"Beatrice Borromeo y Pierre Casiraghi: boda n\u00ba2\" \/>\n<meta property=\"og:description\" content=\"Tras el enlace civil en M\u00f3naco, la pareja se da un segundo &#039;s\u00ed quiero&#039; por la iglesia en las Islas Borromeas. Y con fiest\u00f3n por todo lo alto, faltar\u00eda m\u00e1s.\" \/>\n<meta property=\"og:url\" content=\"https:\/\/graziamagazine.com\/es\/articles\/beatrice-borromeo-y-pierre-casiraghi-boda-no2\/\" \/>\n<meta property=\"og:site_name\" content=\"Grazia\" \/>\n<meta property=\"article:modified_time\" content=\"2015-08-03T08:41:29+00:00\" \/>\n<meta property=\"og:image\" content=\"https:\/\/graziamagazine.com\/es\/wp-content\/uploads\/sites\/12\/2015\/08\/03094619\/borromeo04.jpg\" \/>\n<meta name=\"twitter:card\" content=\"summary_large_image\" \/>\n<meta name=\"twitter:label1\" content=\"Est. reading time\" \/>\n\t<meta name=\"twitter:data1\" content=\"4 minutos\" \/>\n<script type=\"application\/ld+json\" class=\"yoast-schema-graph\">{\"@context\":\"https:\/\/schema.org\",\"@graph\":[{\"@type\":\"WebPage\",\"@id\":\"https:\/\/graziamagazine.com\/es\/articles\/beatrice-borromeo-y-pierre-casiraghi-boda-no2\/\",\"url\":\"https:\/\/graziamagazine.com\/es\/articles\/beatrice-borromeo-y-pierre-casiraghi-boda-no2\/\",\"name\":\"Beatrice Borromeo y Pierre Casiraghi: boda n\u00ba2 | Grazia\",\"isPartOf\":{\"@id\":\"https:\/\/graziamagazine.com\/es\/#website\"},\"datePublished\":\"2015-08-03T08:15:16+00:00\",\"dateModified\":\"2015-08-03T08:41:29+00:00\",\"description\":\"Tras el enlace civil en M\u00f3naco, la pareja se da un segundo 's\u00ed quiero' por la iglesia en las Islas Borromeas. Y con fiest\u00f3n por todo lo alto, faltar\u00eda m\u00e1s.\",\"breadcrumb\":{\"@id\":\"https:\/\/graziamagazine.com\/es\/articles\/beatrice-borromeo-y-pierre-casiraghi-boda-no2\/#breadcrumb\"},\"inLanguage\":\"es\",\"potentialAction\":[{\"@type\":\"ReadAction\",\"target\":[\"https:\/\/graziamagazine.com\/es\/articles\/beatrice-borromeo-y-pierre-casiraghi-boda-no2\/\"]}]},{\"@type\":\"BreadcrumbList\",\"@id\":\"https:\/\/graziamagazine.com\/es\/articles\/beatrice-borromeo-y-pierre-casiraghi-boda-no2\/#breadcrumb\",\"itemListElement\":[{\"@type\":\"ListItem\",\"position\":1,\"name\":\"Portada\",\"item\":\"https:\/\/graziamagazine.com\/es\/\"},{\"@type\":\"ListItem\",\"position\":2,\"name\":\"Beatrice Borromeo y Pierre Casiraghi: boda n\u00ba2\"}]},{\"@type\":\"WebSite\",\"@id\":\"https:\/\/graziamagazine.com\/es\/#website\",\"url\":\"https:\/\/graziamagazine.com\/es\/\",\"name\":\"Grazia\",\"description\":\"Moda, belleza, celebrities, estilo de vida...\",\"potentialAction\":[{\"@type\":\"SearchAction\",\"target\":{\"@type\":\"EntryPoint\",\"urlTemplate\":\"https:\/\/graziamagazine.com\/es\/?s={search_term_string}\"},\"query-input\":\"required name=search_term_string\"}],\"inLanguage\":\"es\"}]}<\/script>\n<!-- \/ Yoast SEO Premium plugin. -->","yoast_head_json":{"title":"Beatrice Borromeo y Pierre Casiraghi: boda n\u00ba2 | Grazia","description":"Tras el enlace civil en M\u00f3naco, la pareja se da un segundo 's\u00ed quiero' por la iglesia en las Islas Borromeas. Y con fiest\u00f3n por todo lo alto, faltar\u00eda m\u00e1s.","robots":{"index":"index","follow":"follow","max-snippet":"max-snippet:-1","max-image-preview":"max-image-preview:large","max-video-preview":"max-video-preview:-1"},"canonical":"https:\/\/graziamagazine.com\/es\/articles\/beatrice-borromeo-y-pierre-casiraghi-boda-no2\/","og_locale":"es_ES","og_type":"article","og_title":"Beatrice Borromeo y Pierre Casiraghi: boda n\u00ba2","og_description":"Tras el enlace civil en M\u00f3naco, la pareja se da un segundo 's\u00ed quiero' por la iglesia en las Islas Borromeas. Y con fiest\u00f3n por todo lo alto, faltar\u00eda m\u00e1s.","og_url":"https:\/\/graziamagazine.com\/es\/articles\/beatrice-borromeo-y-pierre-casiraghi-boda-no2\/","og_site_name":"Grazia","article_modified_time":"2015-08-03T08:41:29+00:00","og_image":[{"url":"https:\/\/graziamagazine.com\/es\/wp-content\/uploads\/sites\/12\/2015\/08\/03094619\/borromeo04.jpg"}],"twitter_card":"summary_large_image","twitter_misc":{"Est. reading time":"4 minutos"},"schema":{"@context":"https:\/\/schema.org","@graph":[{"@type":"WebPage","@id":"https:\/\/graziamagazine.com\/es\/articles\/beatrice-borromeo-y-pierre-casiraghi-boda-no2\/","url":"https:\/\/graziamagazine.com\/es\/articles\/beatrice-borromeo-y-pierre-casiraghi-boda-no2\/","name":"Beatrice Borromeo y Pierre Casiraghi: boda n\u00ba2 | Grazia","isPartOf":{"@id":"https:\/\/graziamagazine.com\/es\/#website"},"datePublished":"2015-08-03T08:15:16+00:00","dateModified":"2015-08-03T08:41:29+00:00","description":"Tras el enlace civil en M\u00f3naco, la pareja se da un segundo 's\u00ed quiero' por la iglesia en las Islas Borromeas. Y con fiest\u00f3n por todo lo alto, faltar\u00eda m\u00e1s.","breadcrumb":{"@id":"https:\/\/graziamagazine.com\/es\/articles\/beatrice-borromeo-y-pierre-casiraghi-boda-no2\/#breadcrumb"},"inLanguage":"es","potentialAction":[{"@type":"ReadAction","target":["https:\/\/graziamagazine.com\/es\/articles\/beatrice-borromeo-y-pierre-casiraghi-boda-no2\/"]}]},{"@type":"BreadcrumbList","@id":"https:\/\/graziamagazine.com\/es\/articles\/beatrice-borromeo-y-pierre-casiraghi-boda-no2\/#breadcrumb","itemListElement":[{"@type":"ListItem","position":1,"name":"Portada","item":"https:\/\/graziamagazine.com\/es\/"},{"@type":"ListItem","position":2,"name":"Beatrice Borromeo y Pierre Casiraghi: boda n\u00ba2"}]},{"@type":"WebSite","@id":"https:\/\/graziamagazine.com\/es\/#website","url":"https:\/\/graziamagazine.com\/es\/","name":"Grazia","description":"Moda, belleza, celebrities, estilo de vida...","potentialAction":[{"@type":"SearchAction","target":{"@type":"EntryPoint","urlTemplate":"https:\/\/graziamagazine.com\/es\/?s={search_term_string}"},"query-input":"required name=search_term_string"}],"inLanguage":"es"}]}},"jetpack_sharing_enabled":true,"distributor_meta":false,"distributor_terms":false,"distributor_media":false,"distributor_original_site_name":"Grazia","distributor_original_site_url":"https:\/\/graziamagazine.com\/es","push-errors":false,"_links":{"self":[{"href":"https:\/\/graziamagazine.com\/es\/wp-json\/wp\/v2\/articles\/45435"}],"collection":[{"href":"https:\/\/graziamagazine.com\/es\/wp-json\/wp\/v2\/articles"}],"about":[{"href":"https:\/\/graziamagazine.com\/es\/wp-json\/wp\/v2\/types\/articles"}],"author":[{"embeddable":true,"href":"https:\/\/graziamagazine.com\/es\/wp-json\/wp\/v2\/users\/21500"}],"wp:attachment":[{"href":"https:\/\/graziamagazine.com\/es\/wp-json\/wp\/v2\/media?parent=45435"}],"wp:term":[{"taxonomy":"category","embeddable":true,"href":"https:\/\/graziamagazine.com\/es\/wp-json\/wp\/v2\/categories?post=45435"}],"curies":[{"name":"wp","href":"https:\/\/api.w.org\/{rel}","templated":true}]}}