{"id":45029,"date":"2015-07-29T10:01:51","date_gmt":"2015-07-29T08:01:51","guid":{"rendered":"https:\/\/graziamagazine.com\/es\/?p=45029"},"modified":"2015-07-29T10:52:51","modified_gmt":"2015-07-29T08:52:51","slug":"calvin-harris-vuelve-a-ser-imagen-de-emporio-armani","status":"publish","type":"articles","link":"https:\/\/graziamagazine.com\/es\/articles\/calvin-harris-vuelve-a-ser-imagen-de-emporio-armani\/","title":{"rendered":"Calvin Harris vuelve a ser imagen de Emporio Armani"},"content":{"rendered":"<p>Vamos a soltar un t\u00f3pico gratuito pero necesario:<a href=\"https:\/\/graziamagazine.com\/es\/etiqueta\/calvin-harris\/\" target=\"_blank\"><strong> Calvin Harris<\/strong><\/a> es como el buen vino. <del>Ea, ya est\u00e1<\/del>. En menos de 10 a\u00f1os, su cambio de imagen ha sido remarcable. Pero en plan bien, como cuando uno crece, decide ser Dj de \u00e9xito despu\u00e9s de a\u00f1os pinchando en su casa de Escocia en las tardes de lluvia, y descubre el milagro del estilista y sus habilidades en el cambio de imagen <del>radical<\/del>.<\/p>\n<p>Y entonces \u00a1zas! de repente te codeas con lo mejor del panorama de la m\u00fasica, <a href=\"https:\/\/graziamagazine.com\/es\/etiqueta\/taylor-swift\/\" target=\"_blank\"><strong>Taylor Swift<\/strong><\/a> (perd\u00f3n: TAYLOR SWIFT) se derrite por tus huesos, os convert\u00eds en <a href=\"https:\/\/graziamagazine.com\/es\/celebs\/taylor-swift-calvin-harris-pareja-mejor-pagada\/\" target=\"_blank\">la pareja mejor pagada del mundo<\/a> y acabas siendo (repetidas veces) imagen de una firma de etiqueta, de esas que dan clase en traje o en calzoncillos, a abdominal descubierto. <strong>Emporio Armani<\/strong> <strong>ha vuelto a elegir a Harris como rostro de su nueva campa\u00f1a masculina para el pr\u00f3ximo oto\u00f1o.<\/strong><\/p>\n<figure id=\"attachment_45049\" aria-describedby=\"caption-attachment-45049\" style=\"width: 785px\" class=\"wp-caption aligncenter\"><img loading=\"lazy\" decoding=\"async\" class=\"size-full wp-image-45049\" src=\"https:\/\/graziamagazine.com\/es\/wp-content\/uploads\/sites\/12\/2015\/07\/29101136\/3.jpg\" alt=\"\u00a9 Emporio Armani\" width=\"785\" height=\"480\" \/><figcaption id=\"caption-attachment-45049\" class=\"wp-caption-text\">\u00a9 Emporio Armani<\/figcaption><\/figure>\n<figure id=\"attachment_45048\" aria-describedby=\"caption-attachment-45048\" style=\"width: 785px\" class=\"wp-caption aligncenter\"><img loading=\"lazy\" decoding=\"async\" class=\"size-full wp-image-45048\" src=\"https:\/\/graziamagazine.com\/es\/wp-content\/uploads\/sites\/12\/2015\/07\/29101132\/2.jpg\" alt=\"\u00a9 Emporio Armani\" width=\"785\" height=\"480\" \/><figcaption id=\"caption-attachment-45048\" class=\"wp-caption-text\">\u00a9 Emporio Armani<\/figcaption><\/figure>\n<p>Las im\u00e1genes, en un contrastado blanco y negro, llevan la firma de la fot\u00f3grafa <strong>Lachlan Bailey<\/strong>, encargada de capturar en un estudio de Brooklyn el lado m\u00e1s <em>classy<\/em> del escoc\u00e9s. En ellas, las piezas de la casa italiana (prendas, gafas, relojes y <del>\u00a1\u00a1\u00a1<\/del>calzoncillos<del>!!!<\/del>) visten a Calvin entre el formalismo m\u00e1s <em>cool <\/em>y la est\u00e9tica <em>sport<\/em>, pasando por la intimidad del <em>underwear<\/em> con la que se camela al objetivo <del><a href=\"https:\/\/graziamagazine.com\/es\/moda\/lo-de-justin-bieber-para-calvin-klein-jeans-es-una-mala-idea\/\" target=\"_blank\">mucho mejor que Justin Bieber<\/a>, ten\u00edamos que decirlo<\/del>.<\/p>\n<figure id=\"attachment_45047\" aria-describedby=\"caption-attachment-45047\" style=\"width: 785px\" class=\"wp-caption aligncenter\"><img loading=\"lazy\" decoding=\"async\" class=\"size-full wp-image-45047\" src=\"https:\/\/graziamagazine.com\/es\/wp-content\/uploads\/sites\/12\/2015\/07\/29101127\/1.jpg\" alt=\"\u00a9 Emporio Armani\" width=\"785\" height=\"480\" \/><figcaption id=\"caption-attachment-45047\" class=\"wp-caption-text\">\u00a9 Emporio Armani<\/figcaption><\/figure>\n<p>Vaya, que ascos no le har\u00edamos&#8230; ahora. Porque <strong>hace apenas seis\u00a0a\u00f1os la cosa pintaba mucho, mucho peor:<\/strong> melena casi grasienta, cuerpo sin formar, pelusilla que quiere ser barba. Y as\u00ed, todo muy Simple Plan, 2006. Querida Taylor, aqu\u00ed tres im\u00e1genes con las que hacer chantaje emocional a tu chico cuando la ocasi\u00f3n\u00a0lo requiera. De nada.<\/p>\n<figure id=\"attachment_45067\" aria-describedby=\"caption-attachment-45067\" style=\"width: 785px\" class=\"wp-caption aligncenter\"><img loading=\"lazy\" decoding=\"async\" class=\"size-full wp-image-45067\" src=\"https:\/\/graziamagazine.com\/es\/wp-content\/uploads\/sites\/12\/2015\/07\/29104059\/4.jpg\" alt=\"\u00a9 Cordon Press \/ Getty Images\" width=\"785\" height=\"480\" \/><figcaption id=\"caption-attachment-45067\" class=\"wp-caption-text\">\u00a9 Cordon Press \/ Getty Images<\/figcaption><\/figure>\n<p><img loading=\"lazy\" decoding=\"async\" class=\"aligncenter size-full wp-image-45070\" src=\"https:\/\/graziamagazine.com\/es\/wp-content\/uploads\/sites\/12\/2015\/07\/29104507\/giphy2.gif\" alt=\"giphy2\" width=\"500\" height=\"245\" \/><\/p>\n<p>&nbsp;<\/p>\n<blockquote class=\"instagram-media\" style=\"background: #FFF; border: 0; border-radius: 3px; box-shadow: 0 0 1px 0 rgba(0,0,0,0.5),0 1px 10px 0 rgba(0,0,0,0.15); margin: 1px; max-width: 658px; padding: 0; width: calc(100% - 2px);\" data-instgrm-captioned=\"\" data-instgrm-version=\"4\">\n<div style=\"padding: 8px;\">\n<div style=\"background: #F8F8F8; line-height: 0; margin-top: 40px; padding: 50% 0; text-align: center; width: 100%;\"><\/div>\n<p style=\"margin: 8px 0 0 0; padding: 0 4px;\"><a href=\"https:\/\/instagram.com\/p\/5srLWYt3Hk\/\"style=\"color: #000; font-family: Arial,sans-serif; font-size: 14px; font-style: normal; font-weight: normal; line-height: 17px; text-decoration: none; word-wrap: break-word;\"  target=\"_top\" target=\"_blank\">ME AND IRV IN JUMPIN JAKS DUMFRIES 2002 LOOKING FUCKING FANTASTIC #SCOTLAND #LIFE #IRV #LEGEND<\/a><\/p>\n<p style=\"color: #c9c8cd; font-family: Arial,sans-serif; font-size: 14px; line-height: 17px; margin-bottom: 0; margin-top: 8px; overflow: hidden; padding: 8px 0 7px; text-align: center; text-overflow: ellipsis; white-space: nowrap;\">Una foto publicada por Calvin Harris (@calvinharris) el <time style=\"font-family: Arial,sans-serif; font-size: 14px; line-height: 17px;\" datetime=\"2015-07-28T23:20:22+00:00\">28 de Jul de 2015 a la(s) 4:20 PDT<\/time><\/p>\n<\/div>\n<\/blockquote>\n<p><script src=\"\/\/platform.instagram.com\/en_US\/embeds.js\" async=\"\" defer=\"defer\"><\/script><\/p>\n<p><iframe loading=\"lazy\" style=\"border: none; overflow: hidden; height: 258px;\" src=\"\/\/www.facebook.com\/plugins\/likebox.php?href=https%3A%2F%2Fwww.facebook.com%2Fgraziaespana&amp;width&amp;height=258&amp;colorscheme=light&amp;show_faces=true&amp;header=false&amp;stream=false&amp;show_border=false&amp;appId=349017955267591\" width=\"300\" height=\"150\" frameborder=\"0\" scrolling=\"no\"><\/iframe><\/p>\n","protected":false},"author":24470,"featured_media":0,"template":"","format":"standard","categories":[3,1],"acf":[],"yoast_head":"<!-- This site is optimized with the Yoast SEO Premium plugin v18.5 (Yoast SEO v20.4) - https:\/\/yoast.com\/wordpress\/plugins\/seo\/ -->\n<title>Calvin Harris vuelve a ser imagen de Emporio Armani | Grazia<\/title>\n<meta name=\"description\" content=\"El escoc\u00e9s repite en la nueva campa\u00f1a de la firma mostrando los encantos que encandilaron a Taylor Swift. Pero \u00a1ay, amigo! lo bien que le han sentado los a\u00f1os a este chico...\" \/>\n<meta name=\"robots\" content=\"index, follow, max-snippet:-1, max-image-preview:large, max-video-preview:-1\" \/>\n<link rel=\"canonical\" href=\"https:\/\/graziamagazine.com\/es\/articles\/calvin-harris-vuelve-a-ser-imagen-de-emporio-armani\/\" \/>\n<meta property=\"og:locale\" content=\"es_ES\" \/>\n<meta property=\"og:type\" content=\"article\" \/>\n<meta property=\"og:title\" content=\"Calvin Harris vuelve a ser imagen de Emporio Armani\" \/>\n<meta property=\"og:description\" content=\"El escoc\u00e9s repite en la nueva campa\u00f1a de la firma mostrando los encantos que encandilaron a Taylor Swift. Pero \u00a1ay, amigo! lo bien que le han sentado los a\u00f1os a este chico...\" \/>\n<meta property=\"og:url\" content=\"https:\/\/graziamagazine.com\/es\/articles\/calvin-harris-vuelve-a-ser-imagen-de-emporio-armani\/\" \/>\n<meta property=\"og:site_name\" content=\"Grazia\" \/>\n<meta property=\"article:modified_time\" content=\"2015-07-29T08:52:51+00:00\" \/>\n<meta property=\"og:image\" content=\"https:\/\/graziamagazine.com\/es\/wp-content\/uploads\/sites\/12\/2015\/07\/29101136\/3.jpg\" \/>\n<meta name=\"twitter:card\" content=\"summary_large_image\" \/>\n<meta name=\"twitter:label1\" content=\"Est. reading time\" \/>\n\t<meta name=\"twitter:data1\" content=\"2 minutos\" \/>\n<script type=\"application\/ld+json\" class=\"yoast-schema-graph\">{\"@context\":\"https:\/\/schema.org\",\"@graph\":[{\"@type\":\"WebPage\",\"@id\":\"https:\/\/graziamagazine.com\/es\/articles\/calvin-harris-vuelve-a-ser-imagen-de-emporio-armani\/\",\"url\":\"https:\/\/graziamagazine.com\/es\/articles\/calvin-harris-vuelve-a-ser-imagen-de-emporio-armani\/\",\"name\":\"Calvin Harris vuelve a ser imagen de Emporio Armani | Grazia\",\"isPartOf\":{\"@id\":\"https:\/\/graziamagazine.com\/es\/#website\"},\"datePublished\":\"2015-07-29T08:01:51+00:00\",\"dateModified\":\"2015-07-29T08:52:51+00:00\",\"description\":\"El escoc\u00e9s repite en la nueva campa\u00f1a de la firma mostrando los encantos que encandilaron a Taylor Swift. Pero \u00a1ay, amigo! lo bien que le han sentado los a\u00f1os a este chico...\",\"breadcrumb\":{\"@id\":\"https:\/\/graziamagazine.com\/es\/articles\/calvin-harris-vuelve-a-ser-imagen-de-emporio-armani\/#breadcrumb\"},\"inLanguage\":\"es\",\"potentialAction\":[{\"@type\":\"ReadAction\",\"target\":[\"https:\/\/graziamagazine.com\/es\/articles\/calvin-harris-vuelve-a-ser-imagen-de-emporio-armani\/\"]}]},{\"@type\":\"BreadcrumbList\",\"@id\":\"https:\/\/graziamagazine.com\/es\/articles\/calvin-harris-vuelve-a-ser-imagen-de-emporio-armani\/#breadcrumb\",\"itemListElement\":[{\"@type\":\"ListItem\",\"position\":1,\"name\":\"Portada\",\"item\":\"https:\/\/graziamagazine.com\/es\/\"},{\"@type\":\"ListItem\",\"position\":2,\"name\":\"Calvin Harris vuelve a ser imagen de Emporio Armani\"}]},{\"@type\":\"WebSite\",\"@id\":\"https:\/\/graziamagazine.com\/es\/#website\",\"url\":\"https:\/\/graziamagazine.com\/es\/\",\"name\":\"Grazia\",\"description\":\"Moda, belleza, celebrities, estilo de vida...\",\"potentialAction\":[{\"@type\":\"SearchAction\",\"target\":{\"@type\":\"EntryPoint\",\"urlTemplate\":\"https:\/\/graziamagazine.com\/es\/?s={search_term_string}\"},\"query-input\":\"required name=search_term_string\"}],\"inLanguage\":\"es\"}]}<\/script>\n<!-- \/ Yoast SEO Premium plugin. -->","yoast_head_json":{"title":"Calvin Harris vuelve a ser imagen de Emporio Armani | Grazia","description":"El escoc\u00e9s repite en la nueva campa\u00f1a de la firma mostrando los encantos que encandilaron a Taylor Swift. Pero \u00a1ay, amigo! lo bien que le han sentado los a\u00f1os a este chico...","robots":{"index":"index","follow":"follow","max-snippet":"max-snippet:-1","max-image-preview":"max-image-preview:large","max-video-preview":"max-video-preview:-1"},"canonical":"https:\/\/graziamagazine.com\/es\/articles\/calvin-harris-vuelve-a-ser-imagen-de-emporio-armani\/","og_locale":"es_ES","og_type":"article","og_title":"Calvin Harris vuelve a ser imagen de Emporio Armani","og_description":"El escoc\u00e9s repite en la nueva campa\u00f1a de la firma mostrando los encantos que encandilaron a Taylor Swift. Pero \u00a1ay, amigo! lo bien que le han sentado los a\u00f1os a este chico...","og_url":"https:\/\/graziamagazine.com\/es\/articles\/calvin-harris-vuelve-a-ser-imagen-de-emporio-armani\/","og_site_name":"Grazia","article_modified_time":"2015-07-29T08:52:51+00:00","og_image":[{"url":"https:\/\/graziamagazine.com\/es\/wp-content\/uploads\/sites\/12\/2015\/07\/29101136\/3.jpg"}],"twitter_card":"summary_large_image","twitter_misc":{"Est. reading time":"2 minutos"},"schema":{"@context":"https:\/\/schema.org","@graph":[{"@type":"WebPage","@id":"https:\/\/graziamagazine.com\/es\/articles\/calvin-harris-vuelve-a-ser-imagen-de-emporio-armani\/","url":"https:\/\/graziamagazine.com\/es\/articles\/calvin-harris-vuelve-a-ser-imagen-de-emporio-armani\/","name":"Calvin Harris vuelve a ser imagen de Emporio Armani | Grazia","isPartOf":{"@id":"https:\/\/graziamagazine.com\/es\/#website"},"datePublished":"2015-07-29T08:01:51+00:00","dateModified":"2015-07-29T08:52:51+00:00","description":"El escoc\u00e9s repite en la nueva campa\u00f1a de la firma mostrando los encantos que encandilaron a Taylor Swift. Pero \u00a1ay, amigo! lo bien que le han sentado los a\u00f1os a este chico...","breadcrumb":{"@id":"https:\/\/graziamagazine.com\/es\/articles\/calvin-harris-vuelve-a-ser-imagen-de-emporio-armani\/#breadcrumb"},"inLanguage":"es","potentialAction":[{"@type":"ReadAction","target":["https:\/\/graziamagazine.com\/es\/articles\/calvin-harris-vuelve-a-ser-imagen-de-emporio-armani\/"]}]},{"@type":"BreadcrumbList","@id":"https:\/\/graziamagazine.com\/es\/articles\/calvin-harris-vuelve-a-ser-imagen-de-emporio-armani\/#breadcrumb","itemListElement":[{"@type":"ListItem","position":1,"name":"Portada","item":"https:\/\/graziamagazine.com\/es\/"},{"@type":"ListItem","position":2,"name":"Calvin Harris vuelve a ser imagen de Emporio Armani"}]},{"@type":"WebSite","@id":"https:\/\/graziamagazine.com\/es\/#website","url":"https:\/\/graziamagazine.com\/es\/","name":"Grazia","description":"Moda, belleza, celebrities, estilo de vida...","potentialAction":[{"@type":"SearchAction","target":{"@type":"EntryPoint","urlTemplate":"https:\/\/graziamagazine.com\/es\/?s={search_term_string}"},"query-input":"required name=search_term_string"}],"inLanguage":"es"}]}},"jetpack_sharing_enabled":true,"distributor_meta":false,"distributor_terms":false,"distributor_media":false,"distributor_original_site_name":"Grazia","distributor_original_site_url":"https:\/\/graziamagazine.com\/es","push-errors":false,"_links":{"self":[{"href":"https:\/\/graziamagazine.com\/es\/wp-json\/wp\/v2\/articles\/45029"}],"collection":[{"href":"https:\/\/graziamagazine.com\/es\/wp-json\/wp\/v2\/articles"}],"about":[{"href":"https:\/\/graziamagazine.com\/es\/wp-json\/wp\/v2\/types\/articles"}],"author":[{"embeddable":true,"href":"https:\/\/graziamagazine.com\/es\/wp-json\/wp\/v2\/users\/24470"}],"wp:attachment":[{"href":"https:\/\/graziamagazine.com\/es\/wp-json\/wp\/v2\/media?parent=45029"}],"wp:term":[{"taxonomy":"category","embeddable":true,"href":"https:\/\/graziamagazine.com\/es\/wp-json\/wp\/v2\/categories?post=45029"}],"curies":[{"name":"wp","href":"https:\/\/api.w.org\/{rel}","templated":true}]}}