{"id":44928,"date":"2015-07-28T10:48:26","date_gmt":"2015-07-28T08:48:26","guid":{"rendered":"https:\/\/graziamagazine.com\/es\/?p=44928"},"modified":"2015-07-28T10:48:26","modified_gmt":"2015-07-28T08:48:26","slug":"los-primeros-bolsos-de-manolo-blahnik","status":"publish","type":"articles","link":"https:\/\/graziamagazine.com\/es\/articles\/los-primeros-bolsos-de-manolo-blahnik\/","title":{"rendered":"Los (primeros) bolsos de Manolo Blahnik"},"content":{"rendered":"<p>Los <em>Manolos<\/em> se reinventan este verano para entrar en la palma de tu mano. Y no, no decimos que vuelvas con tus tacones colgando del brazo despu\u00e9s de una noche de fiesta, <del>\u00a1qu\u00e9 cosas tienes!<\/del>, sino que <strong>Manolo Blahnik<\/strong>, <strong>el dise\u00f1ador de origen canario que encandil\u00f3 a la protagonista de <em>Sexo en Nueva York<\/em>, ha lanzado su primera l\u00ednea de bolsos.\u00a0<\/strong><\/p>\n<p>Pensados para el atardecer y la noche, <strong>los\u00a0dise\u00f1os siguen la misma l\u00ednea que sus zapatos m\u00e1s ic\u00f3nicos <\/strong>con ornamentaciones de <strong>Swarovski<\/strong> sobre sat\u00e9n y fino crepe\u00a0que dan el toque aprincesado que tanto gusta a <em>fashionistas<\/em> de todo el mundo: \u201cSiempre me han inspirado las mujeres del pasado y el presente, as\u00ed que cuando pens\u00e9 en hacer una colecci\u00f3n de bolsos, ten\u00eda claro que ser\u00edan <em>clutch<\/em> para la mujer de ahora\u201d, comenta Blahnik a la edici\u00f3n brit\u00e1nica de <em>Vogue<\/em>. \u201cMe encanta adornar mis zapatos, as\u00ed que \u00bfpor qu\u00e9 no hacerlo tambi\u00e9n en los bolsos? Son una extensi\u00f3n de del estilo de zapato que m\u00e1s me gusta, y quer\u00eda mantener esa conexi\u00f3n entre ambos accesorios\u201d.<\/p>\n<figure id=\"attachment_44931\" aria-describedby=\"caption-attachment-44931\" style=\"width: 785px\" class=\"wp-caption aligncenter\"><img loading=\"lazy\" decoding=\"async\" class=\"size-full wp-image-44931\" src=\"https:\/\/graziamagazine.com\/es\/wp-content\/uploads\/sites\/12\/2015\/07\/28101253\/cover1.jpg\" alt=\"De distintas formas y colores, los bolsos del dise\u00f1ador canario siguen la misma l\u00ednea de inspiraci\u00f3n que sus zapatos m\u00e1s caracter\u00edsticos. \" width=\"785\" height=\"480\" \/><figcaption id=\"caption-attachment-44931\" class=\"wp-caption-text\">De distintas formas y colores, los bolsos del dise\u00f1ador siguen la misma l\u00ednea de inspiraci\u00f3n que sus zapatos m\u00e1s caracter\u00edsticos.<\/figcaption><\/figure>\n<p>Aunque experto en calzado, llevaba mucho tiempo queriendo ampliar su oferta: \u201cMe gusta hacer las cosas de forma bonita y, a veces, hacer las cosas bien lleva su tiempo\u201d, explica justificando el por qu\u00e9 de lanzar ahora su nueva \u2018arma\u2019, que estar\u00e1 a la venta a finales de mes en tiendas selectas de Londres (Liberty, Harrods, Old Church Street) o Nueva York (31 West 54th Street) y, seguramente, tambi\u00e9n en establecimientos de Suecia, Alemania e Italia.<\/p>\n<p>\u00bfCu\u00e1ntos de ellos tendr\u00eda Carrie en su armario para lucir en las noches de Cosmopolitan con sus chicas? <del>Qu\u00e9 pregunta\u2026 \u00a1Todos!<\/del><\/p>\n<p><img loading=\"lazy\" decoding=\"async\" class=\"aligncenter size-full wp-image-44935\" src=\"https:\/\/graziamagazine.com\/es\/wp-content\/uploads\/sites\/12\/2015\/07\/28104215\/tumblr_lhlebrnWWT1qakh43o1_400.gif\" alt=\"tumblr_lhlebrnWWT1qakh43o1_400\" width=\"300\" height=\"226\" \/><\/p>\n<p>&nbsp;<\/p>\n<p><iframe loading=\"lazy\" style=\"border: none; overflow: hidden; height: 258px;\" src=\"\/\/www.facebook.com\/plugins\/likebox.php?href=https%3A%2F%2Fwww.facebook.com%2Fgraziaespana&amp;width&amp;height=258&amp;colorscheme=light&amp;show_faces=true&amp;header=false&amp;stream=false&amp;show_border=false&amp;appId=349017955267591\" width=\"300\" height=\"150\" frameborder=\"0\" scrolling=\"no\"><\/iframe><\/p>\n","protected":false},"author":24470,"featured_media":0,"template":"","format":"standard","categories":[3,1],"acf":[],"yoast_head":"<!-- This site is optimized with the Yoast SEO Premium plugin v18.5 (Yoast SEO v20.4) - https:\/\/yoast.com\/wordpress\/plugins\/seo\/ -->\n<title>Los (primeros) bolsos de Manolo Blahnik | Grazia<\/title>\n<meta name=\"description\" content=\"Cajitas-tesoro perfectas para decorar los estilismos mientras cae el sol. Ay, si Carrie los viera...\" \/>\n<meta name=\"robots\" content=\"index, follow, max-snippet:-1, max-image-preview:large, max-video-preview:-1\" \/>\n<link rel=\"canonical\" href=\"https:\/\/graziamagazine.com\/es\/articles\/los-primeros-bolsos-de-manolo-blahnik\/\" \/>\n<meta property=\"og:locale\" content=\"es_ES\" \/>\n<meta property=\"og:type\" content=\"article\" \/>\n<meta property=\"og:title\" content=\"Los (primeros) bolsos de Manolo Blahnik\" \/>\n<meta property=\"og:description\" content=\"Cajitas-tesoro perfectas para decorar los estilismos mientras cae el sol. Ay, si Carrie los viera...\" \/>\n<meta property=\"og:url\" content=\"https:\/\/graziamagazine.com\/es\/articles\/los-primeros-bolsos-de-manolo-blahnik\/\" \/>\n<meta property=\"og:site_name\" content=\"Grazia\" \/>\n<meta property=\"og:image\" content=\"https:\/\/graziamagazine.com\/es\/wp-content\/uploads\/sites\/12\/2015\/07\/28101253\/cover1.jpg\" \/>\n<meta name=\"twitter:card\" content=\"summary_large_image\" \/>\n<meta name=\"twitter:label1\" content=\"Est. reading time\" \/>\n\t<meta name=\"twitter:data1\" content=\"2 minutos\" \/>\n<script type=\"application\/ld+json\" class=\"yoast-schema-graph\">{\"@context\":\"https:\/\/schema.org\",\"@graph\":[{\"@type\":\"WebPage\",\"@id\":\"https:\/\/graziamagazine.com\/es\/articles\/los-primeros-bolsos-de-manolo-blahnik\/\",\"url\":\"https:\/\/graziamagazine.com\/es\/articles\/los-primeros-bolsos-de-manolo-blahnik\/\",\"name\":\"Los (primeros) bolsos de Manolo Blahnik | Grazia\",\"isPartOf\":{\"@id\":\"https:\/\/graziamagazine.com\/es\/#website\"},\"datePublished\":\"2015-07-28T08:48:26+00:00\",\"dateModified\":\"2015-07-28T08:48:26+00:00\",\"description\":\"Cajitas-tesoro perfectas para decorar los estilismos mientras cae el sol. Ay, si Carrie los viera...\",\"breadcrumb\":{\"@id\":\"https:\/\/graziamagazine.com\/es\/articles\/los-primeros-bolsos-de-manolo-blahnik\/#breadcrumb\"},\"inLanguage\":\"es\",\"potentialAction\":[{\"@type\":\"ReadAction\",\"target\":[\"https:\/\/graziamagazine.com\/es\/articles\/los-primeros-bolsos-de-manolo-blahnik\/\"]}]},{\"@type\":\"BreadcrumbList\",\"@id\":\"https:\/\/graziamagazine.com\/es\/articles\/los-primeros-bolsos-de-manolo-blahnik\/#breadcrumb\",\"itemListElement\":[{\"@type\":\"ListItem\",\"position\":1,\"name\":\"Portada\",\"item\":\"https:\/\/graziamagazine.com\/es\/\"},{\"@type\":\"ListItem\",\"position\":2,\"name\":\"Los (primeros) bolsos de Manolo Blahnik\"}]},{\"@type\":\"WebSite\",\"@id\":\"https:\/\/graziamagazine.com\/es\/#website\",\"url\":\"https:\/\/graziamagazine.com\/es\/\",\"name\":\"Grazia\",\"description\":\"Moda, belleza, celebrities, estilo de vida...\",\"potentialAction\":[{\"@type\":\"SearchAction\",\"target\":{\"@type\":\"EntryPoint\",\"urlTemplate\":\"https:\/\/graziamagazine.com\/es\/?s={search_term_string}\"},\"query-input\":\"required name=search_term_string\"}],\"inLanguage\":\"es\"}]}<\/script>\n<!-- \/ Yoast SEO Premium plugin. -->","yoast_head_json":{"title":"Los (primeros) bolsos de Manolo Blahnik | Grazia","description":"Cajitas-tesoro perfectas para decorar los estilismos mientras cae el sol. Ay, si Carrie los viera...","robots":{"index":"index","follow":"follow","max-snippet":"max-snippet:-1","max-image-preview":"max-image-preview:large","max-video-preview":"max-video-preview:-1"},"canonical":"https:\/\/graziamagazine.com\/es\/articles\/los-primeros-bolsos-de-manolo-blahnik\/","og_locale":"es_ES","og_type":"article","og_title":"Los (primeros) bolsos de Manolo Blahnik","og_description":"Cajitas-tesoro perfectas para decorar los estilismos mientras cae el sol. Ay, si Carrie los viera...","og_url":"https:\/\/graziamagazine.com\/es\/articles\/los-primeros-bolsos-de-manolo-blahnik\/","og_site_name":"Grazia","og_image":[{"url":"https:\/\/graziamagazine.com\/es\/wp-content\/uploads\/sites\/12\/2015\/07\/28101253\/cover1.jpg"}],"twitter_card":"summary_large_image","twitter_misc":{"Est. reading time":"2 minutos"},"schema":{"@context":"https:\/\/schema.org","@graph":[{"@type":"WebPage","@id":"https:\/\/graziamagazine.com\/es\/articles\/los-primeros-bolsos-de-manolo-blahnik\/","url":"https:\/\/graziamagazine.com\/es\/articles\/los-primeros-bolsos-de-manolo-blahnik\/","name":"Los (primeros) bolsos de Manolo Blahnik | Grazia","isPartOf":{"@id":"https:\/\/graziamagazine.com\/es\/#website"},"datePublished":"2015-07-28T08:48:26+00:00","dateModified":"2015-07-28T08:48:26+00:00","description":"Cajitas-tesoro perfectas para decorar los estilismos mientras cae el sol. Ay, si Carrie los viera...","breadcrumb":{"@id":"https:\/\/graziamagazine.com\/es\/articles\/los-primeros-bolsos-de-manolo-blahnik\/#breadcrumb"},"inLanguage":"es","potentialAction":[{"@type":"ReadAction","target":["https:\/\/graziamagazine.com\/es\/articles\/los-primeros-bolsos-de-manolo-blahnik\/"]}]},{"@type":"BreadcrumbList","@id":"https:\/\/graziamagazine.com\/es\/articles\/los-primeros-bolsos-de-manolo-blahnik\/#breadcrumb","itemListElement":[{"@type":"ListItem","position":1,"name":"Portada","item":"https:\/\/graziamagazine.com\/es\/"},{"@type":"ListItem","position":2,"name":"Los (primeros) bolsos de Manolo Blahnik"}]},{"@type":"WebSite","@id":"https:\/\/graziamagazine.com\/es\/#website","url":"https:\/\/graziamagazine.com\/es\/","name":"Grazia","description":"Moda, belleza, celebrities, estilo de vida...","potentialAction":[{"@type":"SearchAction","target":{"@type":"EntryPoint","urlTemplate":"https:\/\/graziamagazine.com\/es\/?s={search_term_string}"},"query-input":"required name=search_term_string"}],"inLanguage":"es"}]}},"jetpack_sharing_enabled":true,"distributor_meta":false,"distributor_terms":false,"distributor_media":false,"distributor_original_site_name":"Grazia","distributor_original_site_url":"https:\/\/graziamagazine.com\/es","push-errors":false,"_links":{"self":[{"href":"https:\/\/graziamagazine.com\/es\/wp-json\/wp\/v2\/articles\/44928"}],"collection":[{"href":"https:\/\/graziamagazine.com\/es\/wp-json\/wp\/v2\/articles"}],"about":[{"href":"https:\/\/graziamagazine.com\/es\/wp-json\/wp\/v2\/types\/articles"}],"author":[{"embeddable":true,"href":"https:\/\/graziamagazine.com\/es\/wp-json\/wp\/v2\/users\/24470"}],"wp:attachment":[{"href":"https:\/\/graziamagazine.com\/es\/wp-json\/wp\/v2\/media?parent=44928"}],"wp:term":[{"taxonomy":"category","embeddable":true,"href":"https:\/\/graziamagazine.com\/es\/wp-json\/wp\/v2\/categories?post=44928"}],"curies":[{"name":"wp","href":"https:\/\/api.w.org\/{rel}","templated":true}]}}