{"id":44627,"date":"2015-07-24T11:34:16","date_gmt":"2015-07-24T09:34:16","guid":{"rendered":"https:\/\/graziamagazine.com\/es\/?p=44627"},"modified":"2015-07-24T11:42:01","modified_gmt":"2015-07-24T09:42:01","slug":"el-culebron-taylor-swift-nicki-minaj-en-gifs","status":"publish","type":"articles","link":"https:\/\/graziamagazine.com\/es\/articles\/el-culebron-taylor-swift-nicki-minaj-en-gifs\/","title":{"rendered":"El culebr\u00f3n Taylor Swift &#8211; Nicki Minaj (en GIFs)"},"content":{"rendered":"<p>Algo pasa desde hace d\u00edas entre <a href=\"https:\/\/graziamagazine.com\/es\/etiqueta\/taylor-swift\/\" target=\"_blank\"><strong>Taylor Swift<\/strong><\/a> y<strong> Nicki Minaj.<\/strong>\u00a0Toda una telenovela musical en la que <del>de moment<\/del>o la sangre no ha llegado al r\u00edo, con una batalla librada en Twitter. \u00bfQue qui\u00e9n es qui\u00e9n? Pues te lo vamos a contar. Pero bien contado, \u00bfeh? Como merecen ser relatadas estas historias, porque cada cosa tiene su lugar y su tiempo, y esta sin duda pide un patio de vecinas y muchos \u00abt\u00eda\u00bb de por medio. As\u00ed que as\u00ed ser\u00e1&#8230;<\/p>\n<figure id=\"attachment_44651\" aria-describedby=\"caption-attachment-44651\" style=\"width: 245px\" class=\"wp-caption aligncenter\"><img loading=\"lazy\" decoding=\"async\" class=\"wp-image-44651 size-full\" src=\"https:\/\/graziamagazine.com\/es\/wp-content\/uploads\/sites\/12\/2015\/07\/24103302\/3.gif\" alt=\"3\" width=\"245\" height=\"245\" \/><figcaption id=\"caption-attachment-44651\" class=\"wp-caption-text\">\u00abEstoy demasiado sobria para esto\u00bb.<\/figcaption><\/figure>\n<p>\u00abVer\u00e1s, t\u00eda, es que el otro d\u00eda salieron las nominaciones a los <em>Video Music Awards,<\/em> \u00bfvale? Que son como todos los premios de MTV, pero centrados en los v\u00eddeos, \u00bfsabes? Y, bueno,<a href=\"https:\/\/graziamagazine.com\/es\/celebs\/lo-que-esperamos-de-miley-cyrus-en-los-vma\/\" target=\"_blank\"> los presenta <strong>Miley<\/strong> este a\u00f1o<\/a>, as\u00ed que qu\u00e9 pereza, culos y lenguas todo el rato. <em>Ew<\/em>. Pero t\u00eda, es que resulta que <strong>a Taylor Swift la han nominado algo as\u00ed como en todo lo nominable,<\/strong> y ella est\u00e1 muy contenta, fijo, pero Nicki Minaj no. Porque <strong>Nicki cree que su v\u00eddeo de <em>Anaconda<\/em>\u00a0tendr\u00eda que estar nominado a m\u00e1s cosas,<\/strong> pero que no lo han hecho porque ella tiene curvas y, aunque de cintura cabr\u00eda por la rendija de una puerta, pues de pandero no.\u00bb Total, que&#8230;<\/p>\n<figure id=\"attachment_44629\" aria-describedby=\"caption-attachment-44629\" style=\"width: 785px\" class=\"wp-caption aligncenter\"><img loading=\"lazy\" decoding=\"async\" class=\"size-full wp-image-44629\" src=\"https:\/\/graziamagazine.com\/es\/wp-content\/uploads\/sites\/12\/2015\/07\/24100646\/cover1_nickitaylor.jpg\" alt=\"\u00a9 Cordon Press\" width=\"785\" height=\"480\" \/><figcaption id=\"caption-attachment-44629\" class=\"wp-caption-text\">\u00a9 Cordon Press<\/figcaption><\/figure>\n<p><strong>1.<\/strong> Que Nicki se enfad\u00f3 un poco, porque le sent\u00f3 a cuerno no recibir ninguna nominaci\u00f3n, y aunque ella no pensaba en nadie en concreto (como cuando t\u00fa escrib\u00edas letras de canciones en tu estado en <em>Messenger<\/em> en el 2005),\u00a0public\u00f3\u00a0un par de tuits haciendo como que no estaba enfadada, porque pon\u00eda emojis sonrientes. Pero en realidad las met\u00eda dobladas:<\/p>\n<p><img loading=\"lazy\" decoding=\"async\" class=\"aligncenter size-full wp-image-44653\" src=\"https:\/\/graziamagazine.com\/es\/wp-content\/uploads\/sites\/12\/2015\/07\/24103723\/16.gif\" alt=\"16\" width=\"500\" height=\"281\" \/><\/p>\n<p>&nbsp;<\/p>\n<blockquote class=\"twitter-tweet\" lang=\"es\">\n<p dir=\"ltr\" lang=\"en\">If I was a different \u00abkind\u00bb of artist, Anaconda would be nominated for best choreo and vid of the year as well.<\/p>\n<p>\u2014 NICKI MINAJ (@NICKIMINAJ) <a href=\"https:\/\/twitter.com\/NICKIMINAJ\/status\/623571674076614656\" target=\"_blank\">julio 21, 2015<\/a><\/p>\n<\/blockquote>\n<blockquote class=\"twitter-tweet\" lang=\"es\">\n<p dir=\"ltr\" lang=\"en\">When the \u00abother\u00bb girls drop a video that breaks records and impacts culture they get that nomination.<\/p>\n<p>\u2014 NICKI MINAJ (@NICKIMINAJ) <a href=\"https:\/\/twitter.com\/NICKIMINAJ\/status\/623574103757209600\" target=\"_blank\">julio 21, 2015<\/a><\/p>\n<\/blockquote>\n<blockquote class=\"twitter-tweet\" lang=\"es\">\n<p>If your video celebrates women with very slim bodies, you will be nominated for vid of the year \u2014 NICKI MINAJ (@NICKIMINAJ) <a href=\"https:\/\/twitter.com\/NICKIMINAJ\/status\/623608271774072832\" target=\"_blank\">julio 21, 2015<\/a><\/p>\n<\/blockquote>\n<p>\u00abSi fuera otro &#8216;tipo&#8217; de artista, Anaconda habr\u00eda estado nominado a mejor coreo y v\u00eddeo del a\u00f1o tambi\u00e9n\u00bb.<\/p>\n<p>\u00abCuando &#8216;otras&#8217; chicas hacen un v\u00eddeo que rompe r\u00e9cords e impacta en la cultura s\u00ed consiguen esa nominaci\u00f3n\u00bb.<\/p>\n<p>\u00abSi tu v\u00eddeo celebra a la mujer, con sus cuerpos muy delgados, ser\u00e1s nominado a v\u00eddeo del a\u00f1o\u00bb.<\/p>\n<p><strong>2.<\/strong> Y entonces, con lo de las chicas y los cuerpos, pues Taylor se dio por aludida. Porque, claro, otra cosa no, pero <a href=\"https:\/\/graziamagazine.com\/es\/celebs\/billboard-music-awards\/\" target=\"_blank\">en <em>Bad Blood<\/em> <\/a>los tipazos de esc\u00e1ndalo se cuentan con m\u00e1s de una mano&#8230;<\/p>\n<p><img loading=\"lazy\" decoding=\"async\" class=\"aligncenter size-full wp-image-44650\" src=\"https:\/\/graziamagazine.com\/es\/wp-content\/uploads\/sites\/12\/2015\/07\/24103117\/15.gif\" alt=\"15\" width=\"268\" height=\"150\" \/><\/p>\n<p>&nbsp;<\/p>\n<p>Y \u00a0se dijo a s\u00ed misma: \u00abMe voy a callar, me voy a callaaaaaar&#8230;\u00bb. Pero nada,\u00a0la chica se sigui\u00f3 encendiendo y, sin ser ella nada de eso, se arm\u00f3 de valor y de mala leche\u00a0y contest\u00f3.<\/p>\n<blockquote class=\"twitter-tweet\" lang=\"es\">\n<p dir=\"ltr\" lang=\"en\"><a href=\"https:\/\/twitter.com\/NICKIMINAJ\" target=\"_blank\">@NICKIMINAJ<\/a> I&#8217;ve done nothing but love &amp; support you. It&#8217;s unlike you to pit women against each other. Maybe one of the men took your slot..<\/p>\n<p>\u2014 Taylor Swift (@taylorswift13) <a href=\"https:\/\/twitter.com\/taylorswift13\/status\/623616796277506048\" target=\"_blank\">julio 21, 2015<\/a><\/p>\n<\/blockquote>\n<p><script src=\"\/\/platform.twitter.com\/widgets.js\" async=\"\" charset=\"utf-8\"><\/script><\/p>\n<p>\u00abNo he hecho nada m\u00e1s que quererte y apoyarte.\u00a0No parece propio de ti enfrentar a unas mujeres con otras. Quiz\u00e1 alg\u00fan hombre se encarg\u00f3 de ello\u00bb.<\/p>\n<p>Y aunque nosotros la queremos, su rabieta qued\u00f3 un poco as\u00ed:<\/p>\n<figure id=\"attachment_44652\" aria-describedby=\"caption-attachment-44652\" style=\"width: 500px\" class=\"wp-caption aligncenter\"><img loading=\"lazy\" decoding=\"async\" class=\"size-full wp-image-44652\" src=\"https:\/\/graziamagazine.com\/es\/wp-content\/uploads\/sites\/12\/2015\/07\/24103351\/7.gif\" alt=\"&quot;Siento que la gente me tenga envidia&quot;.\" width=\"500\" height=\"260\" \/><figcaption id=\"caption-attachment-44652\" class=\"wp-caption-text\">\u00abSiento que la gente me tenga envidia\u00bb.<\/figcaption><\/figure>\n<p><strong>3.<\/strong> Total, que Nicki alucin\u00f3 <del>pepinillos<\/del> con su respuesta <del>(porque en realidad un poquito s\u00ed que quer\u00eda referirse a ella, \u00bfsabes?)<\/del>. <img loading=\"lazy\" decoding=\"async\" class=\"aligncenter size-full wp-image-44656\" src=\"https:\/\/graziamagazine.com\/es\/wp-content\/uploads\/sites\/12\/2015\/07\/24104821\/10.gif\" alt=\"10\" width=\"287\" height=\"253\" \/><\/p>\n<p>&nbsp;<\/p>\n<p>Y le dijo <strong>que dejara de ver unicornios en el cielo,<\/strong>\u00a0que en ning\u00fan momento se hab\u00eda referido a ella (en serio, un poquito s\u00ed) y que la segu\u00eda queriendo igual.<\/p>\n<p><img loading=\"lazy\" decoding=\"async\" class=\"aligncenter size-full wp-image-44665\" src=\"https:\/\/graziamagazine.com\/es\/wp-content\/uploads\/sites\/12\/2015\/07\/24111342\/13.gif\" alt=\"13\" width=\"460\" height=\"345\" \/><\/p>\n<p>&nbsp;<\/p>\n<p><strong>4.<\/strong> Y entonces Swift contest\u00f3 as\u00ed un poco como haci\u00e9ndose la rechulona, diciendo que, si ganaba, invitaba Nicki al escenario. A cualquier escenario en el que ella estuviera encima, en plan \u00abmira qu\u00e9 maja soy, que te invito a mi casa a comer galletas y t\u00e9\u00bb. <img loading=\"lazy\" decoding=\"async\" class=\"aligncenter size-full wp-image-44655\" src=\"https:\/\/graziamagazine.com\/es\/wp-content\/uploads\/sites\/12\/2015\/07\/24104103\/9.gif\" alt=\"9\" width=\"500\" height=\"461\" \/><\/p>\n<p>&nbsp;<\/p>\n<p><strong>5.<\/strong> Entonces lleg\u00f3 la que, sin vela en entierro alguno, ten\u00eda que hablar: Mrs. <a href=\"https:\/\/graziamagazine.com\/es\/etiqueta\/katy-perry\/\" target=\"_blank\"><strong>Katy Perry<\/strong><\/a> <em>herself<\/em>. Porque ella era amiga de <em>Taytay,<\/em> y luego ya no porque se la li\u00f3 parda y\u00a0<em>baby now we got bad blood, hey!\u00a0<\/em>Y la t\u00eda, ni corta ni perezosa, escribi\u00f3 un tuit <em>random<\/em> en el que soltaba al aire, como quien no quer\u00eda la cosa, que su bando era el <em>Team Nicki<\/em> sin duda alguna: \u00abEncuentro ir\u00f3nico ensalzar el argumento de poner a mujeres en contra de otras mujeres cuando una se aprovecha\u00a0sin medida del tirar a otras por tierra&#8230;\u00bb\u00a0<\/p>\n<blockquote class=\"twitter-tweet\" lang=\"es\">\n<p>Finding it ironic to parade the pit women against other women argument about as one unmeasurably capitalizes on the take down of a woman&#8230; \u2014 KATY PERRY (@katyperry) <a href=\"https:\/\/twitter.com\/katyperry\/status\/623965129290289152\" target=\"_blank\">julio 22, 2015<\/a><\/p>\n<\/blockquote>\n<p>Bueno, algo as\u00ed querr\u00eda decir, suponemos, porque lo que le sali\u00f3 fue una retah\u00edla de faltas que Twitter no dud\u00f3 en corregirle en rotulador rojo del Paint, en plan\u00a0profesora de lengua de primero de la E.S.O.<\/p>\n<blockquote class=\"twitter-tweet\" lang=\"es\">\n<p dir=\"ltr\" lang=\"und\"><a href=\"https:\/\/twitter.com\/katyperry\" target=\"_blank\">@katyperry<\/a> <a href=\"https:\/\/twitter.com\/lucyibonner\" target=\"_blank\">@lucyibonner<\/a> <a href=\"http:\/\/t.co\/ycCPqVejgB\" target=\"_blank\">pic.twitter.com\/ycCPqVejgB<\/a><\/p>\n<p>\u2014 BS (@BECKYshields_x) <a href=\"https:\/\/twitter.com\/BECKYshields_x\/status\/624260693341175808\" target=\"_blank\">julio 23, 2015<\/a><\/p>\n<\/blockquote>\n<p><script src=\"\/\/platform.twitter.com\/widgets.js\" async=\"\" charset=\"utf-8\"><\/script><img loading=\"lazy\" decoding=\"async\" class=\"aligncenter size-full wp-image-44657\" src=\"https:\/\/graziamagazine.com\/es\/wp-content\/uploads\/sites\/12\/2015\/07\/24105745\/2.gif\" alt=\"2\" width=\"450\" height=\"253\" \/><\/p>\n<p>&nbsp;<\/p>\n<p><strong>6.<\/strong> Total, que como <em>Taytay<\/em> es una t\u00eda decente, se acord\u00f3 de cuando bailaba canciones de Nicki Minaj en galas de premios&#8230; <img loading=\"lazy\" decoding=\"async\" class=\"aligncenter size-full wp-image-44658\" src=\"https:\/\/graziamagazine.com\/es\/wp-content\/uploads\/sites\/12\/2015\/07\/24105940\/8.gif\" alt=\"8\" width=\"500\" height=\"227\" \/><\/p>\n<p>&nbsp;<\/p>\n<p>\u00a0Y ella que es muy de nostalgia, pues se dio cuenta de que se le hab\u00eda ido de madre y pidi\u00f3 perd\u00f3n a Nicki p\u00fablicamente. En plan, ay, t\u00eda, que ha sido todo un malentendido, y tal.<\/p>\n<blockquote class=\"twitter-tweet\" lang=\"es\">\n<p>I thought I was being called out. I missed the point, I misunderstood, then misspoke. I&#8217;m sorry, Nicki. <a href=\"https:\/\/twitter.com\/NICKIMINAJ\" target=\"_blank\">@NICKIMINAJ<\/a> \u2014 Taylor Swift (@taylorswift13) <a href=\"https:\/\/twitter.com\/taylorswift13\/status\/624240681750536192\" target=\"_blank\">julio 23, 2015<\/a><\/p>\n<\/blockquote>\n<p><script src=\"\/\/platform.twitter.com\/widgets.js\" async=\"\" charset=\"utf-8\"><\/script><\/p>\n<p>\u00abPensaba que se refer\u00eda a m\u00ed. Perd\u00ed el hilo, lo malentend\u00ed y luego me equivoqu\u00e9. Lo siento, Nicki.\u00bb<\/p>\n<p><strong>7.<\/strong> Y, claro, Nicki, que es de coraz\u00f3n m\u00e1s bien tirando a bueno, pues lo agradece y dice que siempre la ha querido, y que todos cometemos errores, y\u00a0que a otra cosa, mariposa.<\/p>\n<p><img loading=\"lazy\" decoding=\"async\" class=\"aligncenter size-full wp-image-44659\" src=\"https:\/\/graziamagazine.com\/es\/wp-content\/uploads\/sites\/12\/2015\/07\/24110353\/14.gif\" alt=\"14\" width=\"500\" height=\"281\" \/><\/p>\n<p>&nbsp;<\/p>\n<blockquote class=\"twitter-tweet\" lang=\"es\">\n<p dir=\"ltr\" lang=\"en\">I&#8217;ve always loved her. Everyone makes mistakes. She gained so much more respect from me. Let&#8217;s move on. <a href=\"https:\/\/t.co\/mx9pfIdnzT\" target=\"_blank\">https:\/\/t.co\/mx9pfIdnzT<\/a><\/p>\n<p>\u2014 NICKI MINAJ (@NICKIMINAJ) <a href=\"https:\/\/twitter.com\/NICKIMINAJ\/status\/624257242024558592\" target=\"_blank\">julio 23, 2015<\/a><\/p>\n<\/blockquote>\n<p><script src=\"\/\/platform.twitter.com\/widgets.js\" async=\"\" charset=\"utf-8\"><\/script>8. Y cuando\u00a0parece que todo acaba de un buen rollo que ni Chabelita con Christopher en <em>Supervivientes<\/em>, Nicki coge y manda besis a Katy Perry.\u00a0<\/p>\n<blockquote class=\"twitter-tweet\" lang=\"es\">\n<p><a href=\"https:\/\/twitter.com\/katyperry\" target=\"_blank\">@katyperry<\/a><\/p>\n<p>\u2014 NICKI MINAJ (@NICKIMINAJ) <a href=\"https:\/\/twitter.com\/NICKIMINAJ\/status\/624256807750496256\" target=\"_blank\">julio 23, 2015<\/a><\/p>\n<\/blockquote>\n<p><script src=\"\/\/platform.twitter.com\/widgets.js\" async=\"\" charset=\"utf-8\"><\/script><\/p>\n<p><img loading=\"lazy\" decoding=\"async\" class=\"aligncenter size-full wp-image-44660\" src=\"https:\/\/graziamagazine.com\/es\/wp-content\/uploads\/sites\/12\/2015\/07\/24110810\/17.gif\" alt=\"17\" width=\"245\" height=\"245\" \/><\/p>\n<p>&nbsp;<\/p>\n<p><iframe loading=\"lazy\" style=\"border: none; overflow: hidden; height: 258px;\" src=\"\/\/www.facebook.com\/plugins\/likebox.php?href=https%3A%2F%2Fwww.facebook.com%2Fgraziaespana&amp;width&amp;height=258&amp;colorscheme=light&amp;show_faces=true&amp;header=false&amp;stream=false&amp;show_border=false&amp;appId=349017955267591\" width=\"300\" height=\"150\" frameborder=\"0\" scrolling=\"no\"><\/iframe><\/p>\n","protected":false},"author":24470,"featured_media":0,"template":"","format":"standard","categories":[14,13],"acf":[],"yoast_head":"<!-- This site is optimized with the Yoast SEO Premium plugin v18.5 (Yoast SEO v20.4) - https:\/\/yoast.com\/wordpress\/plugins\/seo\/ -->\n<title>El culebr\u00f3n Taylor Swift - Nicki Minaj (en GIFs) | Grazia<\/title>\n<meta name=\"description\" content=\"Porque las peleas hay que contarlas as\u00ed, gesticulando bien.\" \/>\n<meta name=\"robots\" content=\"index, follow, max-snippet:-1, max-image-preview:large, max-video-preview:-1\" \/>\n<link rel=\"canonical\" href=\"https:\/\/graziamagazine.com\/es\/articles\/el-culebron-taylor-swift-nicki-minaj-en-gifs\/\" \/>\n<meta property=\"og:locale\" content=\"es_ES\" \/>\n<meta property=\"og:type\" content=\"article\" \/>\n<meta property=\"og:title\" content=\"El culebr\u00f3n Taylor Swift - Nicki Minaj (en GIFs)\" \/>\n<meta property=\"og:description\" content=\"Porque las peleas hay que contarlas as\u00ed, gesticulando bien.\" \/>\n<meta property=\"og:url\" content=\"https:\/\/graziamagazine.com\/es\/articles\/el-culebron-taylor-swift-nicki-minaj-en-gifs\/\" \/>\n<meta property=\"og:site_name\" content=\"Grazia\" \/>\n<meta property=\"article:modified_time\" content=\"2015-07-24T09:42:01+00:00\" \/>\n<meta property=\"og:image\" content=\"https:\/\/graziamagazine.com\/es\/wp-content\/uploads\/sites\/12\/2015\/07\/24103302\/3.gif\" \/>\n<meta name=\"twitter:card\" content=\"summary_large_image\" \/>\n<meta name=\"twitter:label1\" content=\"Est. reading time\" \/>\n\t<meta name=\"twitter:data1\" content=\"5 minutos\" \/>\n<script type=\"application\/ld+json\" class=\"yoast-schema-graph\">{\"@context\":\"https:\/\/schema.org\",\"@graph\":[{\"@type\":\"WebPage\",\"@id\":\"https:\/\/graziamagazine.com\/es\/articles\/el-culebron-taylor-swift-nicki-minaj-en-gifs\/\",\"url\":\"https:\/\/graziamagazine.com\/es\/articles\/el-culebron-taylor-swift-nicki-minaj-en-gifs\/\",\"name\":\"El culebr\u00f3n Taylor Swift - Nicki Minaj (en GIFs) | Grazia\",\"isPartOf\":{\"@id\":\"https:\/\/graziamagazine.com\/es\/#website\"},\"datePublished\":\"2015-07-24T09:34:16+00:00\",\"dateModified\":\"2015-07-24T09:42:01+00:00\",\"description\":\"Porque las peleas hay que contarlas as\u00ed, gesticulando bien.\",\"breadcrumb\":{\"@id\":\"https:\/\/graziamagazine.com\/es\/articles\/el-culebron-taylor-swift-nicki-minaj-en-gifs\/#breadcrumb\"},\"inLanguage\":\"es\",\"potentialAction\":[{\"@type\":\"ReadAction\",\"target\":[\"https:\/\/graziamagazine.com\/es\/articles\/el-culebron-taylor-swift-nicki-minaj-en-gifs\/\"]}]},{\"@type\":\"BreadcrumbList\",\"@id\":\"https:\/\/graziamagazine.com\/es\/articles\/el-culebron-taylor-swift-nicki-minaj-en-gifs\/#breadcrumb\",\"itemListElement\":[{\"@type\":\"ListItem\",\"position\":1,\"name\":\"Portada\",\"item\":\"https:\/\/graziamagazine.com\/es\/\"},{\"@type\":\"ListItem\",\"position\":2,\"name\":\"El culebr\u00f3n Taylor Swift &#8211; Nicki Minaj (en GIFs)\"}]},{\"@type\":\"WebSite\",\"@id\":\"https:\/\/graziamagazine.com\/es\/#website\",\"url\":\"https:\/\/graziamagazine.com\/es\/\",\"name\":\"Grazia\",\"description\":\"Moda, belleza, celebrities, estilo de vida...\",\"potentialAction\":[{\"@type\":\"SearchAction\",\"target\":{\"@type\":\"EntryPoint\",\"urlTemplate\":\"https:\/\/graziamagazine.com\/es\/?s={search_term_string}\"},\"query-input\":\"required name=search_term_string\"}],\"inLanguage\":\"es\"}]}<\/script>\n<!-- \/ Yoast SEO Premium plugin. -->","yoast_head_json":{"title":"El culebr\u00f3n Taylor Swift - Nicki Minaj (en GIFs) | Grazia","description":"Porque las peleas hay que contarlas as\u00ed, gesticulando bien.","robots":{"index":"index","follow":"follow","max-snippet":"max-snippet:-1","max-image-preview":"max-image-preview:large","max-video-preview":"max-video-preview:-1"},"canonical":"https:\/\/graziamagazine.com\/es\/articles\/el-culebron-taylor-swift-nicki-minaj-en-gifs\/","og_locale":"es_ES","og_type":"article","og_title":"El culebr\u00f3n Taylor Swift - Nicki Minaj (en GIFs)","og_description":"Porque las peleas hay que contarlas as\u00ed, gesticulando bien.","og_url":"https:\/\/graziamagazine.com\/es\/articles\/el-culebron-taylor-swift-nicki-minaj-en-gifs\/","og_site_name":"Grazia","article_modified_time":"2015-07-24T09:42:01+00:00","og_image":[{"url":"https:\/\/graziamagazine.com\/es\/wp-content\/uploads\/sites\/12\/2015\/07\/24103302\/3.gif"}],"twitter_card":"summary_large_image","twitter_misc":{"Est. reading time":"5 minutos"},"schema":{"@context":"https:\/\/schema.org","@graph":[{"@type":"WebPage","@id":"https:\/\/graziamagazine.com\/es\/articles\/el-culebron-taylor-swift-nicki-minaj-en-gifs\/","url":"https:\/\/graziamagazine.com\/es\/articles\/el-culebron-taylor-swift-nicki-minaj-en-gifs\/","name":"El culebr\u00f3n Taylor Swift - Nicki Minaj (en GIFs) | Grazia","isPartOf":{"@id":"https:\/\/graziamagazine.com\/es\/#website"},"datePublished":"2015-07-24T09:34:16+00:00","dateModified":"2015-07-24T09:42:01+00:00","description":"Porque las peleas hay que contarlas as\u00ed, gesticulando bien.","breadcrumb":{"@id":"https:\/\/graziamagazine.com\/es\/articles\/el-culebron-taylor-swift-nicki-minaj-en-gifs\/#breadcrumb"},"inLanguage":"es","potentialAction":[{"@type":"ReadAction","target":["https:\/\/graziamagazine.com\/es\/articles\/el-culebron-taylor-swift-nicki-minaj-en-gifs\/"]}]},{"@type":"BreadcrumbList","@id":"https:\/\/graziamagazine.com\/es\/articles\/el-culebron-taylor-swift-nicki-minaj-en-gifs\/#breadcrumb","itemListElement":[{"@type":"ListItem","position":1,"name":"Portada","item":"https:\/\/graziamagazine.com\/es\/"},{"@type":"ListItem","position":2,"name":"El culebr\u00f3n Taylor Swift &#8211; Nicki Minaj (en GIFs)"}]},{"@type":"WebSite","@id":"https:\/\/graziamagazine.com\/es\/#website","url":"https:\/\/graziamagazine.com\/es\/","name":"Grazia","description":"Moda, belleza, celebrities, estilo de vida...","potentialAction":[{"@type":"SearchAction","target":{"@type":"EntryPoint","urlTemplate":"https:\/\/graziamagazine.com\/es\/?s={search_term_string}"},"query-input":"required name=search_term_string"}],"inLanguage":"es"}]}},"jetpack_sharing_enabled":true,"distributor_meta":false,"distributor_terms":false,"distributor_media":false,"distributor_original_site_name":"Grazia","distributor_original_site_url":"https:\/\/graziamagazine.com\/es","push-errors":false,"_links":{"self":[{"href":"https:\/\/graziamagazine.com\/es\/wp-json\/wp\/v2\/articles\/44627"}],"collection":[{"href":"https:\/\/graziamagazine.com\/es\/wp-json\/wp\/v2\/articles"}],"about":[{"href":"https:\/\/graziamagazine.com\/es\/wp-json\/wp\/v2\/types\/articles"}],"author":[{"embeddable":true,"href":"https:\/\/graziamagazine.com\/es\/wp-json\/wp\/v2\/users\/24470"}],"wp:attachment":[{"href":"https:\/\/graziamagazine.com\/es\/wp-json\/wp\/v2\/media?parent=44627"}],"wp:term":[{"taxonomy":"category","embeddable":true,"href":"https:\/\/graziamagazine.com\/es\/wp-json\/wp\/v2\/categories?post=44627"}],"curies":[{"name":"wp","href":"https:\/\/api.w.org\/{rel}","templated":true}]}}