{"id":44424,"date":"2015-07-21T14:43:28","date_gmt":"2015-07-21T12:43:28","guid":{"rendered":"https:\/\/graziamagazine.com\/es\/?p=44424"},"modified":"2015-07-21T15:21:06","modified_gmt":"2015-07-21T13:21:06","slug":"lo-que-esperamos-de-miley-cyrus-en-los-vma","status":"publish","type":"articles","link":"https:\/\/graziamagazine.com\/es\/articles\/lo-que-esperamos-de-miley-cyrus-en-los-vma\/","title":{"rendered":"Lo que esperamos de Miley Cyrus en los VMA"},"content":{"rendered":"<p><a href=\"https:\/\/graziamagazine.com\/es\/etiqueta\/miley-cyrus\/\" target=\"_blank\"><strong>Miley Cyrus<\/strong><\/a>\u00a0acaba de anunciar, <a href=\"https:\/\/instagram.com\/mileycyrus\/\" target=\"_blank\" target=\"_blank\">Instagram mediante<\/a>, que este a\u00f1o ella ser\u00e1 la encargada de conducir la gala de los\u00a0Video Music Awards (VMA) que se celebrar\u00e1 el 30 de agosto en Los \u00c1ngeles.<\/p>\n<p>La ceremonia de los MTV encargada de premiar a los mejores videoclips del a\u00f1o tiene una relaci\u00f3n de amor-odio con la pol\u00e9mica cantante de Nashville. Si <strong>en la edici\u00f3n del a\u00f1o pasado se alzaba con el premio al mejor v\u00eddeo<\/strong> por su <del>desnudo<\/del> trabajo en <em>Wrecking Ball,<\/em> en la gala del 2013 <a href=\"https:\/\/www.youtube.com\/watch?v=JDPAFNJCZD0\" target=\"_blank\" target=\"_blank\">se encargaba de revolucionar al mundo entero ense\u00f1\u00e1ndonos lo que era en realidad\u00a0el <em>Twerking<\/em><\/a> (y c\u00f3mo bailar lo m\u00e1s desnuda posible sobre un escenario y ante una audiencia de varios millones de at\u00f3nitos telespectadores).<\/p>\n<figure id=\"attachment_44480\" aria-describedby=\"caption-attachment-44480\" style=\"width: 785px\" class=\"wp-caption aligncenter\"><img loading=\"lazy\" decoding=\"async\" class=\"size-full wp-image-44480\" src=\"https:\/\/graziamagazine.com\/es\/wp-content\/uploads\/sites\/12\/2015\/07\/21141037\/vma-2013.jpg\" alt=\"En la ceremonia del 2013 la li\u00f3 parda (por decirlo finamente). \u00a9 Cordon Press\" width=\"785\" height=\"442\" \/><figcaption id=\"caption-attachment-44480\" class=\"wp-caption-text\">En la ceremonia del 2013 la li\u00f3 parda (por decirlo finamente). \u00a9 Cordon Press<\/figcaption><\/figure>\n<p>As\u00ed que, si se trata de dar que hablar y convertir la noche en el <em>Trending Topic<\/em> del verano <del>o del a\u00f1o, <em>go Miley, go!<\/em><\/del>, sabemos que la artista\u00a0cumplir\u00e1 todas las expectativas. Algunas las damos por hecho, otras se las pedimos encarecidamente desde aqu\u00ed. Concretamente estas:<\/p>\n<ul>\n<li><strong>Que no ense\u00f1e la lengua cada cinco minutos.<\/strong><\/li>\n<\/ul>\n<p>Sabemos que es dif\u00edcil, misi\u00f3n casi imposible. Pero, sinceramente, Miley: tu\u00a0lengua es taaaaaaan 2013. En el 2015 ya no es bonito, no es gracioso y, sobre todo, no es sexy (vale, tampoco lo era hace dos a\u00f1os, pero se lo pas\u00e1bamos por alto por la novedad y eso).<\/p>\n<figure id=\"attachment_44479\" aria-describedby=\"caption-attachment-44479\" style=\"width: 500px\" class=\"wp-caption aligncenter\"><img loading=\"lazy\" decoding=\"async\" class=\"size-full wp-image-44479\" src=\"https:\/\/graziamagazine.com\/es\/wp-content\/uploads\/sites\/12\/2015\/07\/21140739\/kengua.gif\" alt=\"Ni un d\u00eda sin sacar la lengua a paseo. Si se descuida, se la traga.\" width=\"500\" height=\"270\" \/><figcaption id=\"caption-attachment-44479\" class=\"wp-caption-text\">Ni un d\u00eda sin sacar la lengua a paseo. Si se descuida, se la traga.<\/figcaption><\/figure>\n<ul>\n<li><strong>Que luzca todo un despliegue de vestuario firmado por <a href=\"https:\/\/graziamagazine.com\/es\/celebs\/katy-perry-por-jeremy-scott\/\" target=\"_blank\">Jeremy Scott<\/a> y Marc Jacobs.<\/strong><\/li>\n<\/ul>\n<p>Ambos dise\u00f1adores, entre los favoritos en su guardarropa, le suministran los looks que mejor la definen. La ropa de Scott le potencia su parte gamberra y desvergonzada; la de Jacobs la sexy y l\u00e1nguida.<\/p>\n<figure id=\"attachment_44481\" aria-describedby=\"caption-attachment-44481\" style=\"width: 785px\" class=\"wp-caption aligncenter\"><img loading=\"lazy\" decoding=\"async\" class=\"size-full wp-image-44481\" src=\"https:\/\/graziamagazine.com\/es\/wp-content\/uploads\/sites\/12\/2015\/07\/21141556\/vestuario.jpg\" alt=\"Vestida de Barbie (cortes\u00eda de Jeremy Scott para Moschino) o de sirena, por Marc Jacobs. \u00a9 Cordon Press\" width=\"785\" height=\"589\" \/><figcaption id=\"caption-attachment-44481\" class=\"wp-caption-text\">Vestida de Barbie (cortes\u00eda de Jeremy Scott para Moschino) o de sirena, por Marc Jacobs. \u00a9 Cordon Press<\/figcaption><\/figure>\n<ul>\n<li><strong>Que no se olvide del\u00a0<i>smiley.<\/i><\/strong><\/li>\n<\/ul>\n<p>La cara amarilla sonriente se ha convertido en una de sus im\u00e1genes favoritas; tanto, que ser\u00eda mejor llamarle <em>Smiley Cyrus.<\/em> Este icono tambi\u00e9n es el estandarte de su fundaci\u00f3n <a href=\"https:\/\/www.happyhippies.org\/#our-work\" target=\"_blank\" target=\"_blank\">The happy hippies<\/a> (HH) y lo lleva en camisetas, vestidos, bolsos, pegatinas, calcoman\u00edas\u2026 Tambi\u00e9n la luce en forma de pendientes como en este v\u00eddeo en el que canta con Joan Jett.<\/p>\n<p><iframe loading=\"lazy\" title=\"Happy Hippie Presents: Different (Performed by Miley Cyrus &amp; Joan Jett)\" width=\"500\" height=\"281\" src=\"https:\/\/www.youtube.com\/embed\/rT70HTbh4a8?feature=oembed\" frameborder=\"0\" allow=\"accelerometer; autoplay; encrypted-media; gyroscope; picture-in-picture\" allowfullscreen><\/iframe><\/p>\n<ul>\n<li><strong>Que se entregue a la\u00a0lycra.<\/strong><\/li>\n<\/ul>\n<p>Como si no hubiera un ma\u00f1ana y nos regale <a href=\"http:\/\/www.huffingtonpost.es\/2015\/05\/05\/parecidos-gala-met-2015_n_7210854.html\" target=\"_blank\" target=\"_blank\">memes tan inolvidables como los que surgieron tras la pasada gala del Met<\/a>. Mallas, tops, ba\u00f1adores,\u00a0<i>bodys..<\/i>. Todo.<\/p>\n<figure id=\"attachment_44483\" aria-describedby=\"caption-attachment-44483\" style=\"width: 785px\" class=\"wp-caption aligncenter\"><img loading=\"lazy\" decoding=\"async\" class=\"size-full wp-image-44483\" src=\"https:\/\/graziamagazine.com\/es\/wp-content\/uploads\/sites\/12\/2015\/07\/21142250\/miley-terry.jpg\" alt=\"Esto es lo que pasa cuando mezclas a Miley con Terry Richardson (y un poco de lycra de por medio).\" width=\"785\" height=\"524\" \/><figcaption id=\"caption-attachment-44483\" class=\"wp-caption-text\">Esto es lo que pasa cuando mezclas a Miley con Terry Richardson (y un poco de lycra de por medio).<\/figcaption><\/figure>\n<ul>\n<li><strong>Que se rodee de animales sobre el escenario.<\/strong><\/li>\n<\/ul>\n<p>Nos valen perros, gatos, cerdos, ponys&#8230; Cualquier ser vivo susceptible de generar comentarios positivos y entra\u00f1ables ser\u00e1 bien recibido junto a Miley.<\/p>\n<figure id=\"attachment_44467\" aria-describedby=\"caption-attachment-44467\" style=\"width: 785px\" class=\"wp-caption aligncenter\"><img loading=\"lazy\" decoding=\"async\" class=\"size-full wp-image-44467\" src=\"https:\/\/graziamagazine.com\/es\/wp-content\/uploads\/sites\/12\/2015\/07\/21130801\/animalitos.jpg\" alt=\"De izq. a dcha. Miley con su novia Stella Maxwell y un pony, Miley con su gatito persa y Miley con su coro de perros. \/ \u00a9 IG @mileycyrus\" width=\"785\" height=\"256\" \/><figcaption id=\"caption-attachment-44467\" class=\"wp-caption-text\">De izq. a dcha. Miley con su chica,\u00a0Stella Maxwell, y un pony; Miley con su gatito persa; Miley con su coro de perros. \/ \u00a9 IG @mileycyrus<\/figcaption><\/figure>\n<ul>\n<li><strong>Que cambie de peluca.<\/strong><\/li>\n<\/ul>\n<p>En su cuenta de Instagram suele aparecer con un modelo de corte bob y flequillo. Ya la ha lucido en amarillo, morado o naranja; dependiendo del tono nos recuerda a Scarlett Johansson en <i>Lost in Translation<\/i> o a Mila Jovovich en <i>El Quinto Elemento<\/i>. Solo nos queda verla lucir una peluca de color negro para que nos evoque a Mia Wallace, personaje de <i>Pulp Fiction<\/i> interpretado por Uma Thurman.<\/p>\n<figure id=\"attachment_44464\" aria-describedby=\"caption-attachment-44464\" style=\"width: 785px\" class=\"wp-caption aligncenter\"><img loading=\"lazy\" decoding=\"async\" class=\"size-full wp-image-44464\" src=\"https:\/\/graziamagazine.com\/es\/wp-content\/uploads\/sites\/12\/2015\/07\/21125311\/PELUQUITAS.jpg\" alt=\"&quot;Pe, pe, peluquitas. Pe, pe, pelucones&quot;. \/ \u00a9 IG @mileycyrus\" width=\"785\" height=\"397\" \/><figcaption id=\"caption-attachment-44464\" class=\"wp-caption-text\">\u00abPe, pe, peluquitas. Pe, pe, pelucones\u00bb. \/ \u00a9 IG @mileycyrus<\/figcaption><\/figure>\n<ul>\n<li><strong>Que se disfrace (mucho).<\/strong><\/li>\n<\/ul>\n<p>\u00bf\u00a1Qu\u00e9 ser\u00eda de Miley sin un buen disfraz!? O dos. O tres. \u00bfY del resto del planeta <em>celebrity<\/em> <a href=\"http:\/\/assets-s3.usmagazine.com\/uploads\/assets\/article_photos\/db89a2f950c972a4d692e605ed4eef7154abcbc7.jpg\" target=\"_blank\" target=\"_blank\">sin la inspiraci\u00f3n de Miley para vestir dos meses despu\u00e9s en Halloween<\/a>?\u00a0De momento, y para anunciar que ella se encargar\u00e1 de presentar la gala, ya nos ha sorprendido vestida de alien. Para la ceremonia queremos m\u00e1s.<\/p>\n<figure id=\"attachment_44455\" aria-describedby=\"caption-attachment-44455\" style=\"width: 785px\" class=\"wp-caption aligncenter\"><img loading=\"lazy\" decoding=\"async\" class=\"size-full wp-image-44455\" src=\"https:\/\/graziamagazine.com\/es\/wp-content\/uploads\/sites\/12\/2015\/07\/21121722\/R1miley.jpg\" alt=\"Se ha vestido de alien para anunciar que presentar\u00e1 la gala. \u00a9 IG \/ @miley\" width=\"785\" height=\"480\" \/><figcaption id=\"caption-attachment-44455\" class=\"wp-caption-text\">Vestida\u00a0de alien para anunciar que presentar\u00e1 la gala. \u00a9 IG \/ @mileycyrus<\/figcaption><\/figure>\n<ul>\n<li><strong>Que aparezcan pizzas y aguacates.<\/strong><\/li>\n<\/ul>\n<p>Cyrus se ha vuelto una fan\u00e1tica del <i>avocado<\/i>, fuente de Omega 3; tanto, que hasta se lo ha tatuado en el brazo. Tambi\u00e9n del <i>pepperoni<\/i>, manantial de grasa y colesterol, que le acompa\u00f1a cada vez que se va a la cama porque su juego de s\u00e1banas est\u00e1 estampado con este ingrediente.<\/p>\n<figure id=\"attachment_44463\" aria-describedby=\"caption-attachment-44463\" style=\"width: 785px\" class=\"wp-caption aligncenter\"><img loading=\"lazy\" decoding=\"async\" class=\"size-full wp-image-44463\" src=\"https:\/\/graziamagazine.com\/es\/wp-content\/uploads\/sites\/12\/2015\/07\/21124841\/aguacateok.jpg\" alt=\"Aguacate en estado puro, en formato tatuaje y en ensalada. \/ \u00a9 IG @mileycyrus\" width=\"785\" height=\"264\" \/><figcaption id=\"caption-attachment-44463\" class=\"wp-caption-text\">Aguacate en estado puro, en formato tatuaje y en ensalada. \/ \u00a9 IG @mileycyrus<\/figcaption><\/figure>\n<ul>\n<li class=\"wpview-selection-before\"><strong>Que vuelva a hacer un dueto con Madonna para interpretar<em> Don&#8217;t tell me.<\/em><\/strong><\/li>\n<\/ul>\n<p class=\"wpview-selection-before\">El tema, que est\u00e1 incluido en <em>Ray of light<\/em>, conecta a Cyrus con sus ra\u00edces <em>country <\/em>y devolver\u00eda a Madonna a cantar sin utilizar efectos en la voz que le hagan parecer una adolescente. Adem\u00e1s a la reina del pop la ver\u00edamos vestida de vaquera que es mucho m\u00e1s elegante (\u00a1d\u00f3nde va a parar!) que los looks a lo colegiala con los que se ha empe\u00f1ado en sus \u00faltimas apariciones.<\/p>\n<p><iframe loading=\"lazy\" title=\"Miley Cyrus ft  Madonna   Don&#039;t Tell Me We Can&#039;t Stop MTV Unplugged Performance FULL\" width=\"500\" height=\"281\" src=\"https:\/\/www.youtube.com\/embed\/B4soC13ombE?feature=oembed\" frameborder=\"0\" allow=\"accelerometer; autoplay; encrypted-media; gyroscope; picture-in-picture\" allowfullscreen><\/iframe><\/p>\n<p><iframe loading=\"lazy\" src=\"\/\/www.facebook.com\/plugins\/likebox.php?href=https%3A%2F%2Fwww.facebook.com%2Fgraziaespana&amp;width&amp;height=258&amp;colorscheme=light&amp;show_faces=true&amp;header=false&amp;stream=false&amp;show_border=false&amp;appId=349017955267591\" width=\"300\" height=\"150\" frameborder=\"0\" scrolling=\"no\"><\/iframe><\/p>\n","protected":false},"author":19041,"featured_media":0,"template":"","format":"standard","categories":[14,13],"acf":[],"yoast_head":"<!-- This site is optimized with the Yoast SEO Premium plugin v18.5 (Yoast SEO v20.4) - https:\/\/yoast.com\/wordpress\/plugins\/seo\/ -->\n<title>Lo que esperamos de Miley Cyrus en los VMA<\/title>\n<meta name=\"description\" content=\"Ser\u00e1 la encargada de presentar uno de los eventos musicales m\u00e1s importantes del a\u00f1o. Y, no lo dudamos, lo convertir\u00e1 en #TT... como todo lo que toca.\" \/>\n<meta name=\"robots\" content=\"index, follow, max-snippet:-1, max-image-preview:large, max-video-preview:-1\" \/>\n<link rel=\"canonical\" href=\"https:\/\/graziamagazine.com\/es\/articles\/lo-que-esperamos-de-miley-cyrus-en-los-vma\/\" \/>\n<meta property=\"og:locale\" content=\"es_ES\" \/>\n<meta property=\"og:type\" content=\"article\" \/>\n<meta property=\"og:title\" content=\"Lo que esperamos de Miley Cyrus en los VMA\" \/>\n<meta property=\"og:description\" content=\"Ser\u00e1 la encargada de presentar uno de los eventos musicales m\u00e1s importantes del a\u00f1o. Y, no lo dudamos, lo convertir\u00e1 en #TT... como todo lo que toca.\" \/>\n<meta property=\"og:url\" content=\"https:\/\/graziamagazine.com\/es\/articles\/lo-que-esperamos-de-miley-cyrus-en-los-vma\/\" \/>\n<meta property=\"og:site_name\" content=\"Grazia\" \/>\n<meta property=\"article:modified_time\" content=\"2015-07-21T13:21:06+00:00\" \/>\n<meta property=\"og:image\" content=\"https:\/\/graziamagazine.com\/es\/wp-content\/uploads\/sites\/12\/2015\/07\/21141037\/vma-2013.jpg\" \/>\n<meta name=\"twitter:card\" content=\"summary_large_image\" \/>\n<meta name=\"twitter:label1\" content=\"Est. reading time\" \/>\n\t<meta name=\"twitter:data1\" content=\"5 minutos\" \/>\n<script type=\"application\/ld+json\" class=\"yoast-schema-graph\">{\"@context\":\"https:\/\/schema.org\",\"@graph\":[{\"@type\":\"WebPage\",\"@id\":\"https:\/\/graziamagazine.com\/es\/articles\/lo-que-esperamos-de-miley-cyrus-en-los-vma\/\",\"url\":\"https:\/\/graziamagazine.com\/es\/articles\/lo-que-esperamos-de-miley-cyrus-en-los-vma\/\",\"name\":\"Lo que esperamos de Miley Cyrus en los VMA\",\"isPartOf\":{\"@id\":\"https:\/\/graziamagazine.com\/es\/#website\"},\"datePublished\":\"2015-07-21T12:43:28+00:00\",\"dateModified\":\"2015-07-21T13:21:06+00:00\",\"description\":\"Ser\u00e1 la encargada de presentar uno de los eventos musicales m\u00e1s importantes del a\u00f1o. Y, no lo dudamos, lo convertir\u00e1 en #TT... como todo lo que toca.\",\"breadcrumb\":{\"@id\":\"https:\/\/graziamagazine.com\/es\/articles\/lo-que-esperamos-de-miley-cyrus-en-los-vma\/#breadcrumb\"},\"inLanguage\":\"es\",\"potentialAction\":[{\"@type\":\"ReadAction\",\"target\":[\"https:\/\/graziamagazine.com\/es\/articles\/lo-que-esperamos-de-miley-cyrus-en-los-vma\/\"]}]},{\"@type\":\"BreadcrumbList\",\"@id\":\"https:\/\/graziamagazine.com\/es\/articles\/lo-que-esperamos-de-miley-cyrus-en-los-vma\/#breadcrumb\",\"itemListElement\":[{\"@type\":\"ListItem\",\"position\":1,\"name\":\"Portada\",\"item\":\"https:\/\/graziamagazine.com\/es\/\"},{\"@type\":\"ListItem\",\"position\":2,\"name\":\"Lo que esperamos de Miley Cyrus en los VMA\"}]},{\"@type\":\"WebSite\",\"@id\":\"https:\/\/graziamagazine.com\/es\/#website\",\"url\":\"https:\/\/graziamagazine.com\/es\/\",\"name\":\"Grazia\",\"description\":\"Moda, belleza, celebrities, estilo de vida...\",\"potentialAction\":[{\"@type\":\"SearchAction\",\"target\":{\"@type\":\"EntryPoint\",\"urlTemplate\":\"https:\/\/graziamagazine.com\/es\/?s={search_term_string}\"},\"query-input\":\"required name=search_term_string\"}],\"inLanguage\":\"es\"}]}<\/script>\n<!-- \/ Yoast SEO Premium plugin. -->","yoast_head_json":{"title":"Lo que esperamos de Miley Cyrus en los VMA","description":"Ser\u00e1 la encargada de presentar uno de los eventos musicales m\u00e1s importantes del a\u00f1o. Y, no lo dudamos, lo convertir\u00e1 en #TT... como todo lo que toca.","robots":{"index":"index","follow":"follow","max-snippet":"max-snippet:-1","max-image-preview":"max-image-preview:large","max-video-preview":"max-video-preview:-1"},"canonical":"https:\/\/graziamagazine.com\/es\/articles\/lo-que-esperamos-de-miley-cyrus-en-los-vma\/","og_locale":"es_ES","og_type":"article","og_title":"Lo que esperamos de Miley Cyrus en los VMA","og_description":"Ser\u00e1 la encargada de presentar uno de los eventos musicales m\u00e1s importantes del a\u00f1o. Y, no lo dudamos, lo convertir\u00e1 en #TT... como todo lo que toca.","og_url":"https:\/\/graziamagazine.com\/es\/articles\/lo-que-esperamos-de-miley-cyrus-en-los-vma\/","og_site_name":"Grazia","article_modified_time":"2015-07-21T13:21:06+00:00","og_image":[{"url":"https:\/\/graziamagazine.com\/es\/wp-content\/uploads\/sites\/12\/2015\/07\/21141037\/vma-2013.jpg"}],"twitter_card":"summary_large_image","twitter_misc":{"Est. reading time":"5 minutos"},"schema":{"@context":"https:\/\/schema.org","@graph":[{"@type":"WebPage","@id":"https:\/\/graziamagazine.com\/es\/articles\/lo-que-esperamos-de-miley-cyrus-en-los-vma\/","url":"https:\/\/graziamagazine.com\/es\/articles\/lo-que-esperamos-de-miley-cyrus-en-los-vma\/","name":"Lo que esperamos de Miley Cyrus en los VMA","isPartOf":{"@id":"https:\/\/graziamagazine.com\/es\/#website"},"datePublished":"2015-07-21T12:43:28+00:00","dateModified":"2015-07-21T13:21:06+00:00","description":"Ser\u00e1 la encargada de presentar uno de los eventos musicales m\u00e1s importantes del a\u00f1o. Y, no lo dudamos, lo convertir\u00e1 en #TT... como todo lo que toca.","breadcrumb":{"@id":"https:\/\/graziamagazine.com\/es\/articles\/lo-que-esperamos-de-miley-cyrus-en-los-vma\/#breadcrumb"},"inLanguage":"es","potentialAction":[{"@type":"ReadAction","target":["https:\/\/graziamagazine.com\/es\/articles\/lo-que-esperamos-de-miley-cyrus-en-los-vma\/"]}]},{"@type":"BreadcrumbList","@id":"https:\/\/graziamagazine.com\/es\/articles\/lo-que-esperamos-de-miley-cyrus-en-los-vma\/#breadcrumb","itemListElement":[{"@type":"ListItem","position":1,"name":"Portada","item":"https:\/\/graziamagazine.com\/es\/"},{"@type":"ListItem","position":2,"name":"Lo que esperamos de Miley Cyrus en los VMA"}]},{"@type":"WebSite","@id":"https:\/\/graziamagazine.com\/es\/#website","url":"https:\/\/graziamagazine.com\/es\/","name":"Grazia","description":"Moda, belleza, celebrities, estilo de vida...","potentialAction":[{"@type":"SearchAction","target":{"@type":"EntryPoint","urlTemplate":"https:\/\/graziamagazine.com\/es\/?s={search_term_string}"},"query-input":"required name=search_term_string"}],"inLanguage":"es"}]}},"jetpack_sharing_enabled":true,"distributor_meta":false,"distributor_terms":false,"distributor_media":false,"distributor_original_site_name":"Grazia","distributor_original_site_url":"https:\/\/graziamagazine.com\/es","push-errors":false,"_links":{"self":[{"href":"https:\/\/graziamagazine.com\/es\/wp-json\/wp\/v2\/articles\/44424"}],"collection":[{"href":"https:\/\/graziamagazine.com\/es\/wp-json\/wp\/v2\/articles"}],"about":[{"href":"https:\/\/graziamagazine.com\/es\/wp-json\/wp\/v2\/types\/articles"}],"author":[{"embeddable":true,"href":"https:\/\/graziamagazine.com\/es\/wp-json\/wp\/v2\/users\/19041"}],"wp:attachment":[{"href":"https:\/\/graziamagazine.com\/es\/wp-json\/wp\/v2\/media?parent=44424"}],"wp:term":[{"taxonomy":"category","embeddable":true,"href":"https:\/\/graziamagazine.com\/es\/wp-json\/wp\/v2\/categories?post=44424"}],"curies":[{"name":"wp","href":"https:\/\/api.w.org\/{rel}","templated":true}]}}