{"id":44297,"date":"2015-07-25T18:10:16","date_gmt":"2015-07-25T16:10:16","guid":{"rendered":"https:\/\/graziamagazine.com\/es\/?p=44297"},"modified":"2015-07-24T10:11:29","modified_gmt":"2015-07-24T08:11:29","slug":"te-atreves-con-el-nuevo-wet","status":"publish","type":"articles","link":"https:\/\/graziamagazine.com\/es\/articles\/te-atreves-con-el-nuevo-wet\/","title":{"rendered":"\u00bfTe atreves con el nuevo wet?"},"content":{"rendered":"<p>Para sortear esta <del>pu\u00f1!!#bkj*gbsi\u00a1?gqj##kta<\/del> ola de calor sin perder el <em>glamour<\/em> vas a necesitar echar mano de un grado m\u00e1ximo de paciencia y elevadas dosis de creatividad. Porque, a menos que quieras que te mandemos a la polic\u00eda <em>fashion<\/em>, no deber\u00edas recurrir a eso de me-unto-la-melena-con-gel-y-me-la-ato-en-una-coleta para disimular que no puedes ni un minuto m\u00e1s con el pelo suelto. Cuanto antes, <strong>abandona tu zona de <i>confort<\/i> capilar y ponte manos a la obra. <a href=\"https:\/\/graziamagazine.com\/es\/desfiles\/\" target=\"_blank\">Los gur\u00fas de pasarela proponen<\/a> un nuevo estilo <em>wet<\/em>, y t\u00fa&#8230; \u00bfTe apuntas?<\/strong><\/p>\n<figure id=\"attachment_44301\" aria-describedby=\"caption-attachment-44301\" style=\"width: 550px\" class=\"wp-caption aligncenter\"><img loading=\"lazy\" decoding=\"async\" class=\"size-full wp-image-44301\" src=\"https:\/\/graziamagazine.com\/es\/wp-content\/uploads\/sites\/12\/2015\/07\/17133459\/1.jpg\" alt=\"Beauty backstage en Tod's \u00a9 Mondadori Photo\" width=\"550\" height=\"825\" \/><figcaption id=\"caption-attachment-44301\" class=\"wp-caption-text\">Beauty backstage en Tod&#8217;s \u00a9 Mondadori Photo<\/figcaption><\/figure>\n<p>Si oyes las palabras &#8216;efecto <em>wet<\/em>&#8216; y autom\u00e1ticamente piensas en una bola de billar, reset\u00e9ate. <strong>Para este verano, el cabello mojado viene peinado de mil maneras, sobre todo jugando con mechoncitos finos que adornan el peinado coloc\u00e1ndolos sobre la frente, en la zona de las patillas, pegados a la nuca&#8230;<\/strong><\/p>\n<figure id=\"attachment_44302\" aria-describedby=\"caption-attachment-44302\" style=\"width: 785px\" class=\"wp-caption aligncenter\"><img loading=\"lazy\" decoding=\"async\" class=\"size-full wp-image-44302\" src=\"https:\/\/graziamagazine.com\/es\/wp-content\/uploads\/sites\/12\/2015\/07\/17133624\/785x480.jpg\" alt=\"Backstage en DKNY. \u00a9 Mondadori Photo\" width=\"785\" height=\"480\" \/><figcaption id=\"caption-attachment-44302\" class=\"wp-caption-text\">Backstage en DKNY. \u00a9 Mondadori Photo<\/figcaption><\/figure>\n<p><span style=\"text-decoration: underline;\"><b>EL NUEVO <em>WET<\/em> ES ACEITOSO<br \/>\n<\/b><\/span>\u00a1Atenci\u00f3n! Muchos de los looks con aspecto mojado vistos en pasarela se consiguieron gracias a peque\u00f1as dosis de aceite capilar sobre cabello seco. Tambi\u00e9n ha sido muy recurrente cierto tipo de peinado con la melena suelta pero acabado <em>glossy<\/em> en las ra\u00edces, un buen truco para disimular un <em>bad hair day <\/em>(de nada).<\/p>\n<p>El caso es conseguir, como en el desfile de <strong>Marni<\/strong> o <strong>Thakoon<\/strong>, un look como de\u00a0reci\u00e9n salida de la piscina. <strong>El pelo mojado se lleva de noche, con bien de maquillaje y vestidos vaporosos subidos a un gran tac\u00f3n.<\/strong><\/p>\n<figure id=\"attachment_44468\" aria-describedby=\"caption-attachment-44468\" style=\"width: 600px\" class=\"wp-caption aligncenter\"><img loading=\"lazy\" decoding=\"async\" class=\"size-full wp-image-44468\" src=\"https:\/\/graziamagazine.com\/es\/wp-content\/uploads\/sites\/12\/2015\/07\/25081016\/wet-gigi.jpg\" alt=\"\u00bfPelo grasiento? No, Gigi Hadid apostando por el &quot;nuevo wet&quot;. \u00a9 Cordon Press\" width=\"600\" height=\"899\" \/><figcaption id=\"caption-attachment-44468\" class=\"wp-caption-text\">\u00bfPelo grasiento? No, Gigi Hadid apostando por el \u00abnuevo wet\u00bb. \u00a9 Cordon Press<\/figcaption><\/figure>\n<p>Si quieres inspirarte en los grandes maestros de la peluquer\u00eda, que acompa\u00f1an a los mejores dise\u00f1adores en el backstage de Par\u00eds, Mil\u00e1n, Londres o Nueva York, no te pierdas ni una imagen de nuestro \u00e1lbum. <strong>Cedric Charlier, Miu Miu, DKNY,\u00a0 Thakoon, Prada<\/strong> y otros est\u00e1n (en clave <em>wet<\/em>) a un clic:<\/p>\n<p>[galeria]<\/p>\n<p><iframe loading=\"lazy\" style=\"border: none; overflow: hidden; height: 258px;\" src=\"\/\/www.facebook.com\/plugins\/likebox.php?href=https%3A%2F%2Fwww.facebook.com%2Fgraziaespana&amp;width&amp;height=258&amp;colorscheme=light&amp;show_faces=true&amp;header=false&amp;stream=false&amp;show_border=false&amp;appId=349017955267591\" width=\"300\" height=\"150\" frameborder=\"0\" scrolling=\"no\"><\/iframe><\/p>\n","protected":false},"author":18798,"featured_media":0,"template":"","format":"standard","categories":[7,9],"acf":[],"yoast_head":"<!-- This site is optimized with the Yoast SEO Premium plugin v18.5 (Yoast SEO v20.4) - https:\/\/yoast.com\/wordpress\/plugins\/seo\/ -->\n<title>\u00bfTe atreves con el nuevo wet? | Grazia<\/title>\n<meta name=\"description\" content=\"\u00bfQui\u00e9n te lo iba a decir? Resulta que los mechoncitos aceitosos ser\u00e1n tus aliados contra las altas temperaturas. Rico, rico...\" \/>\n<meta name=\"robots\" content=\"index, follow, max-snippet:-1, max-image-preview:large, max-video-preview:-1\" \/>\n<link rel=\"canonical\" href=\"https:\/\/graziamagazine.com\/es\/articles\/te-atreves-con-el-nuevo-wet\/\" \/>\n<meta property=\"og:locale\" content=\"es_ES\" \/>\n<meta property=\"og:type\" content=\"article\" \/>\n<meta property=\"og:title\" content=\"\u00bfTe atreves con el nuevo wet?\" \/>\n<meta property=\"og:description\" content=\"\u00bfQui\u00e9n te lo iba a decir? Resulta que los mechoncitos aceitosos ser\u00e1n tus aliados contra las altas temperaturas. Rico, rico...\" \/>\n<meta property=\"og:url\" content=\"https:\/\/graziamagazine.com\/es\/articles\/te-atreves-con-el-nuevo-wet\/\" \/>\n<meta property=\"og:site_name\" content=\"Grazia\" \/>\n<meta property=\"article:modified_time\" content=\"2015-07-24T08:11:29+00:00\" \/>\n<meta property=\"og:image\" content=\"https:\/\/graziamagazine.com\/es\/wp-content\/uploads\/sites\/12\/2015\/07\/17133459\/1.jpg\" \/>\n<meta name=\"twitter:card\" content=\"summary_large_image\" \/>\n<meta name=\"twitter:label1\" content=\"Est. reading time\" \/>\n\t<meta name=\"twitter:data1\" content=\"2 minutos\" \/>\n<script type=\"application\/ld+json\" class=\"yoast-schema-graph\">{\"@context\":\"https:\/\/schema.org\",\"@graph\":[{\"@type\":\"WebPage\",\"@id\":\"https:\/\/graziamagazine.com\/es\/articles\/te-atreves-con-el-nuevo-wet\/\",\"url\":\"https:\/\/graziamagazine.com\/es\/articles\/te-atreves-con-el-nuevo-wet\/\",\"name\":\"\u00bfTe atreves con el nuevo wet? | Grazia\",\"isPartOf\":{\"@id\":\"https:\/\/graziamagazine.com\/es\/#website\"},\"datePublished\":\"2015-07-25T16:10:16+00:00\",\"dateModified\":\"2015-07-24T08:11:29+00:00\",\"description\":\"\u00bfQui\u00e9n te lo iba a decir? Resulta que los mechoncitos aceitosos ser\u00e1n tus aliados contra las altas temperaturas. Rico, rico...\",\"breadcrumb\":{\"@id\":\"https:\/\/graziamagazine.com\/es\/articles\/te-atreves-con-el-nuevo-wet\/#breadcrumb\"},\"inLanguage\":\"es\",\"potentialAction\":[{\"@type\":\"ReadAction\",\"target\":[\"https:\/\/graziamagazine.com\/es\/articles\/te-atreves-con-el-nuevo-wet\/\"]}]},{\"@type\":\"BreadcrumbList\",\"@id\":\"https:\/\/graziamagazine.com\/es\/articles\/te-atreves-con-el-nuevo-wet\/#breadcrumb\",\"itemListElement\":[{\"@type\":\"ListItem\",\"position\":1,\"name\":\"Portada\",\"item\":\"https:\/\/graziamagazine.com\/es\/\"},{\"@type\":\"ListItem\",\"position\":2,\"name\":\"\u00bfTe atreves con el nuevo wet?\"}]},{\"@type\":\"WebSite\",\"@id\":\"https:\/\/graziamagazine.com\/es\/#website\",\"url\":\"https:\/\/graziamagazine.com\/es\/\",\"name\":\"Grazia\",\"description\":\"Moda, belleza, celebrities, estilo de vida...\",\"potentialAction\":[{\"@type\":\"SearchAction\",\"target\":{\"@type\":\"EntryPoint\",\"urlTemplate\":\"https:\/\/graziamagazine.com\/es\/?s={search_term_string}\"},\"query-input\":\"required name=search_term_string\"}],\"inLanguage\":\"es\"}]}<\/script>\n<!-- \/ Yoast SEO Premium plugin. -->","yoast_head_json":{"title":"\u00bfTe atreves con el nuevo wet? | Grazia","description":"\u00bfQui\u00e9n te lo iba a decir? Resulta que los mechoncitos aceitosos ser\u00e1n tus aliados contra las altas temperaturas. Rico, rico...","robots":{"index":"index","follow":"follow","max-snippet":"max-snippet:-1","max-image-preview":"max-image-preview:large","max-video-preview":"max-video-preview:-1"},"canonical":"https:\/\/graziamagazine.com\/es\/articles\/te-atreves-con-el-nuevo-wet\/","og_locale":"es_ES","og_type":"article","og_title":"\u00bfTe atreves con el nuevo wet?","og_description":"\u00bfQui\u00e9n te lo iba a decir? Resulta que los mechoncitos aceitosos ser\u00e1n tus aliados contra las altas temperaturas. Rico, rico...","og_url":"https:\/\/graziamagazine.com\/es\/articles\/te-atreves-con-el-nuevo-wet\/","og_site_name":"Grazia","article_modified_time":"2015-07-24T08:11:29+00:00","og_image":[{"url":"https:\/\/graziamagazine.com\/es\/wp-content\/uploads\/sites\/12\/2015\/07\/17133459\/1.jpg"}],"twitter_card":"summary_large_image","twitter_misc":{"Est. reading time":"2 minutos"},"schema":{"@context":"https:\/\/schema.org","@graph":[{"@type":"WebPage","@id":"https:\/\/graziamagazine.com\/es\/articles\/te-atreves-con-el-nuevo-wet\/","url":"https:\/\/graziamagazine.com\/es\/articles\/te-atreves-con-el-nuevo-wet\/","name":"\u00bfTe atreves con el nuevo wet? | Grazia","isPartOf":{"@id":"https:\/\/graziamagazine.com\/es\/#website"},"datePublished":"2015-07-25T16:10:16+00:00","dateModified":"2015-07-24T08:11:29+00:00","description":"\u00bfQui\u00e9n te lo iba a decir? Resulta que los mechoncitos aceitosos ser\u00e1n tus aliados contra las altas temperaturas. Rico, rico...","breadcrumb":{"@id":"https:\/\/graziamagazine.com\/es\/articles\/te-atreves-con-el-nuevo-wet\/#breadcrumb"},"inLanguage":"es","potentialAction":[{"@type":"ReadAction","target":["https:\/\/graziamagazine.com\/es\/articles\/te-atreves-con-el-nuevo-wet\/"]}]},{"@type":"BreadcrumbList","@id":"https:\/\/graziamagazine.com\/es\/articles\/te-atreves-con-el-nuevo-wet\/#breadcrumb","itemListElement":[{"@type":"ListItem","position":1,"name":"Portada","item":"https:\/\/graziamagazine.com\/es\/"},{"@type":"ListItem","position":2,"name":"\u00bfTe atreves con el nuevo wet?"}]},{"@type":"WebSite","@id":"https:\/\/graziamagazine.com\/es\/#website","url":"https:\/\/graziamagazine.com\/es\/","name":"Grazia","description":"Moda, belleza, celebrities, estilo de vida...","potentialAction":[{"@type":"SearchAction","target":{"@type":"EntryPoint","urlTemplate":"https:\/\/graziamagazine.com\/es\/?s={search_term_string}"},"query-input":"required name=search_term_string"}],"inLanguage":"es"}]}},"jetpack_sharing_enabled":true,"distributor_meta":false,"distributor_terms":false,"distributor_media":false,"distributor_original_site_name":"Grazia","distributor_original_site_url":"https:\/\/graziamagazine.com\/es","push-errors":false,"_links":{"self":[{"href":"https:\/\/graziamagazine.com\/es\/wp-json\/wp\/v2\/articles\/44297"}],"collection":[{"href":"https:\/\/graziamagazine.com\/es\/wp-json\/wp\/v2\/articles"}],"about":[{"href":"https:\/\/graziamagazine.com\/es\/wp-json\/wp\/v2\/types\/articles"}],"author":[{"embeddable":true,"href":"https:\/\/graziamagazine.com\/es\/wp-json\/wp\/v2\/users\/18798"}],"wp:attachment":[{"href":"https:\/\/graziamagazine.com\/es\/wp-json\/wp\/v2\/media?parent=44297"}],"wp:term":[{"taxonomy":"category","embeddable":true,"href":"https:\/\/graziamagazine.com\/es\/wp-json\/wp\/v2\/categories?post=44297"}],"curies":[{"name":"wp","href":"https:\/\/api.w.org\/{rel}","templated":true}]}}