{"id":42726,"date":"2015-07-03T13:25:41","date_gmt":"2015-07-03T11:25:41","guid":{"rendered":"https:\/\/graziamagazine.com\/es\/?p=42726"},"modified":"2015-07-06T09:23:04","modified_gmt":"2015-07-06T07:23:04","slug":"el-verano-de-maria-leon","status":"publish","type":"articles","link":"https:\/\/graziamagazine.com\/es\/articles\/el-verano-de-maria-leon\/","title":{"rendered":"El verano de Mar\u00eda Le\u00f3n"},"content":{"rendered":"<p><strong>Mar\u00eda es natural a rabiar.<\/strong> Lo intu\u00eda al verla al otro lado de la pantalla y lo corrobor\u00e9 al medio segundo de conocerla en persona. La cita era en Faunia a media ma\u00f1ana, justo cuando la actriz terminaba la sesi\u00f3n de fotos\u00a0para <em>7Up<\/em> que le hab\u00eda permitido el lujazo de posar rodeada de ping\u00fcinos en el polo y de ambiente tropical en una de las salas\u00a0del recinto: \u00ab\u00bfA ti te importa que hagamos la entrevista aqu\u00ed fuera, relajadas y charlando?\u00bb, me dice sonriendo y mir\u00e1ndome con unos ojos enormes del mismo color de su camiseta. Obviamente, no: <strong>nos apoyamos en una pared con vistas al parque y empezamos a hablar como quienes esperan a una tercera amiga<\/strong> en la puerta de un restaurante en el que han quedado. \u00a1As\u00ed da gusto!<\/p>\n<figure id=\"attachment_42824\" aria-describedby=\"caption-attachment-42824\" style=\"width: 785px\" class=\"wp-caption aligncenter\"><img loading=\"lazy\" decoding=\"async\" class=\"size-full wp-image-42824\" src=\"https:\/\/graziamagazine.com\/es\/wp-content\/uploads\/sites\/12\/2015\/07\/03130854\/7_marialeon.jpg\" alt=\"\u00a9 Celia Cuervo\" width=\"785\" height=\"480\" \/><figcaption id=\"caption-attachment-42824\" class=\"wp-caption-text\">\u00a9 Celia Cuervo<\/figcaption><\/figure>\n<p>Es natural, repito, y quiz\u00e1 por eso es la perfecta representaci\u00f3n de lo nuevo de la marca de bebidas a la que ahora representa: \u00abSaca tu lado m\u00e1s\u00a0t\u00fa\u00bb, reza su lema para este verano, y Mar\u00eda, de eso, sabe dar y regalar a cualquiera que se le ponga por delante, incluida yo, sin importar que ella llevara despierta y haciendo fotos desde antes de que se\u00a0empezaran a montar las calles.<\/p>\n<p>Hablamos con la chica del clan de los Le\u00f3n\u00a0de aquello que saca el mejor lado de cualquiera, el verano; pero tambi\u00e9n de lugares donde perderse, de proyectos, de trabajo, de disfrutar de la vida y del salero extra\u00a0que, de\u00a0nacimiento, le dan sus ra\u00edces andaluzas&#8230;<\/p>\n<figure id=\"attachment_42733\" aria-describedby=\"caption-attachment-42733\" style=\"width: 785px\" class=\"wp-caption aligncenter\"><img loading=\"lazy\" decoding=\"async\" class=\"size-full wp-image-42733\" src=\"https:\/\/graziamagazine.com\/es\/wp-content\/uploads\/sites\/12\/2015\/07\/02132824\/1_marialeon.jpg\" alt=\"\u00a9 7Up\" width=\"785\" height=\"480\" \/><figcaption id=\"caption-attachment-42733\" class=\"wp-caption-text\">\u00a9 Cortes\u00eda de 7Up<\/figcaption><\/figure>\n<p><strong>Acaba de terminar la primera temporada de <em>All\u00ed Abajo<\/em>, la serie de Antena 3 de la que eres protagonista y con la que has rodado en tu tierra. \u00bfC\u00f3mo ha sido la experiencia?<br \/>\n<\/strong>La verdad es que muy bien. Es un gustazo trabajar en Sevilla y \u00a1sobre todo descubrir a los vascos! [bromea]. Son bastante peculiares y hemos hecho una mezcla muy buena, somos todos una familia. La experiencia ha sido buen\u00edsima, tambi\u00e9n porque el elenco de actores con el que he trabajado era espectacular, poco conocidos pero todos ellos actores de carrera, con muchos a\u00f1os y el <em>culete<\/em> bien <em>pelao<\/em>\u2019. \u00a1Tienen un talentazo\u2026.!<\/p>\n<figure id=\"attachment_42731\" aria-describedby=\"caption-attachment-42731\" style=\"width: 785px\" class=\"wp-caption aligncenter\"><img loading=\"lazy\" decoding=\"async\" class=\"size-full wp-image-42731\" src=\"https:\/\/graziamagazine.com\/es\/wp-content\/uploads\/sites\/12\/2015\/07\/02132815\/3_marialeon.jpg\" alt=\"\u00a9 All\u00ed Abajo\" width=\"785\" height=\"480\" \/><figcaption id=\"caption-attachment-42731\" class=\"wp-caption-text\">\u00a9 All\u00ed Abajo<\/figcaption><\/figure>\n<p><strong>Con Carmen\u00a0has vuelto a demostrar que eres pura comedia, despu\u00e9s de lo que vimos ya en <em>Con el culo al aire<\/em>\u2026<br \/>\n<\/strong>La verdad es que s\u00ed porque, tras <i>La voz dormida<\/i>, parec\u00eda que la comedia se hab\u00eda olvidado de m\u00ed, pero yo empec\u00e9 con ella y es fant\u00e1stica. En este caso, adem\u00e1s, el proceso de b\u00fasqueda del tono de la serie ha sido muy bonito; de hecho, todav\u00eda estamos en ello. Y trabajar con los guiones de \u00d3scar Terol, que son comedia extrema y en tipo <em>scketch<\/em>, ha sido un lujo, el poder hacer una realidad de ellos, de esa comedia tan vasca, \u00bfsabes? El trabajo con los compa\u00f1eros ha sido magnifico, sobre todo con Jon Plazaola, ya que \u00e9l y yo somos los encargados de unir las dos tierras, la vasca y la andaluza, y de contarlo con arte y ri\u00e9ndonos con nosotros, \u00a1que\u00a0no de nosotros!<\/p>\n<p><strong>\u00bfC\u00f3mo se plantea tu verano, entonces?<br \/>\n<\/strong>Pues acabo de empezar a rodar <i>Cuerpo de \u00e9lite<\/i>\u00a0con Joaqu\u00edn Maz\u00f3n (director de <em>All\u00ed Abajo<\/em>), otra comedia en la que hago de guardia civil. Vamos a pasar much\u00edsimo calor con este proyecto pero va a merecer la pena, \u00a1tengo muchas ganas! Y luego, el 17 de julio estreno <i>El Rey Gitano<\/i>, de Junma Bajo Ulloa, quien vuelve diez a\u00f1os despu\u00e9s de <em>Airbag<\/em>, as\u00ed que ya sabes: drogas, sexo y rock\u2019n\u2019roll [r\u00ede]. Mi padre es Karra Elejalde y mi pareja en la ficci\u00f3n, Arturo Valls\u2026 \u00a1Imag\u00ednate! Hay que ir al cine a verla, \u00bfeh? porque es de locos.<\/p>\n<figure id=\"attachment_42735\" aria-describedby=\"caption-attachment-42735\" style=\"width: 550px\" class=\"wp-caption aligncenter\"><img loading=\"lazy\" decoding=\"async\" class=\"size-full wp-image-42735\" src=\"https:\/\/graziamagazine.com\/es\/wp-content\/uploads\/sites\/12\/2015\/07\/02133433\/4_marialeon.jpg\" alt=\"Una instant\u00e1nea en el set de rodaje de cuerpo de \u00e9lite. \u00a9 Instagram @marialeonbarrios\" width=\"550\" height=\"547\" \/><figcaption id=\"caption-attachment-42735\" class=\"wp-caption-text\">Una instant\u00e1nea en el set de rodaje de cuerpo de \u00e9lite. \u00a9 Instagram @marialeonbarrios<\/figcaption><\/figure>\n<p><strong>\u00a1Pero bueno! \u00a1Esperaba que me dijeras que ibas a descansar un poco! \u00bfTendr\u00e1s algo de eso?<br \/>\n<\/strong>Ay\u2026 \u00a1S\u00ed! Aunque ya en septiembre, porque el rodaje de <em>Cuerpo de \u00e9lite<\/em> entra en agosto. As\u00ed que, antes de empezar a rodar la segunda temporada de <em>All\u00ed Abajo<\/em> en octubre, podr\u00e9 escaparme y descansar un poco, que es necesario tambi\u00e9n.<\/p>\n<p><strong>Y bien merecido, di que s\u00ed.\u00a0\u00bfHas elegido ya si playa o monta\u00f1a?<\/strong><br \/>\nPues me gustan las dos cosas por igual, as\u00ed que, si pudieran ser ambas juntas, ser\u00eda perfecto. En Almer\u00eda, por ejemplo, te puedes perder entre ambas partes. Es uno de los sitios m\u00e1s bonitos que tenemos para perdernos, en contacto con esa naturaleza tan pura. Estuve all\u00ed hace unos meses y me hizo mucha gracia porque me dijeron que se hab\u00eda puesto de moda porque hab\u00edan estado Casillas y Carbonero y, el a\u00f1o anterior, los reyes; y claro, yo dije \u2018Bueno, \u00a1pues este a\u00f1o estoy yo!\u2019.<\/p>\n<p><strong>\u00bfAlg\u00fan rinc\u00f3n que te quede por conocer y que te gustar\u00eda visitar?<\/strong><br \/>\n\u00a1Por conocer me quedan muchos! Pero tengo ganas de ir a Galicia, a comer marisco, a explotar.<\/p>\n<figure id=\"attachment_42826\" aria-describedby=\"caption-attachment-42826\" style=\"width: 785px\" class=\"wp-caption aligncenter\"><img loading=\"lazy\" decoding=\"async\" class=\"size-full wp-image-42826\" src=\"https:\/\/graziamagazine.com\/es\/wp-content\/uploads\/sites\/12\/2015\/07\/03130900\/5_marialeon.jpg\" alt=\"\u00a9 Celia Cuervo\" width=\"785\" height=\"480\" \/><figcaption id=\"caption-attachment-42826\" class=\"wp-caption-text\">\u00a9 Celia Cuervo<\/figcaption><\/figure>\n<p><strong>\u00bfY la maleta? \u00bfEres de las que la deja para el \u00faltimo momento o prefieres planearlo semanas antes?<br \/>\n<\/strong>Uy, yo improviso constantemente. La hago en el \u00faltimo momento. Creo que lo importante no es la maleta, sino las ganas que tenga uno de disfrutar. Dependiendo del \u00e1nimo que lleve, uno necesitar\u00e1 m\u00e1s o menos ropa en su destino, pero yo creo que con llevarse las tres cositas que uno sabe que le sientan bien para descansar, es suficiente.<\/p>\n<p><strong>Adem\u00e1s t\u00fa, al ser actriz y estar en constante movimiento, habr\u00e1s tenido que hacer\u00a0muchos equipajes&#8230;<br \/>\n<\/strong>Aprendes a delegar, que no es importante llevarte tantas cosas porque al final te apa\u00f1as con lo poco que lleves. Tambi\u00e9n es verdad que, al viajar tanto, he cogido pr\u00e1ctica y tengo ya los cuatro b\u00e1sicos que s\u00e9 que me llevo y funcionan.\u00a0Lo t\u00edpico, una americana, un corrector, una barra de labios y m\u00e1scara, \u00a1colorete que no falte!, un pantal\u00f3n corto, uno largo y una blusa. Y con eso te apa\u00f1as para hacer <em>looks<\/em> tanto de d\u00eda como de noche. \u00a1Coges habilidades, vaya!<\/p>\n<p><strong>Y como sevillana, \u00bfc\u00f3mo llevas lo de los 40 grados a la sombra?<br \/>\n<\/strong>Pues me cuesta, \u00bfeh? Hace diez a\u00f1os que estoy en Madrid y ahora que he vuelto a rodar la serie en Sevilla, no me acordaba del calor que hac\u00eda en mi ciudad\u2026 \u00a1y se pasa mal! [r\u00ede].<\/p>\n<figure id=\"attachment_42732\" aria-describedby=\"caption-attachment-42732\" style=\"width: 785px\" class=\"wp-caption aligncenter\"><img loading=\"lazy\" decoding=\"async\" class=\"size-full wp-image-42732\" src=\"https:\/\/graziamagazine.com\/es\/wp-content\/uploads\/sites\/12\/2015\/07\/02132819\/2_marialeon.jpg\" alt=\"\u00a9 7Up\" width=\"785\" height=\"480\" \/><figcaption id=\"caption-attachment-42732\" class=\"wp-caption-text\">\u00a9 Cortes\u00eda de 7Up<\/figcaption><\/figure>\n<p><strong>\u00a1Pero alg\u00fan truquito tendr\u00e1s para refescarte!<br \/>\n<\/strong>Hombre, eso s\u00ed. Me pongo mi <em>7Up<\/em> bien fresquito y me da la vida. Yo es que con\u00a0esta bebida\u00a0tuve una \u00e9poca, con 12 o 13 a\u00f1os, en la que estaba enganchada a Fidodido [el mu\u00f1eco que fuera imagen de la marca] . Me encantaba porque es\u00a0dulce pero tiene burbujas, es refrescante\u2026 \u00a1estaba enganchad\u00edsima! Y ahora me lo preparo con calma, con una buena rodaja de lim\u00f3n y mucho hielo, y eso en Sevilla sabe a gloria.<\/p>\n<p><strong>Y el rebujito\u2026<\/strong><br \/>\n\u00a1Anda claro! \u00bfSabes que se empez\u00f3 a mezclar con <em>7Up<\/em> para que la gente en la feria se refrescara a la vez que beb\u00eda alcohol? Eso s\u00ed, \u00a1luego acabas <em>tumbao<\/em>\u2019!<\/p>\n<p><strong>Tambi\u00e9n tendr\u00e1s tus sitios favoritos donde refrescarte en Madrid, \u00bfno?<br \/>\n<\/strong>Me encanta escaparme a la Casa de Campo, es un pulm\u00f3n. Te puedes dar un paseo, puedes sentarte a leer, hay p\u00e1jaros, mucho verde\u2026 se est\u00e1 muy fresquito. Tambi\u00e9n me gusta mucho sentarme en las terrazas que hay en la zona de las Vistillas y tomarme algo. Hay una en concreto de la que no recuerdo el nombre, justo en la esquina con el puente de Bail\u00e9n si vienes desde san Francisco El Grande, y ponen el mejor pollo al ajillo y la mejor tortilla de patatas de Madrid, yo puedo asegurarlo. Tambi\u00e9n me gustan mucho el Bahiana (Calle del Conde, 4) y el Matute12 (Calle Matute, 12), donde me encanta cenar en verano porque, adem\u00e1s de la terraza, tiene todos los ventanales abiertos y puedes ver a la gente pasar. Me recuerda a C\u00e1diz, al verano y a mis amigos.<\/p>\n<figure id=\"attachment_42825\" aria-describedby=\"caption-attachment-42825\" style=\"width: 785px\" class=\"wp-caption aligncenter\"><img loading=\"lazy\" decoding=\"async\" class=\"size-full wp-image-42825\" src=\"https:\/\/graziamagazine.com\/es\/wp-content\/uploads\/sites\/12\/2015\/07\/03130856\/6_marialeon.jpg\" alt=\"\u00a9 Celia Cuervo\" width=\"785\" height=\"480\" \/><figcaption id=\"caption-attachment-42825\" class=\"wp-caption-text\">\u00a9 Celia Cuervo<\/figcaption><\/figure>\n<p><strong>Eres imagen de 7Up, \u00bfc\u00f3mo ha sido la experiencia de hacer la campa\u00f1a entre ping\u00fcinos (Zoo) y el ambiente tropical de Faunia?<br \/>\n<\/strong>Ha sido muy f\u00e1cil, el fot\u00f3grafo es fant\u00e1stico y el resto del equipo tambi\u00e9n, nos conocemos mucho y se trabaja muy bien. Y \u00bfcon los animales? \u00a1Ellos son inofensivos! Los que somos m\u00e1s peligrosos somos nosotros. Las producciones con compa\u00f1eros son divertidas porque interactuas con ellos, pero s\u00ed que es verdad que es bonito haber podido hacer esto entre animales y darme cuenta de que ellos no son conscientes de nada, solo quieren estar fresquitos y nada m\u00e1s. Ellos disfrutan con las cosas b\u00e1sicas de la vida, los peque\u00f1os placeres a su alcance como el estar en un buen sitio, bien rodeados, en un buen clima y con un poquito de agua para nadar\u2026 y eso tiene mucho que ver con la nueva filosof\u00eda de 7Up: yo, con una botella, estoy como un ping\u00fcino en su h\u00e1bitat. \u00a1A gust\u00edsimo!<\/p>\n<p><strong>\u2018Saca tu lado m\u00e1s\u00a0t\u00fa\u2019 es el lema de esta campa\u00f1a. \u00bfCu\u00e1l es el tuyo?<br \/>\n<\/strong>Que no tengamos tonter\u00edas, que podamos ser libres y decir lo que nos de la gana y m\u00e1s. Creo que es una de las cosas m\u00e1s importantes.<\/p>\n<p><iframe loading=\"lazy\" style=\"border: none; overflow: hidden; height: 258px;\" src=\"\/\/www.facebook.com\/plugins\/likebox.php?href=https%3A%2F%2Fwww.facebook.com%2Fgraziaespana&amp;width&amp;height=258&amp;colorscheme=light&amp;show_faces=true&amp;header=false&amp;stream=false&amp;show_border=false&amp;appId=349017955267591\" width=\"300\" height=\"150\" frameborder=\"0\" scrolling=\"no\"><\/iframe><\/p>\n","protected":false},"author":14080,"featured_media":0,"template":"","format":"standard","categories":[13,17],"acf":[],"yoast_head":"<!-- This site is optimized with the Yoast SEO Premium plugin v18.5 (Yoast SEO v20.4) - https:\/\/yoast.com\/wordpress\/plugins\/seo\/ -->\n<title>El verano de Mar\u00eda Le\u00f3n | Grazia<\/title>\n<meta name=\"description\" content=\"El est\u00edo de la sevillana se presenta con mucho trabajo (\u00a1y am\u00e9n a ello!), pero tambi\u00e9n con peque\u00f1os momentos de desconexi\u00f3n y los mejores planes para refrescarse. Hablamos con ella de proyectos, maletas, playas\u2026 y litros de 7Up.\" \/>\n<meta name=\"robots\" content=\"index, follow, max-snippet:-1, max-image-preview:large, max-video-preview:-1\" \/>\n<link rel=\"canonical\" href=\"https:\/\/graziamagazine.com\/es\/articles\/el-verano-de-maria-leon\/\" \/>\n<meta property=\"og:locale\" content=\"es_ES\" \/>\n<meta property=\"og:type\" content=\"article\" \/>\n<meta property=\"og:title\" content=\"El verano de Mar\u00eda Le\u00f3n\" \/>\n<meta property=\"og:description\" content=\"El est\u00edo de la sevillana se presenta con mucho trabajo (\u00a1y am\u00e9n a ello!), pero tambi\u00e9n con peque\u00f1os momentos de desconexi\u00f3n y los mejores planes para refrescarse. Hablamos con ella de proyectos, maletas, playas\u2026 y litros de 7Up.\" \/>\n<meta property=\"og:url\" content=\"https:\/\/graziamagazine.com\/es\/articles\/el-verano-de-maria-leon\/\" \/>\n<meta property=\"og:site_name\" content=\"Grazia\" \/>\n<meta property=\"article:modified_time\" content=\"2015-07-06T07:23:04+00:00\" \/>\n<meta property=\"og:image\" content=\"https:\/\/graziamagazine.com\/es\/wp-content\/uploads\/sites\/12\/2015\/07\/03130854\/7_marialeon.jpg\" \/>\n<meta name=\"twitter:card\" content=\"summary_large_image\" \/>\n<meta name=\"twitter:label1\" content=\"Est. reading time\" \/>\n\t<meta name=\"twitter:data1\" content=\"8 minutos\" \/>\n<script type=\"application\/ld+json\" class=\"yoast-schema-graph\">{\"@context\":\"https:\/\/schema.org\",\"@graph\":[{\"@type\":\"WebPage\",\"@id\":\"https:\/\/graziamagazine.com\/es\/articles\/el-verano-de-maria-leon\/\",\"url\":\"https:\/\/graziamagazine.com\/es\/articles\/el-verano-de-maria-leon\/\",\"name\":\"El verano de Mar\u00eda Le\u00f3n | Grazia\",\"isPartOf\":{\"@id\":\"https:\/\/graziamagazine.com\/es\/#website\"},\"datePublished\":\"2015-07-03T11:25:41+00:00\",\"dateModified\":\"2015-07-06T07:23:04+00:00\",\"description\":\"El est\u00edo de la sevillana se presenta con mucho trabajo (\u00a1y am\u00e9n a ello!), pero tambi\u00e9n con peque\u00f1os momentos de desconexi\u00f3n y los mejores planes para refrescarse. Hablamos con ella de proyectos, maletas, playas\u2026 y litros de 7Up.\",\"breadcrumb\":{\"@id\":\"https:\/\/graziamagazine.com\/es\/articles\/el-verano-de-maria-leon\/#breadcrumb\"},\"inLanguage\":\"es\",\"potentialAction\":[{\"@type\":\"ReadAction\",\"target\":[\"https:\/\/graziamagazine.com\/es\/articles\/el-verano-de-maria-leon\/\"]}]},{\"@type\":\"BreadcrumbList\",\"@id\":\"https:\/\/graziamagazine.com\/es\/articles\/el-verano-de-maria-leon\/#breadcrumb\",\"itemListElement\":[{\"@type\":\"ListItem\",\"position\":1,\"name\":\"Portada\",\"item\":\"https:\/\/graziamagazine.com\/es\/\"},{\"@type\":\"ListItem\",\"position\":2,\"name\":\"El verano de Mar\u00eda Le\u00f3n\"}]},{\"@type\":\"WebSite\",\"@id\":\"https:\/\/graziamagazine.com\/es\/#website\",\"url\":\"https:\/\/graziamagazine.com\/es\/\",\"name\":\"Grazia\",\"description\":\"Moda, belleza, celebrities, estilo de vida...\",\"potentialAction\":[{\"@type\":\"SearchAction\",\"target\":{\"@type\":\"EntryPoint\",\"urlTemplate\":\"https:\/\/graziamagazine.com\/es\/?s={search_term_string}\"},\"query-input\":\"required name=search_term_string\"}],\"inLanguage\":\"es\"}]}<\/script>\n<!-- \/ Yoast SEO Premium plugin. -->","yoast_head_json":{"title":"El verano de Mar\u00eda Le\u00f3n | Grazia","description":"El est\u00edo de la sevillana se presenta con mucho trabajo (\u00a1y am\u00e9n a ello!), pero tambi\u00e9n con peque\u00f1os momentos de desconexi\u00f3n y los mejores planes para refrescarse. Hablamos con ella de proyectos, maletas, playas\u2026 y litros de 7Up.","robots":{"index":"index","follow":"follow","max-snippet":"max-snippet:-1","max-image-preview":"max-image-preview:large","max-video-preview":"max-video-preview:-1"},"canonical":"https:\/\/graziamagazine.com\/es\/articles\/el-verano-de-maria-leon\/","og_locale":"es_ES","og_type":"article","og_title":"El verano de Mar\u00eda Le\u00f3n","og_description":"El est\u00edo de la sevillana se presenta con mucho trabajo (\u00a1y am\u00e9n a ello!), pero tambi\u00e9n con peque\u00f1os momentos de desconexi\u00f3n y los mejores planes para refrescarse. Hablamos con ella de proyectos, maletas, playas\u2026 y litros de 7Up.","og_url":"https:\/\/graziamagazine.com\/es\/articles\/el-verano-de-maria-leon\/","og_site_name":"Grazia","article_modified_time":"2015-07-06T07:23:04+00:00","og_image":[{"url":"https:\/\/graziamagazine.com\/es\/wp-content\/uploads\/sites\/12\/2015\/07\/03130854\/7_marialeon.jpg"}],"twitter_card":"summary_large_image","twitter_misc":{"Est. reading time":"8 minutos"},"schema":{"@context":"https:\/\/schema.org","@graph":[{"@type":"WebPage","@id":"https:\/\/graziamagazine.com\/es\/articles\/el-verano-de-maria-leon\/","url":"https:\/\/graziamagazine.com\/es\/articles\/el-verano-de-maria-leon\/","name":"El verano de Mar\u00eda Le\u00f3n | Grazia","isPartOf":{"@id":"https:\/\/graziamagazine.com\/es\/#website"},"datePublished":"2015-07-03T11:25:41+00:00","dateModified":"2015-07-06T07:23:04+00:00","description":"El est\u00edo de la sevillana se presenta con mucho trabajo (\u00a1y am\u00e9n a ello!), pero tambi\u00e9n con peque\u00f1os momentos de desconexi\u00f3n y los mejores planes para refrescarse. Hablamos con ella de proyectos, maletas, playas\u2026 y litros de 7Up.","breadcrumb":{"@id":"https:\/\/graziamagazine.com\/es\/articles\/el-verano-de-maria-leon\/#breadcrumb"},"inLanguage":"es","potentialAction":[{"@type":"ReadAction","target":["https:\/\/graziamagazine.com\/es\/articles\/el-verano-de-maria-leon\/"]}]},{"@type":"BreadcrumbList","@id":"https:\/\/graziamagazine.com\/es\/articles\/el-verano-de-maria-leon\/#breadcrumb","itemListElement":[{"@type":"ListItem","position":1,"name":"Portada","item":"https:\/\/graziamagazine.com\/es\/"},{"@type":"ListItem","position":2,"name":"El verano de Mar\u00eda Le\u00f3n"}]},{"@type":"WebSite","@id":"https:\/\/graziamagazine.com\/es\/#website","url":"https:\/\/graziamagazine.com\/es\/","name":"Grazia","description":"Moda, belleza, celebrities, estilo de vida...","potentialAction":[{"@type":"SearchAction","target":{"@type":"EntryPoint","urlTemplate":"https:\/\/graziamagazine.com\/es\/?s={search_term_string}"},"query-input":"required name=search_term_string"}],"inLanguage":"es"}]}},"jetpack_sharing_enabled":true,"distributor_meta":false,"distributor_terms":false,"distributor_media":false,"distributor_original_site_name":"Grazia","distributor_original_site_url":"https:\/\/graziamagazine.com\/es","push-errors":false,"_links":{"self":[{"href":"https:\/\/graziamagazine.com\/es\/wp-json\/wp\/v2\/articles\/42726"}],"collection":[{"href":"https:\/\/graziamagazine.com\/es\/wp-json\/wp\/v2\/articles"}],"about":[{"href":"https:\/\/graziamagazine.com\/es\/wp-json\/wp\/v2\/types\/articles"}],"author":[{"embeddable":true,"href":"https:\/\/graziamagazine.com\/es\/wp-json\/wp\/v2\/users\/14080"}],"wp:attachment":[{"href":"https:\/\/graziamagazine.com\/es\/wp-json\/wp\/v2\/media?parent=42726"}],"wp:term":[{"taxonomy":"category","embeddable":true,"href":"https:\/\/graziamagazine.com\/es\/wp-json\/wp\/v2\/categories?post=42726"}],"curies":[{"name":"wp","href":"https:\/\/api.w.org\/{rel}","templated":true}]}}