{"id":41133,"date":"2015-06-09T11:46:20","date_gmt":"2015-06-09T09:46:20","guid":{"rendered":"https:\/\/graziamagazine.com\/es\/?p=41133"},"modified":"2015-06-09T11:50:20","modified_gmt":"2015-06-09T09:50:20","slug":"que-hizo-kanye-west-por-su-38-cumpleanos","status":"publish","type":"articles","link":"https:\/\/graziamagazine.com\/es\/articles\/que-hizo-kanye-west-por-su-38-cumpleanos\/","title":{"rendered":"\u00bfQu\u00e9 hizo Kanye West por su 38 cumplea\u00f1os?"},"content":{"rendered":"<p>Temblamos solo de pensar en la que nos espera la semana que viene. <strong>North West<\/strong>, la hija de <a href=\"https:\/\/graziamagazine.com\/es\/etiqueta\/kim-kardashian\/\" target=\"_blank\"><strong>Kim Kardashian<\/strong><\/a> y <a href=\"https:\/\/graziamagazine.com\/es\/etiqueta\/kanye-west\/\" target=\"_blank\"><strong>Kanye West<\/strong><\/a>, cumplir\u00e1 sus dos primaveras y ya se rumorean los planes de sus se\u00f1ores padres de cerrar\u00a0Disneyland por y para ella\u2026\u00a0Pero no adelantemos acontecimientos, porque lo que ya ha llegado tampoco es tonter\u00eda.<\/p>\n<p>En su af\u00e1n por ver qui\u00e9n hace el mejor cumplea\u00f1os sorpresa de la historia, <strong>Kim<\/strong> ha sacado todas\u00a0sus cartas a la hora de organizar la fiesta de su se\u00f1or marido. Nada de jugar a las sillas ni de repartir coronitas del Burger King o invitar a tus amigos a una ronda en el 100 Montaditos. No, no, no: <strong>Kimmy ha alquilado el Staples\u00a0Center de Los Angeles de arriba a abajo para que su West pueda jugar\u00a0al baloncesto a sus anchas.\u00a0<\/strong><\/p>\n<figure id=\"attachment_41140\" aria-describedby=\"caption-attachment-41140\" style=\"width: 785px\" class=\"wp-caption aligncenter\"><img loading=\"lazy\" decoding=\"async\" class=\"size-full wp-image-41140\" src=\"https:\/\/graziamagazine.com\/es\/wp-content\/uploads\/sites\/12\/2015\/06\/09113651\/1.jpg\" alt=\"\u00a9 Instagram\" width=\"785\" height=\"480\" \/><figcaption id=\"caption-attachment-41140\" class=\"wp-caption-text\">\u00a9 Instagram<\/figcaption><\/figure>\n<p>\u00a1Y es que los 38 no se cumplen todos los d\u00edas! Que solo le quedan dos a\u00f1os de treintena, \u00bfvale? Y eso hay que celebrarlo. Cuando cumpla los\u00a040 ya iremos a la Luna, si eso. \u00a1Cada cosa a su tiempo, hombre!<\/p>\n<p>En la particular fiesta de <strong>Kanye<\/strong> estuvieron muchos de sus amigos raperos\u00a0<del>y, ehm, Justin Bieber<\/del>, y organizaron dos equipos siendo uno los West y otro los East. Y ea, a jugar. Imaginamos que ganar\u00edan los West, por aquello de que <strong>Kanye<\/strong>\u00a0era el <em>birthday boy<\/em> y quedar\u00eda feo hacerle perder en absolutamente ning\u00fan aspecto de su vida.<\/p>\n<figure id=\"attachment_41139\" aria-describedby=\"caption-attachment-41139\" style=\"width: 550px\" class=\"wp-caption aligncenter\"><img loading=\"lazy\" decoding=\"async\" class=\"size-full wp-image-41139\" src=\"https:\/\/graziamagazine.com\/es\/wp-content\/uploads\/sites\/12\/2015\/06\/09113925\/2.jpg\" alt=\"\u00a9 Instagram\" width=\"550\" height=\"550\" \/><figcaption id=\"caption-attachment-41139\" class=\"wp-caption-text\">\u00a9 Instagram<\/figcaption><\/figure>\n<p><strong>Kim<\/strong>, subida a unas sandalias de tac\u00f3n de infarto para estar bien c\u00f3moda sobre el parquet de la pista de <em>basket<\/em> (la l\u00f3gica en esta mujer a veces es aplastante y ni t\u00fa ni yo podemos decir nada para evitarlo), prefiri\u00f3 disfrutar de las vistas y celebrar el partido cumplea\u00f1ero con sus hermanas <strong>Khlo\u00e9<\/strong> y <strong>Kylie,<\/strong> <del>sus morros,<\/del> y su madre,<strong> Kris Jenner<\/strong> desde la grada. Tambi\u00e9n cant\u00f3\u00a0<strong>John Legend<\/strong>, por aquello de que es <del>casi un Kardashian m\u00e1s<\/del> amigo\u00a0de la familia <del>y, como toc\u00f3 en la boda Kimye, ahora tiene que estar en todo evento habido y por haber<\/del>.<\/p>\n<figure id=\"attachment_41138\" aria-describedby=\"caption-attachment-41138\" style=\"width: 785px\" class=\"wp-caption aligncenter\"><img loading=\"lazy\" decoding=\"async\" class=\"size-full wp-image-41138\" src=\"https:\/\/graziamagazine.com\/es\/wp-content\/uploads\/sites\/12\/2015\/06\/09113646\/3.jpg\" alt=\"\u00a9 Instagram\" width=\"785\" height=\"480\" \/><figcaption id=\"caption-attachment-41138\" class=\"wp-caption-text\">\u00a9 Instagram<\/figcaption><\/figure>\n<p>\u00a1Ah! Se dice que la bromita rond\u00f3 los 110.000 d\u00f3lares, seg\u00fan las malas lenguas. Pero \u00bfqu\u00e9 es todo ese dineral comparado con la felicidad de ver jugar a su <strong>Kanye<\/strong> con camisetas personalizadas? \u00a1\u00bfEh?! \u00a1Minucias!<\/p>\n<p>Ahora, pasado ya el d\u00eda de pap\u00e1-West, ponemos la atenci\u00f3n en <strong>North<\/strong>, quien apunta a ser la protagonista absoluta la semana que viene\u2026 \u00a1S\u00e1lvese quien pueda!<\/p>\n<figure id=\"attachment_41137\" aria-describedby=\"caption-attachment-41137\" style=\"width: 785px\" class=\"wp-caption aligncenter\"><img loading=\"lazy\" decoding=\"async\" class=\"size-full wp-image-41137\" src=\"https:\/\/graziamagazine.com\/es\/wp-content\/uploads\/sites\/12\/2015\/06\/09113921\/cover1.jpg\" alt=\"\u00a9 Cordon Press\" width=\"785\" height=\"480\" \/><figcaption id=\"caption-attachment-41137\" class=\"wp-caption-text\">\u00a9 Cordon Press<\/figcaption><\/figure>\n<p><iframe loading=\"lazy\" style=\"border: none; overflow: hidden; height: 258px;\" src=\"\/\/www.facebook.com\/plugins\/likebox.php?href=https%3A%2F%2Fwww.facebook.com%2Fgraziaespana&amp;width&amp;height=258&amp;colorscheme=light&amp;show_faces=true&amp;header=false&amp;stream=false&amp;show_border=false&amp;appId=349017955267591\" width=\"300\" height=\"150\" frameborder=\"0\" scrolling=\"no\"><\/iframe><\/p>\n","protected":false},"author":24470,"featured_media":0,"template":"","format":"standard","categories":[14,13],"acf":[],"yoast_head":"<!-- This site is optimized with the Yoast SEO Premium plugin v18.5 (Yoast SEO v20.4) - https:\/\/yoast.com\/wordpress\/plugins\/seo\/ -->\n<title>\u00bfQu\u00e9 hizo Kanye West por su 38 cumplea\u00f1os? | Grazia<\/title>\n<meta name=\"description\" content=\"Digamos que, a esta alturas, Kim no se anda con tonter\u00edas cuando se trata de organizar una fiesta sorpresa...\" \/>\n<meta name=\"robots\" content=\"index, follow, max-snippet:-1, max-image-preview:large, max-video-preview:-1\" \/>\n<link rel=\"canonical\" href=\"https:\/\/graziamagazine.com\/es\/articles\/que-hizo-kanye-west-por-su-38-cumpleanos\/\" \/>\n<meta property=\"og:locale\" content=\"es_ES\" \/>\n<meta property=\"og:type\" content=\"article\" \/>\n<meta property=\"og:title\" content=\"\u00bfQu\u00e9 hizo Kanye West por su 38 cumplea\u00f1os?\" \/>\n<meta property=\"og:description\" content=\"Digamos que, a esta alturas, Kim no se anda con tonter\u00edas cuando se trata de organizar una fiesta sorpresa...\" \/>\n<meta property=\"og:url\" content=\"https:\/\/graziamagazine.com\/es\/articles\/que-hizo-kanye-west-por-su-38-cumpleanos\/\" \/>\n<meta property=\"og:site_name\" content=\"Grazia\" \/>\n<meta property=\"article:modified_time\" content=\"2015-06-09T09:50:20+00:00\" \/>\n<meta property=\"og:image\" content=\"https:\/\/graziamagazine.com\/es\/wp-content\/uploads\/sites\/12\/2015\/06\/09113651\/1.jpg\" \/>\n<meta name=\"twitter:card\" content=\"summary_large_image\" \/>\n<meta name=\"twitter:label1\" content=\"Est. reading time\" \/>\n\t<meta name=\"twitter:data1\" content=\"2 minutos\" \/>\n<script type=\"application\/ld+json\" class=\"yoast-schema-graph\">{\"@context\":\"https:\/\/schema.org\",\"@graph\":[{\"@type\":\"WebPage\",\"@id\":\"https:\/\/graziamagazine.com\/es\/articles\/que-hizo-kanye-west-por-su-38-cumpleanos\/\",\"url\":\"https:\/\/graziamagazine.com\/es\/articles\/que-hizo-kanye-west-por-su-38-cumpleanos\/\",\"name\":\"\u00bfQu\u00e9 hizo Kanye West por su 38 cumplea\u00f1os? | Grazia\",\"isPartOf\":{\"@id\":\"https:\/\/graziamagazine.com\/es\/#website\"},\"datePublished\":\"2015-06-09T09:46:20+00:00\",\"dateModified\":\"2015-06-09T09:50:20+00:00\",\"description\":\"Digamos que, a esta alturas, Kim no se anda con tonter\u00edas cuando se trata de organizar una fiesta sorpresa...\",\"breadcrumb\":{\"@id\":\"https:\/\/graziamagazine.com\/es\/articles\/que-hizo-kanye-west-por-su-38-cumpleanos\/#breadcrumb\"},\"inLanguage\":\"es\",\"potentialAction\":[{\"@type\":\"ReadAction\",\"target\":[\"https:\/\/graziamagazine.com\/es\/articles\/que-hizo-kanye-west-por-su-38-cumpleanos\/\"]}]},{\"@type\":\"BreadcrumbList\",\"@id\":\"https:\/\/graziamagazine.com\/es\/articles\/que-hizo-kanye-west-por-su-38-cumpleanos\/#breadcrumb\",\"itemListElement\":[{\"@type\":\"ListItem\",\"position\":1,\"name\":\"Portada\",\"item\":\"https:\/\/graziamagazine.com\/es\/\"},{\"@type\":\"ListItem\",\"position\":2,\"name\":\"\u00bfQu\u00e9 hizo Kanye West por su 38 cumplea\u00f1os?\"}]},{\"@type\":\"WebSite\",\"@id\":\"https:\/\/graziamagazine.com\/es\/#website\",\"url\":\"https:\/\/graziamagazine.com\/es\/\",\"name\":\"Grazia\",\"description\":\"Moda, belleza, celebrities, estilo de vida...\",\"potentialAction\":[{\"@type\":\"SearchAction\",\"target\":{\"@type\":\"EntryPoint\",\"urlTemplate\":\"https:\/\/graziamagazine.com\/es\/?s={search_term_string}\"},\"query-input\":\"required name=search_term_string\"}],\"inLanguage\":\"es\"}]}<\/script>\n<!-- \/ Yoast SEO Premium plugin. -->","yoast_head_json":{"title":"\u00bfQu\u00e9 hizo Kanye West por su 38 cumplea\u00f1os? | Grazia","description":"Digamos que, a esta alturas, Kim no se anda con tonter\u00edas cuando se trata de organizar una fiesta sorpresa...","robots":{"index":"index","follow":"follow","max-snippet":"max-snippet:-1","max-image-preview":"max-image-preview:large","max-video-preview":"max-video-preview:-1"},"canonical":"https:\/\/graziamagazine.com\/es\/articles\/que-hizo-kanye-west-por-su-38-cumpleanos\/","og_locale":"es_ES","og_type":"article","og_title":"\u00bfQu\u00e9 hizo Kanye West por su 38 cumplea\u00f1os?","og_description":"Digamos que, a esta alturas, Kim no se anda con tonter\u00edas cuando se trata de organizar una fiesta sorpresa...","og_url":"https:\/\/graziamagazine.com\/es\/articles\/que-hizo-kanye-west-por-su-38-cumpleanos\/","og_site_name":"Grazia","article_modified_time":"2015-06-09T09:50:20+00:00","og_image":[{"url":"https:\/\/graziamagazine.com\/es\/wp-content\/uploads\/sites\/12\/2015\/06\/09113651\/1.jpg"}],"twitter_card":"summary_large_image","twitter_misc":{"Est. reading time":"2 minutos"},"schema":{"@context":"https:\/\/schema.org","@graph":[{"@type":"WebPage","@id":"https:\/\/graziamagazine.com\/es\/articles\/que-hizo-kanye-west-por-su-38-cumpleanos\/","url":"https:\/\/graziamagazine.com\/es\/articles\/que-hizo-kanye-west-por-su-38-cumpleanos\/","name":"\u00bfQu\u00e9 hizo Kanye West por su 38 cumplea\u00f1os? | Grazia","isPartOf":{"@id":"https:\/\/graziamagazine.com\/es\/#website"},"datePublished":"2015-06-09T09:46:20+00:00","dateModified":"2015-06-09T09:50:20+00:00","description":"Digamos que, a esta alturas, Kim no se anda con tonter\u00edas cuando se trata de organizar una fiesta sorpresa...","breadcrumb":{"@id":"https:\/\/graziamagazine.com\/es\/articles\/que-hizo-kanye-west-por-su-38-cumpleanos\/#breadcrumb"},"inLanguage":"es","potentialAction":[{"@type":"ReadAction","target":["https:\/\/graziamagazine.com\/es\/articles\/que-hizo-kanye-west-por-su-38-cumpleanos\/"]}]},{"@type":"BreadcrumbList","@id":"https:\/\/graziamagazine.com\/es\/articles\/que-hizo-kanye-west-por-su-38-cumpleanos\/#breadcrumb","itemListElement":[{"@type":"ListItem","position":1,"name":"Portada","item":"https:\/\/graziamagazine.com\/es\/"},{"@type":"ListItem","position":2,"name":"\u00bfQu\u00e9 hizo Kanye West por su 38 cumplea\u00f1os?"}]},{"@type":"WebSite","@id":"https:\/\/graziamagazine.com\/es\/#website","url":"https:\/\/graziamagazine.com\/es\/","name":"Grazia","description":"Moda, belleza, celebrities, estilo de vida...","potentialAction":[{"@type":"SearchAction","target":{"@type":"EntryPoint","urlTemplate":"https:\/\/graziamagazine.com\/es\/?s={search_term_string}"},"query-input":"required name=search_term_string"}],"inLanguage":"es"}]}},"jetpack_sharing_enabled":true,"distributor_meta":false,"distributor_terms":false,"distributor_media":false,"distributor_original_site_name":"Grazia","distributor_original_site_url":"https:\/\/graziamagazine.com\/es","push-errors":false,"_links":{"self":[{"href":"https:\/\/graziamagazine.com\/es\/wp-json\/wp\/v2\/articles\/41133"}],"collection":[{"href":"https:\/\/graziamagazine.com\/es\/wp-json\/wp\/v2\/articles"}],"about":[{"href":"https:\/\/graziamagazine.com\/es\/wp-json\/wp\/v2\/types\/articles"}],"author":[{"embeddable":true,"href":"https:\/\/graziamagazine.com\/es\/wp-json\/wp\/v2\/users\/24470"}],"wp:attachment":[{"href":"https:\/\/graziamagazine.com\/es\/wp-json\/wp\/v2\/media?parent=41133"}],"wp:term":[{"taxonomy":"category","embeddable":true,"href":"https:\/\/graziamagazine.com\/es\/wp-json\/wp\/v2\/categories?post=41133"}],"curies":[{"name":"wp","href":"https:\/\/api.w.org\/{rel}","templated":true}]}}