{"id":40403,"date":"2015-05-29T11:37:39","date_gmt":"2015-05-29T09:37:39","guid":{"rendered":"https:\/\/graziamagazine.com\/es\/?p=40403"},"modified":"2015-05-29T11:44:59","modified_gmt":"2015-05-29T09:44:59","slug":"con-que-color-pega-mi-vestido","status":"publish","type":"articles","link":"https:\/\/graziamagazine.com\/es\/articles\/con-que-color-pega-mi-vestido\/","title":{"rendered":"\u00bfCon qu\u00e9 color pega mi vestido?"},"content":{"rendered":"<p>Da igual que sea por lo civil, en la playa, en una catedral o en medio del campo <del>con sus correspondientes <a href=\"https:\/\/www.pinterest.com\/pin\/60657926204180278\/\" target=\"_blank\" target=\"_blank\">asientos de paja<\/a> <em>pineables<\/em><\/del>, <strong>cualquier invitaci\u00f3n a una boda trae consigo dos complejas dudas: 1. \u00bfCu\u00e1nto dinero doy de regalo? y 2. \u00bfCon qu\u00e9 zapatos combino <a href=\"https:\/\/graziamagazine.com\/es\/moda\/invitada-una-boda-50-vestidos\/\" target=\"_blank\">este vestido?<\/a><\/strong><\/p>\n<p>A lo primero no vamos a contestarte ahora (aunque <a href=\"http:\/\/www.huffingtonpost.es\/2015\/05\/07\/regalar-dinero-bodas_n_7087926.html\" target=\"_blank\" target=\"_blank\">AQU\u00cd<\/a> puedes encontrar una original manera de evitar el temido sobre), pero s\u00ed intentaremos solucionar la segunda duda, la de los colores.<\/p>\n<figure id=\"attachment_40409\" aria-describedby=\"caption-attachment-40409\" style=\"width: 785px\" class=\"wp-caption aligncenter\"><img loading=\"lazy\" decoding=\"async\" class=\"size-full wp-image-40409\" src=\"https:\/\/graziamagazine.com\/es\/wp-content\/uploads\/sites\/12\/2015\/05\/28171912\/01-colores-complementos.jpg\" alt=\"De izquierda a derecha: sal\u00f3n geom\u00e9trico, de Roger Vivier (750\u20ac); azul marino y blanco, de Patrizia Pepe (268\u20ac); en fucsia de efecto deste\u00f1ido, de Mantero Meets Paola D'Arcano (300\u20ac); multicolor, de Mary Katrantzou para Gianvito Rossi (520\u20ac); azul y verde con mariposas, de Primadonna Collection (49,99\u20ac); y en azul marino y rojo, de Herm\u00e8s (590\u20ac). \u00a9 Lucio Convertini\" width=\"785\" height=\"480\" \/><figcaption id=\"caption-attachment-40409\" class=\"wp-caption-text\">De izquierda a derecha: sal\u00f3n geom\u00e9trico, de Roger Vivier (750\u20ac); azul marino y blanco, de Patrizia Pepe (268\u20ac); en fucsia de efecto deste\u00f1ido, de Mantero Meets Paola D&#8217;Arcano (300\u20ac); multicolor, de Mary Katrantzou para Gianvito Rossi (520\u20ac); azul y verde con mariposas, de Primadonna Collection (49,99\u20ac); y en azul marino y rojo, de Herm\u00e8s (590\u20ac). \u00a9 Lucio Convertini<\/figcaption><\/figure>\n<p>Al igual que sucede con\u00a0<a href=\"https:\/\/graziamagazine.com\/es\/moda\/los-10-mandamientos-de-la-perfecta-invitada\/\" target=\"_blank\">el manual de estilo sobre c\u00f3mo vestir en una boda,<\/a> <strong>a la hora de mezclar colores deber\u00eda primar el sentido com\u00fan.<\/strong> Es decir, siempre ser\u00e1 m\u00e1s f\u00e1cil jugar con complementos en tonos m\u00e1s divertidos si el vestido (mono, pantal\u00f3n, falda&#8230;) es minimalista o de l\u00edneas simples y m\u00e1s complicado con un modelo que ya venga\u00a0recargado \u00e9l solito.<\/p>\n<p>Como norma general, si el vestido es estampado, apostar\u00e1s sobre seguro con complementos en tonos neutros: negro,\u00a0<em>nude<\/em> o metalizado. Como mucho, incorpora en los complementos alg\u00fan tono que est\u00e9 ya presente en el estampado o que no se salga de su gama. Lo mismo sucede al contrario, es decir, si la prenda principal es de color neutro, ser\u00e1 muy f\u00e1cil porque podr\u00e1s mezclarla\u00a0con todo el arco\u00edris de colores; y con neutro nos referimos al negro, al blanco (de primeras prohibidos en una boda, aunque\u00a0<a href=\"https:\/\/graziamagazine.com\/es\/galeria\/protocolo-de-boda\/\" target=\"_blank\">todo es revisable<\/a>), o a toda la gama tierra.<\/p>\n<figure id=\"attachment_40413\" aria-describedby=\"caption-attachment-40413\" style=\"width: 785px\" class=\"wp-caption aligncenter\"><img loading=\"lazy\" decoding=\"async\" class=\"size-full wp-image-40413\" src=\"https:\/\/graziamagazine.com\/es\/wp-content\/uploads\/sites\/12\/2015\/05\/28175619\/ralph-lauren-tierra.jpg\" alt=\"Olvid\u00e9monos del informal, que ahora no hablamos de copiar el look si no la combinaci\u00f3n de colores: en Ralph Lauren nos ense\u00f1an c\u00f3mo la gama tierra combina a la perfecci\u00f3n con tonos como el frambuesa, el lim\u00f3n o el violeta. \u00a9 Mondadori Photo\" width=\"785\" height=\"606\" \/><figcaption id=\"caption-attachment-40413\" class=\"wp-caption-text\">Olvid\u00e9monos del informal, que ahora no hablamos de copiar el look si no la combinaci\u00f3n de colores: en Ralph Lauren nos ense\u00f1an c\u00f3mo la gama tierra se lleva con todo tipo de tonos como\u00a0el frambuesa, el lim\u00f3n o el violeta. \u00a9 Mondadori Photo<\/figcaption><\/figure>\n<p>En mezclas m\u00e1s atrevidas por suerte <strong>aquello de \u00abrosa y rojo, pu\u00f1etazo en el ojo\u00bb ya pas\u00f3 a mejor vida <\/strong>(que se lo pregunten si no\u00a0a<strong> Roksanda Ilincic <\/strong>o<strong> Emilia Wickstead, <\/strong>favoritas de la Duquesa de Cambridge), as\u00ed que hoy en d\u00eda es posible ver\u00a0parejas de tonos\u00a0en apariencia imposibles por todas partes (pasarelas, alfombras rojas, blogs, <em>street style&#8230;),<\/em> aunque no conviene olvidar ciertas normas de base. Por ejemplo, los tonos pastel, que pegan tanto con cualquier ceremonia de este tipo, combinan muy bien entre s\u00ed y consiguen un look fresco y rom\u00e1ntico.\u00a0Para colores m\u00e1s intensos, conviene fijarse en los matices y en los tonos de fondo.<\/p>\n<p>\u00bfC\u00f3mo? <strong>Fij\u00e1ndonos y tomando buena nota de lo\u00a0que han propuesto para esta temporada 20 dise\u00f1adores sobre la pasarela:<\/strong><\/p>\n<figure id=\"attachment_40417\" aria-describedby=\"caption-attachment-40417\" style=\"width: 1750px\" class=\"wp-caption alignnone\"><img loading=\"lazy\" decoding=\"async\" class=\"wp-image-40417 size-full\" src=\"https:\/\/graziamagazine.com\/es\/wp-content\/uploads\/sites\/12\/2015\/05\/29100846\/azul-cielo01.jpg\" alt=\"\" width=\"1750\" height=\"1280\" \/><figcaption id=\"caption-attachment-40417\" class=\"wp-caption-text\">\u00a9 Mondadori Photo<\/figcaption><\/figure>\n<p><span style=\"text-decoration: underline;\"><strong>SI EL VESTIDO ES AZUL CIELO:<\/strong><\/span><\/p>\n<ul>\n<li><span style=\"text-decoration: underline;\">+ Rosa palo:<\/span> en <strong>Fendi,<\/strong> Karl Lagerfeld nos muestra c\u00f3mo los pasteles se complementan entre s\u00ed. En este caso rosa, lila y azul.<\/li>\n<li><span style=\"text-decoration: underline;\">+ Amarillo pastel:<\/span> <strong>Matthew Williamson<\/strong> apuesta por la mezcla de amarillo y azul que funciona siempre que el azul\u00a0tenga un fondo c\u00e1lido.<\/li>\n<li><span style=\"text-decoration: underline;\">+ Lila:<\/span>\u00a0En <strong>Andrea Incontri<\/strong> vemos c\u00f3mo tambi\u00e9n puede funcionar una mezcla menos com\u00fan, con lila (al que adem\u00e1s a\u00f1aden plata). El azul, eso s\u00ed, tiene una base malva.<\/li>\n<li><span style=\"text-decoration: underline;\">+ Azul marino:<\/span>\u00a0 Probablemente sea la combinaci\u00f3n m\u00e1s sencilla, apostar por otro tono en la gama del azul. Lo vemos en <strong>Michael Van Der Ham.<\/strong><\/li>\n<li><span style=\"text-decoration: underline;\">+ Beige:<\/span>\u00a0Y qui\u00e9n dice beige, como en <strong>Jonathan Saunders,<\/strong> dice cualquier tono terroso (del <em>nude<\/em> al chocolate).<\/li>\n<li><span style=\"text-decoration: underline;\">Adem\u00e1s:<\/span> cualquier conjunto en azul pastel rematar\u00e1 muy bien con complementos metalizados, tanto dorados como plateados.<\/li>\n<\/ul>\n<figure id=\"attachment_40418\" aria-describedby=\"caption-attachment-40418\" style=\"width: 1750px\" class=\"wp-caption aligncenter\"><img loading=\"lazy\" decoding=\"async\" class=\"size-full wp-image-40418\" src=\"https:\/\/graziamagazine.com\/es\/wp-content\/uploads\/sites\/12\/2015\/05\/29100633\/naranja02.jpg\" alt=\"\u00a9 Mondadori Photo\" width=\"1750\" height=\"1280\" \/><figcaption id=\"caption-attachment-40418\" class=\"wp-caption-text\">\u00a9 Mondadori Photo<\/figcaption><\/figure>\n<p><span style=\"text-decoration: underline;\"><strong>SI EL VESTIDO ES NARANJA:<\/strong><\/span><\/p>\n<ul>\n<li><span style=\"text-decoration: underline;\">+ Blanco roto:<\/span>\u00a0Es la forma m\u00e1s sencilla de darle ligereza al tono, como proponen en <strong>3.1 Phillip Lim.<\/strong><\/li>\n<li><span style=\"text-decoration: underline;\">+ Negro:<\/span>\u00a0El salm\u00f3n o coral rematan a la perfecci\u00f3n con el cl\u00e1sico negro, como en <strong>Andrea Incontri.<\/strong><\/li>\n<li><span style=\"text-decoration: underline;\">+ Tierra:<\/span> Como vemos en <strong>Gucci,<\/strong> cualquier tono de la gama tierra pega con el naranja, ya sea con el\u00a0m\u00e1s intenso o con uno m\u00e1s desva\u00eddo.<\/li>\n<li><span style=\"text-decoration: underline;\">+ Azul marino:<\/span> <strong>Jonathan Saunders<\/strong> se decanta por una combinaci\u00f3n infalible al mezclarlo con marino.<\/li>\n<li><span style=\"text-decoration: underline;\">+ Gris:<\/span>\u00a0Un total look en naranja, como el vestido con falda tableada de <strong>Barbara Casasola,<\/strong> puede cerrarse con zapatos y accesorios en cualquier tono de gris (perla, antracita, marfil&#8230;).<\/li>\n<li><span style=\"text-decoration: underline;\">Adem\u00e1s:<\/span> El metalizado en cobre ser\u00e1 otra apuesta segura si tu vestido es de este tono que tanto favorece a una piel ligeramente bronceada.<\/li>\n<\/ul>\n<figure id=\"attachment_40419\" aria-describedby=\"caption-attachment-40419\" style=\"width: 1750px\" class=\"wp-caption aligncenter\"><img loading=\"lazy\" decoding=\"async\" class=\"size-full wp-image-40419\" src=\"https:\/\/graziamagazine.com\/es\/wp-content\/uploads\/sites\/12\/2015\/05\/29100802\/rosa03.jpg\" alt=\"\u00a9 Mondadori Photo\" width=\"1750\" height=\"1280\" \/><figcaption id=\"caption-attachment-40419\" class=\"wp-caption-text\">\u00a9 Mondadori Photo<\/figcaption><\/figure>\n<p><span style=\"text-decoration: underline;\"><strong>SI EL VESTIDO ES ROSA:<\/strong><\/span><\/p>\n<ul>\n<li><span style=\"text-decoration: underline;\">+ Verde militar:<\/span>\u00a0El rosa palo de la americana de <strong>Paul Smit<\/strong>h casa a la perfecci\u00f3n con un verde militar de base amarillenta.<\/li>\n<li><span style=\"text-decoration: underline;\">+ Verde esmeralda:<\/span>\u00a0Si el rosa es algo m\u00e1s fucsia, mejor mezclarlo con un verde esmeralda, como en <strong>Aquilano Rimondi.<\/strong><\/li>\n<li><span style=\"text-decoration: underline;\">+ Azul gris\u00e1ceo<\/span>: Siguiendo la norma de que todos los pasteles suelen funcionar muy bien entre s\u00ed, en <strong>BCBG Max Azria<\/strong> el rosa se empareja\u00a0con celeste.<\/li>\n<li><span style=\"text-decoration: underline;\">+ Negro:<\/span>\u00a0Cierto es que el negro no es el tono m\u00e1s apropiado en una boda, pero siempre puede usarse en peque\u00f1as pinceladas, como vemos en el desfile de <strong>Giles,<\/strong> o en complementos.<\/li>\n<li><span style=\"text-decoration: underline;\">+ Plata o blanco:<\/span> Aportan ligereza y un toque extra de delicadeza al rosa. En la imagen, en <strong>Versace.<\/strong><\/li>\n<li><span style=\"text-decoration: underline;\">Adem\u00e1s:<\/span>\u00a0Atr\u00e9vete a romper ese refr\u00e1n y ll\u00e9valo con rojo. O, si no quieres arriesgar tanto, ll\u00e9valo con burdeos o con marr\u00f3n chocolate.<\/li>\n<\/ul>\n<figure id=\"attachment_40416\" aria-describedby=\"caption-attachment-40416\" style=\"width: 1750px\" class=\"wp-caption aligncenter\"><img loading=\"lazy\" decoding=\"async\" class=\"size-full wp-image-40416\" src=\"https:\/\/graziamagazine.com\/es\/wp-content\/uploads\/sites\/12\/2015\/05\/29100624\/amarillo04.jpg\" alt=\"\u00a9 Mondadori Photo\" width=\"1750\" height=\"1280\" \/><figcaption id=\"caption-attachment-40416\" class=\"wp-caption-text\">\u00a9 Mondadori Photo<\/figcaption><\/figure>\n<p><strong><span style=\"text-decoration: underline;\">SI EL VESTIDO ES AMARILLO:<\/span><\/strong><\/p>\n<ul>\n<li><span style=\"text-decoration: underline;\">+ Arena:<\/span>\u00a0Un tono pastel del amarillo funciona bien con la gama del beige o los tonos arena, como en <strong>Ailanto.<\/strong><\/li>\n<li><span style=\"text-decoration: underline;\">+ Azul pastel:<\/span> es una combinaci\u00f3n arriesgada pero puede funcionar siempre que el azul\u00a0tenga cierta base amarillenta o c\u00e1lida, como en <strong>Creatures of the Wind.<\/strong><\/li>\n<li><span style=\"text-decoration: underline;\">+ Blanco:<\/span>\u00a0Con blanco ha sido la propuesta m\u00e1s repetida en las pasarelas esta temporada. En la imagen, vestido y abrigo de verano de <strong>Delpozo.<\/strong><\/li>\n<li><span style=\"text-decoration: underline;\">+ Verde cazador:<\/span>\u00a0En <strong>Iceberg<\/strong> se mezcla con otra de sus parejas naturales.<\/li>\n<li><span style=\"text-decoration: underline;\">+ Azul Prusia:<\/span>\u00a0Para no parecer una cacat\u00faa, mejor que el amarillo sea pastel, como en <strong>Topshop Unique.<\/strong><\/li>\n<li><span style=\"text-decoration: underline;\">Adem\u00e1s:<\/span> Cualquier azul, verdes oscuros (con base amarillenta como el militar), plateado o beiges.<\/li>\n<\/ul>\n<p>Aprendida la lecci\u00f3n, <a href=\"https:\/\/graziamagazine.com\/es\/galeria\/complementos-de-boda\/\" target=\"_blank\">pasa por nuestra galer\u00eda<\/a> para encontrar los complementos que mejor le queden a tu vestido:<\/p>\n<p>[galeria]<\/p>\n<p><iframe loading=\"lazy\" style=\"border: none; overflow: hidden; height: 258px;\" src=\"\/\/www.facebook.com\/plugins\/likebox.php?href=https%3A%2F%2Fwww.facebook.com%2Fgraziaespana&amp;width&amp;height=258&amp;colorscheme=light&amp;show_faces=true&amp;header=false&amp;stream=false&amp;show_border=false&amp;appId=349017955267591\" width=\"300\" height=\"150\" frameborder=\"0\" scrolling=\"no\"><\/iframe><\/p>\n","protected":false},"author":21500,"featured_media":0,"template":"","format":"standard","categories":[162,1],"acf":[],"yoast_head":"<!-- This site is optimized with the Yoast SEO Premium plugin v18.5 (Yoast SEO v20.4) - https:\/\/yoast.com\/wordpress\/plugins\/seo\/ -->\n<title>\u00bfCon qu\u00e9 color pega mi vestido? | Grazia<\/title>\n<meta name=\"description\" content=\"Zapatos, bolso, chaqueta tocado... Muchos complementos para el look de invitada y siempre la misma duda: \u00bfcon qu\u00e9 colores combinarlo?\" \/>\n<meta name=\"robots\" content=\"index, follow, max-snippet:-1, max-image-preview:large, max-video-preview:-1\" \/>\n<link rel=\"canonical\" href=\"https:\/\/graziamagazine.com\/es\/articles\/con-que-color-pega-mi-vestido\/\" \/>\n<meta property=\"og:locale\" content=\"es_ES\" \/>\n<meta property=\"og:type\" content=\"article\" \/>\n<meta property=\"og:title\" content=\"\u00bfCon qu\u00e9 color pega este vestido?\" \/>\n<meta property=\"og:description\" content=\"Zapatos, bolso, chaqueta tocado... Muchos complementos para el look de invitada y siempre la misma duda: \u00bfcon qu\u00e9 colores combinarlo?\" \/>\n<meta property=\"og:url\" content=\"https:\/\/graziamagazine.com\/es\/articles\/con-que-color-pega-mi-vestido\/\" \/>\n<meta property=\"og:site_name\" content=\"Grazia\" \/>\n<meta property=\"article:modified_time\" content=\"2015-05-29T09:44:59+00:00\" \/>\n<meta property=\"og:image\" content=\"https:\/\/graziamagazine.com\/es\/wp-content\/uploads\/sites\/12\/2015\/05\/29105523\/a.jpg?fit=785%2C480\" \/>\n\t<meta property=\"og:image:width\" content=\"785\" \/>\n\t<meta property=\"og:image:height\" content=\"480\" \/>\n\t<meta property=\"og:image:type\" content=\"image\/jpeg\" \/>\n<meta name=\"twitter:card\" content=\"summary_large_image\" \/>\n<meta name=\"twitter:title\" content=\"\u00bfCon qu\u00e9 color pega mi vestido?\" \/>\n<meta name=\"twitter:label1\" content=\"Est. reading time\" \/>\n\t<meta name=\"twitter:data1\" content=\"6 minutos\" \/>\n<script type=\"application\/ld+json\" class=\"yoast-schema-graph\">{\"@context\":\"https:\/\/schema.org\",\"@graph\":[{\"@type\":\"WebPage\",\"@id\":\"https:\/\/graziamagazine.com\/es\/articles\/con-que-color-pega-mi-vestido\/\",\"url\":\"https:\/\/graziamagazine.com\/es\/articles\/con-que-color-pega-mi-vestido\/\",\"name\":\"\u00bfCon qu\u00e9 color pega mi vestido? | Grazia\",\"isPartOf\":{\"@id\":\"https:\/\/graziamagazine.com\/es\/#website\"},\"datePublished\":\"2015-05-29T09:37:39+00:00\",\"dateModified\":\"2015-05-29T09:44:59+00:00\",\"description\":\"Zapatos, bolso, chaqueta tocado... Muchos complementos para el look de invitada y siempre la misma duda: \u00bfcon qu\u00e9 colores combinarlo?\",\"breadcrumb\":{\"@id\":\"https:\/\/graziamagazine.com\/es\/articles\/con-que-color-pega-mi-vestido\/#breadcrumb\"},\"inLanguage\":\"es\",\"potentialAction\":[{\"@type\":\"ReadAction\",\"target\":[\"https:\/\/graziamagazine.com\/es\/articles\/con-que-color-pega-mi-vestido\/\"]}]},{\"@type\":\"BreadcrumbList\",\"@id\":\"https:\/\/graziamagazine.com\/es\/articles\/con-que-color-pega-mi-vestido\/#breadcrumb\",\"itemListElement\":[{\"@type\":\"ListItem\",\"position\":1,\"name\":\"Portada\",\"item\":\"https:\/\/graziamagazine.com\/es\/\"},{\"@type\":\"ListItem\",\"position\":2,\"name\":\"\u00bfCon qu\u00e9 color pega mi vestido?\"}]},{\"@type\":\"WebSite\",\"@id\":\"https:\/\/graziamagazine.com\/es\/#website\",\"url\":\"https:\/\/graziamagazine.com\/es\/\",\"name\":\"Grazia\",\"description\":\"Moda, belleza, celebrities, estilo de vida...\",\"potentialAction\":[{\"@type\":\"SearchAction\",\"target\":{\"@type\":\"EntryPoint\",\"urlTemplate\":\"https:\/\/graziamagazine.com\/es\/?s={search_term_string}\"},\"query-input\":\"required name=search_term_string\"}],\"inLanguage\":\"es\"}]}<\/script>\n<!-- \/ Yoast SEO Premium plugin. -->","yoast_head_json":{"title":"\u00bfCon qu\u00e9 color pega mi vestido? | Grazia","description":"Zapatos, bolso, chaqueta tocado... Muchos complementos para el look de invitada y siempre la misma duda: \u00bfcon qu\u00e9 colores combinarlo?","robots":{"index":"index","follow":"follow","max-snippet":"max-snippet:-1","max-image-preview":"max-image-preview:large","max-video-preview":"max-video-preview:-1"},"canonical":"https:\/\/graziamagazine.com\/es\/articles\/con-que-color-pega-mi-vestido\/","og_locale":"es_ES","og_type":"article","og_title":"\u00bfCon qu\u00e9 color pega este vestido?","og_description":"Zapatos, bolso, chaqueta tocado... Muchos complementos para el look de invitada y siempre la misma duda: \u00bfcon qu\u00e9 colores combinarlo?","og_url":"https:\/\/graziamagazine.com\/es\/articles\/con-que-color-pega-mi-vestido\/","og_site_name":"Grazia","article_modified_time":"2015-05-29T09:44:59+00:00","og_image":[{"width":785,"height":480,"url":"https:\/\/graziamagazine.com\/es\/wp-content\/uploads\/sites\/12\/2015\/05\/29105523\/a.jpg?fit=785%2C480","type":"image\/jpeg"}],"twitter_card":"summary_large_image","twitter_title":"\u00bfCon qu\u00e9 color pega mi vestido?","twitter_misc":{"Est. reading time":"6 minutos"},"schema":{"@context":"https:\/\/schema.org","@graph":[{"@type":"WebPage","@id":"https:\/\/graziamagazine.com\/es\/articles\/con-que-color-pega-mi-vestido\/","url":"https:\/\/graziamagazine.com\/es\/articles\/con-que-color-pega-mi-vestido\/","name":"\u00bfCon qu\u00e9 color pega mi vestido? | Grazia","isPartOf":{"@id":"https:\/\/graziamagazine.com\/es\/#website"},"datePublished":"2015-05-29T09:37:39+00:00","dateModified":"2015-05-29T09:44:59+00:00","description":"Zapatos, bolso, chaqueta tocado... Muchos complementos para el look de invitada y siempre la misma duda: \u00bfcon qu\u00e9 colores combinarlo?","breadcrumb":{"@id":"https:\/\/graziamagazine.com\/es\/articles\/con-que-color-pega-mi-vestido\/#breadcrumb"},"inLanguage":"es","potentialAction":[{"@type":"ReadAction","target":["https:\/\/graziamagazine.com\/es\/articles\/con-que-color-pega-mi-vestido\/"]}]},{"@type":"BreadcrumbList","@id":"https:\/\/graziamagazine.com\/es\/articles\/con-que-color-pega-mi-vestido\/#breadcrumb","itemListElement":[{"@type":"ListItem","position":1,"name":"Portada","item":"https:\/\/graziamagazine.com\/es\/"},{"@type":"ListItem","position":2,"name":"\u00bfCon qu\u00e9 color pega mi vestido?"}]},{"@type":"WebSite","@id":"https:\/\/graziamagazine.com\/es\/#website","url":"https:\/\/graziamagazine.com\/es\/","name":"Grazia","description":"Moda, belleza, celebrities, estilo de vida...","potentialAction":[{"@type":"SearchAction","target":{"@type":"EntryPoint","urlTemplate":"https:\/\/graziamagazine.com\/es\/?s={search_term_string}"},"query-input":"required name=search_term_string"}],"inLanguage":"es"}]}},"jetpack_sharing_enabled":true,"distributor_meta":false,"distributor_terms":false,"distributor_media":false,"distributor_original_site_name":"Grazia","distributor_original_site_url":"https:\/\/graziamagazine.com\/es","push-errors":false,"_links":{"self":[{"href":"https:\/\/graziamagazine.com\/es\/wp-json\/wp\/v2\/articles\/40403"}],"collection":[{"href":"https:\/\/graziamagazine.com\/es\/wp-json\/wp\/v2\/articles"}],"about":[{"href":"https:\/\/graziamagazine.com\/es\/wp-json\/wp\/v2\/types\/articles"}],"author":[{"embeddable":true,"href":"https:\/\/graziamagazine.com\/es\/wp-json\/wp\/v2\/users\/21500"}],"wp:attachment":[{"href":"https:\/\/graziamagazine.com\/es\/wp-json\/wp\/v2\/media?parent=40403"}],"wp:term":[{"taxonomy":"category","embeddable":true,"href":"https:\/\/graziamagazine.com\/es\/wp-json\/wp\/v2\/categories?post=40403"}],"curies":[{"name":"wp","href":"https:\/\/api.w.org\/{rel}","templated":true}]}}