{"id":39663,"date":"2015-05-19T16:31:08","date_gmt":"2015-05-19T14:31:08","guid":{"rendered":"https:\/\/graziamagazine.com\/es\/?p=39663"},"modified":"2015-05-19T16:47:28","modified_gmt":"2015-05-19T14:47:28","slug":"prohibido-el-zapato-plano-en-cannes","status":"publish","type":"articles","link":"https:\/\/graziamagazine.com\/es\/articles\/prohibido-el-zapato-plano-en-cannes\/","title":{"rendered":"Prohibido el zapato plano en Cannes"},"content":{"rendered":"<p>\u00a1Vaya por Dios! <a href=\"https:\/\/graziamagazine.com\/es\/moda\/tendencias-primavera-verano-2015\/\" target=\"_blank\">Nosotros que nos empe\u00f1amos en convencerte de que para molarlo fuerte hay que ir en plano a todas partes<\/a>, ahora <strong>llega <a href=\"https:\/\/graziamagazine.com\/es\/celebs\/festival-de-cannes-todos-los-looks\/\" target=\"_blank\">Cannes<\/a> y nos lleva la contraria.<\/strong> En efecto, la que se alza como una de las tendencias estrella de la temporada a pie de calle, tiene restringido el paso al elitista y glamuroso festival de la Croisette. <strong>Algo que, de confirmarse cierto, nos parece un desastre por partida doble:<\/strong> primero (aunque algo menos importante) porque, como dec\u00edamos, esta primavera no hay nada m\u00e1s mol\u00f3n que un zapato plano. Pero segundo porque nos gustan los tacones, s\u00ed, pero por lo que son:\u00a0doce cent\u00edmetros a los que subirnos cuando queremos dejar con la boca abierta al personal. Y ah\u00ed est\u00e1 el problema, que <strong>los tacones dejen de ser un arma de seducci\u00f3n para convertirse en una prenda machista si las mujeres se ven obligadas a calzarlos<\/strong> simplemente por el hecho de ser f\u00e9minas.<\/p>\n<figure id=\"attachment_39668\" aria-describedby=\"caption-attachment-39668\" style=\"width: 785px\" class=\"wp-caption aligncenter\"><img loading=\"lazy\" decoding=\"async\" class=\"size-full wp-image-39668\" src=\"https:\/\/graziamagazine.com\/es\/wp-content\/uploads\/sites\/12\/2015\/05\/19162101\/cover1.jpg\" alt=\"\u00a9 Cordon Press\" width=\"785\" height=\"480\" \/><figcaption id=\"caption-attachment-39668\" class=\"wp-caption-text\">\u00a9\u00a0Getty Images<\/figcaption><\/figure>\n<p>El esc\u00e1ndalo se destap\u00f3 cuando el pasado domingo fue denegada la entrada a la proyecci\u00f3n de <em>Carol<\/em> (la cinta de <strong>Todd Haynes<\/strong> protagonizada por <strong>Cate Blanchett<\/strong> con -ir\u00f3nicamente- un mensaje feminista muy potente) a un grupo de mujeres que calzaban zapato plano. As\u00ed lo publicaron <em>Story in Screen<\/em> y el portal especializado <a href=\"http:\/\/www.screendaily.com\/festivals\/cannes\/cannes-women-denied-palais-entry-for-wearing-flats\/5088395.article?blocktitle=LATEST-FILM-NEWS&amp;contentID=40562\" target=\"_blank\" target=\"_blank\"><em>ScreenDaily.com<\/em><\/a>.<\/p>\n<blockquote class=\"twitter-tweet\" lang=\"es\">\n<p dir=\"ltr\" lang=\"en\">Wow. Story in Screen says women were turned back from red carpet screening <a href=\"https:\/\/twitter.com\/hashtag\/Cannes2015?src=hash\" target=\"_blank\">#Cannes2015<\/a> for NOT wearing high heels. <a href=\"http:\/\/t.co\/Yf2O3CyEW5\" target=\"_blank\">pic.twitter.com\/Yf2O3CyEW5<\/a><\/p>\n<p>\u2014 Kate Muir (@muirkate) <a href=\"https:\/\/twitter.com\/muirkate\/status\/600547989690654720\" target=\"_blank\">Mayo 19, 2015<\/a><\/p><\/blockquote>\n<p><script src=\"\/\/platform.twitter.com\/widgets.js\" async=\"\" charset=\"utf-8\"><\/script>Ante semejante normativa, <strong>Kate Muir<\/strong>, cr\u00edtica de cine en el brit\u00e1nico<em> The Times<\/em> hizo notable su descontento a trav\u00e9s de Twitter, con la suerte de que el director <strong>Asif Kapadia<\/strong> (quien present\u00f3 en esta edici\u00f3n su documental sobre Amy Winehouse) contest\u00f3 haci\u00e9ndole saber que a su mujer le hab\u00eda pasado lo mismo (aunque finalmente le dejaron pasar).<\/p>\n<blockquote class=\"twitter-tweet\" lang=\"es\"><p>\n<a href=\"https:\/\/twitter.com\/muirkate\" target=\"_blank\">@muirkate<\/a> happened to my wife (eventually let in) \u2014 asifkapadia (@asifkapadia) <a href=\"https:\/\/twitter.com\/asifkapadia\/status\/600549420766273536\" target=\"_blank\">Mayo 19, 2015<\/a>\n<\/p><\/blockquote>\n<p><script src=\"\/\/platform.twitter.com\/widgets.js\" async=\"\" charset=\"utf-8\"><\/script><\/p>\n<p>Al parecer, ese grupo de mujeres al que denegaron la entrada el pasado domingo sobrepasaba los 50 a\u00f1os de edad, y muchas de ellas hab\u00edan elegido el plano porque, por problemas de salud, no tuvieron otra opci\u00f3n <del>para m\u00e1s inri.<\/del><\/p>\n<figure id=\"attachment_39669\" aria-describedby=\"caption-attachment-39669\" style=\"width: 785px\" class=\"wp-caption aligncenter\"><img loading=\"lazy\" decoding=\"async\" class=\"size-full wp-image-39669\" src=\"https:\/\/graziamagazine.com\/es\/wp-content\/uploads\/sites\/12\/2015\/05\/19162154\/2.jpg\" alt=\"Natalie Portman, la semana pasada con sandalias de tac\u00f3n en Cannes. \u00a9 Getty Images\" width=\"785\" height=\"600\" \/><figcaption id=\"caption-attachment-39669\" class=\"wp-caption-text\">Natalie Portman, la semana pasada con sandalias de tac\u00f3n en Cannes. \u00a9 Getty Images<\/figcaption><\/figure>\n<p>Las primeras declaraciones de <em>celebrities<\/em> han llegado de la mano de la actriz <strong>Emily Blunt,<\/strong>\u00a0que presenta estos d\u00edas <em>Sicario<\/em>, su \u00faltimo filme bajo las \u00f3rdenes de\u00a0<strong>Benicio del Toro<\/strong>. En la rueda de prensa de esta ma\u00f1ana no ha dudado\u00a0en dejar clara su opini\u00f3n: \u201c<strong>Todo el mundo deber\u00eda llevar zapato plano, la verdad<\/strong>. No deber\u00edamos llevar tacones. Es mi punto de vista; de hecho, me encanta ir en Converse\u201d, coment\u00f3; \u201cEs muy decepcionante, justo ahora que cre\u00edamos que ven\u00edan nuevas olas de igualdad\u201d, a\u00f1ade, <strong>no sin dejar a Del Toro bromear acerca de que deber\u00edan ser ellos, los chicos, los que llevaran los tacones esta noche.\u00a0<\/strong><\/p>\n<figure id=\"attachment_39671\" aria-describedby=\"caption-attachment-39671\" style=\"width: 785px\" class=\"wp-caption aligncenter\"><img loading=\"lazy\" decoding=\"async\" class=\"size-full wp-image-39671\" src=\"https:\/\/graziamagazine.com\/es\/wp-content\/uploads\/sites\/12\/2015\/05\/19162538\/3.jpg\" alt=\"\u00a9 Cordon Press\" width=\"785\" height=\"480\" \/><figcaption id=\"caption-attachment-39671\" class=\"wp-caption-text\">\u00a9 Cordon Press<\/figcaption><\/figure>\n<p>Desde el festival, <strong>Thierry Fremaux<\/strong>, su actual director ha querido calmar los nervios a trav\u00e9s de Twitter diciendo que los rumores con\u00a0respecto al\u00a0calzado son \u201ctotalmente infundados\u201d\u2026 Veremos con qu\u00e9 nos sorprende esta noche <strong>Emily Blunt<\/strong> sobre la alfombra roja y en qu\u00e9 acaba la que desde ya es la pol\u00e9mica de Cannes 2015, una nueva edici\u00f3n de un festival en el que los tintes machistas no han faltado desde sus primeros cert\u00e1menes&#8230;<\/p>\n<blockquote class=\"twitter-tweet\" lang=\"es\">\n<p dir=\"ltr\" lang=\"fr\"><a href=\"https:\/\/twitter.com\/marcmissonnier\" target=\"_blank\">@marcmissonnier<\/a> Pas du tout. Et la rumeur selon laquelle le Festival exige des talons hauts pour les femmes sur les marches est infond\u00e9e.<\/p>\n<p>\u2014 THIERRY FREMAUX (@THIERRYFREMAUX) <a href=\"https:\/\/twitter.com\/THIERRYFREMAUX\/status\/600595653606187008\" target=\"_blank\">Mayo 19, 2015<\/a><\/p><\/blockquote>\n<p><script src=\"\/\/platform.twitter.com\/widgets.js\" async=\"\" charset=\"utf-8\"><\/script><\/p>\n<p><iframe loading=\"lazy\" style=\"border: none; overflow: hidden; height: 258px;\" src=\"\/\/www.facebook.com\/plugins\/likebox.php?href=https%3A%2F%2Fwww.facebook.com%2Fgraziaespana&amp;width&amp;height=258&amp;colorscheme=light&amp;show_faces=true&amp;header=false&amp;stream=false&amp;show_border=false&amp;appId=349017955267591\" width=\"300\" height=\"150\" frameborder=\"0\" scrolling=\"no\"><\/iframe><\/p>\n","protected":false},"author":14080,"featured_media":0,"template":"","format":"standard","categories":[3,1],"acf":[],"yoast_head":"<!-- This site is optimized with the Yoast SEO Premium plugin v18.5 (Yoast SEO v20.4) - https:\/\/yoast.com\/wordpress\/plugins\/seo\/ -->\n<title>Prohibido el zapato plano en Cannes | Grazia<\/title>\n<meta name=\"description\" content=\"El pasado domingo se deneg\u00f3 la entrada a varias mujeres que vest\u00edan a ras del suelo. La pol\u00e9mica (machista) de la edici\u00f3n est\u00e1 servida.\" \/>\n<meta name=\"robots\" content=\"index, follow, max-snippet:-1, max-image-preview:large, max-video-preview:-1\" \/>\n<link rel=\"canonical\" href=\"https:\/\/graziamagazine.com\/es\/articles\/prohibido-el-zapato-plano-en-cannes\/\" \/>\n<meta property=\"og:locale\" content=\"es_ES\" \/>\n<meta property=\"og:type\" content=\"article\" \/>\n<meta property=\"og:title\" content=\"Prohibido el zapato plano en Cannes\" \/>\n<meta property=\"og:description\" content=\"El pasado domingo se deneg\u00f3 la entrada a varias mujeres que vest\u00edan a ras del suelo. La pol\u00e9mica (machista) de la edici\u00f3n est\u00e1 servida.\" \/>\n<meta property=\"og:url\" content=\"https:\/\/graziamagazine.com\/es\/articles\/prohibido-el-zapato-plano-en-cannes\/\" \/>\n<meta property=\"og:site_name\" content=\"Grazia\" \/>\n<meta property=\"article:modified_time\" content=\"2015-05-19T14:47:28+00:00\" \/>\n<meta property=\"og:image\" content=\"https:\/\/graziamagazine.com\/es\/wp-content\/uploads\/sites\/12\/2015\/05\/19162101\/cover1.jpg\" \/>\n<meta name=\"twitter:card\" content=\"summary_large_image\" \/>\n<meta name=\"twitter:label1\" content=\"Est. reading time\" \/>\n\t<meta name=\"twitter:data1\" content=\"3 minutos\" \/>\n<script type=\"application\/ld+json\" class=\"yoast-schema-graph\">{\"@context\":\"https:\/\/schema.org\",\"@graph\":[{\"@type\":\"WebPage\",\"@id\":\"https:\/\/graziamagazine.com\/es\/articles\/prohibido-el-zapato-plano-en-cannes\/\",\"url\":\"https:\/\/graziamagazine.com\/es\/articles\/prohibido-el-zapato-plano-en-cannes\/\",\"name\":\"Prohibido el zapato plano en Cannes | Grazia\",\"isPartOf\":{\"@id\":\"https:\/\/graziamagazine.com\/es\/#website\"},\"datePublished\":\"2015-05-19T14:31:08+00:00\",\"dateModified\":\"2015-05-19T14:47:28+00:00\",\"description\":\"El pasado domingo se deneg\u00f3 la entrada a varias mujeres que vest\u00edan a ras del suelo. La pol\u00e9mica (machista) de la edici\u00f3n est\u00e1 servida.\",\"breadcrumb\":{\"@id\":\"https:\/\/graziamagazine.com\/es\/articles\/prohibido-el-zapato-plano-en-cannes\/#breadcrumb\"},\"inLanguage\":\"es\",\"potentialAction\":[{\"@type\":\"ReadAction\",\"target\":[\"https:\/\/graziamagazine.com\/es\/articles\/prohibido-el-zapato-plano-en-cannes\/\"]}]},{\"@type\":\"BreadcrumbList\",\"@id\":\"https:\/\/graziamagazine.com\/es\/articles\/prohibido-el-zapato-plano-en-cannes\/#breadcrumb\",\"itemListElement\":[{\"@type\":\"ListItem\",\"position\":1,\"name\":\"Portada\",\"item\":\"https:\/\/graziamagazine.com\/es\/\"},{\"@type\":\"ListItem\",\"position\":2,\"name\":\"Prohibido el zapato plano en Cannes\"}]},{\"@type\":\"WebSite\",\"@id\":\"https:\/\/graziamagazine.com\/es\/#website\",\"url\":\"https:\/\/graziamagazine.com\/es\/\",\"name\":\"Grazia\",\"description\":\"Moda, belleza, celebrities, estilo de vida...\",\"potentialAction\":[{\"@type\":\"SearchAction\",\"target\":{\"@type\":\"EntryPoint\",\"urlTemplate\":\"https:\/\/graziamagazine.com\/es\/?s={search_term_string}\"},\"query-input\":\"required name=search_term_string\"}],\"inLanguage\":\"es\"}]}<\/script>\n<!-- \/ Yoast SEO Premium plugin. -->","yoast_head_json":{"title":"Prohibido el zapato plano en Cannes | Grazia","description":"El pasado domingo se deneg\u00f3 la entrada a varias mujeres que vest\u00edan a ras del suelo. La pol\u00e9mica (machista) de la edici\u00f3n est\u00e1 servida.","robots":{"index":"index","follow":"follow","max-snippet":"max-snippet:-1","max-image-preview":"max-image-preview:large","max-video-preview":"max-video-preview:-1"},"canonical":"https:\/\/graziamagazine.com\/es\/articles\/prohibido-el-zapato-plano-en-cannes\/","og_locale":"es_ES","og_type":"article","og_title":"Prohibido el zapato plano en Cannes","og_description":"El pasado domingo se deneg\u00f3 la entrada a varias mujeres que vest\u00edan a ras del suelo. La pol\u00e9mica (machista) de la edici\u00f3n est\u00e1 servida.","og_url":"https:\/\/graziamagazine.com\/es\/articles\/prohibido-el-zapato-plano-en-cannes\/","og_site_name":"Grazia","article_modified_time":"2015-05-19T14:47:28+00:00","og_image":[{"url":"https:\/\/graziamagazine.com\/es\/wp-content\/uploads\/sites\/12\/2015\/05\/19162101\/cover1.jpg"}],"twitter_card":"summary_large_image","twitter_misc":{"Est. reading time":"3 minutos"},"schema":{"@context":"https:\/\/schema.org","@graph":[{"@type":"WebPage","@id":"https:\/\/graziamagazine.com\/es\/articles\/prohibido-el-zapato-plano-en-cannes\/","url":"https:\/\/graziamagazine.com\/es\/articles\/prohibido-el-zapato-plano-en-cannes\/","name":"Prohibido el zapato plano en Cannes | Grazia","isPartOf":{"@id":"https:\/\/graziamagazine.com\/es\/#website"},"datePublished":"2015-05-19T14:31:08+00:00","dateModified":"2015-05-19T14:47:28+00:00","description":"El pasado domingo se deneg\u00f3 la entrada a varias mujeres que vest\u00edan a ras del suelo. La pol\u00e9mica (machista) de la edici\u00f3n est\u00e1 servida.","breadcrumb":{"@id":"https:\/\/graziamagazine.com\/es\/articles\/prohibido-el-zapato-plano-en-cannes\/#breadcrumb"},"inLanguage":"es","potentialAction":[{"@type":"ReadAction","target":["https:\/\/graziamagazine.com\/es\/articles\/prohibido-el-zapato-plano-en-cannes\/"]}]},{"@type":"BreadcrumbList","@id":"https:\/\/graziamagazine.com\/es\/articles\/prohibido-el-zapato-plano-en-cannes\/#breadcrumb","itemListElement":[{"@type":"ListItem","position":1,"name":"Portada","item":"https:\/\/graziamagazine.com\/es\/"},{"@type":"ListItem","position":2,"name":"Prohibido el zapato plano en Cannes"}]},{"@type":"WebSite","@id":"https:\/\/graziamagazine.com\/es\/#website","url":"https:\/\/graziamagazine.com\/es\/","name":"Grazia","description":"Moda, belleza, celebrities, estilo de vida...","potentialAction":[{"@type":"SearchAction","target":{"@type":"EntryPoint","urlTemplate":"https:\/\/graziamagazine.com\/es\/?s={search_term_string}"},"query-input":"required name=search_term_string"}],"inLanguage":"es"}]}},"jetpack_sharing_enabled":true,"distributor_meta":false,"distributor_terms":false,"distributor_media":false,"distributor_original_site_name":"Grazia","distributor_original_site_url":"https:\/\/graziamagazine.com\/es","push-errors":false,"_links":{"self":[{"href":"https:\/\/graziamagazine.com\/es\/wp-json\/wp\/v2\/articles\/39663"}],"collection":[{"href":"https:\/\/graziamagazine.com\/es\/wp-json\/wp\/v2\/articles"}],"about":[{"href":"https:\/\/graziamagazine.com\/es\/wp-json\/wp\/v2\/types\/articles"}],"author":[{"embeddable":true,"href":"https:\/\/graziamagazine.com\/es\/wp-json\/wp\/v2\/users\/14080"}],"wp:attachment":[{"href":"https:\/\/graziamagazine.com\/es\/wp-json\/wp\/v2\/media?parent=39663"}],"wp:term":[{"taxonomy":"category","embeddable":true,"href":"https:\/\/graziamagazine.com\/es\/wp-json\/wp\/v2\/categories?post=39663"}],"curies":[{"name":"wp","href":"https:\/\/api.w.org\/{rel}","templated":true}]}}