{"id":39512,"date":"2015-05-18T14:25:38","date_gmt":"2015-05-18T12:25:38","guid":{"rendered":"https:\/\/graziamagazine.com\/es\/?p=39512"},"modified":"2015-05-18T14:30:18","modified_gmt":"2015-05-18T12:30:18","slug":"billboard-music-awards","status":"publish","type":"articles","link":"https:\/\/graziamagazine.com\/es\/articles\/billboard-music-awards\/","title":{"rendered":"Billboard Music Awards"},"content":{"rendered":"<p>Este fin de semana ha estado bien completito de acontecimientos: <a href=\"https:\/\/graziamagazine.com\/es\/celebs\/festival-de-cannes-todos-los-looks\/\" target=\"_blank\">mientras en Cannes se celebraba el cine cada noche<\/a> (con una alfombra roja de esas que quitan el hipo&#8230; \u00a1y lo que queda!), al otro lado del charco ten\u00edan tambi\u00e9n preparada una buena: el pasado domingo se celebr\u00f3 la gala de los Billboard Music Awards -una de las ceremonias m\u00e1s importantes de la m\u00fasica internacional- en el MGM Grand Garden Arena de Las Vegas&#8230; y no fue poco lo que all\u00ed pas\u00f3.<\/p>\n<blockquote><p><a href=\"https:\/\/graziamagazine.com\/es\/galeria\/billboard-music-awards-los-looks-de-la-noche\/\" target=\"_blank\">GALER\u00cdA: todos los looks de la noche.<\/a><\/p><\/blockquote>\n<p>En el terreno musical (que, al fin y al cabo, era el m\u00e1s relevante de la noche), los premios<del> se repartieron<\/del> cayeron principalmente en una persona: <strong>Taylor Swift<\/strong>, la gran protagonista de la noche (pero a eso volveremos m\u00e1s adelante). Con su permiso -y porque con seis galardones ya ten\u00eda suficiente, vaya-, alg\u00fan que otro artista tambi\u00e9n consigui\u00f3 no irse con las manos vac\u00edas. Fue el caso de <strong>Hozier<\/strong>, por ejemplo, con su reconocimiento al Mejor artista rock, o el de los chicos de <strong>One Direction<\/strong>, quienes dedicaron su premio al Mejor grupo a su ex compa\u00f1ero<strong> Zayn Malik<\/strong>, quien decidi\u00f3 tomar otra &#8216;direcci\u00f3n&#8217; (que nos puede un juego de palabras facil\u00f3n) hace ya unos meses.<strong> John Legend, Iggy Azalea o Sam Smith<\/strong> tambi\u00e9n se fueron con celebraci\u00f3n extra a casa.<\/p>\n<figure id=\"attachment_39529\" aria-describedby=\"caption-attachment-39529\" style=\"width: 785px\" class=\"wp-caption aligncenter\"><img loading=\"lazy\" decoding=\"async\" class=\"size-full wp-image-39529\" src=\"https:\/\/graziamagazine.com\/es\/wp-content\/uploads\/sites\/12\/2015\/05\/18141614\/cover1.jpg\" alt=\"\u00a9 Cordon Press\" width=\"785\" height=\"480\" \/><figcaption id=\"caption-attachment-39529\" class=\"wp-caption-text\">\u00a9 Cordon Press<\/figcaption><\/figure>\n<p>Adem\u00e1s, un notici\u00f3n extra dado sobre la alfombra roja: <a href=\"https:\/\/graziamagazine.com\/es\/moda\/balmain-es-el-nuevo-fichaje-de-hm\/\" target=\"_blank\">Balmain unir\u00e1 fuerzas con H&amp;M en la pr\u00f3xima colaboraci\u00f3n estelar del gigante sueco<\/a>. Y, claro, como las cosas hay que anunciarlas bien, <strong>Oliver Rousteing<\/strong>, Director Creativo de la casa francesa, aprovech\u00f3 la ocasi\u00f3n para\u00a0cont\u00e1rselo al mundo presentando los dos primeros dise\u00f1os de la colecci\u00f3n con la mejor percha posible, la de <strong>Kendall Jenner<\/strong> y <strong>Jourdan Dunn<\/strong>.<\/p>\n<figure id=\"attachment_39530\" aria-describedby=\"caption-attachment-39530\" style=\"width: 550px\" class=\"wp-caption aligncenter\"><img loading=\"lazy\" decoding=\"async\" class=\"size-full wp-image-39530\" src=\"https:\/\/graziamagazine.com\/es\/wp-content\/uploads\/sites\/12\/2015\/05\/18142052\/1.jpg\" alt=\"\u00a9 H&amp;M\" width=\"550\" height=\"772\" \/><figcaption id=\"caption-attachment-39530\" class=\"wp-caption-text\">\u00a9 H&amp;M<\/figcaption><\/figure>\n<p>Pero \u00a1ey! No nos vayamos a desviar de tema, que aqu\u00ed la noche fue de Taylor Swift y eso lo sabe hasta el apuntador. \u00bfQue por qu\u00e9? Pues a ver&#8230;<\/p>\n<p><strong>1. Fue la m\u00e1s premiada de la noche<br \/>\n<\/strong>Y claro, venga a subir al escenario.<strong>\u00a0<\/strong><\/p>\n<p><img loading=\"lazy\" decoding=\"async\" class=\"aligncenter size-full wp-image-39517\" src=\"https:\/\/graziamagazine.com\/es\/wp-content\/uploads\/sites\/12\/2015\/05\/18135326\/ok10.gif\" alt=\"ok10\" width=\"480\" height=\"270\" \/><\/p>\n<p><strong><br \/>\n2. Present\u00f3 su \u00faltimo videoclip<\/strong><br \/>\n<em>Bad Blood<\/em>, ese en el que cuenta con m\u00e1s <em>celebrities<\/em> que una alfombra roja (Cindy Crawford incluida) y se visten de superhero\u00ednas molonas y dan pataditas a lo Mortal Combat luciendo tipazo.<\/p>\n<p><iframe loading=\"lazy\" title=\"Taylor Swift - Bad Blood ft. Kendrick Lamar\" width=\"500\" height=\"281\" src=\"https:\/\/www.youtube.com\/embed\/QcIy9NiNbmo?feature=oembed\" frameborder=\"0\" allow=\"accelerometer; autoplay; encrypted-media; gyroscope; picture-in-picture\" allowfullscreen><\/iframe><\/p>\n<p><strong>3. Bail\u00f3 lo m\u00e1s grande<\/strong><br \/>\nPorque una no se hace GIF as\u00ed tan f\u00e1cilmente.<\/p>\n<p><img loading=\"lazy\" decoding=\"async\" class=\"aligncenter size-full wp-image-39519\" src=\"https:\/\/graziamagazine.com\/es\/wp-content\/uploads\/sites\/12\/2015\/05\/18140343\/ok8.gif\" alt=\"ok8\" width=\"480\" height=\"270\" \/><\/p>\n<p><strong><br \/>\n4. Y celebr\u00f3 la noche con sus muchas BFFs<\/strong><br \/>\nAquello parec\u00eda m\u00e1s su cumplea\u00f1os que otra cosa. Al pr\u00f3ximo nos autoinvitamos.<\/p>\n<p><img loading=\"lazy\" decoding=\"async\" class=\"aligncenter size-full wp-image-39522\" src=\"https:\/\/graziamagazine.com\/es\/wp-content\/uploads\/sites\/12\/2015\/05\/18141131\/okok.gif\" alt=\"okok\" width=\"506\" height=\"339\" \/><\/p>\n<p><strong><br \/>\n5. Zarp\u00f3 el amor<br \/>\n<\/strong><span style=\"line-height: 1.5;\">Despu\u00e9s de varias semanas de rumores (que si &#8216;vestimos igual y nos hab\u00e9is pillado&#8217;, que si &#8216;voy a verle en directo\u00a0y lo doy todo&#8217;, que si &#8216;sube fotos de mis gatos&#8217;), <strong>Taytay<\/strong> (recordad, nos hemos autoinvitado a su cumplea\u00f1os, as\u00ed que podemos llamarla as\u00ed) se sent\u00f3 al lado de <strong>Calvin Harris<\/strong> y le abraz\u00f3 a lo loco al recibir uno de los premios. \u00a1Que nos gusta una confirmaci\u00f3n as\u00ed!<\/span><\/p>\n<p><img loading=\"lazy\" decoding=\"async\" class=\"aligncenter size-full wp-image-39523\" src=\"https:\/\/graziamagazine.com\/es\/wp-content\/uploads\/sites\/12\/2015\/05\/18141303\/ok3.gif\" alt=\"ok3\" width=\"500\" height=\"272\" \/><\/p>\n<p><strong><br \/>\n6. \u00a1Qu\u00e9 noche la de aquel d\u00eda!<\/strong><br \/>\nPorque ella, aunque sea la reina del mundo, seguir\u00e1 siendo tal que as\u00ed:<\/p>\n<p><img loading=\"lazy\" decoding=\"async\" class=\"aligncenter size-full wp-image-39524\" src=\"https:\/\/graziamagazine.com\/es\/wp-content\/uploads\/sites\/12\/2015\/05\/18141453\/ok12.gif\" alt=\"ok12\" width=\"480\" height=\"270\" \/><br \/>\nSi es que&#8230; \u00a1la tenemos que querer!<\/p>\n<p><img loading=\"lazy\" decoding=\"async\" class=\"aligncenter size-full wp-image-39525\" src=\"https:\/\/graziamagazine.com\/es\/wp-content\/uploads\/sites\/12\/2015\/05\/18141534\/tay.gif\" alt=\"tay\" width=\"500\" height=\"283\" \/><\/p>\n<p><strong><br \/>\nEl suyo (de Balmain, por cierto) y otros tantos looks de la noche en la que rein\u00f3, en nuestra galer\u00eda:\u00a0<\/strong><\/p>\n<p>[galeria]<\/p>\n<p><iframe loading=\"lazy\" style=\"border: none; overflow: hidden; height: 258px;\" src=\"\/\/www.facebook.com\/plugins\/likebox.php?href=https%3A%2F%2Fwww.facebook.com%2Fgraziaespana&amp;width&amp;height=258&amp;colorscheme=light&amp;show_faces=true&amp;header=false&amp;stream=false&amp;show_border=false&amp;appId=349017955267591\" width=\"300\" height=\"150\" frameborder=\"0\" scrolling=\"no\"><\/iframe><\/p>\n","protected":false},"author":24470,"featured_media":0,"template":"","format":"standard","categories":[13,15],"acf":[],"yoast_head":"<!-- This site is optimized with the Yoast SEO Premium plugin v18.5 (Yoast SEO v20.4) - https:\/\/yoast.com\/wordpress\/plugins\/seo\/ -->\n<title>Billboard Music Awards | Grazia<\/title>\n<meta name=\"description\" content=\"La noche podr\u00eda resumirse en dos palabras: Taylor, Swift. Los motivos para afirmarlo, los looks de las invitadas y otros bombazos de la gala.\" \/>\n<meta name=\"robots\" content=\"index, follow, max-snippet:-1, max-image-preview:large, max-video-preview:-1\" \/>\n<link rel=\"canonical\" href=\"https:\/\/graziamagazine.com\/es\/articles\/billboard-music-awards\/\" \/>\n<meta property=\"og:locale\" content=\"es_ES\" \/>\n<meta property=\"og:type\" content=\"article\" \/>\n<meta property=\"og:title\" content=\"Billboard Music Awards\" \/>\n<meta property=\"og:description\" content=\"La noche podr\u00eda resumirse en dos palabras: Taylor, Swift. Los motivos para afirmarlo, los looks de las invitadas y otros bombazos de la gala.\" \/>\n<meta property=\"og:url\" content=\"https:\/\/graziamagazine.com\/es\/articles\/billboard-music-awards\/\" \/>\n<meta property=\"og:site_name\" content=\"Grazia\" \/>\n<meta property=\"article:modified_time\" content=\"2015-05-18T12:30:18+00:00\" \/>\n<meta property=\"og:image\" content=\"https:\/\/graziamagazine.com\/es\/wp-content\/uploads\/sites\/12\/2015\/05\/18141614\/cover1.jpg\" \/>\n<meta name=\"twitter:card\" content=\"summary_large_image\" \/>\n<meta name=\"twitter:label1\" content=\"Est. reading time\" \/>\n\t<meta name=\"twitter:data1\" content=\"3 minutos\" \/>\n<script type=\"application\/ld+json\" class=\"yoast-schema-graph\">{\"@context\":\"https:\/\/schema.org\",\"@graph\":[{\"@type\":\"WebPage\",\"@id\":\"https:\/\/graziamagazine.com\/es\/articles\/billboard-music-awards\/\",\"url\":\"https:\/\/graziamagazine.com\/es\/articles\/billboard-music-awards\/\",\"name\":\"Billboard Music Awards | Grazia\",\"isPartOf\":{\"@id\":\"https:\/\/graziamagazine.com\/es\/#website\"},\"datePublished\":\"2015-05-18T12:25:38+00:00\",\"dateModified\":\"2015-05-18T12:30:18+00:00\",\"description\":\"La noche podr\u00eda resumirse en dos palabras: Taylor, Swift. Los motivos para afirmarlo, los looks de las invitadas y otros bombazos de la gala.\",\"breadcrumb\":{\"@id\":\"https:\/\/graziamagazine.com\/es\/articles\/billboard-music-awards\/#breadcrumb\"},\"inLanguage\":\"es\",\"potentialAction\":[{\"@type\":\"ReadAction\",\"target\":[\"https:\/\/graziamagazine.com\/es\/articles\/billboard-music-awards\/\"]}]},{\"@type\":\"BreadcrumbList\",\"@id\":\"https:\/\/graziamagazine.com\/es\/articles\/billboard-music-awards\/#breadcrumb\",\"itemListElement\":[{\"@type\":\"ListItem\",\"position\":1,\"name\":\"Portada\",\"item\":\"https:\/\/graziamagazine.com\/es\/\"},{\"@type\":\"ListItem\",\"position\":2,\"name\":\"Billboard Music Awards\"}]},{\"@type\":\"WebSite\",\"@id\":\"https:\/\/graziamagazine.com\/es\/#website\",\"url\":\"https:\/\/graziamagazine.com\/es\/\",\"name\":\"Grazia\",\"description\":\"Moda, belleza, celebrities, estilo de vida...\",\"potentialAction\":[{\"@type\":\"SearchAction\",\"target\":{\"@type\":\"EntryPoint\",\"urlTemplate\":\"https:\/\/graziamagazine.com\/es\/?s={search_term_string}\"},\"query-input\":\"required name=search_term_string\"}],\"inLanguage\":\"es\"}]}<\/script>\n<!-- \/ Yoast SEO Premium plugin. -->","yoast_head_json":{"title":"Billboard Music Awards | Grazia","description":"La noche podr\u00eda resumirse en dos palabras: Taylor, Swift. Los motivos para afirmarlo, los looks de las invitadas y otros bombazos de la gala.","robots":{"index":"index","follow":"follow","max-snippet":"max-snippet:-1","max-image-preview":"max-image-preview:large","max-video-preview":"max-video-preview:-1"},"canonical":"https:\/\/graziamagazine.com\/es\/articles\/billboard-music-awards\/","og_locale":"es_ES","og_type":"article","og_title":"Billboard Music Awards","og_description":"La noche podr\u00eda resumirse en dos palabras: Taylor, Swift. Los motivos para afirmarlo, los looks de las invitadas y otros bombazos de la gala.","og_url":"https:\/\/graziamagazine.com\/es\/articles\/billboard-music-awards\/","og_site_name":"Grazia","article_modified_time":"2015-05-18T12:30:18+00:00","og_image":[{"url":"https:\/\/graziamagazine.com\/es\/wp-content\/uploads\/sites\/12\/2015\/05\/18141614\/cover1.jpg"}],"twitter_card":"summary_large_image","twitter_misc":{"Est. reading time":"3 minutos"},"schema":{"@context":"https:\/\/schema.org","@graph":[{"@type":"WebPage","@id":"https:\/\/graziamagazine.com\/es\/articles\/billboard-music-awards\/","url":"https:\/\/graziamagazine.com\/es\/articles\/billboard-music-awards\/","name":"Billboard Music Awards | Grazia","isPartOf":{"@id":"https:\/\/graziamagazine.com\/es\/#website"},"datePublished":"2015-05-18T12:25:38+00:00","dateModified":"2015-05-18T12:30:18+00:00","description":"La noche podr\u00eda resumirse en dos palabras: Taylor, Swift. Los motivos para afirmarlo, los looks de las invitadas y otros bombazos de la gala.","breadcrumb":{"@id":"https:\/\/graziamagazine.com\/es\/articles\/billboard-music-awards\/#breadcrumb"},"inLanguage":"es","potentialAction":[{"@type":"ReadAction","target":["https:\/\/graziamagazine.com\/es\/articles\/billboard-music-awards\/"]}]},{"@type":"BreadcrumbList","@id":"https:\/\/graziamagazine.com\/es\/articles\/billboard-music-awards\/#breadcrumb","itemListElement":[{"@type":"ListItem","position":1,"name":"Portada","item":"https:\/\/graziamagazine.com\/es\/"},{"@type":"ListItem","position":2,"name":"Billboard Music Awards"}]},{"@type":"WebSite","@id":"https:\/\/graziamagazine.com\/es\/#website","url":"https:\/\/graziamagazine.com\/es\/","name":"Grazia","description":"Moda, belleza, celebrities, estilo de vida...","potentialAction":[{"@type":"SearchAction","target":{"@type":"EntryPoint","urlTemplate":"https:\/\/graziamagazine.com\/es\/?s={search_term_string}"},"query-input":"required name=search_term_string"}],"inLanguage":"es"}]}},"jetpack_sharing_enabled":true,"distributor_meta":false,"distributor_terms":false,"distributor_media":false,"distributor_original_site_name":"Grazia","distributor_original_site_url":"https:\/\/graziamagazine.com\/es","push-errors":false,"_links":{"self":[{"href":"https:\/\/graziamagazine.com\/es\/wp-json\/wp\/v2\/articles\/39512"}],"collection":[{"href":"https:\/\/graziamagazine.com\/es\/wp-json\/wp\/v2\/articles"}],"about":[{"href":"https:\/\/graziamagazine.com\/es\/wp-json\/wp\/v2\/types\/articles"}],"author":[{"embeddable":true,"href":"https:\/\/graziamagazine.com\/es\/wp-json\/wp\/v2\/users\/24470"}],"wp:attachment":[{"href":"https:\/\/graziamagazine.com\/es\/wp-json\/wp\/v2\/media?parent=39512"}],"wp:term":[{"taxonomy":"category","embeddable":true,"href":"https:\/\/graziamagazine.com\/es\/wp-json\/wp\/v2\/categories?post=39512"}],"curies":[{"name":"wp","href":"https:\/\/api.w.org\/{rel}","templated":true}]}}