{"id":39083,"date":"2015-05-24T13:51:35","date_gmt":"2015-05-24T11:51:35","guid":{"rendered":"https:\/\/graziamagazine.com\/es\/?p=39083"},"modified":"2015-05-24T21:27:46","modified_gmt":"2015-05-24T19:27:46","slug":"festival-de-cannes-todos-los-looks","status":"publish","type":"articles","link":"https:\/\/graziamagazine.com\/es\/articles\/festival-de-cannes-todos-los-looks\/","title":{"rendered":"Festival de Cannes: todos los looks"},"content":{"rendered":"<p>[galeria]<\/p>\n<p><strong>Mediados de mayo: la ciudad de la Costa Azul se convierte en lo que los anglosajones llaman el <em>place to be<\/em>; el lugar en el que hay que estar<\/strong>, en cuerpo presente los afortunados invitados y con el ojo puesto (aunque sea a kil\u00f3metros de distancia) el resto de mortales. La cosa es que Cannes, como es costumbre, merece ser el centro de atenci\u00f3n en este mes de mayo tanto para los amantes del cine, como para los amantes de la moda y de los looks m\u00e1s estudiados.<\/p>\n<p>Adem\u00e1s, <a href=\"https:\/\/graziamagazine.com\/es\/lifestyle\/los-60-anos-de-la-palma-de-oro\/\" target=\"_blank\"><strong>su Palma de Oro cumple 60 a\u00f1os<\/strong><\/a> (y eso, seguro, ser\u00e1 un motivo extra de celebraci\u00f3n) y la lista de <em>celebrities<\/em> confirmadas promete no dejar a nadie a disgusto: <strong>Charlize Theron, Julianne Moore,<\/strong> <strong>Karlie Kloss<\/strong>,<strong> Naomi Watts<\/strong> y <a href=\"https:\/\/graziamagazine.com\/es\/celebs\/el-secreto-de-sienna-miller\/\" target=\"_blank\"><strong>Sienna Miller<\/strong> <del>am\u00e9n<\/del>\u00a0quien es miembro del jurado y brillar\u00e1 cada noche sobre la alfombra roja<\/a>.<\/p>\n<figure id=\"attachment_39205\" aria-describedby=\"caption-attachment-39205\" style=\"width: 785px\" class=\"wp-caption aligncenter\"><img loading=\"lazy\" decoding=\"async\" class=\"wp-image-39205 size-full\" src=\"https:\/\/graziamagazine.com\/es\/wp-content\/uploads\/sites\/12\/2015\/05\/13095135\/1.jpg\" alt=\"Cannes 2015\" width=\"785\" height=\"480\" \/><figcaption id=\"caption-attachment-39205\" class=\"wp-caption-text\">Xavier Dolan, Sienna Miller y Jake Gyllenhaal en la primera noche del certamen. \u00a9 Cordon Press<\/figcaption><\/figure>\n<p>En la primera jornada del festival, adem\u00e1s de la pertinente ceremonia de apertura, se proyect\u00f3 la cinta francesa <em>La T\u00eate Haute<\/em>, protagonizada por una ic\u00f3nica <strong>Catherine Deneuve<\/strong> que, por supuesto, no perdi\u00f3 oportunidad de caminar la alfombra roja y posar ante los fot\u00f3grafos. All\u00ed tambi\u00e9n estuvieron <strong>Karlie Kloss<\/strong> y <strong>Doutzen Kroes,<\/strong> dos de las modelos representantes de <strong>L&#8217;Or\u00e9al<\/strong>\u00a0en el certamen;\u00a0<strong>Julianne Moore<\/strong>, tambi\u00e9n\u00a0como imagen de la firma <em>beauty<\/em> francesa, deslumbr\u00f3 en la alfombra roja una vez m\u00e1s (despu\u00e9s del a\u00f1o de grandes eventos que lleva tras haber ganado su Oscar como Mejor actriz).<\/p>\n<p><strong>Natalie Portman,<\/strong> quien presentar\u00e1 esta edici\u00f3n su primera pel\u00edcula como directora (<em>A tale of love\u00a0and darkness<\/em>), recorri\u00f3 la alfombra roja con su marido bajo el brazo.<\/p>\n<figure id=\"attachment_39204\" aria-describedby=\"caption-attachment-39204\" style=\"width: 785px\" class=\"wp-caption aligncenter\"><img loading=\"lazy\" decoding=\"async\" class=\"size-full wp-image-39204\" src=\"https:\/\/graziamagazine.com\/es\/wp-content\/uploads\/sites\/12\/2015\/05\/13095135\/cover1_2.jpg\" alt=\"Naomi Watts, otra de las invitadas a la primera noche de Cannes 2015. \u00a9 Cordon Press\" width=\"785\" height=\"480\" \/><figcaption id=\"caption-attachment-39204\" class=\"wp-caption-text\">Naomi Watts, otra de las invitadas a la primera noche de Cannes 2015. \u00a9\u00a0Getty Images<\/figcaption><\/figure>\n<p>La segunda jornada fue de <strong>Charlize Theron,<\/strong> que eclips\u00f3 al resto de mortales en fundada en un Dior amarillo (s\u00ed, tambi\u00e9n a Sean Penn, que no se separ\u00f3 de su brazo) en la presentaci\u00f3n de su \u00faltimo trabajo, Mad Max: Fury Road. Pero tambi\u00e9n nos encontramos a <strong>Blanca Su\u00e1rez,<\/strong> a <strong>Naomi Watts, Liya Kebede&#8230;<\/strong><\/p>\n<figure id=\"attachment_39332\" aria-describedby=\"caption-attachment-39332\" style=\"width: 1080px\" class=\"wp-caption aligncenter\"><img loading=\"lazy\" decoding=\"async\" class=\"size-full wp-image-39332\" src=\"https:\/\/graziamagazine.com\/es\/wp-content\/uploads\/sites\/12\/2015\/05\/13093956\/0-473362122.jpg\" alt=\"Charlize Theron y Sean Penn \u00a9 Getty Images\" width=\"1080\" height=\"720\" \/><figcaption id=\"caption-attachment-39332\" class=\"wp-caption-text\">Charlize Theron y Sean Penn. \u00a9 Getty Images<\/figcaption><\/figure>\n<p>Despu\u00e9s <strong>llegaron Emma (Stone) y L\u00e9a (Seydoux) a conquistar al personal<\/strong> con sus encantos embriagadores, los mismos que han enamorado a <strong>Woody Allen<\/strong> y a <strong>Yorgos Lanthimos<\/strong> respectivamente, directores de las pel\u00edculas en las que trabajan. Pero ellas tampoco fueron las \u00fanicas en pasearse la noche del viernes por Cannes, porque si algo est\u00e1 caracterizando esta edici\u00f3n es la aglomeraci\u00f3n de estrellas por metro cuadrado: <strong>Rachel Weisz, Colin Farrell, Colin y Livia Firth, Marion Cotillard&#8230;<\/strong><\/p>\n<figure id=\"attachment_39351\" aria-describedby=\"caption-attachment-39351\" style=\"width: 720px\" class=\"wp-caption aligncenter\"><img loading=\"lazy\" decoding=\"async\" class=\"size-full wp-image-39351\" src=\"https:\/\/graziamagazine.com\/es\/wp-content\/uploads\/sites\/12\/2015\/05\/13093956\/473494134_master.jpg\" alt=\"Parker Posey, Woody Allen y Emma Stone en el estreno de 'Irrational Man'. \u00a9 Cordon Press\" width=\"720\" height=\"1080\" \/><figcaption id=\"caption-attachment-39351\" class=\"wp-caption-text\">Parker Posey, Woody Allen y Emma Stone en el estreno de &#8216;Irrational Man&#8217;. \u00a9 Getty Images<\/figcaption><\/figure>\n<p>El fin de semana se present\u00f3 agridulce. Agrio, desde luego, para <strong>Naomi Watts<\/strong> y<strong> Matthew McConaughey,<\/strong> que recibieron abucheos por parte de la prensa tras presentar su cinta, <em>The Sea of Trees.<\/em> Algo m\u00e1s dulce para <strong>Diane Kruger,<\/strong> que regres\u00f3 al festival dos a\u00f1os despu\u00e9s de formar parte del jurado para presentar <em>Maryland<\/em> (y que volvi\u00f3 a coronarse como reina de la alfombra roja).<\/p>\n<p>Tampoco pueden quejarse <strong>Natalie Portman,<\/strong> que se estrena como directora, o <strong>Rooney Mara y Cate Blanchett, protagonistas de <em>Carol,<\/em> una de las pel\u00edculas favoritas para llevarse la Palma de Oro.<\/strong><\/p>\n<figure id=\"attachment_39428\" aria-describedby=\"caption-attachment-39428\" style=\"width: 785px\" class=\"wp-caption aligncenter\"><img loading=\"lazy\" decoding=\"async\" class=\"size-full wp-image-39428\" src=\"https:\/\/graziamagazine.com\/es\/wp-content\/uploads\/sites\/12\/2015\/05\/13095135\/473716944_master.jpg\" alt=\"Cate Blanchett y Rooney Mara protagonizan una de las pel\u00edculas favoritas de la cr\u00edtica. \u00a9 Getty Images\" width=\"785\" height=\"522\" \/><figcaption id=\"caption-attachment-39428\" class=\"wp-caption-text\">Cate Blanchett y Rooney Mara protagonizan &#8216;Carol&#8217;, una de las pel\u00edculas favoritas de la cr\u00edtica. \u00a9 Getty Images<\/figcaption><\/figure>\n<p>En su segunda semana, el festival \u00a0lucha para conseguir el equilibrio entre las pol\u00e9micas que les rodean (<a href=\"https:\/\/graziamagazine.com\/es\/moda\/prohibido-el-zapato-plano-en-cannes\/\" target=\"_blank\">\u00a1a qui\u00e9n se le ocurre prohibir el zapato plano!)<\/a> y el <em>glamour<\/em> que siguen desprendiendo sus artistas invitadas. En la recta final del certamen, los rostros VIP se multiplican a medida que pasan las noches,\u00a0entremezclando a las modelos m\u00e1s importantes del planeta con los actores y actrices que presentan sus cintas.<\/p>\n<figure id=\"attachment_39790\" aria-describedby=\"caption-attachment-39790\" style=\"width: 785px\" class=\"wp-caption aligncenter\"><img loading=\"lazy\" decoding=\"async\" class=\"size-full wp-image-39790\" src=\"https:\/\/graziamagazine.com\/es\/wp-content\/uploads\/sites\/12\/2015\/05\/17115135\/1.jpg\" alt=\"\u00a9 Cordon Press\" width=\"785\" height=\"480\" \/><figcaption id=\"caption-attachment-39790\" class=\"wp-caption-text\">\u00a9 Cordon Press<\/figcaption><\/figure>\n<p>Y el adi\u00f3s a Cannes llega finalmente el domingo 24. Tras diez d\u00edas de glamour y mucho cine, el festival dice adi\u00f3s, hasta el a\u00f1o que viene, con la entrega de su preciado galard\u00f3n: la Palma de Oro (que <a href=\"https:\/\/graziamagazine.com\/es\/lifestyle\/los-60-anos-de-la-palma-de-oro\/\" target=\"_blank\">esta edici\u00f3n cumple 60 a\u00f1os<\/a>), que ha ido a parar a manos de la pel\u00edcula <em>Deephan,<\/em> del director <strong>Jacques Audiard.<\/strong><\/p>\n<figure id=\"attachment_40014\" aria-describedby=\"caption-attachment-40014\" style=\"width: 1080px\" class=\"wp-caption aligncenter\"><img loading=\"lazy\" decoding=\"async\" class=\"size-full wp-image-40014\" src=\"https:\/\/graziamagazine.com\/es\/wp-content\/uploads\/sites\/12\/2015\/05\/13093956\/474637264_master.jpg\" alt=\"Los miembros del jurado de esta edici\u00f3n paseando la \u00faltima noche por la alfombra roja. \u00a9 Getty Images\" width=\"1080\" height=\"720\" \/><figcaption id=\"caption-attachment-40014\" class=\"wp-caption-text\">Los miembros del jurado de esta edici\u00f3n paseando la \u00faltima noche por la alfombra roja. \u00a9 Getty Images<\/figcaption><\/figure>\n<blockquote><p><span style=\"text-decoration: underline;\">GALER\u00cdA:<\/span> <a href=\"https:\/\/graziamagazine.com\/es\/galeria\/festival-de-cannes-todos-los-looks\/\" target=\"_blank\">Clic para ver todas las im\u00e1genes de Cannes 2015.<\/a><\/p><\/blockquote>\n<p><iframe loading=\"lazy\" style=\"border: none; overflow: hidden; height: 258px;\" src=\"\/\/www.facebook.com\/plugins\/likebox.php?href=https%3A%2F%2Fwww.facebook.com%2Fgraziaespana&amp;width&amp;height=258&amp;colorscheme=light&amp;show_faces=true&amp;header=false&amp;stream=false&amp;show_border=false&amp;appId=349017955267591\" width=\"300\" height=\"150\" frameborder=\"0\" scrolling=\"no\"><\/iframe><\/p>\n","protected":false},"author":24470,"featured_media":0,"template":"","format":"standard","categories":[13,15],"acf":[],"yoast_head":"<!-- This site is optimized with the Yoast SEO Premium plugin v18.5 (Yoast SEO v20.4) - https:\/\/yoast.com\/wordpress\/plugins\/seo\/ -->\n<title>Festival de Cannes: todos los looks | Grazia<\/title>\n<meta name=\"description\" content=\"La Croisette despliega su alfombra roja para acoger a los rostros m\u00e1s deseados del panorama en su 68\u00ba edici\u00f3n.\" \/>\n<meta name=\"robots\" content=\"index, follow, max-snippet:-1, max-image-preview:large, max-video-preview:-1\" \/>\n<link rel=\"canonical\" href=\"https:\/\/graziamagazine.com\/es\/articles\/festival-de-cannes-todos-los-looks\/\" \/>\n<meta property=\"og:locale\" content=\"es_ES\" \/>\n<meta property=\"og:type\" content=\"article\" \/>\n<meta property=\"og:title\" content=\"Festival de Cannes: todos los looks\" \/>\n<meta property=\"og:description\" content=\"La Croisette despliega su alfombra roja para acoger a los rostros m\u00e1s deseados del panorama en su 68\u00ba edici\u00f3n.\" \/>\n<meta property=\"og:url\" content=\"https:\/\/graziamagazine.com\/es\/articles\/festival-de-cannes-todos-los-looks\/\" \/>\n<meta property=\"og:site_name\" content=\"Grazia\" \/>\n<meta property=\"article:modified_time\" content=\"2015-05-24T19:27:46+00:00\" \/>\n<meta property=\"og:image\" content=\"https:\/\/graziamagazine.com\/es\/wp-content\/uploads\/sites\/12\/2015\/05\/13093956\/473757724_master.jpg?fit=1080%2C720\" \/>\n\t<meta property=\"og:image:width\" content=\"1080\" \/>\n\t<meta property=\"og:image:height\" content=\"720\" \/>\n\t<meta property=\"og:image:type\" content=\"image\/jpeg\" \/>\n<meta name=\"twitter:card\" content=\"summary_large_image\" \/>\n<meta name=\"twitter:label1\" content=\"Est. reading time\" \/>\n\t<meta name=\"twitter:data1\" content=\"4 minutos\" \/>\n<script type=\"application\/ld+json\" class=\"yoast-schema-graph\">{\"@context\":\"https:\/\/schema.org\",\"@graph\":[{\"@type\":\"WebPage\",\"@id\":\"https:\/\/graziamagazine.com\/es\/articles\/festival-de-cannes-todos-los-looks\/\",\"url\":\"https:\/\/graziamagazine.com\/es\/articles\/festival-de-cannes-todos-los-looks\/\",\"name\":\"Festival de Cannes: todos los looks | Grazia\",\"isPartOf\":{\"@id\":\"https:\/\/graziamagazine.com\/es\/#website\"},\"datePublished\":\"2015-05-24T11:51:35+00:00\",\"dateModified\":\"2015-05-24T19:27:46+00:00\",\"description\":\"La Croisette despliega su alfombra roja para acoger a los rostros m\u00e1s deseados del panorama en su 68\u00ba edici\u00f3n.\",\"breadcrumb\":{\"@id\":\"https:\/\/graziamagazine.com\/es\/articles\/festival-de-cannes-todos-los-looks\/#breadcrumb\"},\"inLanguage\":\"es\",\"potentialAction\":[{\"@type\":\"ReadAction\",\"target\":[\"https:\/\/graziamagazine.com\/es\/articles\/festival-de-cannes-todos-los-looks\/\"]}]},{\"@type\":\"BreadcrumbList\",\"@id\":\"https:\/\/graziamagazine.com\/es\/articles\/festival-de-cannes-todos-los-looks\/#breadcrumb\",\"itemListElement\":[{\"@type\":\"ListItem\",\"position\":1,\"name\":\"Portada\",\"item\":\"https:\/\/graziamagazine.com\/es\/\"},{\"@type\":\"ListItem\",\"position\":2,\"name\":\"Festival de Cannes: todos los looks\"}]},{\"@type\":\"WebSite\",\"@id\":\"https:\/\/graziamagazine.com\/es\/#website\",\"url\":\"https:\/\/graziamagazine.com\/es\/\",\"name\":\"Grazia\",\"description\":\"Moda, belleza, celebrities, estilo de vida...\",\"potentialAction\":[{\"@type\":\"SearchAction\",\"target\":{\"@type\":\"EntryPoint\",\"urlTemplate\":\"https:\/\/graziamagazine.com\/es\/?s={search_term_string}\"},\"query-input\":\"required name=search_term_string\"}],\"inLanguage\":\"es\"}]}<\/script>\n<!-- \/ Yoast SEO Premium plugin. -->","yoast_head_json":{"title":"Festival de Cannes: todos los looks | Grazia","description":"La Croisette despliega su alfombra roja para acoger a los rostros m\u00e1s deseados del panorama en su 68\u00ba edici\u00f3n.","robots":{"index":"index","follow":"follow","max-snippet":"max-snippet:-1","max-image-preview":"max-image-preview:large","max-video-preview":"max-video-preview:-1"},"canonical":"https:\/\/graziamagazine.com\/es\/articles\/festival-de-cannes-todos-los-looks\/","og_locale":"es_ES","og_type":"article","og_title":"Festival de Cannes: todos los looks","og_description":"La Croisette despliega su alfombra roja para acoger a los rostros m\u00e1s deseados del panorama en su 68\u00ba edici\u00f3n.","og_url":"https:\/\/graziamagazine.com\/es\/articles\/festival-de-cannes-todos-los-looks\/","og_site_name":"Grazia","article_modified_time":"2015-05-24T19:27:46+00:00","og_image":[{"width":1080,"height":720,"url":"https:\/\/graziamagazine.com\/es\/wp-content\/uploads\/sites\/12\/2015\/05\/13093956\/473757724_master.jpg?fit=1080%2C720","type":"image\/jpeg"}],"twitter_card":"summary_large_image","twitter_misc":{"Est. reading time":"4 minutos"},"schema":{"@context":"https:\/\/schema.org","@graph":[{"@type":"WebPage","@id":"https:\/\/graziamagazine.com\/es\/articles\/festival-de-cannes-todos-los-looks\/","url":"https:\/\/graziamagazine.com\/es\/articles\/festival-de-cannes-todos-los-looks\/","name":"Festival de Cannes: todos los looks | Grazia","isPartOf":{"@id":"https:\/\/graziamagazine.com\/es\/#website"},"datePublished":"2015-05-24T11:51:35+00:00","dateModified":"2015-05-24T19:27:46+00:00","description":"La Croisette despliega su alfombra roja para acoger a los rostros m\u00e1s deseados del panorama en su 68\u00ba edici\u00f3n.","breadcrumb":{"@id":"https:\/\/graziamagazine.com\/es\/articles\/festival-de-cannes-todos-los-looks\/#breadcrumb"},"inLanguage":"es","potentialAction":[{"@type":"ReadAction","target":["https:\/\/graziamagazine.com\/es\/articles\/festival-de-cannes-todos-los-looks\/"]}]},{"@type":"BreadcrumbList","@id":"https:\/\/graziamagazine.com\/es\/articles\/festival-de-cannes-todos-los-looks\/#breadcrumb","itemListElement":[{"@type":"ListItem","position":1,"name":"Portada","item":"https:\/\/graziamagazine.com\/es\/"},{"@type":"ListItem","position":2,"name":"Festival de Cannes: todos los looks"}]},{"@type":"WebSite","@id":"https:\/\/graziamagazine.com\/es\/#website","url":"https:\/\/graziamagazine.com\/es\/","name":"Grazia","description":"Moda, belleza, celebrities, estilo de vida...","potentialAction":[{"@type":"SearchAction","target":{"@type":"EntryPoint","urlTemplate":"https:\/\/graziamagazine.com\/es\/?s={search_term_string}"},"query-input":"required name=search_term_string"}],"inLanguage":"es"}]}},"jetpack_sharing_enabled":true,"distributor_meta":false,"distributor_terms":false,"distributor_media":false,"distributor_original_site_name":"Grazia","distributor_original_site_url":"https:\/\/graziamagazine.com\/es","push-errors":false,"_links":{"self":[{"href":"https:\/\/graziamagazine.com\/es\/wp-json\/wp\/v2\/articles\/39083"}],"collection":[{"href":"https:\/\/graziamagazine.com\/es\/wp-json\/wp\/v2\/articles"}],"about":[{"href":"https:\/\/graziamagazine.com\/es\/wp-json\/wp\/v2\/types\/articles"}],"author":[{"embeddable":true,"href":"https:\/\/graziamagazine.com\/es\/wp-json\/wp\/v2\/users\/24470"}],"wp:attachment":[{"href":"https:\/\/graziamagazine.com\/es\/wp-json\/wp\/v2\/media?parent=39083"}],"wp:term":[{"taxonomy":"category","embeddable":true,"href":"https:\/\/graziamagazine.com\/es\/wp-json\/wp\/v2\/categories?post=39083"}],"curies":[{"name":"wp","href":"https:\/\/api.w.org\/{rel}","templated":true}]}}