{"id":38896,"date":"2015-05-13T09:26:41","date_gmt":"2015-05-13T07:26:41","guid":{"rendered":"https:\/\/graziamagazine.com\/es\/?p=38896"},"modified":"2015-05-13T11:32:52","modified_gmt":"2015-05-13T09:32:52","slug":"los-60-anos-de-la-palma-de-oro","status":"publish","type":"articles","link":"https:\/\/graziamagazine.com\/es\/articles\/los-60-anos-de-la-palma-de-oro\/","title":{"rendered":"Los 60 a\u00f1os de la Palma de Oro"},"content":{"rendered":"<p><strong><a href=\"https:\/\/graziamagazine.com\/es\/etiqueta\/festival-de-cannes\/\" target=\"_blank\">El Festival de\u00a0Cannes<\/a> rebosa brillo por todos sus costados:<\/strong>\u00a0tanto en sus luminosas ma\u00f1anas ba\u00f1adas de sol y presentaciones junto al mar como en sus noches infinitas, de vestidos de ensue\u00f1o y burbujas de champagne\u00a0<a href=\"https:\/\/graziamagazine.com\/es\/video\/48-horas-en-cannes\/\" target=\"_blank\">de fiesta en fiesta<\/a>, en todas las que celebra el festival cada edici\u00f3n.<\/p>\n<p>Con el Mediterr\u00e1neo a sus pies, la Croisette se se da ya las\u00a0\u00faltimas pinceladas para ponerse guapa y convertirse un a\u00f1o m\u00e1s en el centro del mundo durante diez d\u00edas; del mundo del cine, por un lado, por la cuidada selecci\u00f3n de cintas presentadas a certamen, pero del mundo en general (y parte del extranjero -el extra planetario, digo-) <strong>por <a href=\"https:\/\/graziamagazine.com\/es\/video\/maquillando-las-estrellas\/\" target=\"_blank\">el desfile de rostros c\u00e9lebres<\/a> que all\u00ed tiene lugar (y que este <a href=\"https:\/\/graziamagazine.com\/es\/celebs\/el-secreto-de-sienna-miller\" target=\"_blank\">a\u00f1o contar\u00e1 con los <em>lookazos<\/em> de Sienna Miller<\/a><\/strong>, miembro del jurado durante los pr\u00f3ximos d\u00edas).<\/p>\n<figure id=\"attachment_38991\" aria-describedby=\"caption-attachment-38991\" style=\"width: 785px\" class=\"wp-caption aligncenter\"><img loading=\"lazy\" decoding=\"async\" class=\"size-full wp-image-38991\" src=\"https:\/\/graziamagazine.com\/es\/wp-content\/uploads\/sites\/12\/2015\/05\/12132323\/5_palma_brigitte.jpg\" alt=\"Brigitte Bardot, uno de los iconos de la sensualidad en Cannes, corriendo por la playa en la edici\u00f3n de 1956. \u00a9 Getty Images\" width=\"785\" height=\"480\" \/><figcaption id=\"caption-attachment-38991\" class=\"wp-caption-text\">Brigitte Bardot, uno de los iconos de la sensualidad en Cannes, corriendo por la playa en la edici\u00f3n de 1956. \u00a9 Getty Images<\/figcaption><\/figure>\n<p>En el terreno del <em>glamour<\/em>, Cannes no tiene competidor; en el resto de aspectos, comparte la alegr\u00eda de ser uno de los mejores festivales europeos, junto con la Mostra de Venecia. Precisamente la Mostra fue la responsable del nacimiento de Cannes en\u00a01939, despu\u00e9s de que en el certamen italiano no se valorara dignamente <i>La gran ilusi\u00f3n<\/i> de<strong> Jean Renoir<\/strong>. A ra\u00edz de esto, varios cr\u00edticos y periodistas franceses pidieron a su gobierno la creaci\u00f3n de un festival internacional en el pa\u00eds&#8230;\u00a0<i>Et voil\u00e0<\/i>:<strong> el certamen de la Costa Azul vio la luz un 1 de septiembre<\/strong>, con la desgracia de ser ese mismo d\u00eda el elegido por la Alemania de Hitler para invadir Polonia, dando lugar a la II Guerra Mundial <del>que ya es mala suerte<\/del>. Por supuesto,<strong> la celebraci\u00f3n solo dur\u00f3 una jornada\u2026 y tuvo que esperar al fin del conflicto para renacer en 1946<\/strong>.<\/p>\n<p><strong>Desde entonces, cineastas de todo el globo han so\u00f1ado con echarle mano a su m\u00e1ximo galard\u00f3n, la denominada a d\u00eda de hoy como Palma de Oro<\/strong> que, precisamente este a\u00f1o, cumple 60 siendo el galard\u00f3n oficial del festival. <strong>Pero \u00bfqu\u00e9 hubo antes, c\u00f3mo naci\u00f3 y qui\u00e9n le dio la forma definitiva?<\/strong><\/p>\n<figure id=\"attachment_38992\" aria-describedby=\"caption-attachment-38992\" style=\"width: 785px\" class=\"wp-caption aligncenter\"><img loading=\"lazy\" decoding=\"async\" class=\"size-full wp-image-38992\" src=\"https:\/\/graziamagazine.com\/es\/wp-content\/uploads\/sites\/12\/2015\/05\/12132616\/11_fellini.jpg\" alt=\"El director italiano Federico Fellini con Giuletta Masina tras recibir la Palma por 'La Dolce Vita' (1960). \u00a9 Cordon Press\" width=\"785\" height=\"480\" \/><figcaption id=\"caption-attachment-38992\" class=\"wp-caption-text\">El director italiano Federico Fellini con su mujer Giuletta Masina tras recibir la Palma por &#8216;La Dolce Vita&#8217; (1960). \u00a9 Cordon Press<\/figcaption><\/figure>\n<p>Entre 1939 y 1954, el mayor reconocimiento del certamen, el que premiaba a la mejor pel\u00edcula presentada a la competici\u00f3n oficial, se denominaba\u00a0\u2018Gran Premio del Festival Internacional de Cine\u2019y se entregaba pertinentemente al director de la cinta. <strong>El premio constaba de un diploma y de una obra de arte de un artista contempor\u00e1neo.<\/strong><\/p>\n<p>Quince a\u00f1os m\u00e1s tarde (con el par\u00f3n b\u00e9lico de por medio), el que fuera Director Ejecutivo por aquel entonces, <strong>Robert Favre Le Bret<\/strong> cre\u00f3 un concurso para dise\u00f1ar\u00a0un galard\u00f3n que homenajeara las palmeras que inundan la costa de la ciudad; muchos joyeros se presentaron, pero fue la parisina <strong>Lucienne Lazon<\/strong> quien finalmente le dio forma. Un a\u00f1o despu\u00e9s, <strong>en 1955, <em>Marty<\/em> de Delbert Mann gan\u00f3 la primera Palma del festival de Cannes<\/strong> (siendo la \u00fanica pel\u00edcula de la historia que se hizo ese mismo a\u00f1o con el Oscar a la Mejor pel\u00edcula).<\/p>\n<figure id=\"attachment_38994\" aria-describedby=\"caption-attachment-38994\" style=\"width: 488px\" class=\"wp-caption aligncenter\"><img loading=\"lazy\" decoding=\"async\" class=\"size-full wp-image-38994\" src=\"https:\/\/graziamagazine.com\/es\/wp-content\/uploads\/sites\/12\/2015\/05\/12133713\/marty.jpg\" alt=\"Marty fue la primera pel\u00edcula en ganar una Palma de Cannes colmo tal. \" width=\"488\" height=\"755\" \/><figcaption id=\"caption-attachment-38994\" class=\"wp-caption-text\">Marty (1955).<\/figcaption><\/figure>\n<p>As\u00ed se mantuvo de manera m\u00e1s o menos estable durante las siguientes nueve ediciones (siendo entretanto premiado el \u00fanico espa\u00f1ol, <strong>Luis Bu\u00f1uel<\/strong>, por <i>Viridiana<\/i> en 1961), hasta que en el 64, tras ser objeto de pol\u00e9mica, se retir\u00f3 y se reinstaur\u00f3 la entrega del diploma y la obra de arte. En los a\u00f1os siguientes, los ganadores se llevaron de nuevo bajo el brazo un engorroso diploma que, sin embargo, no pudo entregarse en 1968 tras los acontecimientos sucedidos en las calles de Par\u00eds con motivo del <em>Mayo franc\u00e9s<\/em>: directores e la talla de <strong>Truffaut<\/strong> y <strong>Godard<\/strong> pidieron que esa edici\u00f3n no se celebrase y as\u00ed fue: <strong>el palmar\u00e9s qued\u00f3 vac\u00edo hasta el a\u00f1o siguiente<\/strong>.<\/p>\n<figure id=\"attachment_38995\" aria-describedby=\"caption-attachment-38995\" style=\"width: 785px\" class=\"wp-caption aligncenter\"><img loading=\"lazy\" decoding=\"async\" class=\"size-full wp-image-38995\" src=\"https:\/\/graziamagazine.com\/es\/wp-content\/uploads\/sites\/12\/2015\/05\/12133718\/9_palma_actrices.jpg\" alt=\"A la izquierda, Sophia Loren y Romy Schneider en 1967; a la derecha, Grace Kelly en el certamen de 1955. \u00a9 Festival de Cannes\" width=\"785\" height=\"480\" \/><figcaption id=\"caption-attachment-38995\" class=\"wp-caption-text\">A la izquierda, Sophia Loren y Romy Schneider en 1967; a la derecha, Grace Kelly en el certamen de 1955. \u00a9 Festival de Cannes<\/figcaption><\/figure>\n<p>En 1975 (y tras diez a\u00f1os entregando diplomas \u2013el \u00faltimo en recibirlo, por cierto, fue <strong>Francis Ford Coppola<\/strong> por <i>La Conversaci\u00f3n<\/i> en 1974-) <strong>Maurice Bessy<\/strong>, Director del momento, restaur\u00f3 el trofeo en forma de palma que por aquel entonces se presentaba en un estuche de cuero rojo forrado en su interior de ante blanco.\u00a0Durante los a\u00f1os siguientes y hasta finales de los noventa, la Palma fue sufriendo leves modificaciones en su dise\u00f1o. En ese tiempo, <strong>Jane Campion<\/strong> <strong>se alz\u00f3 como la primera cineasta mujer en ganarla de la historia de Cannes<\/strong> por su obra <em>El Piano<\/em>. La primera y la \u00faltima hasta la fecha. Esto suced\u00eda\u00a0en 1993.<\/p>\n<p><strong>A finales de la d\u00e9cada de los noventa llegan grandes cambios para la anfitriona del certamen, la Palma de Cannes: Chopard, el lujo hecho joya, entr\u00f3 en su vida<\/strong>. Lo hizo, adem\u00e1s, de la forma m\u00e1s casual: en 1997 decidieron realizar la apertura de su <em>boutique<\/em> en la Croisette dentro del calendario del festival de cine y fue ah\u00ed cuando las conversaciones entre las dos entidades empezaron a tomar buen camino. \u201cDurante mi primera reuni\u00f3n con Pierre Viot, entonces Presidente del Festival, me fij\u00e9 en la Palma, que estaba colocada justo detr\u00e1s de \u00e9l en su oficina. Le ped\u00ed que me dejara mirarla de cerca y al ver mi enorme inter\u00e9s, me pregunt\u00f3 si me gustar\u00eda proponerle una nueva versi\u00f3n, una especie de actualizaci\u00f3n. La idea me encant\u00f3, y me puse a trabajar sobre ella con gran entusiasmo\u201d, cuenta <strong>Caroline Scheufele<\/strong> Directora Art\u00edstica y Co-presidenta de <strong>Chopard<\/strong>.<\/p>\n<figure id=\"attachment_38996\" aria-describedby=\"caption-attachment-38996\" style=\"width: 785px\" class=\"wp-caption aligncenter\"><img loading=\"lazy\" decoding=\"async\" class=\"size-full wp-image-38996\" src=\"https:\/\/graziamagazine.com\/es\/wp-content\/uploads\/sites\/12\/2015\/05\/12133839\/4_palma_palma.jpg\" alt=\"Fases de la elaboraci\u00f3n de la Palma de Oro de Chopard. \u00a9 Cordon Press\" width=\"785\" height=\"480\" \/><figcaption id=\"caption-attachment-38996\" class=\"wp-caption-text\">Fases de la elaboraci\u00f3n de la Palma de Oro de Chopard. \u00a9 Cordon Press<\/figcaption><\/figure>\n<p>Y as\u00ed es como empieza la magia, la cual se mantiene, por cierto, a d\u00eda de hoy. Scheufele elabor\u00f3 una palma mucho m\u00e1s ligera que, sin embargo, es mucho m\u00e1s voluminosa, dando especial importancia a los nervios del tallo y las 19 hojas que nacen de \u00e9l. Este, en su base, toma forma de coraz\u00f3n, uno de los grandes emblemas de la firma de joyer\u00eda.<\/p>\n<p>En el 2000, adquiere\u00a0un nuevo valor, el estar elaborada con 125 gramos de oro de 18 quilates: la Palma de Oro de Cannes toma\u00a0su aspecto definitivo (haciendo algunos cambios en su estuche, eso s\u00ed, despu\u00e9s de que en 2001 se cayera del mismo mientras <strong>Lars Von Trier<\/strong> celebraba entusiasmado su victoria con <i>Bailar en la oscuridad<\/i>); ahora, azul en el exterior, tiene un cierre de seguridad a prueba de emociones fuertes.<\/p>\n<figure id=\"attachment_38997\" aria-describedby=\"caption-attachment-38997\" style=\"width: 785px\" class=\"wp-caption aligncenter\"><img loading=\"lazy\" decoding=\"async\" class=\"size-full wp-image-38997\" src=\"https:\/\/graziamagazine.com\/es\/wp-content\/uploads\/sites\/12\/2015\/05\/12134037\/8_palma_volver.jpg\" alt=\"Pen\u00e9lope Cruz recibiendo  la Palma por su trabajo y el de sus compa\u00f1eras en 'Volver' (2006). \" width=\"785\" height=\"480\" \/><figcaption id=\"caption-attachment-38997\" class=\"wp-caption-text\">Pen\u00e9lope Cruz recibiendo la Palma por su trabajo y el de sus compa\u00f1eras en &#8216;Volver&#8217; (2006). \u00a9 Getty Images<\/figcaption><\/figure>\n<p>Tambi\u00e9n en la decada de los dosmil, Scheufele decide crear unas r\u00e9plicas a un tama\u00f1o m\u00e1s peque\u00f1o de la palma original para premiar las mejores interpretaciones de cada certamen, como la que <strong>Pen\u00e9lope Cruz<\/strong> <strong>y el resto de <em>casting<\/em> de <em>Volver<\/em> se llevaron a casa en el a\u00f1o 2006.<\/strong> \u00bfUna excepci\u00f3n? La del pasado 2013, cuando el jurado presidido por <strong>Steven Spielberg<\/strong> decidi\u00f3 premiar por igual a\u00a0<strong>Abdellatif Kechiche<\/strong>, director de <em>La vida de Adele<\/em>, y sus dos protagonistas <strong>L\u00e9a Seydoux<\/strong> y <strong>Ad\u00e8le Exarchopoulos<\/strong>. Los tres se llevaron su correspondiente (y merecida) Palma de Oro a casa.<\/p>\n<figure id=\"attachment_38998\" aria-describedby=\"caption-attachment-38998\" style=\"width: 785px\" class=\"wp-caption aligncenter\"><img loading=\"lazy\" decoding=\"async\" class=\"size-full wp-image-38998\" src=\"https:\/\/graziamagazine.com\/es\/wp-content\/uploads\/sites\/12\/2015\/05\/12134609\/1_palma_adele.jpg\" alt=\"Ad\u00e8le y L\u00e9a recibieron en 2013 la Palma, al igual que su director, por 'La vida de Adele'. \u00a9 Getty Images\" width=\"785\" height=\"480\" \/><figcaption id=\"caption-attachment-38998\" class=\"wp-caption-text\">Ad\u00e8le y L\u00e9a recibieron en 2013 la Palma, al igual que su director, por &#8216;La vida de Adele&#8217;. \u00a9 Getty Images<\/figcaption><\/figure>\n<p>Ahora, sesenta a\u00f1os despu\u00e9s, promete seguir repartiendo alegr\u00edas (y buen cine) brillando m\u00e1s que nunca: <strong>\u00bfqu\u00e9 habr\u00e1 preparado Chopard para celebrar este aniversario?<\/strong> Lo veremos, seguro en los pr\u00f3ximos diez d\u00edas.<\/p>\n<p>\u00a1Que comience el espect\u00e1culo!<\/p>\n<p>[galeria]<\/p>\n<p><iframe loading=\"lazy\" style=\"border: none; overflow: hidden; height: 258px;\" src=\"\/\/www.facebook.com\/plugins\/likebox.php?href=https%3A%2F%2Fwww.facebook.com%2Fgraziaespana&amp;width&amp;height=258&amp;colorscheme=light&amp;show_faces=true&amp;header=false&amp;stream=false&amp;show_border=false&amp;appId=349017955267591\" width=\"300\" height=\"150\" frameborder=\"0\" scrolling=\"no\"><\/iframe><\/p>\n","protected":false},"author":14080,"featured_media":0,"template":"","format":"standard","categories":[19,18],"acf":[],"yoast_head":"<!-- This site is optimized with the Yoast SEO Premium plugin v18.5 (Yoast SEO v20.4) - https:\/\/yoast.com\/wordpress\/plugins\/seo\/ -->\n<title>Los 60 a\u00f1os de la Palma de Oro | Grazia<\/title>\n<meta name=\"description\" content=\"Cannes ultima detalles para dar comienzo a su 68\u00ba edici\u00f3n en la que se celebrar\u00e1n las seis d\u00e9cadas de su preciado galard\u00f3n, una joya con mucha historia.\" \/>\n<meta name=\"robots\" content=\"index, follow, max-snippet:-1, max-image-preview:large, max-video-preview:-1\" \/>\n<link rel=\"canonical\" href=\"https:\/\/graziamagazine.com\/es\/articles\/los-60-anos-de-la-palma-de-oro\/\" \/>\n<meta property=\"og:locale\" content=\"es_ES\" \/>\n<meta property=\"og:type\" content=\"article\" \/>\n<meta property=\"og:title\" content=\"Los 60 a\u00f1os de la Palma de Oro\" \/>\n<meta property=\"og:description\" content=\"Cannes ultima detalles para dar comienzo a su 68\u00ba edici\u00f3n en la que se celebrar\u00e1n las seis d\u00e9cadas de su preciado galard\u00f3n, una joya con mucha historia.\" \/>\n<meta property=\"og:url\" content=\"https:\/\/graziamagazine.com\/es\/articles\/los-60-anos-de-la-palma-de-oro\/\" \/>\n<meta property=\"og:site_name\" content=\"Grazia\" \/>\n<meta property=\"article:modified_time\" content=\"2015-05-13T09:32:52+00:00\" \/>\n<meta property=\"og:image\" content=\"https:\/\/graziamagazine.com\/es\/wp-content\/uploads\/sites\/12\/2015\/05\/12132323\/5_palma_brigitte.jpg\" \/>\n<meta name=\"twitter:card\" content=\"summary_large_image\" \/>\n<meta name=\"twitter:label1\" content=\"Est. reading time\" \/>\n\t<meta name=\"twitter:data1\" content=\"7 minutos\" \/>\n<script type=\"application\/ld+json\" class=\"yoast-schema-graph\">{\"@context\":\"https:\/\/schema.org\",\"@graph\":[{\"@type\":\"WebPage\",\"@id\":\"https:\/\/graziamagazine.com\/es\/articles\/los-60-anos-de-la-palma-de-oro\/\",\"url\":\"https:\/\/graziamagazine.com\/es\/articles\/los-60-anos-de-la-palma-de-oro\/\",\"name\":\"Los 60 a\u00f1os de la Palma de Oro | Grazia\",\"isPartOf\":{\"@id\":\"https:\/\/graziamagazine.com\/es\/#website\"},\"datePublished\":\"2015-05-13T07:26:41+00:00\",\"dateModified\":\"2015-05-13T09:32:52+00:00\",\"description\":\"Cannes ultima detalles para dar comienzo a su 68\u00ba edici\u00f3n en la que se celebrar\u00e1n las seis d\u00e9cadas de su preciado galard\u00f3n, una joya con mucha historia.\",\"breadcrumb\":{\"@id\":\"https:\/\/graziamagazine.com\/es\/articles\/los-60-anos-de-la-palma-de-oro\/#breadcrumb\"},\"inLanguage\":\"es\",\"potentialAction\":[{\"@type\":\"ReadAction\",\"target\":[\"https:\/\/graziamagazine.com\/es\/articles\/los-60-anos-de-la-palma-de-oro\/\"]}]},{\"@type\":\"BreadcrumbList\",\"@id\":\"https:\/\/graziamagazine.com\/es\/articles\/los-60-anos-de-la-palma-de-oro\/#breadcrumb\",\"itemListElement\":[{\"@type\":\"ListItem\",\"position\":1,\"name\":\"Portada\",\"item\":\"https:\/\/graziamagazine.com\/es\/\"},{\"@type\":\"ListItem\",\"position\":2,\"name\":\"Los 60 a\u00f1os de la Palma de Oro\"}]},{\"@type\":\"WebSite\",\"@id\":\"https:\/\/graziamagazine.com\/es\/#website\",\"url\":\"https:\/\/graziamagazine.com\/es\/\",\"name\":\"Grazia\",\"description\":\"Moda, belleza, celebrities, estilo de vida...\",\"potentialAction\":[{\"@type\":\"SearchAction\",\"target\":{\"@type\":\"EntryPoint\",\"urlTemplate\":\"https:\/\/graziamagazine.com\/es\/?s={search_term_string}\"},\"query-input\":\"required name=search_term_string\"}],\"inLanguage\":\"es\"}]}<\/script>\n<!-- \/ Yoast SEO Premium plugin. -->","yoast_head_json":{"title":"Los 60 a\u00f1os de la Palma de Oro | Grazia","description":"Cannes ultima detalles para dar comienzo a su 68\u00ba edici\u00f3n en la que se celebrar\u00e1n las seis d\u00e9cadas de su preciado galard\u00f3n, una joya con mucha historia.","robots":{"index":"index","follow":"follow","max-snippet":"max-snippet:-1","max-image-preview":"max-image-preview:large","max-video-preview":"max-video-preview:-1"},"canonical":"https:\/\/graziamagazine.com\/es\/articles\/los-60-anos-de-la-palma-de-oro\/","og_locale":"es_ES","og_type":"article","og_title":"Los 60 a\u00f1os de la Palma de Oro","og_description":"Cannes ultima detalles para dar comienzo a su 68\u00ba edici\u00f3n en la que se celebrar\u00e1n las seis d\u00e9cadas de su preciado galard\u00f3n, una joya con mucha historia.","og_url":"https:\/\/graziamagazine.com\/es\/articles\/los-60-anos-de-la-palma-de-oro\/","og_site_name":"Grazia","article_modified_time":"2015-05-13T09:32:52+00:00","og_image":[{"url":"https:\/\/graziamagazine.com\/es\/wp-content\/uploads\/sites\/12\/2015\/05\/12132323\/5_palma_brigitte.jpg"}],"twitter_card":"summary_large_image","twitter_misc":{"Est. reading time":"7 minutos"},"schema":{"@context":"https:\/\/schema.org","@graph":[{"@type":"WebPage","@id":"https:\/\/graziamagazine.com\/es\/articles\/los-60-anos-de-la-palma-de-oro\/","url":"https:\/\/graziamagazine.com\/es\/articles\/los-60-anos-de-la-palma-de-oro\/","name":"Los 60 a\u00f1os de la Palma de Oro | Grazia","isPartOf":{"@id":"https:\/\/graziamagazine.com\/es\/#website"},"datePublished":"2015-05-13T07:26:41+00:00","dateModified":"2015-05-13T09:32:52+00:00","description":"Cannes ultima detalles para dar comienzo a su 68\u00ba edici\u00f3n en la que se celebrar\u00e1n las seis d\u00e9cadas de su preciado galard\u00f3n, una joya con mucha historia.","breadcrumb":{"@id":"https:\/\/graziamagazine.com\/es\/articles\/los-60-anos-de-la-palma-de-oro\/#breadcrumb"},"inLanguage":"es","potentialAction":[{"@type":"ReadAction","target":["https:\/\/graziamagazine.com\/es\/articles\/los-60-anos-de-la-palma-de-oro\/"]}]},{"@type":"BreadcrumbList","@id":"https:\/\/graziamagazine.com\/es\/articles\/los-60-anos-de-la-palma-de-oro\/#breadcrumb","itemListElement":[{"@type":"ListItem","position":1,"name":"Portada","item":"https:\/\/graziamagazine.com\/es\/"},{"@type":"ListItem","position":2,"name":"Los 60 a\u00f1os de la Palma de Oro"}]},{"@type":"WebSite","@id":"https:\/\/graziamagazine.com\/es\/#website","url":"https:\/\/graziamagazine.com\/es\/","name":"Grazia","description":"Moda, belleza, celebrities, estilo de vida...","potentialAction":[{"@type":"SearchAction","target":{"@type":"EntryPoint","urlTemplate":"https:\/\/graziamagazine.com\/es\/?s={search_term_string}"},"query-input":"required name=search_term_string"}],"inLanguage":"es"}]}},"jetpack_sharing_enabled":true,"distributor_meta":false,"distributor_terms":false,"distributor_media":false,"distributor_original_site_name":"Grazia","distributor_original_site_url":"https:\/\/graziamagazine.com\/es","push-errors":false,"_links":{"self":[{"href":"https:\/\/graziamagazine.com\/es\/wp-json\/wp\/v2\/articles\/38896"}],"collection":[{"href":"https:\/\/graziamagazine.com\/es\/wp-json\/wp\/v2\/articles"}],"about":[{"href":"https:\/\/graziamagazine.com\/es\/wp-json\/wp\/v2\/types\/articles"}],"author":[{"embeddable":true,"href":"https:\/\/graziamagazine.com\/es\/wp-json\/wp\/v2\/users\/14080"}],"wp:attachment":[{"href":"https:\/\/graziamagazine.com\/es\/wp-json\/wp\/v2\/media?parent=38896"}],"wp:term":[{"taxonomy":"category","embeddable":true,"href":"https:\/\/graziamagazine.com\/es\/wp-json\/wp\/v2\/categories?post=38896"}],"curies":[{"name":"wp","href":"https:\/\/api.w.org\/{rel}","templated":true}]}}