{"id":38090,"date":"2015-05-02T12:22:48","date_gmt":"2015-05-02T10:22:48","guid":{"rendered":"https:\/\/graziamagazine.com\/es\/?p=38090"},"modified":"2015-05-04T21:07:12","modified_gmt":"2015-05-04T19:07:12","slug":"kate-middleton-ha-sido-madre-de-una-nina","status":"publish","type":"articles","link":"https:\/\/graziamagazine.com\/es\/articles\/kate-middleton-ha-sido-madre-de-una-nina\/","title":{"rendered":"Kate Middleton ha sido madre de una ni\u00f1a"},"content":{"rendered":"<blockquote><p>ACTUALIZADO. 4 DE MAYO DE 2015<\/p><\/blockquote>\n<p>Y \u00bfqu\u00e9 pasa con el nombre? Hoy por fin hemos podido saber c\u00f3mo se llamar\u00e1 la nueva princesa brit\u00e1nica. De nuevo, la cuenta de Twitter del Kensington Palace ha sido la encargada de anunciarlo a golpe de 140 caracteres:<\/p>\n<blockquote class=\"twitter-tweet\" lang=\"es\">\n<p dir=\"ltr\" lang=\"en\">The Duke and Duchess of Cambridge are delighted to announce that they have named their daughter Charlotte Elizabeth Diana.<\/p>\n<p>\u2014 Kensington Palace (@KensingtonRoyal) <a href=\"https:\/\/twitter.com\/KensingtonRoyal\/status\/595227874933739520\" target=\"_blank\">Mayo 4, 2015<\/a><\/p><\/blockquote>\n<p><script src=\"\/\/platform.twitter.com\/widgets.js\" async=\"\" charset=\"utf-8\"><\/script>\u00abEl Duque y la Duquesa de Cambridge est\u00e1n encantados de anunciar que han llamado a su hija<strong> Charlotte Elisabeth Diana\u00bb<\/strong>, los tres nombres a los que m\u00e1s apuntaban las apuestas previas a su nacimiento. El primero, es la versi\u00f3n femenina de Charles, nombre del padre del Pr\u00edncipe Guillermo (llam\u00e1ndose asimismo <strong>Charlotte<\/strong> la hermana peque\u00f1a de Kate, Philippa Charlotte Middleton); el segundo, hace referencia a la actual soberana brit\u00e1nica, la Queen <strong>Elizabeth<\/strong> y, por \u00faltimo, <strong>Diana<\/strong>, en honor a la siempre recordada Lady Di, madre del Duque de Cambridge.\u00a0<\/p>\n<p>A\u00fan as\u00ed, <del>y para facilitar las cosas al personal,<\/del> ser\u00e1 conocida como <strong>Su Alteza Real la Princesa Charlotte de Cambridge.\u00a0<\/strong><\/p>\n<blockquote><p>\nLA TARDE DEL 2 DE MAYO LE\u00cdSTE&#8230;\n<\/p><\/blockquote>\n<p>Ni siquiera pasaron diez horas desde el nacimiento del beb\u00e9 cuando <strong>Kate<\/strong> y <strong>Guillermo<\/strong> salieron a las puertas del horpital St.Mary a presentar a su nueva hija. <strong>Kate<\/strong>, totalmente recuperada, volvi\u00f3 a confiar en <strong>Jenny Packham<\/strong> a la hora de vestir, como ya hiciera en la presentaci\u00f3n de su hijo el <strong>Pr\u00edncipe Jorge<\/strong>. Horas antes, el peque\u00f1o lleg\u00f3 al hospital acompa\u00f1ado de su padre.<\/p>\n<figure id=\"attachment_38115\" aria-describedby=\"caption-attachment-38115\" style=\"width: 785px\" class=\"wp-caption aligncenter\"><img loading=\"lazy\" decoding=\"async\" class=\"size-full wp-image-38115\" src=\"https:\/\/graziamagazine.com\/es\/wp-content\/uploads\/sites\/12\/2015\/05\/02102248\/cover1_2.jpg\" alt=\"\u00a9 Cordon Press\" width=\"785\" height=\"480\" \/><figcaption id=\"caption-attachment-38115\" class=\"wp-caption-text\">\u00a9 Cordon Press<\/figcaption><\/figure>\n<figure id=\"attachment_38116\" aria-describedby=\"caption-attachment-38116\" style=\"width: 785px\" class=\"wp-caption aligncenter\"><img loading=\"lazy\" decoding=\"async\" class=\"size-full wp-image-38116\" src=\"https:\/\/graziamagazine.com\/es\/wp-content\/uploads\/sites\/12\/2015\/05\/02102248\/1kate.jpg\" alt=\"\u00a9 Cordon Press\" width=\"785\" height=\"480\" \/><figcaption id=\"caption-attachment-38116\" class=\"wp-caption-text\">\u00a9 Cordon Press<\/figcaption><\/figure>\n<figure id=\"attachment_38112\" aria-describedby=\"caption-attachment-38112\" style=\"width: 785px\" class=\"wp-caption aligncenter\"><img loading=\"lazy\" decoding=\"async\" class=\"size-full wp-image-38112\" src=\"https:\/\/graziamagazine.com\/es\/wp-content\/uploads\/sites\/12\/2015\/05\/02102248\/2_kate.jpg\" alt=\"El Pr\u00edncipe Jorge saluda a las c\u00e1maras a su llegada al hospital. \u00a9 Cordon Press\" width=\"785\" height=\"480\" \/><figcaption id=\"caption-attachment-38112\" class=\"wp-caption-text\">El Pr\u00edncipe Jorge saluda a las c\u00e1maras a su llegada al hospital. \u00a9 Cordon Press<\/figcaption><\/figure>\n<p>&nbsp;<\/p>\n<blockquote><p>\nLA MA\u00d1ANA DEL 2 DE MAYO LE\u00cdSTE&#8230;\n<\/p><\/blockquote>\n<p>\u00a1Por fin! Despu\u00e9s de muchos d\u00edas a la espera de la llegada del nuevo beb\u00e9 real brit\u00e1nico (se anunci\u00f3 que nacer\u00eda a mediados o finales de abril), <strong>Kate Middleton ha dado a luz a una ni\u00f1a en la cl\u00ednica St. Mary del barrio londinense de Paddington<\/strong>, la misma en la que naci\u00f3 su primer hijo, el <strong>Pr\u00edncipe Jorge<\/strong>.<\/p>\n<figure id=\"attachment_38092\" aria-describedby=\"caption-attachment-38092\" style=\"width: 785px\" class=\"wp-caption aligncenter\"><img loading=\"lazy\" decoding=\"async\" class=\"size-full wp-image-38092\" src=\"https:\/\/graziamagazine.com\/es\/wp-content\/uploads\/sites\/12\/2015\/05\/02111235\/2.jpg\" alt=\"Los Duques de Cambridge el pasado mes de marzo. \u00a9 Cordon Press\" width=\"785\" height=\"480\" \/><figcaption id=\"caption-attachment-38092\" class=\"wp-caption-text\">Los Duques de Cambridge el pasado mes de marzo. \u00a9 Cordon Press<\/figcaption><\/figure>\n<p>A las 6 de la ma\u00f1ana del s\u00e1bado 2\u00a0de mayo (7 de la ma\u00f1ana hora espa\u00f1ola) <strong>Kate<\/strong>, acompa\u00f1ada en todo momento por el<strong> Pr\u00edncipe Guillermo<\/strong>, fue desplazada en coche hasta la maternidad en las primeras fases del parto. As\u00ed lo anunci\u00f3 el <a href=\"https:\/\/twitter.com\/KensingtonRoyal\" target=\"_blank\" target=\"_blank\">Twitter de la Casa Real brtit\u00e1nica<\/a>, encargado tambi\u00e9n de anunciar el nacimiento del beb\u00e9 a nivel mundial.\u00a0Eso s\u00ed,\u00a0la primera en saberlo (antes de anunciarlo al mundo a trav\u00e9s de la red social) deb\u00eda ser la Reina de Inglaterra.<\/p>\n<blockquote class=\"twitter-tweet\" lang=\"es\"><p>\nHRH The Duchess of Cambridge was admitted at 06.00hrs to St Mary\u2019s Hospital, Paddington, London and is in the early stages of labour.<\/p>\n<p>\u2014 Kensington Palace (@KensingtonRoyal) <a href=\"https:\/\/twitter.com\/KensingtonRoyal\/status\/594375675089395713\" target=\"_blank\">Mayo 2, 2015<\/a>\n<\/p><\/blockquote>\n<p>&nbsp;<\/p>\n<blockquote class=\"twitter-tweet\" lang=\"es\"><p>\nHer Royal Highness The Duchess of Cambridge was safely delivered of a daughter at 8.34am.<\/p>\n<p>\u2014 Kensington Palace (@KensingtonRoyal) <a href=\"https:\/\/twitter.com\/KensingtonRoyal\/status\/594443545118924800\" target=\"_blank\">Mayo 2, 2015<\/a>\n<\/p><\/blockquote>\n<p><script src=\"\/\/platform.twitter.com\/widgets.js\" async=\"\" charset=\"utf-8\"><\/script><\/p>\n<p>Aunque se comunic\u00f3\u00a0que, si se retrasaba demasiado, el parto ser\u00eda inducido por los especialistas de la cl\u00ednica, todo fue bien y no hizo falta.<strong> El beb\u00e9 ha sido una ni\u00f1a (cosa que no se ha querido anunciar hasta este preciso momento) y ha llegado al mundo a las 8:45 de la ma\u00f1ana (9:45 en Espa\u00f1a) en presencia tambi\u00e9n de su padre, el duque de Cambridge. Ha pesado\u00a03,7kg.\u00a0<\/strong><\/p>\n<figure id=\"attachment_38094\" aria-describedby=\"caption-attachment-38094\" style=\"width: 785px\" class=\"wp-caption aligncenter\"><img loading=\"lazy\" decoding=\"async\" class=\"size-full wp-image-38094\" src=\"https:\/\/graziamagazine.com\/es\/wp-content\/uploads\/sites\/12\/2015\/05\/02111240\/cover1.jpg\" alt=\"\u00a9 Cordon Press\" width=\"785\" height=\"480\" \/><figcaption id=\"caption-attachment-38094\" class=\"wp-caption-text\">\u00a9 Cordon Press<\/figcaption><\/figure>\n<p>Los brit\u00e1nicos, que llevan esperando su llegada impacientes (algunos, incluso, a las puertas del hospital, como ya pas\u00f3 con Jorge) tendr\u00e1n tres d\u00edas para celebrarlo ya que el pr\u00f3ximo lunes se celebra el Bank Holiday en Inglaterra, siendo este un fin de semana festivo (por partida doble).<\/p>\n<p>\u00a1Bienvenido, <em>royal baby<\/em>!<\/p>\n<figure id=\"attachment_38093\" aria-describedby=\"caption-attachment-38093\" style=\"width: 785px\" class=\"wp-caption aligncenter\"><img loading=\"lazy\" decoding=\"async\" class=\"size-full wp-image-38093\" src=\"https:\/\/graziamagazine.com\/es\/wp-content\/uploads\/sites\/12\/2015\/05\/02111141\/1.jpg\" alt=\"Algunas de las personas que llevan d\u00edas esperando a las puertas del Hospital St. Mary. \u00a9 Cordon Press\" width=\"785\" height=\"480\" \/><figcaption id=\"caption-attachment-38093\" class=\"wp-caption-text\">Algunas de las personas que llevan d\u00edas esperando la llegada del beb\u00e9\u00a0\u00a9 Cordon Press<\/figcaption><\/figure>\n<p><iframe loading=\"lazy\" style=\"border: none; overflow: hidden; height: 258px;\" src=\"\/\/www.facebook.com\/plugins\/likebox.php?href=https%3A%2F%2Fwww.facebook.com%2Fgraziaespana&amp;width&amp;height=258&amp;colorscheme=light&amp;show_faces=true&amp;header=false&amp;stream=false&amp;show_border=false&amp;appId=349017955267591\" width=\"300\" height=\"150\" frameborder=\"0\" scrolling=\"no\"><\/iframe><\/p>\n","protected":false},"author":24470,"featured_media":0,"template":"","format":"standard","categories":[14,13],"acf":[],"yoast_head":"<!-- This site is optimized with the Yoast SEO Premium plugin v18.5 (Yoast SEO v20.4) - https:\/\/yoast.com\/wordpress\/plugins\/seo\/ -->\n<title>Kate Middleton ha sido madre de una ni\u00f1a | Grazia<\/title>\n<meta name=\"description\" content=\"La espera brit\u00e1nica ha acabado: los Duques de Cambridge han sido padres de una ni\u00f1a esta misma ma\u00f1ana. \u00a1enhorabuena!\" \/>\n<meta name=\"robots\" content=\"index, follow, max-snippet:-1, max-image-preview:large, max-video-preview:-1\" \/>\n<link rel=\"canonical\" href=\"https:\/\/graziamagazine.com\/es\/articles\/kate-middleton-ha-sido-madre-de-una-nina\/\" \/>\n<meta property=\"og:locale\" content=\"es_ES\" \/>\n<meta property=\"og:type\" content=\"article\" \/>\n<meta property=\"og:title\" content=\"Kate Middleton ha sido madre de una ni\u00f1a\" \/>\n<meta property=\"og:description\" content=\"La espera brit\u00e1nica ha acabado: los Duques de Cambridge han sido padres de una ni\u00f1a esta misma ma\u00f1ana. \u00a1enhorabuena!\" \/>\n<meta property=\"og:url\" content=\"https:\/\/graziamagazine.com\/es\/articles\/kate-middleton-ha-sido-madre-de-una-nina\/\" \/>\n<meta property=\"og:site_name\" content=\"Grazia\" \/>\n<meta property=\"article:modified_time\" content=\"2015-05-04T19:07:12+00:00\" \/>\n<meta property=\"og:image\" content=\"https:\/\/graziamagazine.com\/es\/wp-content\/uploads\/sites\/12\/2015\/05\/02102248\/cover1_2.jpg\" \/>\n<meta name=\"twitter:card\" content=\"summary_large_image\" \/>\n<meta name=\"twitter:label1\" content=\"Est. reading time\" \/>\n\t<meta name=\"twitter:data1\" content=\"3 minutos\" \/>\n<script type=\"application\/ld+json\" class=\"yoast-schema-graph\">{\"@context\":\"https:\/\/schema.org\",\"@graph\":[{\"@type\":\"WebPage\",\"@id\":\"https:\/\/graziamagazine.com\/es\/articles\/kate-middleton-ha-sido-madre-de-una-nina\/\",\"url\":\"https:\/\/graziamagazine.com\/es\/articles\/kate-middleton-ha-sido-madre-de-una-nina\/\",\"name\":\"Kate Middleton ha sido madre de una ni\u00f1a | Grazia\",\"isPartOf\":{\"@id\":\"https:\/\/graziamagazine.com\/es\/#website\"},\"datePublished\":\"2015-05-02T10:22:48+00:00\",\"dateModified\":\"2015-05-04T19:07:12+00:00\",\"description\":\"La espera brit\u00e1nica ha acabado: los Duques de Cambridge han sido padres de una ni\u00f1a esta misma ma\u00f1ana. \u00a1enhorabuena!\",\"breadcrumb\":{\"@id\":\"https:\/\/graziamagazine.com\/es\/articles\/kate-middleton-ha-sido-madre-de-una-nina\/#breadcrumb\"},\"inLanguage\":\"es\",\"potentialAction\":[{\"@type\":\"ReadAction\",\"target\":[\"https:\/\/graziamagazine.com\/es\/articles\/kate-middleton-ha-sido-madre-de-una-nina\/\"]}]},{\"@type\":\"BreadcrumbList\",\"@id\":\"https:\/\/graziamagazine.com\/es\/articles\/kate-middleton-ha-sido-madre-de-una-nina\/#breadcrumb\",\"itemListElement\":[{\"@type\":\"ListItem\",\"position\":1,\"name\":\"Portada\",\"item\":\"https:\/\/graziamagazine.com\/es\/\"},{\"@type\":\"ListItem\",\"position\":2,\"name\":\"Kate Middleton ha sido madre de una ni\u00f1a\"}]},{\"@type\":\"WebSite\",\"@id\":\"https:\/\/graziamagazine.com\/es\/#website\",\"url\":\"https:\/\/graziamagazine.com\/es\/\",\"name\":\"Grazia\",\"description\":\"Moda, belleza, celebrities, estilo de vida...\",\"potentialAction\":[{\"@type\":\"SearchAction\",\"target\":{\"@type\":\"EntryPoint\",\"urlTemplate\":\"https:\/\/graziamagazine.com\/es\/?s={search_term_string}\"},\"query-input\":\"required name=search_term_string\"}],\"inLanguage\":\"es\"}]}<\/script>\n<!-- \/ Yoast SEO Premium plugin. -->","yoast_head_json":{"title":"Kate Middleton ha sido madre de una ni\u00f1a | Grazia","description":"La espera brit\u00e1nica ha acabado: los Duques de Cambridge han sido padres de una ni\u00f1a esta misma ma\u00f1ana. \u00a1enhorabuena!","robots":{"index":"index","follow":"follow","max-snippet":"max-snippet:-1","max-image-preview":"max-image-preview:large","max-video-preview":"max-video-preview:-1"},"canonical":"https:\/\/graziamagazine.com\/es\/articles\/kate-middleton-ha-sido-madre-de-una-nina\/","og_locale":"es_ES","og_type":"article","og_title":"Kate Middleton ha sido madre de una ni\u00f1a","og_description":"La espera brit\u00e1nica ha acabado: los Duques de Cambridge han sido padres de una ni\u00f1a esta misma ma\u00f1ana. \u00a1enhorabuena!","og_url":"https:\/\/graziamagazine.com\/es\/articles\/kate-middleton-ha-sido-madre-de-una-nina\/","og_site_name":"Grazia","article_modified_time":"2015-05-04T19:07:12+00:00","og_image":[{"url":"https:\/\/graziamagazine.com\/es\/wp-content\/uploads\/sites\/12\/2015\/05\/02102248\/cover1_2.jpg"}],"twitter_card":"summary_large_image","twitter_misc":{"Est. reading time":"3 minutos"},"schema":{"@context":"https:\/\/schema.org","@graph":[{"@type":"WebPage","@id":"https:\/\/graziamagazine.com\/es\/articles\/kate-middleton-ha-sido-madre-de-una-nina\/","url":"https:\/\/graziamagazine.com\/es\/articles\/kate-middleton-ha-sido-madre-de-una-nina\/","name":"Kate Middleton ha sido madre de una ni\u00f1a | Grazia","isPartOf":{"@id":"https:\/\/graziamagazine.com\/es\/#website"},"datePublished":"2015-05-02T10:22:48+00:00","dateModified":"2015-05-04T19:07:12+00:00","description":"La espera brit\u00e1nica ha acabado: los Duques de Cambridge han sido padres de una ni\u00f1a esta misma ma\u00f1ana. \u00a1enhorabuena!","breadcrumb":{"@id":"https:\/\/graziamagazine.com\/es\/articles\/kate-middleton-ha-sido-madre-de-una-nina\/#breadcrumb"},"inLanguage":"es","potentialAction":[{"@type":"ReadAction","target":["https:\/\/graziamagazine.com\/es\/articles\/kate-middleton-ha-sido-madre-de-una-nina\/"]}]},{"@type":"BreadcrumbList","@id":"https:\/\/graziamagazine.com\/es\/articles\/kate-middleton-ha-sido-madre-de-una-nina\/#breadcrumb","itemListElement":[{"@type":"ListItem","position":1,"name":"Portada","item":"https:\/\/graziamagazine.com\/es\/"},{"@type":"ListItem","position":2,"name":"Kate Middleton ha sido madre de una ni\u00f1a"}]},{"@type":"WebSite","@id":"https:\/\/graziamagazine.com\/es\/#website","url":"https:\/\/graziamagazine.com\/es\/","name":"Grazia","description":"Moda, belleza, celebrities, estilo de vida...","potentialAction":[{"@type":"SearchAction","target":{"@type":"EntryPoint","urlTemplate":"https:\/\/graziamagazine.com\/es\/?s={search_term_string}"},"query-input":"required name=search_term_string"}],"inLanguage":"es"}]}},"jetpack_sharing_enabled":true,"distributor_meta":false,"distributor_terms":false,"distributor_media":false,"distributor_original_site_name":"Grazia","distributor_original_site_url":"https:\/\/graziamagazine.com\/es","push-errors":false,"_links":{"self":[{"href":"https:\/\/graziamagazine.com\/es\/wp-json\/wp\/v2\/articles\/38090"}],"collection":[{"href":"https:\/\/graziamagazine.com\/es\/wp-json\/wp\/v2\/articles"}],"about":[{"href":"https:\/\/graziamagazine.com\/es\/wp-json\/wp\/v2\/types\/articles"}],"author":[{"embeddable":true,"href":"https:\/\/graziamagazine.com\/es\/wp-json\/wp\/v2\/users\/24470"}],"wp:attachment":[{"href":"https:\/\/graziamagazine.com\/es\/wp-json\/wp\/v2\/media?parent=38090"}],"wp:term":[{"taxonomy":"category","embeddable":true,"href":"https:\/\/graziamagazine.com\/es\/wp-json\/wp\/v2\/categories?post=38090"}],"curies":[{"name":"wp","href":"https:\/\/api.w.org\/{rel}","templated":true}]}}