{"id":37515,"date":"2015-04-27T11:59:24","date_gmt":"2015-04-27T09:59:24","guid":{"rendered":"https:\/\/graziamagazine.com\/es\/?p=37515"},"modified":"2015-04-27T12:00:02","modified_gmt":"2015-04-27T10:00:02","slug":"asi-se-construye-un-look-en-el-festival-de-malaga","status":"publish","type":"articles","link":"https:\/\/graziamagazine.com\/es\/articles\/asi-se-construye-un-look-en-el-festival-de-malaga\/","title":{"rendered":"As\u00ed se construye un look en el Festival de M\u00e1laga"},"content":{"rendered":"<p><em>Por Jes\u00fas R. Garc\u00eda<\/em><\/p>\n<p>El <strong><a href=\"https:\/\/graziamagazine.com\/es\/celebs\/festival-de-malaga\/\" target=\"_blank\">Festival de M\u00e1laga<\/a>,<\/strong> que este a\u00f1o celebra su mayor\u00eda de edad, es uno de los festivales de referencia para el\u00a0cine espa\u00f1ol. 18 ediciones a sus espaldas, culminadas este s\u00e1bado con la Gala de Clausura (previo paso por\u00a0la\u00a0alfombra roja\u00a0m\u00e1s esperada de toda la semana).<\/p>\n<p>Para no perder detalle y vivirlo muy de cerca, <strong>Grazia ha clavado su mirada en una de las actrices m\u00e1s bellas y elegantes de nuestro cine: Marta Nieto.<\/strong> Para contarte minuto a minuto c\u00f3mo se viven esas horas previas al desembarco en la <em>red carpet<\/em> del Teatro Cervantes.<\/p>\n<figure id=\"attachment_37518\" aria-describedby=\"caption-attachment-37518\" style=\"width: 500px\" class=\"wp-caption aligncenter\"><img loading=\"lazy\" decoding=\"async\" class=\"size-full wp-image-37518\" src=\"https:\/\/graziamagazine.com\/es\/wp-content\/uploads\/sites\/12\/2015\/04\/27113850\/marta-nieto-festival-malaga.jpg\" alt=\"El resultado: un look impecable para decir adi\u00f3s al festival. Pero, \u00bfqu\u00e9 hay detr\u00e1s? \u00a9 Getty Images\" width=\"500\" height=\"750\" \/><figcaption id=\"caption-attachment-37518\" class=\"wp-caption-text\">El resultado: un look impecable para decir adi\u00f3s al festival. Pero, \u00bfqu\u00e9 hay detr\u00e1s? \u00a9 Getty Images<\/figcaption><\/figure>\n<p><strong>Marta Nieto<\/strong> pis\u00f3 por primera vez este festival el a\u00f1o que <strong>Antonio Banderas<\/strong> la descubri\u00f3 para el cine espa\u00f1ol en su \u00f3pera prima como director, <em>El camino de los Ingleses.<\/em> Han pasado ya ocho\u00a0a\u00f1os de aquello, y en este tiempo su carrera se ha consolidado tanto en el cine como en la televisi\u00f3n. Paralelamente, su imagen y su estilo tambi\u00e9n han evolucionado, hasta convertirse en la actualidad en uno de los m\u00e1s alabados.<\/p>\n<p><strong>El s\u00e1bado en M\u00e1laga le tocaba entregar premio, y aqu\u00ed<\/strong> te contamos en exclusiva c\u00f3mo se prepar\u00f3.<\/p>\n<figure id=\"attachment_37519\" aria-describedby=\"caption-attachment-37519\" style=\"width: 785px\" class=\"wp-caption aligncenter\"><img loading=\"lazy\" decoding=\"async\" class=\"size-full wp-image-37519\" src=\"https:\/\/graziamagazine.com\/es\/wp-content\/uploads\/sites\/12\/2015\/04\/27114238\/910-Festival-de-Cine-de-Malaga-2015-LOREAL-PROFESIONAL-fotos-nachourbon.jpg\" alt=\"\u00a9 Nacho Urb\u00f3n para L\u2019Or\u00e8al Professionnel\" width=\"785\" height=\"480\" \/><figcaption id=\"caption-attachment-37519\" class=\"wp-caption-text\">Los detalles del look: vestido de Dolores Promesas Heaven, joyas de Su\u00e1rez, zapatos de Lodi y clutch de Mar\u00eda Escot\u00e9. \u00a9 Nacho Urb\u00f3n para L\u2019Or\u00e9al Professionnel<\/figcaption><\/figure>\n<p>16:00 &#8211; Toca dejar la habitaci\u00f3n del hotel, pero antes conocemos los detalles de su estilismo: vestido de <strong>Dolores Promesas Heaven,<\/strong> joyas de <strong>Su\u00e1rez,<\/strong> zapatos <strong>Lodi<\/strong> y <em>clutch<\/em> de <strong>Mar\u00eda Escot\u00e9.<\/strong><\/p>\n<figure id=\"attachment_37520\" aria-describedby=\"caption-attachment-37520\" style=\"width: 785px\" class=\"wp-caption aligncenter\"><img loading=\"lazy\" decoding=\"async\" class=\"size-full wp-image-37520\" src=\"https:\/\/graziamagazine.com\/es\/wp-content\/uploads\/sites\/12\/2015\/04\/27114718\/912-Festival-de-Cine-de-Malaga-2015-LOREAL-PROFESIONAL-fotos-nachourbon.jpg\" alt=\"\u00a9 Nacho Urb\u00f3n para L\u2019Or\u00e8al Professionnel\" width=\"785\" height=\"480\" \/><figcaption id=\"caption-attachment-37520\" class=\"wp-caption-text\">\u00a9 Nacho Urb\u00f3n para L\u2019Or\u00e9al Professionnel<\/figcaption><\/figure>\n<p>16:15 &#8211; Marta llega a la sala de peluquer\u00eda y maquillaje que <strong>L\u2019Or\u00e9al Professionnel<\/strong> tiene instalada durante toda la semana en el Hotel AC M\u00e1laga Palacio. La firma <strong>Agust\u00edn e Hijos<\/strong> es la encargada de elaborar los looks escogidos por las actrices.<\/p>\n<figure id=\"attachment_37521\" aria-describedby=\"caption-attachment-37521\" style=\"width: 785px\" class=\"wp-caption aligncenter\"><img loading=\"lazy\" decoding=\"async\" class=\"size-full wp-image-37521\" src=\"https:\/\/graziamagazine.com\/es\/wp-content\/uploads\/sites\/12\/2015\/04\/27114920\/922-Festival-de-Cine-de-Malaga-2015-LOREAL-PROFESIONAL-fotos-nachourbon.jpg\" alt=\"\u00a9 Nacho Urb\u00f3n para L\u2019Or\u00e8al Professionnel\" width=\"785\" height=\"524\" \/><figcaption id=\"caption-attachment-37521\" class=\"wp-caption-text\">\u00a9 Nacho Urb\u00f3n para L\u2019Or\u00e8al Professionnel<\/figcaption><\/figure>\n<p>16:30 &#8211;\u00a0<strong>Soledad Rebollar<\/strong> comienza a trabajar el rostro de Marta. Piel jugosa y fresca es el objetivo, y una base hidratante y cremosa la clave para conseguirlo.\u00a0Sombra de ojos en tono bronce y labio rosa chicle completan el maquillaje.<\/p>\n<figure id=\"attachment_37522\" aria-describedby=\"caption-attachment-37522\" style=\"width: 700px\" class=\"wp-caption aligncenter\"><img loading=\"lazy\" decoding=\"async\" class=\"size-full wp-image-37522\" src=\"https:\/\/graziamagazine.com\/es\/wp-content\/uploads\/sites\/12\/2015\/04\/27115015\/925-Festival-de-Cine-de-Malaga-2015-LOREAL-PROFESIONAL-fotos-nachourbon.jpg\" alt=\"\u00a9 Nacho Urb\u00f3n para L\u2019Or\u00e9al Professionnel\" width=\"700\" height=\"525\" \/><figcaption id=\"caption-attachment-37522\" class=\"wp-caption-text\">\u00a9 Nacho Urb\u00f3n para L\u2019Or\u00e9al Professionnel<\/figcaption><\/figure>\n<p>17:00 &#8211; Tiempo para el peinado. Marta ha optado por un recogido deshecho y el equipo de Agust\u00edn e Hijos lo ejecuta d\u00e1ndole en primer lugar textura al cabello, con <em>Beach Waves<\/em> de <strong>L\u2019Oreal Professionnel,<\/strong> cuyo efecto es similar al de las ondas que dibuja un ba\u00f1o de playa. Con la textura deseada, ya solo queda recoger la melena y el habitual toque final de laca.<\/p>\n<figure id=\"attachment_37526\" aria-describedby=\"caption-attachment-37526\" style=\"width: 785px\" class=\"wp-caption aligncenter\"><img loading=\"lazy\" decoding=\"async\" class=\"size-full wp-image-37526\" src=\"https:\/\/graziamagazine.com\/es\/wp-content\/uploads\/sites\/12\/2015\/04\/27115155\/924-Festival-de-Cine-de-Malaga-2015-LOREAL-PROFESIONAL-fotos-nachourbon.jpg\" alt=\"\u00a9 Nacho Urb\u00f3n para L\u2019Or\u00e9al Professionnel\" width=\"785\" height=\"480\" \/><figcaption id=\"caption-attachment-37526\" class=\"wp-caption-text\">\u00a9 Nacho Urb\u00f3n para L\u2019Or\u00e9al Professionnel<\/figcaption><\/figure>\n<p>17:30 &#8211; Hora de vestirse y esperar en el hall del hotel la recogida hacia el teatro.<\/p>\n<figure id=\"attachment_37527\" aria-describedby=\"caption-attachment-37527\" style=\"width: 785px\" class=\"wp-caption aligncenter\"><img loading=\"lazy\" decoding=\"async\" class=\"size-full wp-image-37527\" src=\"https:\/\/graziamagazine.com\/es\/wp-content\/uploads\/sites\/12\/2015\/04\/27115420\/938-Festival-de-Cine-de-Malaga-2015-LOREAL-PROFESIONAL-fotos-nachourbon.jpg\" alt=\"\u00a9 Nacho Urb\u00f3n para L\u2019Or\u00e9al Professionnel\" width=\"785\" height=\"480\" \/><figcaption id=\"caption-attachment-37527\" class=\"wp-caption-text\">\u00a9 Nacho Urb\u00f3n para L\u2019Or\u00e9al Professionnel<\/figcaption><\/figure>\n<p>La l\u00ednea m\u00e1s exclusiva de <strong>Dolores Promesas, <\/strong><em>Heaven,<\/em> firmaba este vestido blanco largo, con escote en forma de rombo en la espalda, y unas preciosas hojas ba\u00f1adas en oro adornando la hombrera.\u00a0Para las joyas, oro blanco y diamantes de <strong>Su\u00e1rez<\/strong> en estos chatones y este anillo. Las sandalias burdeos con tac\u00f3n dorado son de <strong>Lodi<\/strong> y el <em>clutch<\/em> de piel, de <strong>Mar\u00eda Escot\u00e9.<\/strong><\/p>\n<figure id=\"attachment_37528\" aria-describedby=\"caption-attachment-37528\" style=\"width: 500px\" class=\"wp-caption aligncenter\"><img loading=\"lazy\" decoding=\"async\" class=\"wp-image-37528 size-full\" src=\"https:\/\/graziamagazine.com\/es\/wp-content\/uploads\/sites\/12\/2015\/04\/27115526\/936-Festival-de-Cine-de-Malaga-2015-LOREAL-PROFESIONAL-fotos-nachourbon.jpg\" alt=\"936-Festival-de-Cine-de-Malaga-2015-LOREAL-PROFESIONAL-fotos-nachourbon\" width=\"500\" height=\"749\" \/><figcaption id=\"caption-attachment-37528\" class=\"wp-caption-text\">\u00a9 Nacho Urb\u00f3n para L\u2019Or\u00e9al Professionnel<\/figcaption><\/figure>\n<p>18:00 &#8211; Centenares de malague\u00f1os despiden a Marta en la entrada del hotel. El Teatro Cervantes, la alfombra roja y la Gala de Clausura esperan&#8230;<\/p>\n<figure id=\"attachment_37529\" aria-describedby=\"caption-attachment-37529\" style=\"width: 785px\" class=\"wp-caption aligncenter\"><img loading=\"lazy\" decoding=\"async\" class=\"size-full wp-image-37529\" src=\"https:\/\/graziamagazine.com\/es\/wp-content\/uploads\/sites\/12\/2015\/04\/27115611\/942-Festival-de-Cine-de-Malaga-2015-LOREAL-PROFESIONAL-fotos-nachourbon.jpg\" alt=\"\u00a9 Nacho Urb\u00f3n para L\u2019Or\u00e9al Professionnel\" width=\"785\" height=\"480\" \/><figcaption id=\"caption-attachment-37529\" class=\"wp-caption-text\">\u00a9 Nacho Urb\u00f3n para L\u2019Or\u00e9al Professionnel<\/figcaption><\/figure>\n<p>[galeria]<br \/>\n<iframe loading=\"lazy\" style=\"border: none; overflow: hidden; height: 258px;\" src=\"\/\/www.facebook.com\/plugins\/likebox.php?href=https%3A%2F%2Fwww.facebook.com%2Fgraziaespana&amp;width&amp;height=258&amp;colorscheme=light&amp;show_faces=true&amp;header=false&amp;stream=false&amp;show_border=false&amp;appId=349017955267591\" width=\"300\" height=\"150\" frameborder=\"0\" scrolling=\"no\"><\/iframe><\/p>\n","protected":false},"author":24470,"featured_media":0,"template":"","format":"standard","categories":[13,17],"acf":[],"yoast_head":"<!-- This site is optimized with the Yoast SEO Premium plugin v18.5 (Yoast SEO v20.4) - https:\/\/yoast.com\/wordpress\/plugins\/seo\/ -->\n<title>Paso a paso: el look de Marta Nieto en el Festival de M\u00e1laga<\/title>\n<meta name=\"description\" content=\"El maquillaje, el pelo, el vestido... Acompa\u00f1amos a la actriz mientras se prepara para pisar la alfombra roja en la ceremonia de clausura del festival.\" \/>\n<meta name=\"robots\" content=\"index, follow, max-snippet:-1, max-image-preview:large, max-video-preview:-1\" \/>\n<link rel=\"canonical\" href=\"https:\/\/graziamagazine.com\/es\/articles\/asi-se-construye-un-look-en-el-festival-de-malaga\/\" \/>\n<meta property=\"og:locale\" content=\"es_ES\" \/>\n<meta property=\"og:type\" content=\"article\" \/>\n<meta property=\"og:title\" content=\"As\u00ed se construye un look en el Festival de M\u00e1laga\" \/>\n<meta property=\"og:description\" content=\"El maquillaje, el pelo, el vestido... Acompa\u00f1amos a la actriz mientras se prepara para pisar la alfombra roja en la ceremonia de clausura del festival.\" \/>\n<meta property=\"og:url\" content=\"https:\/\/graziamagazine.com\/es\/articles\/asi-se-construye-un-look-en-el-festival-de-malaga\/\" \/>\n<meta property=\"og:site_name\" content=\"Grazia\" \/>\n<meta property=\"article:modified_time\" content=\"2015-04-27T10:00:02+00:00\" \/>\n<meta property=\"og:image\" content=\"https:\/\/graziamagazine.com\/es\/wp-content\/uploads\/sites\/12\/2015\/04\/27113850\/marta-nieto-festival-malaga.jpg\" \/>\n<meta name=\"twitter:card\" content=\"summary_large_image\" \/>\n<meta name=\"twitter:label1\" content=\"Est. reading time\" \/>\n\t<meta name=\"twitter:data1\" content=\"3 minutos\" \/>\n<script type=\"application\/ld+json\" class=\"yoast-schema-graph\">{\"@context\":\"https:\/\/schema.org\",\"@graph\":[{\"@type\":\"WebPage\",\"@id\":\"https:\/\/graziamagazine.com\/es\/articles\/asi-se-construye-un-look-en-el-festival-de-malaga\/\",\"url\":\"https:\/\/graziamagazine.com\/es\/articles\/asi-se-construye-un-look-en-el-festival-de-malaga\/\",\"name\":\"Paso a paso: el look de Marta Nieto en el Festival de M\u00e1laga\",\"isPartOf\":{\"@id\":\"https:\/\/graziamagazine.com\/es\/#website\"},\"datePublished\":\"2015-04-27T09:59:24+00:00\",\"dateModified\":\"2015-04-27T10:00:02+00:00\",\"description\":\"El maquillaje, el pelo, el vestido... Acompa\u00f1amos a la actriz mientras se prepara para pisar la alfombra roja en la ceremonia de clausura del festival.\",\"breadcrumb\":{\"@id\":\"https:\/\/graziamagazine.com\/es\/articles\/asi-se-construye-un-look-en-el-festival-de-malaga\/#breadcrumb\"},\"inLanguage\":\"es\",\"potentialAction\":[{\"@type\":\"ReadAction\",\"target\":[\"https:\/\/graziamagazine.com\/es\/articles\/asi-se-construye-un-look-en-el-festival-de-malaga\/\"]}]},{\"@type\":\"BreadcrumbList\",\"@id\":\"https:\/\/graziamagazine.com\/es\/articles\/asi-se-construye-un-look-en-el-festival-de-malaga\/#breadcrumb\",\"itemListElement\":[{\"@type\":\"ListItem\",\"position\":1,\"name\":\"Portada\",\"item\":\"https:\/\/graziamagazine.com\/es\/\"},{\"@type\":\"ListItem\",\"position\":2,\"name\":\"As\u00ed se construye un look en el Festival de M\u00e1laga\"}]},{\"@type\":\"WebSite\",\"@id\":\"https:\/\/graziamagazine.com\/es\/#website\",\"url\":\"https:\/\/graziamagazine.com\/es\/\",\"name\":\"Grazia\",\"description\":\"Moda, belleza, celebrities, estilo de vida...\",\"potentialAction\":[{\"@type\":\"SearchAction\",\"target\":{\"@type\":\"EntryPoint\",\"urlTemplate\":\"https:\/\/graziamagazine.com\/es\/?s={search_term_string}\"},\"query-input\":\"required name=search_term_string\"}],\"inLanguage\":\"es\"}]}<\/script>\n<!-- \/ Yoast SEO Premium plugin. -->","yoast_head_json":{"title":"Paso a paso: el look de Marta Nieto en el Festival de M\u00e1laga","description":"El maquillaje, el pelo, el vestido... Acompa\u00f1amos a la actriz mientras se prepara para pisar la alfombra roja en la ceremonia de clausura del festival.","robots":{"index":"index","follow":"follow","max-snippet":"max-snippet:-1","max-image-preview":"max-image-preview:large","max-video-preview":"max-video-preview:-1"},"canonical":"https:\/\/graziamagazine.com\/es\/articles\/asi-se-construye-un-look-en-el-festival-de-malaga\/","og_locale":"es_ES","og_type":"article","og_title":"As\u00ed se construye un look en el Festival de M\u00e1laga","og_description":"El maquillaje, el pelo, el vestido... Acompa\u00f1amos a la actriz mientras se prepara para pisar la alfombra roja en la ceremonia de clausura del festival.","og_url":"https:\/\/graziamagazine.com\/es\/articles\/asi-se-construye-un-look-en-el-festival-de-malaga\/","og_site_name":"Grazia","article_modified_time":"2015-04-27T10:00:02+00:00","og_image":[{"url":"https:\/\/graziamagazine.com\/es\/wp-content\/uploads\/sites\/12\/2015\/04\/27113850\/marta-nieto-festival-malaga.jpg"}],"twitter_card":"summary_large_image","twitter_misc":{"Est. reading time":"3 minutos"},"schema":{"@context":"https:\/\/schema.org","@graph":[{"@type":"WebPage","@id":"https:\/\/graziamagazine.com\/es\/articles\/asi-se-construye-un-look-en-el-festival-de-malaga\/","url":"https:\/\/graziamagazine.com\/es\/articles\/asi-se-construye-un-look-en-el-festival-de-malaga\/","name":"Paso a paso: el look de Marta Nieto en el Festival de M\u00e1laga","isPartOf":{"@id":"https:\/\/graziamagazine.com\/es\/#website"},"datePublished":"2015-04-27T09:59:24+00:00","dateModified":"2015-04-27T10:00:02+00:00","description":"El maquillaje, el pelo, el vestido... Acompa\u00f1amos a la actriz mientras se prepara para pisar la alfombra roja en la ceremonia de clausura del festival.","breadcrumb":{"@id":"https:\/\/graziamagazine.com\/es\/articles\/asi-se-construye-un-look-en-el-festival-de-malaga\/#breadcrumb"},"inLanguage":"es","potentialAction":[{"@type":"ReadAction","target":["https:\/\/graziamagazine.com\/es\/articles\/asi-se-construye-un-look-en-el-festival-de-malaga\/"]}]},{"@type":"BreadcrumbList","@id":"https:\/\/graziamagazine.com\/es\/articles\/asi-se-construye-un-look-en-el-festival-de-malaga\/#breadcrumb","itemListElement":[{"@type":"ListItem","position":1,"name":"Portada","item":"https:\/\/graziamagazine.com\/es\/"},{"@type":"ListItem","position":2,"name":"As\u00ed se construye un look en el Festival de M\u00e1laga"}]},{"@type":"WebSite","@id":"https:\/\/graziamagazine.com\/es\/#website","url":"https:\/\/graziamagazine.com\/es\/","name":"Grazia","description":"Moda, belleza, celebrities, estilo de vida...","potentialAction":[{"@type":"SearchAction","target":{"@type":"EntryPoint","urlTemplate":"https:\/\/graziamagazine.com\/es\/?s={search_term_string}"},"query-input":"required name=search_term_string"}],"inLanguage":"es"}]}},"jetpack_sharing_enabled":true,"distributor_meta":false,"distributor_terms":false,"distributor_media":false,"distributor_original_site_name":"Grazia","distributor_original_site_url":"https:\/\/graziamagazine.com\/es","push-errors":false,"_links":{"self":[{"href":"https:\/\/graziamagazine.com\/es\/wp-json\/wp\/v2\/articles\/37515"}],"collection":[{"href":"https:\/\/graziamagazine.com\/es\/wp-json\/wp\/v2\/articles"}],"about":[{"href":"https:\/\/graziamagazine.com\/es\/wp-json\/wp\/v2\/types\/articles"}],"author":[{"embeddable":true,"href":"https:\/\/graziamagazine.com\/es\/wp-json\/wp\/v2\/users\/24470"}],"wp:attachment":[{"href":"https:\/\/graziamagazine.com\/es\/wp-json\/wp\/v2\/media?parent=37515"}],"wp:term":[{"taxonomy":"category","embeddable":true,"href":"https:\/\/graziamagazine.com\/es\/wp-json\/wp\/v2\/categories?post=37515"}],"curies":[{"name":"wp","href":"https:\/\/api.w.org\/{rel}","templated":true}]}}