{"id":37264,"date":"2015-04-28T18:02:31","date_gmt":"2015-04-28T16:02:31","guid":{"rendered":"https:\/\/graziamagazine.com\/es\/?p=37264"},"modified":"2015-04-23T16:05:16","modified_gmt":"2015-04-23T14:05:16","slug":"alpargatas-a-ras-del-suelo","status":"publish","type":"articles","link":"https:\/\/graziamagazine.com\/es\/articles\/alpargatas-a-ras-del-suelo\/","title":{"rendered":"Alpargatas: a ras del suelo"},"content":{"rendered":"<p>Son un cl\u00e1sico de las vacaciones junto al mar, aunque el protocolo tambi\u00e9n permite que se usen para pisar asfalto: \u00abHoy en d\u00eda podemos empezar a usar alpargatas en primavera y no abandonarlas hasta el oto\u00f1o;\u00a0nosotros tenemos\u00a0una demanda tanto nacional como internacional durante todo el a\u00f1o\u00bb, cuenta Lluis Manuel, propietario de <a href=\"http:\/\/www.espadrillesbarcelona.com\/es\/tienda-online-alpargatas.aspx\" target=\"_blank\" target=\"_blank\">Espadrillesbarcelona.com<\/a>, y a\u00f1ade:\u00a0<strong>\u00abLa incorporaci\u00f3n de materiales como el ante o de modelos cerrados tipo <em>sleepers<\/em> las hacen aptas para todo tipo de looks\u00bb<\/strong>. Vamos, que las firmas se est\u00e1n esforzando en ofrecernos cada vez m\u00e1s opciones\u00a0para que sea posible lucirlas desde que los d\u00edas se empiezan a alargar <del>ahora<\/del> y hasta que\u00a0la televisi\u00f3n vuelva a gritar &#8216;vuelta al cole&#8217; <del>o m\u00e1s all\u00e1<\/del>.<\/p>\n<figure id=\"attachment_37270\" aria-describedby=\"caption-attachment-37270\" style=\"width: 785px\" class=\"wp-caption aligncenter\"><img loading=\"lazy\" decoding=\"async\" class=\"size-full wp-image-37270\" src=\"https:\/\/graziamagazine.com\/es\/wp-content\/uploads\/sites\/12\/2015\/04\/22144320\/alpargatas01.jpg\" alt=\"De drch\" width=\"785\" height=\"480\" \/><figcaption id=\"caption-attachment-37270\" class=\"wp-caption-text\">De\u00a0izquierda a derecha: con aplicaciones, de <strong>Twin Set Simona Barbieri<\/strong> (130\u20ac); a rayas y con la parte trasera de lentejuelas, de <strong>Espadrilles<\/strong> (85\u20ac); estampadas, de <strong>Geox Respira<\/strong> (89,90\u20ac); de encaje negro, de <strong>RB Roccobarocco<\/strong> (45,90\u20ac); con lentejuelas doradas, de <strong>Cinti<\/strong> (79\u20ac); y en <em>animal print,<\/em> de <strong>UGG<\/strong> (127\u20ac). \u00a9 Lucio Convertini<\/figcaption><\/figure>\n<p>Cambios que llegan para renovar un b\u00e1sico, \u00abun calzado elaborado con materiales naturales, c\u00f3modo y que se adapta con facilidad a las tendencias. Un cl\u00e1sico como los jeans, la gabardina o el <em>little black dress,<\/em> que permiten reinterpretaciones pero siempre est\u00e1n de moda\u00bb, resume Manuel.<\/p>\n<p>En este sentido, las nuevas versiones que nos trae el verano 2015 se cubren de <em>paillettes<\/em>, de delicados bordados, de estampados&#8230; o de todo a la vez, al gusto. <strong>La \u00fanica regla ser\u00e1 buscar modelos planos: tanto a ras del suelo como elevados un par de cent\u00edmetros sobre una plataforma de rafia.<\/strong> Tendencia confortable que se adapta, aplicaciones mediante, de la ma\u00f1ana a la noche. Porque <a href=\"https:\/\/graziamagazine.com\/es\/moda\/si-fueras-una-sneaker-cual-serias\/\" target=\"_blank\">si las <em>sneakers<\/em> se han introducido<\/a> en cualquier situaci\u00f3n, \u00a1las alpargatas no iban a ser menos!<\/p>\n<p>[galeria]<br \/>\n<iframe loading=\"lazy\" style=\"border: none; overflow: hidden; height: 258px;\" src=\"\/\/www.facebook.com\/plugins\/likebox.php?href=https%3A%2F%2Fwww.facebook.com%2Fgraziaespana&amp;width&amp;height=258&amp;colorscheme=light&amp;show_faces=true&amp;header=false&amp;stream=false&amp;show_border=false&amp;appId=349017955267591\" width=\"300\" height=\"150\" frameborder=\"0\" scrolling=\"no\"><\/iframe><\/p>\n","protected":false},"author":21500,"featured_media":0,"template":"","format":"standard","categories":[1,4],"acf":[],"yoast_head":"<!-- This site is optimized with the Yoast SEO Premium plugin v18.5 (Yoast SEO v20.4) - https:\/\/yoast.com\/wordpress\/plugins\/seo\/ -->\n<title>Alpargatas: a ras del suelo | Grazia<\/title>\n<meta name=\"description\" content=\"Esta primavera-verano las espadrillas se llevan en \u00e1ngulo recto, es decir, completamente planas. Aqu\u00ed nuestros modelos favoritos.\" \/>\n<meta name=\"robots\" content=\"index, follow, max-snippet:-1, max-image-preview:large, max-video-preview:-1\" \/>\n<link rel=\"canonical\" href=\"https:\/\/graziamagazine.com\/es\/articles\/alpargatas-a-ras-del-suelo\/\" \/>\n<meta property=\"og:locale\" content=\"es_ES\" \/>\n<meta property=\"og:type\" content=\"article\" \/>\n<meta property=\"og:title\" content=\"Alpargatas: a ras del suelo\" \/>\n<meta property=\"og:description\" content=\"Esta primavera-verano las espadrillas se llevan en \u00e1ngulo recto, es decir, completamente planas. Aqu\u00ed nuestros modelos favoritos.\" \/>\n<meta property=\"og:url\" content=\"https:\/\/graziamagazine.com\/es\/articles\/alpargatas-a-ras-del-suelo\/\" \/>\n<meta property=\"og:site_name\" content=\"Grazia\" \/>\n<meta property=\"article:modified_time\" content=\"2015-04-23T14:05:16+00:00\" \/>\n<meta property=\"og:image\" content=\"https:\/\/graziamagazine.com\/es\/wp-content\/uploads\/sites\/12\/2015\/04\/22144320\/alpargatas01.jpg\" \/>\n<meta name=\"twitter:card\" content=\"summary_large_image\" \/>\n<meta name=\"twitter:label1\" content=\"Est. reading time\" \/>\n\t<meta name=\"twitter:data1\" content=\"2 minutos\" \/>\n<script type=\"application\/ld+json\" class=\"yoast-schema-graph\">{\"@context\":\"https:\/\/schema.org\",\"@graph\":[{\"@type\":\"WebPage\",\"@id\":\"https:\/\/graziamagazine.com\/es\/articles\/alpargatas-a-ras-del-suelo\/\",\"url\":\"https:\/\/graziamagazine.com\/es\/articles\/alpargatas-a-ras-del-suelo\/\",\"name\":\"Alpargatas: a ras del suelo | Grazia\",\"isPartOf\":{\"@id\":\"https:\/\/graziamagazine.com\/es\/#website\"},\"datePublished\":\"2015-04-28T16:02:31+00:00\",\"dateModified\":\"2015-04-23T14:05:16+00:00\",\"description\":\"Esta primavera-verano las espadrillas se llevan en \u00e1ngulo recto, es decir, completamente planas. Aqu\u00ed nuestros modelos favoritos.\",\"breadcrumb\":{\"@id\":\"https:\/\/graziamagazine.com\/es\/articles\/alpargatas-a-ras-del-suelo\/#breadcrumb\"},\"inLanguage\":\"es\",\"potentialAction\":[{\"@type\":\"ReadAction\",\"target\":[\"https:\/\/graziamagazine.com\/es\/articles\/alpargatas-a-ras-del-suelo\/\"]}]},{\"@type\":\"BreadcrumbList\",\"@id\":\"https:\/\/graziamagazine.com\/es\/articles\/alpargatas-a-ras-del-suelo\/#breadcrumb\",\"itemListElement\":[{\"@type\":\"ListItem\",\"position\":1,\"name\":\"Portada\",\"item\":\"https:\/\/graziamagazine.com\/es\/\"},{\"@type\":\"ListItem\",\"position\":2,\"name\":\"Alpargatas: a ras del suelo\"}]},{\"@type\":\"WebSite\",\"@id\":\"https:\/\/graziamagazine.com\/es\/#website\",\"url\":\"https:\/\/graziamagazine.com\/es\/\",\"name\":\"Grazia\",\"description\":\"Moda, belleza, celebrities, estilo de vida...\",\"potentialAction\":[{\"@type\":\"SearchAction\",\"target\":{\"@type\":\"EntryPoint\",\"urlTemplate\":\"https:\/\/graziamagazine.com\/es\/?s={search_term_string}\"},\"query-input\":\"required name=search_term_string\"}],\"inLanguage\":\"es\"}]}<\/script>\n<!-- \/ Yoast SEO Premium plugin. -->","yoast_head_json":{"title":"Alpargatas: a ras del suelo | Grazia","description":"Esta primavera-verano las espadrillas se llevan en \u00e1ngulo recto, es decir, completamente planas. Aqu\u00ed nuestros modelos favoritos.","robots":{"index":"index","follow":"follow","max-snippet":"max-snippet:-1","max-image-preview":"max-image-preview:large","max-video-preview":"max-video-preview:-1"},"canonical":"https:\/\/graziamagazine.com\/es\/articles\/alpargatas-a-ras-del-suelo\/","og_locale":"es_ES","og_type":"article","og_title":"Alpargatas: a ras del suelo","og_description":"Esta primavera-verano las espadrillas se llevan en \u00e1ngulo recto, es decir, completamente planas. Aqu\u00ed nuestros modelos favoritos.","og_url":"https:\/\/graziamagazine.com\/es\/articles\/alpargatas-a-ras-del-suelo\/","og_site_name":"Grazia","article_modified_time":"2015-04-23T14:05:16+00:00","og_image":[{"url":"https:\/\/graziamagazine.com\/es\/wp-content\/uploads\/sites\/12\/2015\/04\/22144320\/alpargatas01.jpg"}],"twitter_card":"summary_large_image","twitter_misc":{"Est. reading time":"2 minutos"},"schema":{"@context":"https:\/\/schema.org","@graph":[{"@type":"WebPage","@id":"https:\/\/graziamagazine.com\/es\/articles\/alpargatas-a-ras-del-suelo\/","url":"https:\/\/graziamagazine.com\/es\/articles\/alpargatas-a-ras-del-suelo\/","name":"Alpargatas: a ras del suelo | Grazia","isPartOf":{"@id":"https:\/\/graziamagazine.com\/es\/#website"},"datePublished":"2015-04-28T16:02:31+00:00","dateModified":"2015-04-23T14:05:16+00:00","description":"Esta primavera-verano las espadrillas se llevan en \u00e1ngulo recto, es decir, completamente planas. Aqu\u00ed nuestros modelos favoritos.","breadcrumb":{"@id":"https:\/\/graziamagazine.com\/es\/articles\/alpargatas-a-ras-del-suelo\/#breadcrumb"},"inLanguage":"es","potentialAction":[{"@type":"ReadAction","target":["https:\/\/graziamagazine.com\/es\/articles\/alpargatas-a-ras-del-suelo\/"]}]},{"@type":"BreadcrumbList","@id":"https:\/\/graziamagazine.com\/es\/articles\/alpargatas-a-ras-del-suelo\/#breadcrumb","itemListElement":[{"@type":"ListItem","position":1,"name":"Portada","item":"https:\/\/graziamagazine.com\/es\/"},{"@type":"ListItem","position":2,"name":"Alpargatas: a ras del suelo"}]},{"@type":"WebSite","@id":"https:\/\/graziamagazine.com\/es\/#website","url":"https:\/\/graziamagazine.com\/es\/","name":"Grazia","description":"Moda, belleza, celebrities, estilo de vida...","potentialAction":[{"@type":"SearchAction","target":{"@type":"EntryPoint","urlTemplate":"https:\/\/graziamagazine.com\/es\/?s={search_term_string}"},"query-input":"required name=search_term_string"}],"inLanguage":"es"}]}},"jetpack_sharing_enabled":true,"distributor_meta":false,"distributor_terms":false,"distributor_media":false,"distributor_original_site_name":"Grazia","distributor_original_site_url":"https:\/\/graziamagazine.com\/es","push-errors":false,"_links":{"self":[{"href":"https:\/\/graziamagazine.com\/es\/wp-json\/wp\/v2\/articles\/37264"}],"collection":[{"href":"https:\/\/graziamagazine.com\/es\/wp-json\/wp\/v2\/articles"}],"about":[{"href":"https:\/\/graziamagazine.com\/es\/wp-json\/wp\/v2\/types\/articles"}],"author":[{"embeddable":true,"href":"https:\/\/graziamagazine.com\/es\/wp-json\/wp\/v2\/users\/21500"}],"wp:attachment":[{"href":"https:\/\/graziamagazine.com\/es\/wp-json\/wp\/v2\/media?parent=37264"}],"wp:term":[{"taxonomy":"category","embeddable":true,"href":"https:\/\/graziamagazine.com\/es\/wp-json\/wp\/v2\/categories?post=37264"}],"curies":[{"name":"wp","href":"https:\/\/api.w.org\/{rel}","templated":true}]}}