{"id":37198,"date":"2015-04-22T18:37:58","date_gmt":"2015-04-22T16:37:58","guid":{"rendered":"https:\/\/graziamagazine.com\/es\/?p=37198"},"modified":"2015-04-22T18:48:51","modified_gmt":"2015-04-22T16:48:51","slug":"ursula-corbero-natalia-de-molina-y-la-despedida-mas-loca-del-ano","status":"publish","type":"articles","link":"https:\/\/graziamagazine.com\/es\/articles\/ursula-corbero-natalia-de-molina-y-la-despedida-mas-loca-del-ano\/","title":{"rendered":"\u00darsula Corber\u00f3, Natalia de Molina y la despedida m\u00e1s loca del a\u00f1o"},"content":{"rendered":"<p>Ambas est\u00e1n a\u00fan lejos de la treintena y, sin embargo, les faltar\u00edan dedos en las dos manos para enumerar todos y cada uno de los \u00e9xitos conseguidos desde el inicio de sus carreras. <strong>Natalia de Molina<\/strong>\u00a0(24) mira ya desde lejos c\u00f3mo hace m\u00e1s de un a\u00f1o fue coronada con el Goya a la Mejor actriz revelaci\u00f3n por <em>Vivir es f\u00e1cil con los ojos cerrados<\/em> (David Trueba, 2013); y <strong><a href=\"https:\/\/graziamagazine.com\/es\/etiqueta\/ursula-corbero\/\" target=\"_blank\">\u00darsula Corber\u00f3<\/a>\u00a0<\/strong>(25), por su parte, enlaza proyecto tras proyecto en la gran pantalla nacional alz\u00e1ndose como una de las actrices m\u00e1s queridas del panorama gracias a su desparpajo y buenrollismo.<\/p>\n<p>Ambas presentan esta semana su \u00faltima cinta, <em>C\u00f3mo sobrevivir a una despedida<\/em> (dirigida por <strong>Manuela Moreno<\/strong>), donde comparten cartel con familiares y amigos: <strong>Celia de Molina<\/strong> (hermana de <strong>Natalia<\/strong>), <strong>Mar\u00eda Herv\u00e1s<\/strong> y <strong>Brais Efe<\/strong> las acompa\u00f1an en la aventura de pasar dos noches en Canarias con motivo de la despedida de soltera del personaje de Celia. A lo <em>Resac\u00f3n en Las Vegas<\/em>, la cosa se les va de las manos y terminan moviendo Roma con Santiago para salir \u2018ilesas\u2019 de esa.<\/p>\n<figure id=\"attachment_37262\" aria-describedby=\"caption-attachment-37262\" style=\"width: 785px\" class=\"wp-caption aligncenter\"><img loading=\"lazy\" decoding=\"async\" class=\"size-full wp-image-37262\" src=\"https:\/\/graziamagazine.com\/es\/wp-content\/uploads\/sites\/12\/2015\/04\/22141732\/1.jpg\" alt=\"\u00a9 C\u00f3mo sobrevivir a una despedida\" width=\"785\" height=\"480\" \/><figcaption id=\"caption-attachment-37262\" class=\"wp-caption-text\">\u00a9 C\u00f3mo sobrevivir a una despedida<\/figcaption><\/figure>\n<p>Adem\u00e1s de carcajadas, la cinta (que llegar\u00e1 a las salas el 24 de abril) promete sorpresas que arrancar\u00e1n m\u00e1s de una sonrisa a los espectadores que, como los protagonistas, formen parte de la Generaci\u00f3n BY (<em>Brand Yourself<\/em>) el concepto a partir del cual se construy\u00f3 toda la trama del <em>filme<\/em>. Una pista: arrebato <em>teenager<\/em> en forma de <em>Spice Girls\u00a0<\/em><del>yhastaaqu\u00edpuedoleer<\/del>.<\/p>\n<p>Pero vayamos al l\u00edo\u2026<\/p>\n<p><strong>\u00darsula, <a href=\"https:\/\/graziamagazine.com\/es\/celebs\/blanca-y-ursula-vota-el-look-round-ii\/\" target=\"_blank\">apenas hace un mes desde que presentaste <em>Perdiendo el norte<\/em><\/a>. Al igual que esta, era pura comedia. \u00bfEn qu\u00e9 \u00e1mbito te sientes m\u00e1s c\u00f3moda?<br \/>\n\u00darsula:<\/strong> Pues ahora estoy adentr\u00e1ndome en el mundo de la comedia y me est\u00e1 picando el gusanillo\u2026 Se dice de siempre que la comedia es mucho m\u00e1s dif\u00edcil, pero me he dado cuenta de que es un aprendizaje sin fin. Hay mucha f\u00f3rmula dentro en ella, cuenta mucho el estar relajado y el sentir un poco m\u00e1s de forma m\u00e1gica el ritmo de la secuencia. A\u00fan as\u00ed me gusta mucho el drama, que es lo que m\u00e1s he hecho. Pero ahora que llevo tres proyectos de comedia seguidos la verdad es que me siento muy a gusto. Pero vamos, que lo que venga, \u00a1yo quiero hacerlo todo! Y a ser posible, desde aqu\u00ed hago un llamamiento, me encantar\u00eda hacer un musical. Me encantar\u00eda hacer un <strong>Ren\u00e9e<\/strong>\u00a0en <em>Chicago<\/em>\u2026<\/p>\n<p><strong>Natalia:<\/strong> Mi sue\u00f1o es interpretar a <strong>Sally Bowles<\/strong> en <em>Cabaret<\/em>.<\/p>\n<p><strong>U:<\/strong> \u00a1O un <em>Moulin Rouge&#8230;<\/em>!<\/p>\n<figure id=\"attachment_37256\" aria-describedby=\"caption-attachment-37256\" style=\"width: 785px\" class=\"wp-caption aligncenter\"><img loading=\"lazy\" decoding=\"async\" class=\"size-full wp-image-37256\" src=\"https:\/\/graziamagazine.com\/es\/wp-content\/uploads\/sites\/12\/2015\/04\/22141526\/7.jpg\" alt=\"Juntas se marcaron un 'Single Ladies' anoche en El Hormiguero \u00a9 Cordon Press\" width=\"785\" height=\"480\" \/><figcaption id=\"caption-attachment-37256\" class=\"wp-caption-text\">Juntas se marcaron un &#8216;Single Ladies&#8217; anoche en El Hormiguero. \u00a9 Cordon Press<\/figcaption><\/figure>\n<p><strong>Natalia, t\u00fa presentas tambi\u00e9n en M\u00e1laga <a href=\"https:\/\/www.youtube.com\/watch?v=qPPSjDfdw_4\" target=\"_blank\" target=\"_blank\"><em>Techo y Comida<\/em><\/a>, un drama social que es totalmente opuesto a esta pel\u00edcula. \u00bfCon qu\u00e9 te quedas?<br \/>\n<\/strong><strong>N:<\/strong> Es muy dif\u00edcil hacer ambas cosas y he tenido la suerte de probarlas. La verdad es que me siento c\u00f3moda en las dos\u2026 Como dice \u00darsula tambi\u00e9n tengo ganas de hacerlo todo, de probar todo. \u00a1\u00a1\u00a1Me encantar\u00eda hacer un personaje de hero\u00edna!!!<\/p>\n<p><strong>U:<\/strong> \u00a1Ay, qu\u00e9 maravilla!<\/p>\n<p><strong>N:<\/strong> De ciencia ficci\u00f3n, \u00bfsabes? Creo que tiene que ser s\u00faper complicado grabar y meterte en un papel cuando todo a tu alrededor es un croma. Alucino cada vez que veo el resultado final.<\/p>\n<p><strong>U:<\/strong> \u00a1Un <strong>Jessica Alba<\/strong> en <em>Los Vengadores<\/em>!<\/p>\n<p><strong>N:<\/strong> Algo as\u00ed, \u00a1ser\u00eda todo un reto!<\/p>\n<figure id=\"attachment_37261\" aria-describedby=\"caption-attachment-37261\" style=\"width: 785px\" class=\"wp-caption aligncenter\"><img loading=\"lazy\" decoding=\"async\" class=\"size-full wp-image-37261\" src=\"https:\/\/graziamagazine.com\/es\/wp-content\/uploads\/sites\/12\/2015\/04\/22141713\/2.jpg\" alt=\"\u00a9 C\u00f3mo sobrevivir a una despedida. \" width=\"785\" height=\"480\" \/><figcaption id=\"caption-attachment-37261\" class=\"wp-caption-text\">\u00a9 C\u00f3mo sobrevivir a una despedida.<\/figcaption><\/figure>\n<p><strong>Hablemos de vuestros personajes. Nora (Natalia) es la l\u00edder del grupo y Marta (\u00darsula) es una fiestera empedernida\u2026 \u00bfQu\u00e9 consejo (de vida) les dar\u00edais?<br \/>\nU:<\/strong>\u00a0Yo le dar\u00eda un consejito, s\u00ed\u2026 que deje de salir tanto y se centre un poquito [risas] y que se plantee realmente qu\u00e9 es lo que quiere conseguir en la vida.<\/p>\n<p><strong>N:<\/strong> Yo le dir\u00eda que piense dos veces antes de hacer las cosas&#8230;<\/p>\n<p><strong>U:<\/strong> S\u00ed, es que es muy impulsiva.<\/p>\n<p><strong>N:<\/strong> Que est\u00e1 muy bien improvisar e inventarse cosas, pero a veces hay que parar y pensar que todo trae consecuencias.<\/p>\n<figure id=\"attachment_37254\" aria-describedby=\"caption-attachment-37254\" style=\"width: 785px\" class=\"wp-caption aligncenter\"><img loading=\"lazy\" decoding=\"async\" class=\"size-full wp-image-37254\" src=\"https:\/\/graziamagazine.com\/es\/wp-content\/uploads\/sites\/12\/2015\/04\/22141709\/9.jpg\" alt=\"Los roles, bien claros. \u00a9 C\u00f3mo sobrevivir zuna despedida.\" width=\"785\" height=\"480\" \/><figcaption id=\"caption-attachment-37254\" class=\"wp-caption-text\">Los roles, bien claros. \u00a9 C\u00f3mo sobrevivir zuna despedida.<\/figcaption><\/figure>\n<p><strong>Precisamente Nora narra la historia a partir de la creaci\u00f3n de su videoblog, como parte de esa <em>Generaci\u00f3n BY<\/em>\u00a0de la que se siente parte. \u00bfY vosotras? \u00bfC\u00f3mo es vuestra relaci\u00f3n con las redes sociales?<br \/>\n<\/strong><strong>N:<\/strong>\u00a0A nivel de redes sociales tengo <a href=\"https:\/\/twitter.com\/nataliademolina\" target=\"_blank\" target=\"_blank\">Twitter<\/a> e <a href=\"https:\/\/instagram.com\/nataliademolina\/\" target=\"_blank\" target=\"_blank\">Instagram<\/a> y me parece perfecto. Es una forma de conectar con la gente, de poder contar d\u00f3nde est\u00e1s y en qu\u00e9 est\u00e1s e incluso de saber un poco que tienen que decirte ellos.<\/p>\n<p><strong>U:<\/strong> Yo tengo que decir que estoy <a href=\"https:\/\/instagram.com\/ursulolita\/\" target=\"_blank\" target=\"_blank\">bastante enganchada a ellas<\/a>. Me gusta porque los actores antes no ten\u00edan esa facilidad para llegar a sus seguidores, el poder comunicarte directamente con la gente que te sigue y comunicar de forma personal los proyectos en los que est\u00e1s. Eso es muy guay. Tambi\u00e9n me gusta mucho el tener contacto directo con ellas y que me conozcan, porque siempre, cuando un actor llega a donde llega, parte de la culpa la tienen los seguidores y nos debemos a ellos en ese sentido. Es como un trueque.<\/p>\n<figure id=\"attachment_37266\" aria-describedby=\"caption-attachment-37266\" style=\"width: 607px\" class=\"wp-caption aligncenter\"><img loading=\"lazy\" decoding=\"async\" class=\"size-full wp-image-37266\" src=\"https:\/\/graziamagazine.com\/es\/wp-content\/uploads\/sites\/12\/2015\/04\/22142956\/Captura-de-pantalla-2015-04-22-a-las-14.28.28.png\" alt=\"\u00darsula es la reina nacional de los selfies \u00a9 Instagram @ursulolita.\" width=\"607\" height=\"609\" \/><figcaption id=\"caption-attachment-37266\" class=\"wp-caption-text\">\u00darsula\u00a0domina el arte del <em>selfie<\/em> a las mil maravillas\u00a0\u00a9 Instagram @ursulolita.<\/figcaption><\/figure>\n<p><strong>Imagino que tambi\u00e9n tratar\u00e9is de tener cuidado para no mostrar m\u00e1s vida personal de la que quer\u00e9is. \u00bfOs pon\u00e9is ciertos l\u00edmites a vosotras mismas?<br \/>\nU:<\/strong> Tampoco es eso. Yo soy muy celosa de mi vida privada, pero a la vez me consiero una persona muy extrovertida a la que le gusta mucho conocer gente, muy sociable. Entonces intento mostrarme tal y como soy pero sin traspasar esa l\u00ednea de contarles cosas que seguramente a ellos tampoco les interesen, \u00a1pobres!<\/p>\n<p><strong>Volviendo a la pel\u00edcula, <em>C\u00f3mo sobrevivir a una despedida<\/em> desborda fiesta por todos los costados. \u00bfAlguna an\u00e9cdota igual de loca del rodaje\u2026?<br \/>\n<\/strong><strong>U:<\/strong> Tenemos muchas\u2026 pero, por ejemplo, hubo una que fue m\u00e1s un drama que otra cosa. \u00a1Un drama dentro de una comedia! Tuvimos un accidente el primer d\u00eda de rodaje\u2026 <strong>Mar\u00eda Herv\u00e1s<\/strong> y yo cogimos un coche y salimos con el freno de mano puesto y cuando fuimos a frenar pues claro, las pastillas de freno se hab\u00edan quemado y no hab\u00eda manera de parar. Total, que entramos en una rotonda detr\u00e1s del coche en el que iba el resto del equipo y <em>catap\u00fam<\/em>.<\/p>\n<p><strong>N:<\/strong> La verdad es que pod\u00eda haber sido mucho peor y se qued\u00f3 en nada, menos mal.<\/p>\n<p><strong>U:<\/strong> Nos quedamos ah\u00ed en medio de la rotonda medio <em>estabornidas<\/em> pero finalmente no pas\u00f3 nada, fue m\u00e1s el susto de que adem\u00e1s era el primer d\u00eda de rodaje, as\u00ed que imag\u00ednate c\u00f3mo empezamos.<\/p>\n<p><strong>N:<\/strong> Bueno, t\u00fa te hiciste un poco de da\u00f1o en la mu\u00f1eca, como tu personaje.<\/p>\n<p><strong>U:<\/strong>\u00a0S\u00ed, s\u00ed. Me met\u00ed hasta el fondo en el papel\u2026<\/p>\n<figure id=\"attachment_37259\" aria-describedby=\"caption-attachment-37259\" style=\"width: 785px\" class=\"wp-caption aligncenter\"><img loading=\"lazy\" decoding=\"async\" class=\"size-full wp-image-37259\" src=\"https:\/\/graziamagazine.com\/es\/wp-content\/uploads\/sites\/12\/2015\/04\/22141537\/4.jpg\" alt=\"\u00a9 C\u00f3mo sobrevivir a una despedida. \" width=\"785\" height=\"480\" \/><figcaption id=\"caption-attachment-37259\" class=\"wp-caption-text\">\u00a9 C\u00f3mo sobrevivir a una despedida.<\/figcaption><\/figure>\n<p><strong>No s\u00e9 si hab\u00e9is llegado a esa fase <del>dram\u00e1tica<\/del> de la vida en que <a href=\"https:\/\/graziamagazine.com\/es\/lifestyle\/y-entonces-tus-amigas-se-empiezan-casar\/\" target=\"_blank\">vuestras amigas se empiezan a casar<\/a>\u2026 \u00bfC\u00f3mo reaccion\u00e1is al respecto?<br \/>\nN:<\/strong> Uy, no s\u00e9, a m\u00ed a\u00fan no me ha pasado pero ser\u00eda muy raro. Por lo menos con las m\u00edas, que adem\u00e1s est\u00e1n siempre solteras as\u00ed que ser\u00eda como de repente, rar\u00edsimo.<\/p>\n<p><strong>U:<\/strong> A m\u00ed tampoco, pero vaya, que no me har\u00eda ilusi\u00f3n\u2026<\/p>\n<p><strong>\u00a1\u00bfNi un poquito?!<br \/>\nU:<\/strong> No, \u00a1porque eso significar\u00eda que desaparecen del mapa! [bromea] Quiero mucho que sean felices, \u00bfeh? De verdad, pero si pueden serlo sin casarse pues oye, \u00a1mejor!<\/p>\n<figure id=\"attachment_37255\" aria-describedby=\"caption-attachment-37255\" style=\"width: 785px\" class=\"wp-caption aligncenter\"><img loading=\"lazy\" decoding=\"async\" class=\"size-full wp-image-37255\" src=\"https:\/\/graziamagazine.com\/es\/wp-content\/uploads\/sites\/12\/2015\/04\/22141655\/8.jpg\" alt=\"\u00a9 Cordon Press\" width=\"785\" height=\"480\" \/><figcaption id=\"caption-attachment-37255\" class=\"wp-caption-text\">\u00a9 Cordon Press<\/figcaption><\/figure>\n<p><strong>Y si la boda fuera la vuestra, con su correspondiente despedida, \u00bfqu\u00e9 no permitir\u00edais bajo ning\u00fan concepto que os hicieran vuestras amigas?<br \/>\nN:<\/strong> Pues mira, en un principio el tema pene en la cabeza me dar\u00eda mucha bajona, pero creo que luego entras en una din\u00e1mica que acabas diciendo: \u201cVenga, \u00a1esto y lo que haga falta!\u00bb. Ah\u00ed, cantando y de todo.<\/p>\n<p><strong>U:<\/strong> Yo el momento <em>boys<\/em>, lo tengo clar\u00edsimo. No puedo.<\/p>\n<p><strong>N:<\/strong> \u00bfEn serio? Es s\u00faper divertido en el fondo \u00bfeh?<\/p>\n<p><strong>U:<\/strong> No, es una cortada de rollo total. A m\u00ed que se me venga un t\u00edo as\u00ed como\u2026 No. Solo de imagin\u00e1rmelo me entra de todo. De verdad, me da much\u00edsima verg\u00fcenza. Soy bastante extrovertida y desinhibida, pero hay ciertas cosas que es que no, y esa es una de ellas\u2026 No quiero, por favor. No. Aunque espera, esto es peor porque, cuanto m\u00e1s lo diga, m\u00e1s me lo van a hacer, \u00a1as\u00ed que mejor me callo! [risas].<\/p>\n<figure id=\"attachment_37269\" aria-describedby=\"caption-attachment-37269\" style=\"width: 785px\" class=\"wp-caption aligncenter\"><img loading=\"lazy\" decoding=\"async\" class=\"size-full wp-image-37269\" src=\"https:\/\/graziamagazine.com\/es\/wp-content\/uploads\/sites\/12\/2015\/04\/22143907\/10.jpg\" alt=\"Natalia y \u00darsula sumaron buen rollo al Festival de M\u00e1laga en sus primeras jornadas. \u00a9 Cordon Press.\" width=\"785\" height=\"480\" \/><figcaption id=\"caption-attachment-37269\" class=\"wp-caption-text\">Natalia y \u00darsula sumaron buen rollo al Festival de M\u00e1laga en sus primeras jornadas. \u00a9 Cordon Press.<\/figcaption><\/figure>\n<p><strong>Por \u00faltimo, y volviendo al tema de las redes sociales, \u00bfcon qu\u00e9 tres emoticonos describir\u00edais la pel\u00edcula?<br \/>\n<\/strong><strong>N:<\/strong> Hay una que es como una novia, \u00bfno? Pues la novia\u2026<\/p>\n<p><strong>U:<\/strong> Ah, claro. Y la flamenca, la flamenca no puede faltar.<\/p>\n<p><strong>N:<\/strong> Entonces flamenca antes que novia, \u00bfno? Porque son tres, y si a\u00f1adimos las copas y el confetti\u2026<\/p>\n<figure id=\"attachment_37276\" aria-describedby=\"caption-attachment-37276\" style=\"width: 785px\" class=\"wp-caption aligncenter\"><img loading=\"lazy\" decoding=\"async\" class=\"wp-image-37276 size-full\" src=\"https:\/\/graziamagazine.com\/es\/wp-content\/uploads\/sites\/12\/2015\/04\/22144452\/11.jpg\" alt=\"\u00darsula Corber\u00f3 y Natalia de Molina\" width=\"785\" height=\"200\" \/><figcaption id=\"caption-attachment-37276\" class=\"wp-caption-text\"><em>C\u00f3mo sobrevivir a una despedida<\/em>\u00a0, versi\u00f3n emoji.<\/figcaption><\/figure>\n<p>&nbsp;<\/p>\n<p><strong>U:<\/strong> Mira, yo es que pondr\u00eda una cabra, directamente. En plan: estamos todas como cabras.<\/p>\n<p><img loading=\"lazy\" decoding=\"async\" class=\"aligncenter size-full wp-image-37275\" src=\"https:\/\/graziamagazine.com\/es\/wp-content\/uploads\/sites\/12\/2015\/04\/22144444\/0415.png\" alt=\"\u00darsula Corber\u00f3 y Natalia de Molina\" width=\"256\" height=\"256\" \/><\/p>\n<p><em>Y si un emoji de cabra no es motivo m\u00e1s que suficiente para ir corriendo al cine el pr\u00f3ximo 24 de abril\u2026 Nada puede serlo. \u00a1Todos a sobrevivir a la despedida m\u00e1s loca del a\u00f1o!<\/em><\/p>\n<p>[galeria]<\/p>\n<p><iframe loading=\"lazy\" style=\"border: none; overflow: hidden; height: 258px;\" src=\"\/\/www.facebook.com\/plugins\/likebox.php?href=https%3A%2F%2Fwww.facebook.com%2Fgraziaespana&amp;width&amp;height=258&amp;colorscheme=light&amp;show_faces=true&amp;header=false&amp;stream=false&amp;show_border=false&amp;appId=349017955267591\" width=\"300\" height=\"150\" frameborder=\"0\" scrolling=\"no\"><\/iframe><\/p>\n","protected":false},"author":14080,"featured_media":0,"template":"","format":"standard","categories":[13,17],"acf":[],"yoast_head":"<!-- This site is optimized with the Yoast SEO Premium plugin v18.5 (Yoast SEO v20.4) - https:\/\/yoast.com\/wordpress\/plugins\/seo\/ -->\n<title>\u00darsula Corber\u00f3, Natalia de Molina y la despedida m\u00e1s loca del a\u00f1o | Grazia<\/title>\n<meta name=\"description\" content=\"Hablamos con dos de las protagonistas de &#039;C\u00f3mo sobrevivir a una despedida&#039; sobre amigas que se casan, redes sociales y hero\u00ednas de ciencia ficci\u00f3n.\" \/>\n<meta name=\"robots\" content=\"index, follow, max-snippet:-1, max-image-preview:large, max-video-preview:-1\" \/>\n<link rel=\"canonical\" href=\"https:\/\/graziamagazine.com\/es\/articles\/ursula-corbero-natalia-de-molina-y-la-despedida-mas-loca-del-ano\/\" \/>\n<meta property=\"og:locale\" content=\"es_ES\" \/>\n<meta property=\"og:type\" content=\"article\" \/>\n<meta property=\"og:title\" content=\"\u00darsula Corber\u00f3, Natalia de Molina y la despedida m\u00e1s loca del a\u00f1o\" \/>\n<meta property=\"og:description\" content=\"Hablamos con dos de las protagonistas de &#039;C\u00f3mo sobrevivir a una despedida&#039; sobre amigas que se casan, redes sociales y hero\u00ednas de ciencia ficci\u00f3n.\" \/>\n<meta property=\"og:url\" content=\"https:\/\/graziamagazine.com\/es\/articles\/ursula-corbero-natalia-de-molina-y-la-despedida-mas-loca-del-ano\/\" \/>\n<meta property=\"og:site_name\" content=\"Grazia\" \/>\n<meta property=\"article:modified_time\" content=\"2015-04-22T16:48:51+00:00\" \/>\n<meta property=\"og:image\" content=\"https:\/\/graziamagazine.com\/es\/wp-content\/uploads\/sites\/12\/2015\/04\/22141732\/1.jpg\" \/>\n<meta name=\"twitter:card\" content=\"summary_large_image\" \/>\n<meta name=\"twitter:label1\" content=\"Est. reading time\" \/>\n\t<meta name=\"twitter:data1\" content=\"8 minutos\" \/>\n<script type=\"application\/ld+json\" class=\"yoast-schema-graph\">{\"@context\":\"https:\/\/schema.org\",\"@graph\":[{\"@type\":\"WebPage\",\"@id\":\"https:\/\/graziamagazine.com\/es\/articles\/ursula-corbero-natalia-de-molina-y-la-despedida-mas-loca-del-ano\/\",\"url\":\"https:\/\/graziamagazine.com\/es\/articles\/ursula-corbero-natalia-de-molina-y-la-despedida-mas-loca-del-ano\/\",\"name\":\"\u00darsula Corber\u00f3, Natalia de Molina y la despedida m\u00e1s loca del a\u00f1o | Grazia\",\"isPartOf\":{\"@id\":\"https:\/\/graziamagazine.com\/es\/#website\"},\"datePublished\":\"2015-04-22T16:37:58+00:00\",\"dateModified\":\"2015-04-22T16:48:51+00:00\",\"description\":\"Hablamos con dos de las protagonistas de 'C\u00f3mo sobrevivir a una despedida' sobre amigas que se casan, redes sociales y hero\u00ednas de ciencia ficci\u00f3n.\",\"breadcrumb\":{\"@id\":\"https:\/\/graziamagazine.com\/es\/articles\/ursula-corbero-natalia-de-molina-y-la-despedida-mas-loca-del-ano\/#breadcrumb\"},\"inLanguage\":\"es\",\"potentialAction\":[{\"@type\":\"ReadAction\",\"target\":[\"https:\/\/graziamagazine.com\/es\/articles\/ursula-corbero-natalia-de-molina-y-la-despedida-mas-loca-del-ano\/\"]}]},{\"@type\":\"BreadcrumbList\",\"@id\":\"https:\/\/graziamagazine.com\/es\/articles\/ursula-corbero-natalia-de-molina-y-la-despedida-mas-loca-del-ano\/#breadcrumb\",\"itemListElement\":[{\"@type\":\"ListItem\",\"position\":1,\"name\":\"Portada\",\"item\":\"https:\/\/graziamagazine.com\/es\/\"},{\"@type\":\"ListItem\",\"position\":2,\"name\":\"\u00darsula Corber\u00f3, Natalia de Molina y la despedida m\u00e1s loca del a\u00f1o\"}]},{\"@type\":\"WebSite\",\"@id\":\"https:\/\/graziamagazine.com\/es\/#website\",\"url\":\"https:\/\/graziamagazine.com\/es\/\",\"name\":\"Grazia\",\"description\":\"Moda, belleza, celebrities, estilo de vida...\",\"potentialAction\":[{\"@type\":\"SearchAction\",\"target\":{\"@type\":\"EntryPoint\",\"urlTemplate\":\"https:\/\/graziamagazine.com\/es\/?s={search_term_string}\"},\"query-input\":\"required name=search_term_string\"}],\"inLanguage\":\"es\"}]}<\/script>\n<!-- \/ Yoast SEO Premium plugin. -->","yoast_head_json":{"title":"\u00darsula Corber\u00f3, Natalia de Molina y la despedida m\u00e1s loca del a\u00f1o | Grazia","description":"Hablamos con dos de las protagonistas de 'C\u00f3mo sobrevivir a una despedida' sobre amigas que se casan, redes sociales y hero\u00ednas de ciencia ficci\u00f3n.","robots":{"index":"index","follow":"follow","max-snippet":"max-snippet:-1","max-image-preview":"max-image-preview:large","max-video-preview":"max-video-preview:-1"},"canonical":"https:\/\/graziamagazine.com\/es\/articles\/ursula-corbero-natalia-de-molina-y-la-despedida-mas-loca-del-ano\/","og_locale":"es_ES","og_type":"article","og_title":"\u00darsula Corber\u00f3, Natalia de Molina y la despedida m\u00e1s loca del a\u00f1o","og_description":"Hablamos con dos de las protagonistas de 'C\u00f3mo sobrevivir a una despedida' sobre amigas que se casan, redes sociales y hero\u00ednas de ciencia ficci\u00f3n.","og_url":"https:\/\/graziamagazine.com\/es\/articles\/ursula-corbero-natalia-de-molina-y-la-despedida-mas-loca-del-ano\/","og_site_name":"Grazia","article_modified_time":"2015-04-22T16:48:51+00:00","og_image":[{"url":"https:\/\/graziamagazine.com\/es\/wp-content\/uploads\/sites\/12\/2015\/04\/22141732\/1.jpg"}],"twitter_card":"summary_large_image","twitter_misc":{"Est. reading time":"8 minutos"},"schema":{"@context":"https:\/\/schema.org","@graph":[{"@type":"WebPage","@id":"https:\/\/graziamagazine.com\/es\/articles\/ursula-corbero-natalia-de-molina-y-la-despedida-mas-loca-del-ano\/","url":"https:\/\/graziamagazine.com\/es\/articles\/ursula-corbero-natalia-de-molina-y-la-despedida-mas-loca-del-ano\/","name":"\u00darsula Corber\u00f3, Natalia de Molina y la despedida m\u00e1s loca del a\u00f1o | Grazia","isPartOf":{"@id":"https:\/\/graziamagazine.com\/es\/#website"},"datePublished":"2015-04-22T16:37:58+00:00","dateModified":"2015-04-22T16:48:51+00:00","description":"Hablamos con dos de las protagonistas de 'C\u00f3mo sobrevivir a una despedida' sobre amigas que se casan, redes sociales y hero\u00ednas de ciencia ficci\u00f3n.","breadcrumb":{"@id":"https:\/\/graziamagazine.com\/es\/articles\/ursula-corbero-natalia-de-molina-y-la-despedida-mas-loca-del-ano\/#breadcrumb"},"inLanguage":"es","potentialAction":[{"@type":"ReadAction","target":["https:\/\/graziamagazine.com\/es\/articles\/ursula-corbero-natalia-de-molina-y-la-despedida-mas-loca-del-ano\/"]}]},{"@type":"BreadcrumbList","@id":"https:\/\/graziamagazine.com\/es\/articles\/ursula-corbero-natalia-de-molina-y-la-despedida-mas-loca-del-ano\/#breadcrumb","itemListElement":[{"@type":"ListItem","position":1,"name":"Portada","item":"https:\/\/graziamagazine.com\/es\/"},{"@type":"ListItem","position":2,"name":"\u00darsula Corber\u00f3, Natalia de Molina y la despedida m\u00e1s loca del a\u00f1o"}]},{"@type":"WebSite","@id":"https:\/\/graziamagazine.com\/es\/#website","url":"https:\/\/graziamagazine.com\/es\/","name":"Grazia","description":"Moda, belleza, celebrities, estilo de vida...","potentialAction":[{"@type":"SearchAction","target":{"@type":"EntryPoint","urlTemplate":"https:\/\/graziamagazine.com\/es\/?s={search_term_string}"},"query-input":"required name=search_term_string"}],"inLanguage":"es"}]}},"jetpack_sharing_enabled":true,"distributor_meta":false,"distributor_terms":false,"distributor_media":false,"distributor_original_site_name":"Grazia","distributor_original_site_url":"https:\/\/graziamagazine.com\/es","push-errors":false,"_links":{"self":[{"href":"https:\/\/graziamagazine.com\/es\/wp-json\/wp\/v2\/articles\/37198"}],"collection":[{"href":"https:\/\/graziamagazine.com\/es\/wp-json\/wp\/v2\/articles"}],"about":[{"href":"https:\/\/graziamagazine.com\/es\/wp-json\/wp\/v2\/types\/articles"}],"author":[{"embeddable":true,"href":"https:\/\/graziamagazine.com\/es\/wp-json\/wp\/v2\/users\/14080"}],"wp:attachment":[{"href":"https:\/\/graziamagazine.com\/es\/wp-json\/wp\/v2\/media?parent=37198"}],"wp:term":[{"taxonomy":"category","embeddable":true,"href":"https:\/\/graziamagazine.com\/es\/wp-json\/wp\/v2\/categories?post=37198"}],"curies":[{"name":"wp","href":"https:\/\/api.w.org\/{rel}","templated":true}]}}