{"id":36697,"date":"2015-04-15T11:08:00","date_gmt":"2015-04-15T09:08:00","guid":{"rendered":"https:\/\/graziamagazine.com\/es\/?p=36697"},"modified":"2015-04-15T11:10:56","modified_gmt":"2015-04-15T09:10:56","slug":"charlize-theron-sobre-sean-penn-esta-muy-bueno","status":"publish","type":"articles","link":"https:\/\/graziamagazine.com\/es\/articles\/charlize-theron-sobre-sean-penn-esta-muy-bueno\/","title":{"rendered":"Charlize Theron sobre Sean Penn: \u201cEst\u00e1 muy bueno\u201d"},"content":{"rendered":"<p><a href=\"https:\/\/graziamagazine.com\/es\/etiqueta\/charlize-theron\/\" target=\"_blank\"><strong>Charlize Theron<\/strong><\/a> no es muy dada a prodigarse en declaraciones personales, y mucho menos en lo que respecta a su pareja, <strong><a href=\"https:\/\/graziamagazine.com\/es\/etiqueta\/sean-penn\/\" target=\"_blank\">Sean Penn<\/a>,<\/strong> o su hijo Jackson, al que adopt\u00f3 a mediados del 2012. De hecho, podr\u00edamos decir que es una de las <em>celebrities<\/em> m\u00e1s discretas con su vida privada.<\/p>\n<figure id=\"attachment_36698\" aria-describedby=\"caption-attachment-36698\" style=\"width: 785px\" class=\"wp-caption aligncenter\"><img loading=\"lazy\" decoding=\"async\" class=\"size-full wp-image-36698\" src=\"https:\/\/graziamagazine.com\/es\/wp-content\/uploads\/sites\/12\/2015\/04\/15110035\/01-charlize-theron-sean-penn.jpg\" alt=\"La pareja, el pasado mes de marzo en el estreno de 'The Gunman'. \u00a9 Cordon Press\" width=\"785\" height=\"480\" \/><figcaption id=\"caption-attachment-36698\" class=\"wp-caption-text\">La pareja, el pasado mes de marzo en el estreno de &#8216;The Gunman&#8217;. \u00a9 Cordon Press<\/figcaption><\/figure>\n<p>Pero el amor es lo que tiene, que nos descuajaringa cualquier esquema, como le ha pasado a Charlize: \u201cCreo que los dos estamos en un momento de shock. Los dos. Justo cuando crees que sabes c\u00f3mo funcionan las cosas, la vida te da una patada en el culo y te das cuenta de que no ten\u00edas ni idea\u201d, ha confesado a la edici\u00f3n americana de la revista <em>Esquire.<\/em><\/p>\n<p>La sudafricana cumplir\u00e1 40 a\u00f1os este verano, en agosto, pero para entonces <a href=\"https:\/\/graziamagazine.com\/es\/celebs\/charlize-theron-y-sean-penn-y-otras-bodas-para-el-2015\/\" target=\"_blank\">ya le habr\u00e1 dado su \u2018s\u00ed quiero\u2019 a Sean Penn<\/a>, con el que lleva saliendo desde diciembre del 2013 tras muchos a\u00f1os como amigos: <strong>\u201cHemos sido amigos durante 20 a\u00f1os. \u00c9l estaba casado, yo estaba en una relaci\u00f3n larga.<\/strong> Creo que nuestra relaci\u00f3n naci\u00f3 del respeto mutuo. A Sean le gustaba tener conversaciones que no giraran solo en torno a hacer pel\u00edculas. Y eso es algo dif\u00edcil de encontrar aqu\u00ed\u201d, a\u00f1ade.<\/p>\n<figure id=\"attachment_36699\" aria-describedby=\"caption-attachment-36699\" style=\"width: 650px\" class=\"wp-caption aligncenter\"><img loading=\"lazy\" decoding=\"async\" class=\"size-full wp-image-36699\" src=\"https:\/\/graziamagazine.com\/es\/wp-content\/uploads\/sites\/12\/2015\/04\/15110023\/02-charlize-theron-sean-penn.jpg\" alt=\"Como una familia m\u00e1s, en el parque, con el hijo de Charlize, Jackson. \u00a9 Cordon Press\" width=\"650\" height=\"694\" \/><figcaption id=\"caption-attachment-36699\" class=\"wp-caption-text\">Como una familia m\u00e1s, en el parque, con el hijo de Charlize, Jackson. \u00a9 Cordon Press<\/figcaption><\/figure>\n<p>Est\u00e1 ser\u00e1 su primera boda, la segunda para Penn que estuvo casado cuatro a\u00f1os con <strong>Madonna<\/strong> y otros cuatro con <strong>Robin Wright:<\/strong> \u201cEl matrimonio siempre ha sido algo extra\u00f1o para m\u00ed. Me gusta saber que existe esa posibilidad, pero ahora estoy disfrutando de m\u00ed misma y viviendo el d\u00eda a d\u00eda, con mi hijo y mis amigos.\u201d.<\/p>\n<p>Pero la perspectiva de las cosas cambia cuando encuentras a ESA persona, algo que le ha sucedido a la actriz, que reconoce la suerte que tiene (y la que tiene Sean de estar contigo, querida Charlize):<\/p>\n<blockquote><p>\u201cSoy una chica muy, muy, muy afortunada. Muy afortunada. <strong>\u00c9l est\u00e1 bueno. Muy bueno. \u00bfC\u00f3mo puedes decir esto en una entrevista?<\/strong> Eres una mujer de 40 a\u00f1os y suenas como una ni\u00f1a de 16.\u201d<\/p><\/blockquote>\n<p>Y prosigue: \u201cHay algo muy bonito en todo esto, pero ahora te das cuenta de que no sabes c\u00f3mo expresar en palabras lo que se siente cuando alguien entra en tu vida y te hace ver algo que nunca pensaste que ser\u00edas capaz de ver\u201d, reconoce\u00a0la sudafricana con m\u00e1s raz\u00f3n que un santo. \u201cNos empe\u00f1amos en predecir el futuro y nos olvidamos que ya estamos en \u00e9l. Y el momento en el que yo estoy es muy bueno. Muy bueno y muy bonito\u201d, remat\u00f3 Theron. \u00a1Pues cu\u00e1nto nos alegramos!<\/p>\n<figure id=\"attachment_36700\" aria-describedby=\"caption-attachment-36700\" style=\"width: 785px\" class=\"wp-caption aligncenter\"><img loading=\"lazy\" decoding=\"async\" class=\"size-full wp-image-36700\" src=\"https:\/\/graziamagazine.com\/es\/wp-content\/uploads\/sites\/12\/2015\/04\/15105918\/03-charlize-theron-sean-penn.jpg\" alt=\"\u00a9 Cordon Press\" width=\"785\" height=\"553\" \/><figcaption id=\"caption-attachment-36700\" class=\"wp-caption-text\">\u00a9 Cordon Press<\/figcaption><\/figure>\n<p><iframe loading=\"lazy\" style=\"border: none; overflow: hidden; height: 258px;\" src=\"\/\/www.facebook.com\/plugins\/likebox.php?href=https%3A%2F%2Fwww.facebook.com%2Fgraziaespana&amp;width&amp;height=258&amp;colorscheme=light&amp;show_faces=true&amp;header=false&amp;stream=false&amp;show_border=false&amp;appId=349017955267591\" width=\"300\" height=\"150\" frameborder=\"0\" scrolling=\"no\"><\/iframe><\/p>\n","protected":false},"author":24470,"featured_media":0,"template":"","format":"standard","categories":[14,13],"acf":[],"yoast_head":"<!-- This site is optimized with the Yoast SEO Premium plugin v18.5 (Yoast SEO v20.4) - https:\/\/yoast.com\/wordpress\/plugins\/seo\/ -->\n<title>Charlize Theron sobre Sean Penn: \u201cEst\u00e1 muy bueno\u201d | Grazia<\/title>\n<meta name=\"description\" content=\"Se quieren y ella est\u00e1 m\u00e1s feliz que nunca, as\u00ed que ha decidido gritarlo a los cuatro vientos con unas sorprendentes declaraciones.\" \/>\n<meta name=\"robots\" content=\"index, follow, max-snippet:-1, max-image-preview:large, max-video-preview:-1\" \/>\n<link rel=\"canonical\" href=\"https:\/\/graziamagazine.com\/es\/articles\/charlize-theron-sobre-sean-penn-esta-muy-bueno\/\" \/>\n<meta property=\"og:locale\" content=\"es_ES\" \/>\n<meta property=\"og:type\" content=\"article\" \/>\n<meta property=\"og:title\" content=\"Las sorprendentes declaraciones de Charlize sobre Sean Penn\" \/>\n<meta property=\"og:description\" content=\"Se quieren y ella est\u00e1 m\u00e1s feliz que nunca, as\u00ed que ha decidido gritarlo a los cuatro vientos.\" \/>\n<meta property=\"og:url\" content=\"https:\/\/graziamagazine.com\/es\/articles\/charlize-theron-sobre-sean-penn-esta-muy-bueno\/\" \/>\n<meta property=\"og:site_name\" content=\"Grazia\" \/>\n<meta property=\"article:modified_time\" content=\"2015-04-15T09:10:56+00:00\" \/>\n<meta property=\"og:image\" content=\"https:\/\/graziamagazine.com\/es\/wp-content\/uploads\/sites\/12\/2015\/04\/15110035\/01-charlize-theron-sean-penn.jpg?fit=785%2C480\" \/>\n\t<meta property=\"og:image:width\" content=\"785\" \/>\n\t<meta property=\"og:image:height\" content=\"480\" \/>\n\t<meta property=\"og:image:type\" content=\"image\/jpeg\" \/>\n<meta name=\"twitter:card\" content=\"summary_large_image\" \/>\n<meta name=\"twitter:title\" content=\"Charlize Theron sobre Sean Penn: \u201cEst\u00e1 muy bueno\u201d\" \/>\n<meta name=\"twitter:label1\" content=\"Est. reading time\" \/>\n\t<meta name=\"twitter:data1\" content=\"2 minutos\" \/>\n<script type=\"application\/ld+json\" class=\"yoast-schema-graph\">{\"@context\":\"https:\/\/schema.org\",\"@graph\":[{\"@type\":\"WebPage\",\"@id\":\"https:\/\/graziamagazine.com\/es\/articles\/charlize-theron-sobre-sean-penn-esta-muy-bueno\/\",\"url\":\"https:\/\/graziamagazine.com\/es\/articles\/charlize-theron-sobre-sean-penn-esta-muy-bueno\/\",\"name\":\"Charlize Theron sobre Sean Penn: \u201cEst\u00e1 muy bueno\u201d | Grazia\",\"isPartOf\":{\"@id\":\"https:\/\/graziamagazine.com\/es\/#website\"},\"datePublished\":\"2015-04-15T09:08:00+00:00\",\"dateModified\":\"2015-04-15T09:10:56+00:00\",\"description\":\"Se quieren y ella est\u00e1 m\u00e1s feliz que nunca, as\u00ed que ha decidido gritarlo a los cuatro vientos con unas sorprendentes declaraciones.\",\"breadcrumb\":{\"@id\":\"https:\/\/graziamagazine.com\/es\/articles\/charlize-theron-sobre-sean-penn-esta-muy-bueno\/#breadcrumb\"},\"inLanguage\":\"es\",\"potentialAction\":[{\"@type\":\"ReadAction\",\"target\":[\"https:\/\/graziamagazine.com\/es\/articles\/charlize-theron-sobre-sean-penn-esta-muy-bueno\/\"]}]},{\"@type\":\"BreadcrumbList\",\"@id\":\"https:\/\/graziamagazine.com\/es\/articles\/charlize-theron-sobre-sean-penn-esta-muy-bueno\/#breadcrumb\",\"itemListElement\":[{\"@type\":\"ListItem\",\"position\":1,\"name\":\"Portada\",\"item\":\"https:\/\/graziamagazine.com\/es\/\"},{\"@type\":\"ListItem\",\"position\":2,\"name\":\"Charlize Theron sobre Sean Penn: \u201cEst\u00e1 muy bueno\u201d\"}]},{\"@type\":\"WebSite\",\"@id\":\"https:\/\/graziamagazine.com\/es\/#website\",\"url\":\"https:\/\/graziamagazine.com\/es\/\",\"name\":\"Grazia\",\"description\":\"Moda, belleza, celebrities, estilo de vida...\",\"potentialAction\":[{\"@type\":\"SearchAction\",\"target\":{\"@type\":\"EntryPoint\",\"urlTemplate\":\"https:\/\/graziamagazine.com\/es\/?s={search_term_string}\"},\"query-input\":\"required name=search_term_string\"}],\"inLanguage\":\"es\"}]}<\/script>\n<!-- \/ Yoast SEO Premium plugin. -->","yoast_head_json":{"title":"Charlize Theron sobre Sean Penn: \u201cEst\u00e1 muy bueno\u201d | Grazia","description":"Se quieren y ella est\u00e1 m\u00e1s feliz que nunca, as\u00ed que ha decidido gritarlo a los cuatro vientos con unas sorprendentes declaraciones.","robots":{"index":"index","follow":"follow","max-snippet":"max-snippet:-1","max-image-preview":"max-image-preview:large","max-video-preview":"max-video-preview:-1"},"canonical":"https:\/\/graziamagazine.com\/es\/articles\/charlize-theron-sobre-sean-penn-esta-muy-bueno\/","og_locale":"es_ES","og_type":"article","og_title":"Las sorprendentes declaraciones de Charlize sobre Sean Penn","og_description":"Se quieren y ella est\u00e1 m\u00e1s feliz que nunca, as\u00ed que ha decidido gritarlo a los cuatro vientos.","og_url":"https:\/\/graziamagazine.com\/es\/articles\/charlize-theron-sobre-sean-penn-esta-muy-bueno\/","og_site_name":"Grazia","article_modified_time":"2015-04-15T09:10:56+00:00","og_image":[{"width":785,"height":480,"url":"https:\/\/graziamagazine.com\/es\/wp-content\/uploads\/sites\/12\/2015\/04\/15110035\/01-charlize-theron-sean-penn.jpg?fit=785%2C480","type":"image\/jpeg"}],"twitter_card":"summary_large_image","twitter_title":"Charlize Theron sobre Sean Penn: \u201cEst\u00e1 muy bueno\u201d","twitter_misc":{"Est. reading time":"2 minutos"},"schema":{"@context":"https:\/\/schema.org","@graph":[{"@type":"WebPage","@id":"https:\/\/graziamagazine.com\/es\/articles\/charlize-theron-sobre-sean-penn-esta-muy-bueno\/","url":"https:\/\/graziamagazine.com\/es\/articles\/charlize-theron-sobre-sean-penn-esta-muy-bueno\/","name":"Charlize Theron sobre Sean Penn: \u201cEst\u00e1 muy bueno\u201d | Grazia","isPartOf":{"@id":"https:\/\/graziamagazine.com\/es\/#website"},"datePublished":"2015-04-15T09:08:00+00:00","dateModified":"2015-04-15T09:10:56+00:00","description":"Se quieren y ella est\u00e1 m\u00e1s feliz que nunca, as\u00ed que ha decidido gritarlo a los cuatro vientos con unas sorprendentes declaraciones.","breadcrumb":{"@id":"https:\/\/graziamagazine.com\/es\/articles\/charlize-theron-sobre-sean-penn-esta-muy-bueno\/#breadcrumb"},"inLanguage":"es","potentialAction":[{"@type":"ReadAction","target":["https:\/\/graziamagazine.com\/es\/articles\/charlize-theron-sobre-sean-penn-esta-muy-bueno\/"]}]},{"@type":"BreadcrumbList","@id":"https:\/\/graziamagazine.com\/es\/articles\/charlize-theron-sobre-sean-penn-esta-muy-bueno\/#breadcrumb","itemListElement":[{"@type":"ListItem","position":1,"name":"Portada","item":"https:\/\/graziamagazine.com\/es\/"},{"@type":"ListItem","position":2,"name":"Charlize Theron sobre Sean Penn: \u201cEst\u00e1 muy bueno\u201d"}]},{"@type":"WebSite","@id":"https:\/\/graziamagazine.com\/es\/#website","url":"https:\/\/graziamagazine.com\/es\/","name":"Grazia","description":"Moda, belleza, celebrities, estilo de vida...","potentialAction":[{"@type":"SearchAction","target":{"@type":"EntryPoint","urlTemplate":"https:\/\/graziamagazine.com\/es\/?s={search_term_string}"},"query-input":"required name=search_term_string"}],"inLanguage":"es"}]}},"jetpack_sharing_enabled":true,"distributor_meta":false,"distributor_terms":false,"distributor_media":false,"distributor_original_site_name":"Grazia","distributor_original_site_url":"https:\/\/graziamagazine.com\/es","push-errors":false,"_links":{"self":[{"href":"https:\/\/graziamagazine.com\/es\/wp-json\/wp\/v2\/articles\/36697"}],"collection":[{"href":"https:\/\/graziamagazine.com\/es\/wp-json\/wp\/v2\/articles"}],"about":[{"href":"https:\/\/graziamagazine.com\/es\/wp-json\/wp\/v2\/types\/articles"}],"author":[{"embeddable":true,"href":"https:\/\/graziamagazine.com\/es\/wp-json\/wp\/v2\/users\/24470"}],"wp:attachment":[{"href":"https:\/\/graziamagazine.com\/es\/wp-json\/wp\/v2\/media?parent=36697"}],"wp:term":[{"taxonomy":"category","embeddable":true,"href":"https:\/\/graziamagazine.com\/es\/wp-json\/wp\/v2\/categories?post=36697"}],"curies":[{"name":"wp","href":"https:\/\/api.w.org\/{rel}","templated":true}]}}