{"id":36495,"date":"2015-04-13T12:38:52","date_gmt":"2015-04-13T10:38:52","guid":{"rendered":"https:\/\/graziamagazine.com\/es\/?p=36495"},"modified":"2015-04-13T12:40:32","modified_gmt":"2015-04-13T10:40:32","slug":"mtv-movie-awards","status":"publish","type":"articles","link":"https:\/\/graziamagazine.com\/es\/articles\/mtv-movie-awards\/","title":{"rendered":"MTV Movie Awards"},"content":{"rendered":"<p>Los premios que buscan el Mejor beso de pel\u00edcula, la Mejor escena sin camiseta o la Mejor pelea en la gran pantalla del \u00faltimo a\u00f1o se celebraron anoche en Los \u00c1ngeles. Concretamente en el Teatro Nokia que despleg\u00f3 su alfombra azul para recibir a personalidades de todo tipo.<\/p>\n<p>All\u00ed estuvo, por ejemplo, <a href=\"https:\/\/graziamagazine.com\/es\/celebs\/10-cosas-que-quiza-no-sabias-sobre-cara-delevingne\/\" target=\"_blank\"><strong>Cara Delevingne,<\/strong> <\/a>que pr\u00e1cticamente se estrena en el <em>photocall<\/em>\u00a0(en su faceta como actriz, claro). Esta vez solo acudi\u00f3 a presentar un premio, pero promete no quedarse ah\u00ed.<\/p>\n<figure id=\"attachment_36476\" aria-describedby=\"caption-attachment-36476\" style=\"width: 785px\" class=\"wp-caption aligncenter\"><img loading=\"lazy\" decoding=\"async\" class=\"size-full wp-image-36476\" src=\"https:\/\/graziamagazine.com\/es\/wp-content\/uploads\/sites\/12\/2015\/04\/13111652\/01.jpg\" alt=\"Aunque tampoco podemos decir que sea una novata en premios de cine y festivales ahora s\u00ed se prepara para una temporada de alfombras en calidad de actriz. \u00a9 Cordon Press\" width=\"785\" height=\"480\" \/><figcaption id=\"caption-attachment-36476\" class=\"wp-caption-text\">Aunque tampoco podemos decir que sea una novata en premios de cine y festivales ahora s\u00ed se prepara para una temporada de alfombras en calidad de actriz. \u00a9 Cordon Press<\/figcaption><\/figure>\n<p>Muchos, sin embargo, se escaparon del posado sobre la alfombra, como fue el caso de <strong>Bradley Cooper<\/strong> o <strong>Sofia Vergara,<\/strong> a los que vimos directamente en\u00a0el escenario. Pero tampoco pas\u00f3 nada porque la <em>red carpet<\/em> (azul) tuvo su buena raci\u00f3n de espect\u00e1culo y momentos viralizables.<\/p>\n<p>Como el que protagoniz\u00f3 <strong>Rebel Wilson,<\/strong> vestida de \u00e1ngel de Victoria&#8217;s Secret <del>sin tener ella nada de eso,<\/del> o todos los flashes que acapar\u00f3 <strong>Jennifer Lopez,<\/strong> diagnosticada con el s\u00edndrome de\u00a0<em>Benjamin Button.<\/em><\/p>\n<figure id=\"attachment_36502\" aria-describedby=\"caption-attachment-36502\" style=\"width: 500px\" class=\"wp-caption aligncenter\"><img loading=\"lazy\" decoding=\"async\" class=\"size-full wp-image-36502\" src=\"https:\/\/graziamagazine.com\/es\/wp-content\/uploads\/sites\/12\/2015\/04\/13112831\/jlo.gif\" alt=\"S\u00ed, hablamos de ti JLo. \u00bfQu\u00e9 tipo de pacto tienes con el demonio?\" width=\"500\" height=\"282\" \/><figcaption id=\"caption-attachment-36502\" class=\"wp-caption-text\">S\u00ed, hablamos de ti JLo. \u00bfQu\u00e9 tipo de pacto tienes con el demonio?<\/figcaption><\/figure>\n<p>Dentro, y ya durante la gala, todos los tuits\u00a0fueron a parar <a href=\"https:\/\/instagram.com\/p\/1ZdMM6kq1S\/?taken-by=amberrose\" target=\"_blank\" target=\"_blank\">al beso entre <strong>Amber Rose<\/strong> y <strong>Amy Schumer<\/strong><\/a>, la presentadora de la velada (pese a todos los esfuerzos de\u00a0esta \u00faltima por\u00a0generar memes a base de un chiste escatol\u00f3gico tras otro).<\/p>\n<p>Pero hubo m\u00e1s, todo en la galer\u00eda:<\/p>\n<p>[galeria]<br \/>\n<iframe loading=\"lazy\" style=\"border: none; overflow: hidden; height: 258px;\" src=\"\/\/www.facebook.com\/plugins\/likebox.php?href=https%3A%2F%2Fwww.facebook.com%2Fgraziaespana&amp;width&amp;height=258&amp;colorscheme=light&amp;show_faces=true&amp;header=false&amp;stream=false&amp;show_border=false&amp;appId=349017955267591\" width=\"300\" height=\"150\" frameborder=\"0\" scrolling=\"no\"><\/iframe><\/p>\n","protected":false},"author":24470,"featured_media":0,"template":"","format":"standard","categories":[13,15],"acf":[],"yoast_head":"<!-- This site is optimized with the Yoast SEO Premium plugin v18.5 (Yoast SEO v20.4) - https:\/\/yoast.com\/wordpress\/plugins\/seo\/ -->\n<title>MTV Movie Awards | Grazia<\/title>\n<meta name=\"description\" content=\"Cara Delevingne, Bradley Cooper, Jennifer Lopez... Todos los invitados a la entrega de premios cinematogr\u00e1ficos de la cadena de televisi\u00f3n.\" \/>\n<meta name=\"robots\" content=\"index, follow, max-snippet:-1, max-image-preview:large, max-video-preview:-1\" \/>\n<link rel=\"canonical\" href=\"https:\/\/graziamagazine.com\/es\/articles\/mtv-movie-awards\/\" \/>\n<meta property=\"og:locale\" content=\"es_ES\" \/>\n<meta property=\"og:type\" content=\"article\" \/>\n<meta property=\"og:title\" content=\"MTV Movie Awards\" \/>\n<meta property=\"og:description\" content=\"Cara Delevingne, Bradley Cooper, Jennifer Lopez... Todos los invitados a la entrega de premios cinematogr\u00e1ficos de la cadena de televisi\u00f3n.\" \/>\n<meta property=\"og:url\" content=\"https:\/\/graziamagazine.com\/es\/articles\/mtv-movie-awards\/\" \/>\n<meta property=\"og:site_name\" content=\"Grazia\" \/>\n<meta property=\"article:modified_time\" content=\"2015-04-13T10:40:32+00:00\" \/>\n<meta property=\"og:image\" content=\"https:\/\/graziamagazine.com\/es\/wp-content\/uploads\/sites\/12\/2015\/04\/13111652\/01.jpg\" \/>\n<meta name=\"twitter:card\" content=\"summary_large_image\" \/>\n<meta name=\"twitter:label1\" content=\"Est. reading time\" \/>\n\t<meta name=\"twitter:data1\" content=\"1 minuto\" \/>\n<script type=\"application\/ld+json\" class=\"yoast-schema-graph\">{\"@context\":\"https:\/\/schema.org\",\"@graph\":[{\"@type\":\"WebPage\",\"@id\":\"https:\/\/graziamagazine.com\/es\/articles\/mtv-movie-awards\/\",\"url\":\"https:\/\/graziamagazine.com\/es\/articles\/mtv-movie-awards\/\",\"name\":\"MTV Movie Awards | Grazia\",\"isPartOf\":{\"@id\":\"https:\/\/graziamagazine.com\/es\/#website\"},\"datePublished\":\"2015-04-13T10:38:52+00:00\",\"dateModified\":\"2015-04-13T10:40:32+00:00\",\"description\":\"Cara Delevingne, Bradley Cooper, Jennifer Lopez... Todos los invitados a la entrega de premios cinematogr\u00e1ficos de la cadena de televisi\u00f3n.\",\"breadcrumb\":{\"@id\":\"https:\/\/graziamagazine.com\/es\/articles\/mtv-movie-awards\/#breadcrumb\"},\"inLanguage\":\"es\",\"potentialAction\":[{\"@type\":\"ReadAction\",\"target\":[\"https:\/\/graziamagazine.com\/es\/articles\/mtv-movie-awards\/\"]}]},{\"@type\":\"BreadcrumbList\",\"@id\":\"https:\/\/graziamagazine.com\/es\/articles\/mtv-movie-awards\/#breadcrumb\",\"itemListElement\":[{\"@type\":\"ListItem\",\"position\":1,\"name\":\"Portada\",\"item\":\"https:\/\/graziamagazine.com\/es\/\"},{\"@type\":\"ListItem\",\"position\":2,\"name\":\"MTV Movie Awards\"}]},{\"@type\":\"WebSite\",\"@id\":\"https:\/\/graziamagazine.com\/es\/#website\",\"url\":\"https:\/\/graziamagazine.com\/es\/\",\"name\":\"Grazia\",\"description\":\"Moda, belleza, celebrities, estilo de vida...\",\"potentialAction\":[{\"@type\":\"SearchAction\",\"target\":{\"@type\":\"EntryPoint\",\"urlTemplate\":\"https:\/\/graziamagazine.com\/es\/?s={search_term_string}\"},\"query-input\":\"required name=search_term_string\"}],\"inLanguage\":\"es\"}]}<\/script>\n<!-- \/ Yoast SEO Premium plugin. -->","yoast_head_json":{"title":"MTV Movie Awards | Grazia","description":"Cara Delevingne, Bradley Cooper, Jennifer Lopez... Todos los invitados a la entrega de premios cinematogr\u00e1ficos de la cadena de televisi\u00f3n.","robots":{"index":"index","follow":"follow","max-snippet":"max-snippet:-1","max-image-preview":"max-image-preview:large","max-video-preview":"max-video-preview:-1"},"canonical":"https:\/\/graziamagazine.com\/es\/articles\/mtv-movie-awards\/","og_locale":"es_ES","og_type":"article","og_title":"MTV Movie Awards","og_description":"Cara Delevingne, Bradley Cooper, Jennifer Lopez... Todos los invitados a la entrega de premios cinematogr\u00e1ficos de la cadena de televisi\u00f3n.","og_url":"https:\/\/graziamagazine.com\/es\/articles\/mtv-movie-awards\/","og_site_name":"Grazia","article_modified_time":"2015-04-13T10:40:32+00:00","og_image":[{"url":"https:\/\/graziamagazine.com\/es\/wp-content\/uploads\/sites\/12\/2015\/04\/13111652\/01.jpg"}],"twitter_card":"summary_large_image","twitter_misc":{"Est. reading time":"1 minuto"},"schema":{"@context":"https:\/\/schema.org","@graph":[{"@type":"WebPage","@id":"https:\/\/graziamagazine.com\/es\/articles\/mtv-movie-awards\/","url":"https:\/\/graziamagazine.com\/es\/articles\/mtv-movie-awards\/","name":"MTV Movie Awards | Grazia","isPartOf":{"@id":"https:\/\/graziamagazine.com\/es\/#website"},"datePublished":"2015-04-13T10:38:52+00:00","dateModified":"2015-04-13T10:40:32+00:00","description":"Cara Delevingne, Bradley Cooper, Jennifer Lopez... Todos los invitados a la entrega de premios cinematogr\u00e1ficos de la cadena de televisi\u00f3n.","breadcrumb":{"@id":"https:\/\/graziamagazine.com\/es\/articles\/mtv-movie-awards\/#breadcrumb"},"inLanguage":"es","potentialAction":[{"@type":"ReadAction","target":["https:\/\/graziamagazine.com\/es\/articles\/mtv-movie-awards\/"]}]},{"@type":"BreadcrumbList","@id":"https:\/\/graziamagazine.com\/es\/articles\/mtv-movie-awards\/#breadcrumb","itemListElement":[{"@type":"ListItem","position":1,"name":"Portada","item":"https:\/\/graziamagazine.com\/es\/"},{"@type":"ListItem","position":2,"name":"MTV Movie Awards"}]},{"@type":"WebSite","@id":"https:\/\/graziamagazine.com\/es\/#website","url":"https:\/\/graziamagazine.com\/es\/","name":"Grazia","description":"Moda, belleza, celebrities, estilo de vida...","potentialAction":[{"@type":"SearchAction","target":{"@type":"EntryPoint","urlTemplate":"https:\/\/graziamagazine.com\/es\/?s={search_term_string}"},"query-input":"required name=search_term_string"}],"inLanguage":"es"}]}},"jetpack_sharing_enabled":true,"distributor_meta":false,"distributor_terms":false,"distributor_media":false,"distributor_original_site_name":"Grazia","distributor_original_site_url":"https:\/\/graziamagazine.com\/es","push-errors":false,"_links":{"self":[{"href":"https:\/\/graziamagazine.com\/es\/wp-json\/wp\/v2\/articles\/36495"}],"collection":[{"href":"https:\/\/graziamagazine.com\/es\/wp-json\/wp\/v2\/articles"}],"about":[{"href":"https:\/\/graziamagazine.com\/es\/wp-json\/wp\/v2\/types\/articles"}],"author":[{"embeddable":true,"href":"https:\/\/graziamagazine.com\/es\/wp-json\/wp\/v2\/users\/24470"}],"wp:attachment":[{"href":"https:\/\/graziamagazine.com\/es\/wp-json\/wp\/v2\/media?parent=36495"}],"wp:term":[{"taxonomy":"category","embeddable":true,"href":"https:\/\/graziamagazine.com\/es\/wp-json\/wp\/v2\/categories?post=36495"}],"curies":[{"name":"wp","href":"https:\/\/api.w.org\/{rel}","templated":true}]}}