{"id":35192,"date":"2015-03-26T15:54:15","date_gmt":"2015-03-26T14:54:15","guid":{"rendered":"https:\/\/graziamagazine.com\/es\/?p=35192"},"modified":"2015-03-26T17:47:19","modified_gmt":"2015-03-26T16:47:19","slug":"las-nuevas-chicas-almodovar","status":"publish","type":"articles","link":"https:\/\/graziamagazine.com\/es\/articles\/las-nuevas-chicas-almodovar\/","title":{"rendered":"Las nuevas Chicas Almod\u00f3var"},"content":{"rendered":"<p>Trabajar con el director de <em>Volver<\/em> es, para los profesionales del cine espa\u00f1ol, uno de los mayores logros de su carrera. \u00c9l es conocido en todo el mundo y, junto a su estela, en cada uno de los eventos de presentaci\u00f3n mundial de la pel\u00edcula, viajas t\u00fa. Algo parecido vivi\u00f3 <strong>Blanca Su\u00e1rez<\/strong>, la \u00faltima de sus j\u00f3venes musas despu\u00e9s de figurar en<em> La piel que habito <\/em>y<em> Los amantes pasajeros<\/em>&#8230; y ahora les toca a ellas: <strong>Adriana Ugarte, Inma Cuesta y Michelle Jenner forman parte del cartel de <em>Silencio<\/em>, su pr\u00f3ximo film.<\/strong><\/p>\n<figure id=\"attachment_35201\" aria-describedby=\"caption-attachment-35201\" style=\"width: 785px\" class=\"wp-caption aligncenter\"><img loading=\"lazy\" decoding=\"async\" class=\"size-full wp-image-35201\" src=\"https:\/\/graziamagazine.com\/es\/wp-content\/uploads\/sites\/12\/2015\/03\/26154607\/cover1_almodovar.jpg\" alt=\"Adriana, Inma y Michelle han sido confirmadas como parte del reparto. \u00a9 Cordon Press\" width=\"785\" height=\"480\" \/><figcaption id=\"caption-attachment-35201\" class=\"wp-caption-text\">Adriana, Inma y Michelle han sido confirmadas como parte del reparto. \u00a9 Cordon Press<\/figcaption><\/figure>\n<p>Ellas, las nuevas &#8216;Chicas Almod\u00f3var&#8217;, se unen as\u00ed a un <em>casting<\/em> en el que tambi\u00e9n estar\u00e1n, entre otros, <strong>Emma Su\u00e1rez<\/strong> (que, despu\u00e9s de su larga trayectoria como actriz nunca hab\u00eda trabajado con el manchego), <strong>Susi S\u00e1nchez, Dar\u00edo Grandinetti, Nathali Poza, Daniel Grao <\/strong>o<strong> Blanca Par\u00e9s<\/strong>. A la cabeza, por supuesto, una R<strong>ossy de Palma<\/strong> incondicional al director.<\/p>\n<p><strong>Adriana Ugarte<\/strong> y <strong>Emma Su\u00e1rez<\/strong> interpretar\u00e1n a la protagonista, <strong>Julieta<\/strong>, a lo largo de los a\u00f1os entre 1985 y 2015. Seg\u00fan cuentan desde <em>El Deseo<\/em>, con este\u00a0personaje <strong>Almod\u00f3var<\/strong> volver\u00e1 \u00abal drama del universo femenino\u00bb que tanto le caracteriz\u00f3 en sus cintas m\u00e1s exitosas, \u00abaunque el tono de\u00a0<em>Silencio<\/em>\u00a0ser\u00e1 muy distinto al de\u00a0<em>Volver<\/em>\u00a0o\u00a0<em>La flor de mi secreto<\/em>, otros dramas con mujeres, madres, hijas, vecinas y padres ausentes\u00bb.<\/p>\n<figure id=\"attachment_35205\" aria-describedby=\"caption-attachment-35205\" style=\"width: 400px\" class=\"wp-caption aligncenter\"><img loading=\"lazy\" decoding=\"async\" class=\"size-full wp-image-35205\" src=\"https:\/\/graziamagazine.com\/es\/wp-content\/uploads\/sites\/12\/2015\/03\/26154957\/gif.gif\" alt=\"Pen\u00e9lope Cruz en 'Volver'. \" width=\"400\" height=\"217\" \/><figcaption id=\"caption-attachment-35205\" class=\"wp-caption-text\">Pen\u00e9lope Cruz en &#8216;Volver&#8217;.<\/figcaption><\/figure>\n<p>El rodaje de <em>Silencio<\/em>, la cinta n\u00famero 20 del director (quien hac\u00eda casi tres a\u00f1os que no se pon\u00eda tras la c\u00e1mara), comenzar\u00e1 el pr\u00f3ximo mes de mayo y se llevar\u00e1 a cabo en distintos puntos del pa\u00eds: \u00abde las R\u00edas Altas gallegas, a la Sierra de Huelva, desde Madrid a los Pirineos aragoneses\u00bb, se dice en el comunicado.<\/p>\n<p><iframe loading=\"lazy\" style=\"border: none; overflow: hidden; height: 258px;\" src=\"\/\/www.facebook.com\/plugins\/likebox.php?href=https%3A%2F%2Fwww.facebook.com%2Fgraziaespana&amp;width&amp;height=258&amp;colorscheme=light&amp;show_faces=true&amp;header=false&amp;stream=false&amp;show_border=false&amp;appId=349017955267591\" width=\"300\" height=\"150\" frameborder=\"0\" scrolling=\"no\"><\/iframe><\/p>\n","protected":false},"author":24470,"featured_media":0,"template":"","format":"standard","categories":[19,18],"acf":[],"yoast_head":"<!-- This site is optimized with the Yoast SEO Premium plugin v18.5 (Yoast SEO v20.4) - https:\/\/yoast.com\/wordpress\/plugins\/seo\/ -->\n<title>Las nuevas Chicas Almod\u00f3var | Grazia<\/title>\n<meta name=\"description\" content=\"El manchego ha desvelado el casting de Silencio, su pr\u00f3xima pel\u00edcula.\" \/>\n<meta name=\"robots\" content=\"index, follow, max-snippet:-1, max-image-preview:large, max-video-preview:-1\" \/>\n<link rel=\"canonical\" href=\"https:\/\/graziamagazine.com\/es\/articles\/las-nuevas-chicas-almodovar\/\" \/>\n<meta property=\"og:locale\" content=\"es_ES\" \/>\n<meta property=\"og:type\" content=\"article\" \/>\n<meta property=\"og:title\" content=\"Las nuevas Chicas Almod\u00f3var\" \/>\n<meta property=\"og:description\" content=\"El manchego ha desvelado el casting de Silencio, su pr\u00f3xima pel\u00edcula.\" \/>\n<meta property=\"og:url\" content=\"https:\/\/graziamagazine.com\/es\/articles\/las-nuevas-chicas-almodovar\/\" \/>\n<meta property=\"og:site_name\" content=\"Grazia\" \/>\n<meta property=\"article:modified_time\" content=\"2015-03-26T16:47:19+00:00\" \/>\n<meta property=\"og:image\" content=\"https:\/\/graziamagazine.com\/es\/wp-content\/uploads\/sites\/12\/2015\/03\/26154607\/cover1_almodovar.jpg\" \/>\n<meta name=\"twitter:card\" content=\"summary_large_image\" \/>\n<meta name=\"twitter:label1\" content=\"Est. reading time\" \/>\n\t<meta name=\"twitter:data1\" content=\"2 minutos\" \/>\n<script type=\"application\/ld+json\" class=\"yoast-schema-graph\">{\"@context\":\"https:\/\/schema.org\",\"@graph\":[{\"@type\":\"WebPage\",\"@id\":\"https:\/\/graziamagazine.com\/es\/articles\/las-nuevas-chicas-almodovar\/\",\"url\":\"https:\/\/graziamagazine.com\/es\/articles\/las-nuevas-chicas-almodovar\/\",\"name\":\"Las nuevas Chicas Almod\u00f3var | Grazia\",\"isPartOf\":{\"@id\":\"https:\/\/graziamagazine.com\/es\/#website\"},\"datePublished\":\"2015-03-26T14:54:15+00:00\",\"dateModified\":\"2015-03-26T16:47:19+00:00\",\"description\":\"El manchego ha desvelado el casting de Silencio, su pr\u00f3xima pel\u00edcula.\",\"breadcrumb\":{\"@id\":\"https:\/\/graziamagazine.com\/es\/articles\/las-nuevas-chicas-almodovar\/#breadcrumb\"},\"inLanguage\":\"es\",\"potentialAction\":[{\"@type\":\"ReadAction\",\"target\":[\"https:\/\/graziamagazine.com\/es\/articles\/las-nuevas-chicas-almodovar\/\"]}]},{\"@type\":\"BreadcrumbList\",\"@id\":\"https:\/\/graziamagazine.com\/es\/articles\/las-nuevas-chicas-almodovar\/#breadcrumb\",\"itemListElement\":[{\"@type\":\"ListItem\",\"position\":1,\"name\":\"Portada\",\"item\":\"https:\/\/graziamagazine.com\/es\/\"},{\"@type\":\"ListItem\",\"position\":2,\"name\":\"Las nuevas Chicas Almod\u00f3var\"}]},{\"@type\":\"WebSite\",\"@id\":\"https:\/\/graziamagazine.com\/es\/#website\",\"url\":\"https:\/\/graziamagazine.com\/es\/\",\"name\":\"Grazia\",\"description\":\"Moda, belleza, celebrities, estilo de vida...\",\"potentialAction\":[{\"@type\":\"SearchAction\",\"target\":{\"@type\":\"EntryPoint\",\"urlTemplate\":\"https:\/\/graziamagazine.com\/es\/?s={search_term_string}\"},\"query-input\":\"required name=search_term_string\"}],\"inLanguage\":\"es\"}]}<\/script>\n<!-- \/ Yoast SEO Premium plugin. -->","yoast_head_json":{"title":"Las nuevas Chicas Almod\u00f3var | Grazia","description":"El manchego ha desvelado el casting de Silencio, su pr\u00f3xima pel\u00edcula.","robots":{"index":"index","follow":"follow","max-snippet":"max-snippet:-1","max-image-preview":"max-image-preview:large","max-video-preview":"max-video-preview:-1"},"canonical":"https:\/\/graziamagazine.com\/es\/articles\/las-nuevas-chicas-almodovar\/","og_locale":"es_ES","og_type":"article","og_title":"Las nuevas Chicas Almod\u00f3var","og_description":"El manchego ha desvelado el casting de Silencio, su pr\u00f3xima pel\u00edcula.","og_url":"https:\/\/graziamagazine.com\/es\/articles\/las-nuevas-chicas-almodovar\/","og_site_name":"Grazia","article_modified_time":"2015-03-26T16:47:19+00:00","og_image":[{"url":"https:\/\/graziamagazine.com\/es\/wp-content\/uploads\/sites\/12\/2015\/03\/26154607\/cover1_almodovar.jpg"}],"twitter_card":"summary_large_image","twitter_misc":{"Est. reading time":"2 minutos"},"schema":{"@context":"https:\/\/schema.org","@graph":[{"@type":"WebPage","@id":"https:\/\/graziamagazine.com\/es\/articles\/las-nuevas-chicas-almodovar\/","url":"https:\/\/graziamagazine.com\/es\/articles\/las-nuevas-chicas-almodovar\/","name":"Las nuevas Chicas Almod\u00f3var | Grazia","isPartOf":{"@id":"https:\/\/graziamagazine.com\/es\/#website"},"datePublished":"2015-03-26T14:54:15+00:00","dateModified":"2015-03-26T16:47:19+00:00","description":"El manchego ha desvelado el casting de Silencio, su pr\u00f3xima pel\u00edcula.","breadcrumb":{"@id":"https:\/\/graziamagazine.com\/es\/articles\/las-nuevas-chicas-almodovar\/#breadcrumb"},"inLanguage":"es","potentialAction":[{"@type":"ReadAction","target":["https:\/\/graziamagazine.com\/es\/articles\/las-nuevas-chicas-almodovar\/"]}]},{"@type":"BreadcrumbList","@id":"https:\/\/graziamagazine.com\/es\/articles\/las-nuevas-chicas-almodovar\/#breadcrumb","itemListElement":[{"@type":"ListItem","position":1,"name":"Portada","item":"https:\/\/graziamagazine.com\/es\/"},{"@type":"ListItem","position":2,"name":"Las nuevas Chicas Almod\u00f3var"}]},{"@type":"WebSite","@id":"https:\/\/graziamagazine.com\/es\/#website","url":"https:\/\/graziamagazine.com\/es\/","name":"Grazia","description":"Moda, belleza, celebrities, estilo de vida...","potentialAction":[{"@type":"SearchAction","target":{"@type":"EntryPoint","urlTemplate":"https:\/\/graziamagazine.com\/es\/?s={search_term_string}"},"query-input":"required name=search_term_string"}],"inLanguage":"es"}]}},"jetpack_sharing_enabled":true,"distributor_meta":false,"distributor_terms":false,"distributor_media":false,"distributor_original_site_name":"Grazia","distributor_original_site_url":"https:\/\/graziamagazine.com\/es","push-errors":false,"_links":{"self":[{"href":"https:\/\/graziamagazine.com\/es\/wp-json\/wp\/v2\/articles\/35192"}],"collection":[{"href":"https:\/\/graziamagazine.com\/es\/wp-json\/wp\/v2\/articles"}],"about":[{"href":"https:\/\/graziamagazine.com\/es\/wp-json\/wp\/v2\/types\/articles"}],"author":[{"embeddable":true,"href":"https:\/\/graziamagazine.com\/es\/wp-json\/wp\/v2\/users\/24470"}],"wp:attachment":[{"href":"https:\/\/graziamagazine.com\/es\/wp-json\/wp\/v2\/media?parent=35192"}],"wp:term":[{"taxonomy":"category","embeddable":true,"href":"https:\/\/graziamagazine.com\/es\/wp-json\/wp\/v2\/categories?post=35192"}],"curies":[{"name":"wp","href":"https:\/\/api.w.org\/{rel}","templated":true}]}}