{"id":34819,"date":"2015-03-23T12:15:53","date_gmt":"2015-03-23T11:15:53","guid":{"rendered":"https:\/\/graziamagazine.com\/es\/?p=34819"},"modified":"2015-03-23T18:29:29","modified_gmt":"2015-03-23T17:29:29","slug":"segunda-oportunidad-para-orlando-y-miranda","status":"publish","type":"articles","link":"https:\/\/graziamagazine.com\/es\/articles\/segunda-oportunidad-para-orlando-y-miranda\/","title":{"rendered":"\u00bfSegunda oportunidad para Orlando y Miranda?"},"content":{"rendered":"<p>Donde hubo fuego\u2026 \u00bfcenizas quedan? Esto no siempre es as\u00ed, <del>de hecho, a veces m\u00e1s que cenizas lo que quedan son trastos que se tiran a la cabeza del ex<\/del>, pero parece que en el caso de <strong>Orlando Bloom<\/strong> y <a href=\"https:\/\/graziamagazine.com\/es\/etiqueta\/miranda-kerr\/\" target=\"_blank\"><strong>Miranda Kerr<\/strong><\/a> el refranero espa\u00f1ol ser\u00eda\u00a0m\u00e1s que v\u00e1lido.<\/p>\n<p>Seg\u00fan publica <a href=\"http:\/\/okmagazine.com\/photos\/miranda-kerr-orlando-bloom-back-together-hooking-up\/photo\/1001224581\/\" target=\"_blank\" target=\"_blank\"><em>OK Magazine<\/em><\/a>, el actor y la modelo australiana podr\u00edan estar d\u00e1ndose una segunda oportunidad. Los rumores saltaron ya a finales de febrero, cuando fueron vistos saliendo juntos de <a href=\"https:\/\/graziamagazine.com\/es\/celebs\/tras-los-oscar-fiesta\/\" target=\"_blank\">una de las fiestas post-Oscar<\/a>.<\/p>\n<p>Al parecer, seg\u00fan informa una fuente a la publicaci\u00f3n, de momento no hay nada serio entre ellos (m\u00e1s all\u00e1 de un hijo en com\u00fan <del>y el derecho a roce<\/del>, claro), sino que est\u00e1n \u201cdisfrutando de reunirse informalmente cuando el \u00e1nimo y la oportunidad lo permiten\u201d. Vaya, que est\u00e1n viviendo los comienzos de una relaci\u00f3n, <del>como polluelos<\/del>. \u00a1Qui\u00e9n pudiera\u2026!<\/p>\n<figure id=\"attachment_34823\" aria-describedby=\"caption-attachment-34823\" style=\"width: 785px\" class=\"wp-caption aligncenter\"><img loading=\"lazy\" decoding=\"async\" class=\"size-full wp-image-34823\" src=\"https:\/\/graziamagazine.com\/es\/wp-content\/uploads\/sites\/12\/2015\/03\/23121002\/3-mirandaorlando.jpg\" alt=\"Por separado, cuidando de su hijo Flynn. \u00a9 Cordon Press\" width=\"785\" height=\"480\" \/><figcaption id=\"caption-attachment-34823\" class=\"wp-caption-text\">Por separado, cuidando de su hijo Flynn. \u00a9 Cordon Press<\/figcaption><\/figure>\n<p>Mientras tanto, <strong>Miranda<\/strong> utiliza su <a href=\"https:\/\/instagram.com\/mirandakerr\/\" target=\"_blank\" target=\"_blank\">Instagram<\/a> para publicar frases que inevitablemente nos dejan creer que, en efecto, su segundo asalto podr\u00eda ser algo real: \u201cNo te lamentes por el pasado, porque ya se ha ido. No te preocupes por el futuro, porque a\u00fan no ha llegado. Vive el presente y haz que sea tan maravilloso que merezca la pena recordarlo\u201d, escribi\u00f3 en su \u00faltima foto. Aham.<\/p>\n<figure id=\"attachment_34822\" aria-describedby=\"caption-attachment-34822\" style=\"width: 785px\" class=\"wp-caption aligncenter\"><img loading=\"lazy\" decoding=\"async\" class=\"size-full wp-image-34822\" src=\"https:\/\/graziamagazine.com\/es\/wp-content\/uploads\/sites\/12\/2015\/03\/23120929\/2-mirandaorlando.jpg\" alt=\"\u00a9 Instagram\" width=\"785\" height=\"480\" \/><figcaption id=\"caption-attachment-34822\" class=\"wp-caption-text\">\u00a9 Instagram<\/figcaption><\/figure>\n<p>Atr\u00e1s quedan ya las idas y venidas de ambos; la una con su muchimillonario supuesto novio, el otro con sus cortos romances con chicas m\u00e1s j\u00f3venes que \u00e9l (empezando por<strong> Selena Gomez<\/strong>, claro). Atr\u00e1s queda ya (tambi\u00e9n) <strong>Justin Bieber<\/strong> y su comentada pele\u00edta en Ibiza el verano pasado (porque est\u00e1 feo decir \u201cSaluda a Miranda de mi parte\u201d)\u2026. Dos a\u00f1os despu\u00e9s de su ruptura amistosa <del>que nos gusta este t\u00e9rmino Paltrowliano<\/del> a favor de su hijo <strong>Flynn <\/strong>y<a href=\"https:\/\/graziamagazine.com\/es\/celebs\/orlando-y-miranda-pasaran-la-navidad-juntos\/\" target=\"_blank\"> tras unas Navidades juntos<\/a> (aunque no revueltos), <strong>Orlando<\/strong> y <strong>Miranda<\/strong> podr\u00edan volver a la carga como una de las <em>perfect couples<\/em>\u00a0por excelencia del panorama.<\/p>\n<p>Segundas partes\u2026 \u00bfpueden ser buenas? \u00a1Veremos!<\/p>\n<figure id=\"attachment_34824\" aria-describedby=\"caption-attachment-34824\" style=\"width: 785px\" class=\"wp-caption aligncenter\"><img loading=\"lazy\" decoding=\"async\" class=\"size-full wp-image-34824\" src=\"https:\/\/graziamagazine.com\/es\/wp-content\/uploads\/sites\/12\/2015\/03\/23120910\/cover1-mirandaorlando.jpg\" alt=\"De cuando todav\u00eda eran un 'algo', all\u00e1 por febrero de 2013. Ay... \u00a9 Cordon Press\" width=\"785\" height=\"480\" \/><figcaption id=\"caption-attachment-34824\" class=\"wp-caption-text\">De cuando todav\u00eda eran un &#8216;algo&#8217;, all\u00e1 por febrero de 2013. Ay&#8230; \u00a9 Cordon Press<\/figcaption><\/figure>\n<p><iframe loading=\"lazy\" style=\"border: none; overflow: hidden; height: 258px;\" src=\"\/\/www.facebook.com\/plugins\/likebox.php?href=https%3A%2F%2Fwww.facebook.com%2Fgraziaespana&amp;width&amp;height=258&amp;colorscheme=light&amp;show_faces=true&amp;header=false&amp;stream=false&amp;show_border=false&amp;appId=349017955267591\" width=\"300\" height=\"150\" frameborder=\"0\" scrolling=\"no\"><\/iframe><\/p>\n","protected":false},"author":24470,"featured_media":0,"template":"","format":"standard","categories":[14,13],"acf":[],"yoast_head":"<!-- This site is optimized with the Yoast SEO Premium plugin v18.5 (Yoast SEO v20.4) - https:\/\/yoast.com\/wordpress\/plugins\/seo\/ -->\n<title>\u00bfSegunda oportunidad para Orlando y Miranda? | Grazia<\/title>\n<meta name=\"description\" content=\"Se ven de vez en cuando as\u00ed, como quien no quiere la cosa. Y esto podr\u00eda ir a m\u00e1s... As\u00ed lo confirman varios medios estadounidenses.\" \/>\n<meta name=\"robots\" content=\"index, follow, max-snippet:-1, max-image-preview:large, max-video-preview:-1\" \/>\n<link rel=\"canonical\" href=\"https:\/\/graziamagazine.com\/es\/articles\/segunda-oportunidad-para-orlando-y-miranda\/\" \/>\n<meta property=\"og:locale\" content=\"es_ES\" \/>\n<meta property=\"og:type\" content=\"article\" \/>\n<meta property=\"og:title\" content=\"\u00bfSegunda oportunidad para Orlando y Miranda?\" \/>\n<meta property=\"og:description\" content=\"Se ven de vez en cuando as\u00ed, como quien no quiere la cosa. Y esto podr\u00eda ir a m\u00e1s... As\u00ed lo confirman varios medios estadounidenses.\" \/>\n<meta property=\"og:url\" content=\"https:\/\/graziamagazine.com\/es\/articles\/segunda-oportunidad-para-orlando-y-miranda\/\" \/>\n<meta property=\"og:site_name\" content=\"Grazia\" \/>\n<meta property=\"article:modified_time\" content=\"2015-03-23T17:29:29+00:00\" \/>\n<meta property=\"og:image\" content=\"https:\/\/graziamagazine.com\/es\/wp-content\/uploads\/sites\/12\/2015\/03\/23121002\/3-mirandaorlando.jpg\" \/>\n<meta name=\"twitter:card\" content=\"summary_large_image\" \/>\n<meta name=\"twitter:label1\" content=\"Est. reading time\" \/>\n\t<meta name=\"twitter:data1\" content=\"2 minutos\" \/>\n<script type=\"application\/ld+json\" class=\"yoast-schema-graph\">{\"@context\":\"https:\/\/schema.org\",\"@graph\":[{\"@type\":\"WebPage\",\"@id\":\"https:\/\/graziamagazine.com\/es\/articles\/segunda-oportunidad-para-orlando-y-miranda\/\",\"url\":\"https:\/\/graziamagazine.com\/es\/articles\/segunda-oportunidad-para-orlando-y-miranda\/\",\"name\":\"\u00bfSegunda oportunidad para Orlando y Miranda? | Grazia\",\"isPartOf\":{\"@id\":\"https:\/\/graziamagazine.com\/es\/#website\"},\"datePublished\":\"2015-03-23T11:15:53+00:00\",\"dateModified\":\"2015-03-23T17:29:29+00:00\",\"description\":\"Se ven de vez en cuando as\u00ed, como quien no quiere la cosa. Y esto podr\u00eda ir a m\u00e1s... As\u00ed lo confirman varios medios estadounidenses.\",\"breadcrumb\":{\"@id\":\"https:\/\/graziamagazine.com\/es\/articles\/segunda-oportunidad-para-orlando-y-miranda\/#breadcrumb\"},\"inLanguage\":\"es\",\"potentialAction\":[{\"@type\":\"ReadAction\",\"target\":[\"https:\/\/graziamagazine.com\/es\/articles\/segunda-oportunidad-para-orlando-y-miranda\/\"]}]},{\"@type\":\"BreadcrumbList\",\"@id\":\"https:\/\/graziamagazine.com\/es\/articles\/segunda-oportunidad-para-orlando-y-miranda\/#breadcrumb\",\"itemListElement\":[{\"@type\":\"ListItem\",\"position\":1,\"name\":\"Portada\",\"item\":\"https:\/\/graziamagazine.com\/es\/\"},{\"@type\":\"ListItem\",\"position\":2,\"name\":\"\u00bfSegunda oportunidad para Orlando y Miranda?\"}]},{\"@type\":\"WebSite\",\"@id\":\"https:\/\/graziamagazine.com\/es\/#website\",\"url\":\"https:\/\/graziamagazine.com\/es\/\",\"name\":\"Grazia\",\"description\":\"Moda, belleza, celebrities, estilo de vida...\",\"potentialAction\":[{\"@type\":\"SearchAction\",\"target\":{\"@type\":\"EntryPoint\",\"urlTemplate\":\"https:\/\/graziamagazine.com\/es\/?s={search_term_string}\"},\"query-input\":\"required name=search_term_string\"}],\"inLanguage\":\"es\"}]}<\/script>\n<!-- \/ Yoast SEO Premium plugin. -->","yoast_head_json":{"title":"\u00bfSegunda oportunidad para Orlando y Miranda? | Grazia","description":"Se ven de vez en cuando as\u00ed, como quien no quiere la cosa. Y esto podr\u00eda ir a m\u00e1s... As\u00ed lo confirman varios medios estadounidenses.","robots":{"index":"index","follow":"follow","max-snippet":"max-snippet:-1","max-image-preview":"max-image-preview:large","max-video-preview":"max-video-preview:-1"},"canonical":"https:\/\/graziamagazine.com\/es\/articles\/segunda-oportunidad-para-orlando-y-miranda\/","og_locale":"es_ES","og_type":"article","og_title":"\u00bfSegunda oportunidad para Orlando y Miranda?","og_description":"Se ven de vez en cuando as\u00ed, como quien no quiere la cosa. Y esto podr\u00eda ir a m\u00e1s... As\u00ed lo confirman varios medios estadounidenses.","og_url":"https:\/\/graziamagazine.com\/es\/articles\/segunda-oportunidad-para-orlando-y-miranda\/","og_site_name":"Grazia","article_modified_time":"2015-03-23T17:29:29+00:00","og_image":[{"url":"https:\/\/graziamagazine.com\/es\/wp-content\/uploads\/sites\/12\/2015\/03\/23121002\/3-mirandaorlando.jpg"}],"twitter_card":"summary_large_image","twitter_misc":{"Est. reading time":"2 minutos"},"schema":{"@context":"https:\/\/schema.org","@graph":[{"@type":"WebPage","@id":"https:\/\/graziamagazine.com\/es\/articles\/segunda-oportunidad-para-orlando-y-miranda\/","url":"https:\/\/graziamagazine.com\/es\/articles\/segunda-oportunidad-para-orlando-y-miranda\/","name":"\u00bfSegunda oportunidad para Orlando y Miranda? | Grazia","isPartOf":{"@id":"https:\/\/graziamagazine.com\/es\/#website"},"datePublished":"2015-03-23T11:15:53+00:00","dateModified":"2015-03-23T17:29:29+00:00","description":"Se ven de vez en cuando as\u00ed, como quien no quiere la cosa. Y esto podr\u00eda ir a m\u00e1s... As\u00ed lo confirman varios medios estadounidenses.","breadcrumb":{"@id":"https:\/\/graziamagazine.com\/es\/articles\/segunda-oportunidad-para-orlando-y-miranda\/#breadcrumb"},"inLanguage":"es","potentialAction":[{"@type":"ReadAction","target":["https:\/\/graziamagazine.com\/es\/articles\/segunda-oportunidad-para-orlando-y-miranda\/"]}]},{"@type":"BreadcrumbList","@id":"https:\/\/graziamagazine.com\/es\/articles\/segunda-oportunidad-para-orlando-y-miranda\/#breadcrumb","itemListElement":[{"@type":"ListItem","position":1,"name":"Portada","item":"https:\/\/graziamagazine.com\/es\/"},{"@type":"ListItem","position":2,"name":"\u00bfSegunda oportunidad para Orlando y Miranda?"}]},{"@type":"WebSite","@id":"https:\/\/graziamagazine.com\/es\/#website","url":"https:\/\/graziamagazine.com\/es\/","name":"Grazia","description":"Moda, belleza, celebrities, estilo de vida...","potentialAction":[{"@type":"SearchAction","target":{"@type":"EntryPoint","urlTemplate":"https:\/\/graziamagazine.com\/es\/?s={search_term_string}"},"query-input":"required name=search_term_string"}],"inLanguage":"es"}]}},"jetpack_sharing_enabled":true,"distributor_meta":false,"distributor_terms":false,"distributor_media":false,"distributor_original_site_name":"Grazia","distributor_original_site_url":"https:\/\/graziamagazine.com\/es","push-errors":false,"_links":{"self":[{"href":"https:\/\/graziamagazine.com\/es\/wp-json\/wp\/v2\/articles\/34819"}],"collection":[{"href":"https:\/\/graziamagazine.com\/es\/wp-json\/wp\/v2\/articles"}],"about":[{"href":"https:\/\/graziamagazine.com\/es\/wp-json\/wp\/v2\/types\/articles"}],"author":[{"embeddable":true,"href":"https:\/\/graziamagazine.com\/es\/wp-json\/wp\/v2\/users\/24470"}],"wp:attachment":[{"href":"https:\/\/graziamagazine.com\/es\/wp-json\/wp\/v2\/media?parent=34819"}],"wp:term":[{"taxonomy":"category","embeddable":true,"href":"https:\/\/graziamagazine.com\/es\/wp-json\/wp\/v2\/categories?post=34819"}],"curies":[{"name":"wp","href":"https:\/\/api.w.org\/{rel}","templated":true}]}}