{"id":34746,"date":"2015-03-20T22:23:12","date_gmt":"2015-03-20T21:23:12","guid":{"rendered":"https:\/\/graziamagazine.com\/es\/?p=34746"},"modified":"2015-03-20T22:26:56","modified_gmt":"2015-03-20T21:26:56","slug":"las-estilistas-mas-influyentes-del-mundo","status":"publish","type":"articles","link":"https:\/\/graziamagazine.com\/es\/articles\/las-estilistas-mas-influyentes-del-mundo\/","title":{"rendered":"Las estilistas m\u00e1s influyentes del mundo"},"content":{"rendered":"<p>Porque una vez al a\u00f1o no hace da\u00f1o, con la primavera llega tambi\u00e9n el momento de que -al menos durante unas horas- <strong>las caras que se esconden <a href=\"https:\/\/graziamagazine.com\/es\/celebs\/oscar-alfombra-roja\/\" target=\"_blank\">detr\u00e1s de los mejores looks<\/a>, salgan del armario.<\/strong> Y no, no nos referimos a los dise\u00f1adores, esta vez no, si no a las estilistas.<\/p>\n<p>Las mujeres, en su mayor\u00eda, que desde la parte trasera de Hollywood, <strong>mueven los hilos de <a href=\"https:\/\/graziamagazine.com\/es\/etiqueta\/alfombra-roja\/\" target=\"_blank\">la <em>red carpet<\/em><\/a><\/strong> y con ellos muchos millones de d\u00f3lares. Por quinto a\u00f1o consecutivo, y coincidiendo con el final de la temporada de premios, la publicaci\u00f3n estadounidense <a href=\"http:\/\/www.hollywoodreporter.com\/\" target=\"_blank\" target=\"_blank\"><em>The Hollywood Reporter<\/em><\/a> elabora su ranking con <strong>las estilistas m\u00e1s poderosas del mundo<\/strong> (o del mundo de Hollywood, que si hablamos de cine, viene siendo lo mismo).<\/p>\n<p><strong>25 nombres abiertamente desconocidos para el gran p\u00fablico<\/strong> pero capaces, con sus elecciones, de catapultar a una nueva a actriz o a una firma de moda al estrellato. Porque s\u00ed, <strong>si a alguien le quedaba alguna duda, la alfombra roja vende.<\/strong><\/p>\n<figure id=\"attachment_34713\" aria-describedby=\"caption-attachment-34713\" style=\"width: 785px\" class=\"wp-caption aligncenter\"><img loading=\"lazy\" decoding=\"async\" class=\"wp-image-34713 size-full\" src=\"https:\/\/graziamagazine.com\/es\/wp-content\/uploads\/sites\/12\/2015\/03\/20183244\/00-a-las-estilsitas-mas-poderosas.jpg\" alt=\"00-a-las-estilsitas-mas-poderosas\" width=\"785\" height=\"480\" \/><figcaption id=\"caption-attachment-34713\" class=\"wp-caption-text\">La magia de una alfombra bien recorrida puede catapultar a una actriz al \u00e9xito. \u00a9 Getty Images<\/figcaption><\/figure>\n<p>Solo ellas, las estilistas, tienen el poder de colocar a cualquier actriz en <a href=\"https:\/\/graziamagazine.com\/es\/celebs\/las-mejor-y-peor-vestidas-de-la-historia-de-los-oscar\/\" target=\"_blank\">la lista de mejor vestidas<\/a>. O, lo que es m\u00e1s importante, tienen el poder de multiplicar \u2013buen estilismo mediante, o sencillamente uno que d\u00e9 qu\u00e9 hablar- la proyecci\u00f3n de cualquier int\u00e9rprete que est\u00e9 comenzando en el mundo del celuloide.<\/p>\n<p>Bastar\u00e1 con enviar el mensaje adecuado desde el <em>photocall,<\/em> uno que, a ser posible, deje de lado el <em>#askhermore<\/em> con el que en esta edici\u00f3n varias protagonistas reivindicaron el supuesto machismo de la alfombra roja. Se equivocaban: <strong>la<em> red carpet<\/em> es uno de los pocos rincones en los que mandan (y mucho) las mujeres.<\/strong> Ya querr\u00edan para s\u00ed muchos actores la repercusi\u00f3n (y los contratos multimillonarios) que puede otorgar <strong>la magia de una alfombra roja bien recorrida.<\/strong> Y bien vestida. Pero esto \u00faltimo les corresponde a ellas, a las estilistas.<\/p>\n<p>\u00bfQui\u00e9nes son las influyentes del panorama?<\/p>\n<p>[galeria]<br \/>\n<iframe loading=\"lazy\" style=\"border: none; overflow: hidden; height: 258px;\" src=\"\/\/www.facebook.com\/plugins\/likebox.php?href=https%3A%2F%2Fwww.facebook.com%2Fgraziaespana&amp;width&amp;height=258&amp;colorscheme=light&amp;show_faces=true&amp;header=false&amp;stream=false&amp;show_border=false&amp;appId=349017955267591\" width=\"300\" height=\"150\" frameborder=\"0\" scrolling=\"no\"><\/iframe><\/p>\n","protected":false},"author":21500,"featured_media":0,"template":"","format":"standard","categories":[162,1],"acf":[],"yoast_head":"<!-- This site is optimized with the Yoast SEO Premium plugin v18.5 (Yoast SEO v20.4) - https:\/\/yoast.com\/wordpress\/plugins\/seo\/ -->\n<title>Las estilistas m\u00e1s influyentes del mundo | Grazia<\/title>\n<meta name=\"description\" content=\"Un a\u00f1o m\u00e1s, y una vez finalizada la temporada de premios, The Hollywood Reporter publica su ranking.\" \/>\n<meta name=\"robots\" content=\"index, follow, max-snippet:-1, max-image-preview:large, max-video-preview:-1\" \/>\n<link rel=\"canonical\" href=\"https:\/\/graziamagazine.com\/es\/articles\/las-estilistas-mas-influyentes-del-mundo\/\" \/>\n<meta property=\"og:locale\" content=\"es_ES\" \/>\n<meta property=\"og:type\" content=\"article\" \/>\n<meta property=\"og:title\" content=\"Las estilistas m\u00e1s influyentes del mundo\" \/>\n<meta property=\"og:description\" content=\"Un a\u00f1o m\u00e1s, y una vez finalizada la temporada de premios, The Hollywood Reporter publica su ranking.\" \/>\n<meta property=\"og:url\" content=\"https:\/\/graziamagazine.com\/es\/articles\/las-estilistas-mas-influyentes-del-mundo\/\" \/>\n<meta property=\"og:site_name\" content=\"Grazia\" \/>\n<meta property=\"article:modified_time\" content=\"2015-03-20T21:26:56+00:00\" \/>\n<meta property=\"og:image\" content=\"https:\/\/graziamagazine.com\/es\/wp-content\/uploads\/sites\/12\/2015\/03\/20183244\/00-a-las-estilsitas-mas-poderosas.jpg\" \/>\n<meta name=\"twitter:card\" content=\"summary_large_image\" \/>\n<meta name=\"twitter:label1\" content=\"Est. reading time\" \/>\n\t<meta name=\"twitter:data1\" content=\"2 minutos\" \/>\n<script type=\"application\/ld+json\" class=\"yoast-schema-graph\">{\"@context\":\"https:\/\/schema.org\",\"@graph\":[{\"@type\":\"WebPage\",\"@id\":\"https:\/\/graziamagazine.com\/es\/articles\/las-estilistas-mas-influyentes-del-mundo\/\",\"url\":\"https:\/\/graziamagazine.com\/es\/articles\/las-estilistas-mas-influyentes-del-mundo\/\",\"name\":\"Las estilistas m\u00e1s influyentes del mundo | Grazia\",\"isPartOf\":{\"@id\":\"https:\/\/graziamagazine.com\/es\/#website\"},\"datePublished\":\"2015-03-20T21:23:12+00:00\",\"dateModified\":\"2015-03-20T21:26:56+00:00\",\"description\":\"Un a\u00f1o m\u00e1s, y una vez finalizada la temporada de premios, The Hollywood Reporter publica su ranking.\",\"breadcrumb\":{\"@id\":\"https:\/\/graziamagazine.com\/es\/articles\/las-estilistas-mas-influyentes-del-mundo\/#breadcrumb\"},\"inLanguage\":\"es\",\"potentialAction\":[{\"@type\":\"ReadAction\",\"target\":[\"https:\/\/graziamagazine.com\/es\/articles\/las-estilistas-mas-influyentes-del-mundo\/\"]}]},{\"@type\":\"BreadcrumbList\",\"@id\":\"https:\/\/graziamagazine.com\/es\/articles\/las-estilistas-mas-influyentes-del-mundo\/#breadcrumb\",\"itemListElement\":[{\"@type\":\"ListItem\",\"position\":1,\"name\":\"Portada\",\"item\":\"https:\/\/graziamagazine.com\/es\/\"},{\"@type\":\"ListItem\",\"position\":2,\"name\":\"Las estilistas m\u00e1s influyentes del mundo\"}]},{\"@type\":\"WebSite\",\"@id\":\"https:\/\/graziamagazine.com\/es\/#website\",\"url\":\"https:\/\/graziamagazine.com\/es\/\",\"name\":\"Grazia\",\"description\":\"Moda, belleza, celebrities, estilo de vida...\",\"potentialAction\":[{\"@type\":\"SearchAction\",\"target\":{\"@type\":\"EntryPoint\",\"urlTemplate\":\"https:\/\/graziamagazine.com\/es\/?s={search_term_string}\"},\"query-input\":\"required name=search_term_string\"}],\"inLanguage\":\"es\"}]}<\/script>\n<!-- \/ Yoast SEO Premium plugin. -->","yoast_head_json":{"title":"Las estilistas m\u00e1s influyentes del mundo | Grazia","description":"Un a\u00f1o m\u00e1s, y una vez finalizada la temporada de premios, The Hollywood Reporter publica su ranking.","robots":{"index":"index","follow":"follow","max-snippet":"max-snippet:-1","max-image-preview":"max-image-preview:large","max-video-preview":"max-video-preview:-1"},"canonical":"https:\/\/graziamagazine.com\/es\/articles\/las-estilistas-mas-influyentes-del-mundo\/","og_locale":"es_ES","og_type":"article","og_title":"Las estilistas m\u00e1s influyentes del mundo","og_description":"Un a\u00f1o m\u00e1s, y una vez finalizada la temporada de premios, The Hollywood Reporter publica su ranking.","og_url":"https:\/\/graziamagazine.com\/es\/articles\/las-estilistas-mas-influyentes-del-mundo\/","og_site_name":"Grazia","article_modified_time":"2015-03-20T21:26:56+00:00","og_image":[{"url":"https:\/\/graziamagazine.com\/es\/wp-content\/uploads\/sites\/12\/2015\/03\/20183244\/00-a-las-estilsitas-mas-poderosas.jpg"}],"twitter_card":"summary_large_image","twitter_misc":{"Est. reading time":"2 minutos"},"schema":{"@context":"https:\/\/schema.org","@graph":[{"@type":"WebPage","@id":"https:\/\/graziamagazine.com\/es\/articles\/las-estilistas-mas-influyentes-del-mundo\/","url":"https:\/\/graziamagazine.com\/es\/articles\/las-estilistas-mas-influyentes-del-mundo\/","name":"Las estilistas m\u00e1s influyentes del mundo | Grazia","isPartOf":{"@id":"https:\/\/graziamagazine.com\/es\/#website"},"datePublished":"2015-03-20T21:23:12+00:00","dateModified":"2015-03-20T21:26:56+00:00","description":"Un a\u00f1o m\u00e1s, y una vez finalizada la temporada de premios, The Hollywood Reporter publica su ranking.","breadcrumb":{"@id":"https:\/\/graziamagazine.com\/es\/articles\/las-estilistas-mas-influyentes-del-mundo\/#breadcrumb"},"inLanguage":"es","potentialAction":[{"@type":"ReadAction","target":["https:\/\/graziamagazine.com\/es\/articles\/las-estilistas-mas-influyentes-del-mundo\/"]}]},{"@type":"BreadcrumbList","@id":"https:\/\/graziamagazine.com\/es\/articles\/las-estilistas-mas-influyentes-del-mundo\/#breadcrumb","itemListElement":[{"@type":"ListItem","position":1,"name":"Portada","item":"https:\/\/graziamagazine.com\/es\/"},{"@type":"ListItem","position":2,"name":"Las estilistas m\u00e1s influyentes del mundo"}]},{"@type":"WebSite","@id":"https:\/\/graziamagazine.com\/es\/#website","url":"https:\/\/graziamagazine.com\/es\/","name":"Grazia","description":"Moda, belleza, celebrities, estilo de vida...","potentialAction":[{"@type":"SearchAction","target":{"@type":"EntryPoint","urlTemplate":"https:\/\/graziamagazine.com\/es\/?s={search_term_string}"},"query-input":"required name=search_term_string"}],"inLanguage":"es"}]}},"jetpack_sharing_enabled":true,"distributor_meta":false,"distributor_terms":false,"distributor_media":false,"distributor_original_site_name":"Grazia","distributor_original_site_url":"https:\/\/graziamagazine.com\/es","push-errors":false,"_links":{"self":[{"href":"https:\/\/graziamagazine.com\/es\/wp-json\/wp\/v2\/articles\/34746"}],"collection":[{"href":"https:\/\/graziamagazine.com\/es\/wp-json\/wp\/v2\/articles"}],"about":[{"href":"https:\/\/graziamagazine.com\/es\/wp-json\/wp\/v2\/types\/articles"}],"author":[{"embeddable":true,"href":"https:\/\/graziamagazine.com\/es\/wp-json\/wp\/v2\/users\/21500"}],"wp:attachment":[{"href":"https:\/\/graziamagazine.com\/es\/wp-json\/wp\/v2\/media?parent=34746"}],"wp:term":[{"taxonomy":"category","embeddable":true,"href":"https:\/\/graziamagazine.com\/es\/wp-json\/wp\/v2\/categories?post=34746"}],"curies":[{"name":"wp","href":"https:\/\/api.w.org\/{rel}","templated":true}]}}