{"id":34348,"date":"2015-03-17T13:34:18","date_gmt":"2015-03-17T12:34:18","guid":{"rendered":"https:\/\/graziamagazine.com\/es\/?p=34348"},"modified":"2015-03-17T13:43:38","modified_gmt":"2015-03-17T12:43:38","slug":"falsos-mitos-del-periodista-de-moda","status":"publish","type":"articles","link":"https:\/\/graziamagazine.com\/es\/articles\/falsos-mitos-del-periodista-de-moda\/","title":{"rendered":"Falsos mitos del periodista de moda"},"content":{"rendered":"<p>Un buen d\u00eda decides estudiar periodismo. <a href=\"https:\/\/graziamagazine.com\/es\/moda\/quiero-trabajar-en-moda\/\" target=\"_blank\">Te especializas en Moda<\/a> (si eres de la promoci\u00f3n del <em>boom fashion<\/em>, claro; si eres de antes, cuando ni exist\u00edan estos cursos, llegas un poco de rebote), coges experiencia y\u2026 \u00a1a vivir la vida! Un d\u00eda en Par\u00eds, al d\u00eda siguiente en Londres, cena en el restaurante de moda, manicura en el <em>spa<\/em> de moda, mechas del mismo color que la chica de moda (todo de moda, \u00bfves?)\u2026 \u00a1Y todo gratis!<\/p>\n<figure id=\"attachment_34366\" aria-describedby=\"caption-attachment-34366\" style=\"width: 785px\" class=\"wp-caption aligncenter\"><img loading=\"lazy\" decoding=\"async\" class=\"size-full wp-image-34366\" src=\"https:\/\/graziamagazine.com\/es\/wp-content\/uploads\/sites\/12\/2015\/03\/17105302\/1_periodistamoda.jpg\" alt=\"\u00a9 Jorge M. Redondo\" width=\"785\" height=\"480\" \/><figcaption id=\"caption-attachment-34366\" class=\"wp-caption-text\">\u00a9 Jorge M. Redondo<\/figcaption><\/figure>\n<p>Pero \u00bfqui\u00e9n se invent\u00f3 esa leyenda urbana? Est\u00e1 claro que el mentiroso cero, el original, <strong>el que empez\u00f3 con todo este bulo, no hab\u00eda pisado en su vida una redacci\u00f3n.<\/strong> Porque las mechas te las das, por supuesto, pero en la peluquer\u00eda del barrio el s\u00e1bado por la ma\u00f1ana, que es cuando te queda un rato libre. Y \u00a1por supuesto que te dejas caer por el restaurante m\u00e1s <em>cool<\/em>! pero con los tickets <em>gourmet<\/em> que te has ahorrado durante la semana con los <em>tuppers<\/em> de tu abuela. Ser periodista de moda mola, pero no olvidemos que es una profesi\u00f3n como otra cualquiera, y no tiene nada que ver con c\u00f3mo nos la pintan a menudo. <strong>Existen en torno a ella tantos mitos como decepciones entre algunos estudiantes ansiosos por hacerse un hueco en este mundo&#8230; A saber:<\/strong><\/p>\n<figure id=\"attachment_34370\" aria-describedby=\"caption-attachment-34370\" style=\"width: 785px\" class=\"wp-caption aligncenter\"><img loading=\"lazy\" decoding=\"async\" class=\"size-full wp-image-34370\" src=\"https:\/\/graziamagazine.com\/es\/wp-content\/uploads\/sites\/12\/2015\/03\/17112324\/COVER1_MITOSPERIODISTA.jpg\" alt=\"\u00bfCrees que trabajar en  moda es vivir 'El diablo viste de Prada'?\" width=\"785\" height=\"480\" \/><figcaption id=\"caption-attachment-34370\" class=\"wp-caption-text\">\u00bfCrees que trabajar en moda es vivir &#8216;El diablo viste de Prada&#8217;?<\/figcaption><\/figure>\n<p><span style=\"text-decoration: underline;\"><b> 1. Te regalan bolsos car\u00edsimos.<\/b><\/span><br \/>\nChanel no va regalando bolsos por la cara bonita. Que no te enga\u00f1en. Parece que no hay redactora <em>cool<\/em> que se precie sin un 2.55. Pues bien, el 95% de estos bolsos provienen de:<\/p>\n<ul>\n<li>una paga extra.<\/li>\n<li>comprados gracias a un descuento para prensa.<\/li>\n<li>(o lo que es m\u00e1s probable) comprados sumando un descuento para prensa y una paga extra.<\/li>\n<li>una web de alquiler de accesorios.<\/li>\n<li>o son falsos <del>s\u00ed, algunos vienen de China, y no de Ortega Gasset.<\/del><\/li>\n<\/ul>\n<figure id=\"attachment_34352\" aria-describedby=\"caption-attachment-34352\" style=\"width: 500px\" class=\"wp-caption aligncenter\"><img loading=\"lazy\" decoding=\"async\" class=\"size-full wp-image-34352\" src=\"https:\/\/graziamagazine.com\/es\/wp-content\/uploads\/sites\/12\/2015\/03\/16190244\/2.gif\" alt=\"Pero no sufras, no pasa nada. \" width=\"500\" height=\"250\" \/><figcaption id=\"caption-attachment-34352\" class=\"wp-caption-text\">Eso est\u00e1 mal.<\/figcaption><\/figure>\n<p><span style=\"text-decoration: underline;\"><b>2.\u00a0En las redacciones de moda te lo pasas genial<\/b><\/span><br \/>\nDesde luego que se pasa bien, que la profesi\u00f3n es maravillosa, pero es eso, una profesi\u00f3n, as\u00ed que hay que currar\u2026 \u00a1Y mucho! Hay chicas a punto de licenciarse que deciden hacer pr\u00e1cticas en un medio de comunicaci\u00f3n de moda para pas\u00e1rselo en grande. La mayor\u00eda de ellas, en su primer d\u00eda en la redacci\u00f3n, preguntan a sus compa\u00f1eros por las fiestas, los desfiles, los regalos\u2026 Y muy pocas por c\u00f3mo se gestiona el trabajo y cu\u00e1les son sus tareas.<\/p>\n<p><img loading=\"lazy\" decoding=\"async\" class=\"aligncenter size-full wp-image-34353\" src=\"https:\/\/graziamagazine.com\/es\/wp-content\/uploads\/sites\/12\/2015\/03\/16190353\/3.gif\" alt=\"Mitos periodista moda\" width=\"500\" height=\"213\" \/><\/p>\n<p><b><br \/>\n<span style=\"text-decoration: underline;\">3. Tienen a un mont\u00f3n de gente trabajando alrededor<br \/>\n<\/span><\/b><span style=\"line-height: 1.5;\">Te equivocas de nuevo. Un periodista es un hombre orquesta. En un mundo ideal, el departamento de documentaci\u00f3n busca fotos, el de administraci\u00f3n gestiona facturas, el de producci\u00f3n organiza <em>shootings<\/em>\u2026 en el mundo real, t\u00fa te encargas de todo. De principio a fin.<\/span><\/p>\n<p><img loading=\"lazy\" decoding=\"async\" class=\"aligncenter size-full wp-image-34354\" src=\"https:\/\/graziamagazine.com\/es\/wp-content\/uploads\/sites\/12\/2015\/03\/16190519\/4.gif\" alt=\"Mitos periodista moda\" width=\"500\" height=\"281\" \/><\/p>\n<p><b> <span style=\"text-decoration: underline;\">4. Van de evento en evento<\/span><\/b><br \/>\nSer\u00eda muy glamouroso, por ejemplo, ir a los Goya. El problema es que (seg\u00fan el punto anterior, que desvela que el periodista es un hombre orquesta) tienes que cubrirlos. Eso significa pasar la noche en la redacci\u00f3n subiendo fotos a la web mientras te hinchas a comer \u2018guarradas\u2019 como si no hubiera un ma\u00f1ana <del>(que no lo hay, por cierto, porque te pasas el d\u00eda siguiente deambulando cual <em>zombie<\/em>).<\/del><\/p>\n<figure id=\"attachment_34355\" aria-describedby=\"caption-attachment-34355\" style=\"width: 500px\" class=\"wp-caption aligncenter\"><img loading=\"lazy\" decoding=\"async\" class=\"wp-image-34355 size-full\" src=\"https:\/\/graziamagazine.com\/es\/wp-content\/uploads\/sites\/12\/2015\/03\/16190635\/5.gif\" alt=\"Mitos periodista moda\" width=\"500\" height=\"253\" \/><figcaption id=\"caption-attachment-34355\" class=\"wp-caption-text\">Ehm, s\u00ed. Algo as\u00ed.<\/figcaption><\/figure>\n<p><b><span style=\"text-decoration: underline;\">5. Todas las editoras son estilosas y delgadas<\/span><br \/>\n<\/b><span style=\"line-height: 1.5;\">Afortunadamente, las redacciones de moda est\u00e1n llenas de gente normal. Las hay altas, bajas, feas, guapas, con ropa de marca o jers\u00e9is con pelotillas\u2026 las entrevistas de trabajo no son un casting de Victoria&#8217;s Secret, sino uno de Dove.<\/span><\/p>\n<p><span style=\"text-decoration: underline;\"><b>6.\u00a0Asisten a todos los desfiles<\/b><\/span><br \/>\nO no. El tiempo entre desfile y desfile hay que invertirlo en hacer cr\u00f3nicas, buscar gente\u00a0para el\u00a0<em>street style<\/em>,<em> tuitear, instagramear, facebookear<\/em>\u2026 As\u00ed que muchas veces los desfiles se acaban viendo desde la pantalla de la sala de prensa, ese lugar donde se vive como en un <em>reality<\/em>: 50 periodistas, 30 ordenadores y un \u00fanico buffet de comida al que nunca tendr\u00e1n tiempo de ir&#8230; Eso si no te toca <del>una vez m\u00e1s<\/del> cubrirlo desde la redacci\u00f3n.<\/p>\n<p><img loading=\"lazy\" decoding=\"async\" class=\"aligncenter size-full wp-image-34357\" src=\"https:\/\/graziamagazine.com\/es\/wp-content\/uploads\/sites\/12\/2015\/03\/16190851\/7.gif\" alt=\"Mitos periodista de moda\" width=\"500\" height=\"264\" \/><\/p>\n<p><b><br \/>\n<span style=\"text-decoration: underline;\">7. \u00a1No paran de viajar!<\/span><\/b><br \/>\nPor supuesto. Por ley tienes 24 d\u00edas de vacaciones al a\u00f1o como (casi) todo hijo de vecino, y un mont\u00f3n de fines de semana: lo que hagas con ellos, corre de tu cuenta. El resto lo pasar\u00e1s metido en una redacci\u00f3n. Los <em>shootings<\/em> en Los \u00c1ngeles y Nueva York <a href=\"https:\/\/graziamagazine.com\/es\/moda\/como-trabajar-como-estilista\/\" target=\"_blank\">suelen ser cosa de estilistas<\/a>. T\u00fa no pintas nada. Es cierto que no hay que ser tan radical, que de vez en cuando cae alguna que otra escapadita en forma de presentaci\u00f3n de prensa, pero no est\u00e1n los tiempos para quedarse con las redacciones vac\u00edas.<\/p>\n<p><img loading=\"lazy\" decoding=\"async\" class=\"aligncenter size-full wp-image-34358\" src=\"https:\/\/graziamagazine.com\/es\/wp-content\/uploads\/sites\/12\/2015\/03\/16191325\/9.gif\" alt=\"Mitos periodista de moda\" width=\"500\" height=\"258\" \/><\/p>\n<p><span style=\"text-decoration: underline;\"><b><br \/>\n8.\u00a0Las directoras dan miedo<\/b><\/span><br \/>\nAfortunadamente hay pocas Annas Wintour por el mundo. Las directoras de revistas (en Espa\u00f1a) son humanas, puedes mirarlas a la cara y no te tiran el abrigo encima de la mesa cuando entran por la puerta. Por supuesto que pueden llegar a dar miedo (como cualquier jefe en cualquier sector) si no eres profesional y en vez de hacer tu trabajo te dedicas a invertir tu jornada en mercadillos.<\/p>\n<p><img loading=\"lazy\" decoding=\"async\" class=\"aligncenter size-full wp-image-34362\" src=\"https:\/\/graziamagazine.com\/es\/wp-content\/uploads\/sites\/12\/2015\/03\/17104336\/10.gif\" alt=\"Mitos periodista moda\" width=\"438\" height=\"210\" \/><\/p>\n<p><b> <span style=\"text-decoration: underline;\">9. Tienen much\u00edsimos amigos influyentes<\/span><\/b><br \/>\nEn el mundo de la moda podr\u00e1s hacer amigos para toda la vida pero tambi\u00e9n te topar\u00e1s con gente muy superficial. No hay que fiarse de cualquiera.<\/p>\n<p><img loading=\"lazy\" decoding=\"async\" class=\"aligncenter size-full wp-image-34363\" src=\"https:\/\/graziamagazine.com\/es\/wp-content\/uploads\/sites\/12\/2015\/03\/17104409\/11.gif\" alt=\"Mitos periodista de moda\" width=\"500\" height=\"274\" \/><br \/>\n\u00a1Recon\u00f3celo! Ahora que ya sabes toda la verdad, no volver\u00e1s a mirar esta web con los mismos ojos&#8230;<\/p>\n<p><img loading=\"lazy\" decoding=\"async\" class=\"aligncenter size-full wp-image-34364\" src=\"https:\/\/graziamagazine.com\/es\/wp-content\/uploads\/sites\/12\/2015\/03\/17104453\/12.gif\" alt=\"Mitos periodista de moda\" width=\"500\" height=\"318\" \/><br \/>\n<iframe loading=\"lazy\" style=\"border: none; overflow: hidden; height: 258px;\" src=\"\/\/www.facebook.com\/plugins\/likebox.php?href=https%3A%2F%2Fwww.facebook.com%2Fgraziaespana&amp;width&amp;height=258&amp;colorscheme=light&amp;show_faces=true&amp;header=false&amp;stream=false&amp;show_border=false&amp;appId=349017955267591\" width=\"300\" height=\"150\" frameborder=\"0\" scrolling=\"no\"><\/iframe><\/p>\n","protected":false},"author":24052,"featured_media":0,"template":"","format":"standard","categories":[162,1],"acf":[],"yoast_head":"<!-- This site is optimized with the Yoast SEO Premium plugin v18.5 (Yoast SEO v20.4) - https:\/\/yoast.com\/wordpress\/plugins\/seo\/ -->\n<title>Falsos mitos del periodista de moda | Grazia<\/title>\n<meta name=\"description\" content=\"\u00bfTe gusta la moda? Bien, pero no quieras dedicarte a ella por los motivos incorrectos, porque no es oro todo lo que reluce.\" \/>\n<meta name=\"robots\" content=\"index, follow, max-snippet:-1, max-image-preview:large, max-video-preview:-1\" \/>\n<link rel=\"canonical\" href=\"https:\/\/graziamagazine.com\/es\/articles\/falsos-mitos-del-periodista-de-moda\/\" \/>\n<meta property=\"og:locale\" content=\"es_ES\" \/>\n<meta property=\"og:type\" content=\"article\" \/>\n<meta property=\"og:title\" content=\"Falsos mitos del periodista de moda\" \/>\n<meta property=\"og:description\" content=\"\u00bfTe gusta la moda? Bien, pero no quieras dedicarte a ella por los motivos incorrectos, porque no es oro todo lo que reluce.\" \/>\n<meta property=\"og:url\" content=\"https:\/\/graziamagazine.com\/es\/articles\/falsos-mitos-del-periodista-de-moda\/\" \/>\n<meta property=\"og:site_name\" content=\"Grazia\" \/>\n<meta property=\"article:modified_time\" content=\"2015-03-17T12:43:38+00:00\" \/>\n<meta property=\"og:image\" content=\"https:\/\/graziamagazine.com\/es\/wp-content\/uploads\/sites\/12\/2015\/03\/17105302\/1_periodistamoda.jpg\" \/>\n<meta name=\"twitter:card\" content=\"summary_large_image\" \/>\n<meta name=\"twitter:label1\" content=\"Est. reading time\" \/>\n\t<meta name=\"twitter:data1\" content=\"5 minutos\" \/>\n<script type=\"application\/ld+json\" class=\"yoast-schema-graph\">{\"@context\":\"https:\/\/schema.org\",\"@graph\":[{\"@type\":\"WebPage\",\"@id\":\"https:\/\/graziamagazine.com\/es\/articles\/falsos-mitos-del-periodista-de-moda\/\",\"url\":\"https:\/\/graziamagazine.com\/es\/articles\/falsos-mitos-del-periodista-de-moda\/\",\"name\":\"Falsos mitos del periodista de moda | Grazia\",\"isPartOf\":{\"@id\":\"https:\/\/graziamagazine.com\/es\/#website\"},\"datePublished\":\"2015-03-17T12:34:18+00:00\",\"dateModified\":\"2015-03-17T12:43:38+00:00\",\"description\":\"\u00bfTe gusta la moda? Bien, pero no quieras dedicarte a ella por los motivos incorrectos, porque no es oro todo lo que reluce.\",\"breadcrumb\":{\"@id\":\"https:\/\/graziamagazine.com\/es\/articles\/falsos-mitos-del-periodista-de-moda\/#breadcrumb\"},\"inLanguage\":\"es\",\"potentialAction\":[{\"@type\":\"ReadAction\",\"target\":[\"https:\/\/graziamagazine.com\/es\/articles\/falsos-mitos-del-periodista-de-moda\/\"]}]},{\"@type\":\"BreadcrumbList\",\"@id\":\"https:\/\/graziamagazine.com\/es\/articles\/falsos-mitos-del-periodista-de-moda\/#breadcrumb\",\"itemListElement\":[{\"@type\":\"ListItem\",\"position\":1,\"name\":\"Portada\",\"item\":\"https:\/\/graziamagazine.com\/es\/\"},{\"@type\":\"ListItem\",\"position\":2,\"name\":\"Falsos mitos del periodista de moda\"}]},{\"@type\":\"WebSite\",\"@id\":\"https:\/\/graziamagazine.com\/es\/#website\",\"url\":\"https:\/\/graziamagazine.com\/es\/\",\"name\":\"Grazia\",\"description\":\"Moda, belleza, celebrities, estilo de vida...\",\"potentialAction\":[{\"@type\":\"SearchAction\",\"target\":{\"@type\":\"EntryPoint\",\"urlTemplate\":\"https:\/\/graziamagazine.com\/es\/?s={search_term_string}\"},\"query-input\":\"required name=search_term_string\"}],\"inLanguage\":\"es\"}]}<\/script>\n<!-- \/ Yoast SEO Premium plugin. -->","yoast_head_json":{"title":"Falsos mitos del periodista de moda | Grazia","description":"\u00bfTe gusta la moda? Bien, pero no quieras dedicarte a ella por los motivos incorrectos, porque no es oro todo lo que reluce.","robots":{"index":"index","follow":"follow","max-snippet":"max-snippet:-1","max-image-preview":"max-image-preview:large","max-video-preview":"max-video-preview:-1"},"canonical":"https:\/\/graziamagazine.com\/es\/articles\/falsos-mitos-del-periodista-de-moda\/","og_locale":"es_ES","og_type":"article","og_title":"Falsos mitos del periodista de moda","og_description":"\u00bfTe gusta la moda? Bien, pero no quieras dedicarte a ella por los motivos incorrectos, porque no es oro todo lo que reluce.","og_url":"https:\/\/graziamagazine.com\/es\/articles\/falsos-mitos-del-periodista-de-moda\/","og_site_name":"Grazia","article_modified_time":"2015-03-17T12:43:38+00:00","og_image":[{"url":"https:\/\/graziamagazine.com\/es\/wp-content\/uploads\/sites\/12\/2015\/03\/17105302\/1_periodistamoda.jpg"}],"twitter_card":"summary_large_image","twitter_misc":{"Est. reading time":"5 minutos"},"schema":{"@context":"https:\/\/schema.org","@graph":[{"@type":"WebPage","@id":"https:\/\/graziamagazine.com\/es\/articles\/falsos-mitos-del-periodista-de-moda\/","url":"https:\/\/graziamagazine.com\/es\/articles\/falsos-mitos-del-periodista-de-moda\/","name":"Falsos mitos del periodista de moda | Grazia","isPartOf":{"@id":"https:\/\/graziamagazine.com\/es\/#website"},"datePublished":"2015-03-17T12:34:18+00:00","dateModified":"2015-03-17T12:43:38+00:00","description":"\u00bfTe gusta la moda? Bien, pero no quieras dedicarte a ella por los motivos incorrectos, porque no es oro todo lo que reluce.","breadcrumb":{"@id":"https:\/\/graziamagazine.com\/es\/articles\/falsos-mitos-del-periodista-de-moda\/#breadcrumb"},"inLanguage":"es","potentialAction":[{"@type":"ReadAction","target":["https:\/\/graziamagazine.com\/es\/articles\/falsos-mitos-del-periodista-de-moda\/"]}]},{"@type":"BreadcrumbList","@id":"https:\/\/graziamagazine.com\/es\/articles\/falsos-mitos-del-periodista-de-moda\/#breadcrumb","itemListElement":[{"@type":"ListItem","position":1,"name":"Portada","item":"https:\/\/graziamagazine.com\/es\/"},{"@type":"ListItem","position":2,"name":"Falsos mitos del periodista de moda"}]},{"@type":"WebSite","@id":"https:\/\/graziamagazine.com\/es\/#website","url":"https:\/\/graziamagazine.com\/es\/","name":"Grazia","description":"Moda, belleza, celebrities, estilo de vida...","potentialAction":[{"@type":"SearchAction","target":{"@type":"EntryPoint","urlTemplate":"https:\/\/graziamagazine.com\/es\/?s={search_term_string}"},"query-input":"required name=search_term_string"}],"inLanguage":"es"}]}},"jetpack_sharing_enabled":true,"distributor_meta":false,"distributor_terms":false,"distributor_media":false,"distributor_original_site_name":"Grazia","distributor_original_site_url":"https:\/\/graziamagazine.com\/es","push-errors":false,"_links":{"self":[{"href":"https:\/\/graziamagazine.com\/es\/wp-json\/wp\/v2\/articles\/34348"}],"collection":[{"href":"https:\/\/graziamagazine.com\/es\/wp-json\/wp\/v2\/articles"}],"about":[{"href":"https:\/\/graziamagazine.com\/es\/wp-json\/wp\/v2\/types\/articles"}],"author":[{"embeddable":true,"href":"https:\/\/graziamagazine.com\/es\/wp-json\/wp\/v2\/users\/24052"}],"wp:attachment":[{"href":"https:\/\/graziamagazine.com\/es\/wp-json\/wp\/v2\/media?parent=34348"}],"wp:term":[{"taxonomy":"category","embeddable":true,"href":"https:\/\/graziamagazine.com\/es\/wp-json\/wp\/v2\/categories?post=34348"}],"curies":[{"name":"wp","href":"https:\/\/api.w.org\/{rel}","templated":true}]}}