{"id":33987,"date":"2015-03-12T17:57:28","date_gmt":"2015-03-12T16:57:28","guid":{"rendered":"https:\/\/graziamagazine.com\/es\/?p=33987"},"modified":"2015-03-13T15:08:52","modified_gmt":"2015-03-13T14:08:52","slug":"tendencias-primavera-verano-2015","status":"publish","type":"articles","link":"https:\/\/graziamagazine.com\/es\/articles\/tendencias-primavera-verano-2015\/","title":{"rendered":"Tendencias primavera-verano 2015"},"content":{"rendered":"<p>Una cosa os digo:<a href=\"https:\/\/graziamagazine.com\/es\/etiqueta\/primavera-verano-2015-2\/\" target=\"_blank\">\u00a0a la vuelta de la esquina nos espera una temporada<\/a> de lo m\u00e1s molona. Porque <strong>esta primavera nos creeremos <a href=\"https:\/\/s-media-cache-ak0.pinimg.com\/736x\/24\/cc\/da\/24ccda12a9c5f3f17f571524416cfbb8.jpg\" target=\"_blank\" target=\"_blank\">Jane Birkin<\/a> y <a href=\"http:\/\/31.media.tumblr.com\/9edc3b16b134595424edb15d417d155e\/tumblr_n8v1xvPtKh1qhavyio1_500.jpg\" target=\"_blank\" target=\"_blank\">Fran\u00e7oise Hardy<\/a> en su \u00e9poca dorada<\/strong> -\u00a1aquellos maravillosos setenta!- y disfrutaremos, de ello con la legitimidad que nos otorgan las pasarelas y las propuestas de <strong>Gucci, Tommy Hilfiger, Emilio Pucci&#8230;<\/strong> Tambi\u00e9n tendremos\u00a0oportunidad de rescatar chaquetas y faldas de ante que luciremos hasta que aprieten las temperaturas (palabrita de <strong>Karl Lagerfeld<\/strong> en <strong>Chanel).<\/strong><\/p>\n<p>Entonces, cuando realmente llegue al calor, podremos pasarnos sin remordimientos a los vestidos largos de inspiraci\u00f3n\u00a0<em>boho<\/em> (como hemos visto\u00a0en <strong>Chlo\u00e9<\/strong>) y a las transparencias que no lo son tanto, jugando con los falsos largos de faldas y vestidos.<\/p>\n<figure id=\"attachment_34005\" aria-describedby=\"caption-attachment-34005\" style=\"width: 785px\" class=\"wp-caption aligncenter\"><img loading=\"lazy\" decoding=\"async\" class=\"size-full wp-image-34005\" src=\"https:\/\/graziamagazine.com\/es\/wp-content\/uploads\/sites\/12\/2015\/03\/13105347\/1_mango.jpg\" alt=\"\u00bfQuieres actualizar tu armario de verano? Combina denim con sandalias romanas. \u00a9 Mango\" width=\"785\" height=\"480\" \/><figcaption id=\"caption-attachment-34005\" class=\"wp-caption-text\">\u00bfQuieres actualizar tu armario de verano? Combina denim con sandalias romanas. \u00a9 Mango<\/figcaption><\/figure>\n<p>\u00bfLo bueno? Tus padres vivieron esta \u00e9poca y no ser\u00e1 raro que encuentres un pa\u00f1uelo estampado de seda de tu madre o una cazadora de ante de tu padre que bien puedes usar t\u00fa encima de cualquier mini vestido veraniego. <strong>Este a\u00f1o se trata de reciclar y mezclar con cabeza para renovar armario incorporando solo\u00a0un par de piezas claves.<\/strong><\/p>\n<p>Para ello, aqu\u00ed tu\u00a0gu\u00eda: las tendencias clave de la temporada y c\u00f3mo aplicarlas al d\u00eda a d\u00eda. Ve haciendo hueco en tu armario, gira la cabeza y di adi\u00f3s con la mano a un invierno que no echaremos <del>tanto<\/del> de menos. <em>Au revoir!<\/em><\/p>\n<p>[galeria]<\/p>\n<p><iframe loading=\"lazy\" style=\"border: none; overflow: hidden; height: 258px;\" src=\"\/\/www.facebook.com\/plugins\/likebox.php?href=https%3A%2F%2Fwww.facebook.com%2Fgraziaespana&amp;width&amp;height=258&amp;colorscheme=light&amp;show_faces=true&amp;header=false&amp;stream=false&amp;show_border=false&amp;appId=349017955267591\" width=\"300\" height=\"150\" frameborder=\"0\" scrolling=\"no\"><\/iframe><\/p>\n","protected":false},"author":14080,"featured_media":0,"template":"","format":"standard","categories":[1,4],"acf":[],"yoast_head":"<!-- This site is optimized with the Yoast SEO Premium plugin v18.5 (Yoast SEO v20.4) - https:\/\/yoast.com\/wordpress\/plugins\/seo\/ -->\n<title>Tendencias primavera-verano 2015 | Grazia<\/title>\n<meta name=\"description\" content=\"Desmigamos las tendencias que definen la pr\u00f3xima temporada sobre la pasarela, en las tiendas y a pie de calle.\" \/>\n<meta name=\"robots\" content=\"index, follow, max-snippet:-1, max-image-preview:large, max-video-preview:-1\" \/>\n<link rel=\"canonical\" href=\"https:\/\/graziamagazine.com\/es\/articles\/tendencias-primavera-verano-2015\/\" \/>\n<meta property=\"og:locale\" content=\"es_ES\" \/>\n<meta property=\"og:type\" content=\"article\" \/>\n<meta property=\"og:title\" content=\"Tendencias primavera-verano 2015\" \/>\n<meta property=\"og:description\" content=\"Desmigamos las tendencias que definen la pr\u00f3xima temporada sobre la pasarela, en las tiendas y a pie de calle.\" \/>\n<meta property=\"og:url\" content=\"https:\/\/graziamagazine.com\/es\/articles\/tendencias-primavera-verano-2015\/\" \/>\n<meta property=\"og:site_name\" content=\"Grazia\" \/>\n<meta property=\"article:modified_time\" content=\"2015-03-13T14:08:52+00:00\" \/>\n<meta property=\"og:image\" content=\"https:\/\/graziamagazine.com\/es\/wp-content\/uploads\/sites\/12\/2015\/03\/13105347\/1_mango.jpg\" \/>\n<meta name=\"twitter:card\" content=\"summary_large_image\" \/>\n<meta name=\"twitter:label1\" content=\"Est. reading time\" \/>\n\t<meta name=\"twitter:data1\" content=\"1 minuto\" \/>\n<script type=\"application\/ld+json\" class=\"yoast-schema-graph\">{\"@context\":\"https:\/\/schema.org\",\"@graph\":[{\"@type\":\"WebPage\",\"@id\":\"https:\/\/graziamagazine.com\/es\/articles\/tendencias-primavera-verano-2015\/\",\"url\":\"https:\/\/graziamagazine.com\/es\/articles\/tendencias-primavera-verano-2015\/\",\"name\":\"Tendencias primavera-verano 2015 | Grazia\",\"isPartOf\":{\"@id\":\"https:\/\/graziamagazine.com\/es\/#website\"},\"datePublished\":\"2015-03-12T16:57:28+00:00\",\"dateModified\":\"2015-03-13T14:08:52+00:00\",\"description\":\"Desmigamos las tendencias que definen la pr\u00f3xima temporada sobre la pasarela, en las tiendas y a pie de calle.\",\"breadcrumb\":{\"@id\":\"https:\/\/graziamagazine.com\/es\/articles\/tendencias-primavera-verano-2015\/#breadcrumb\"},\"inLanguage\":\"es\",\"potentialAction\":[{\"@type\":\"ReadAction\",\"target\":[\"https:\/\/graziamagazine.com\/es\/articles\/tendencias-primavera-verano-2015\/\"]}]},{\"@type\":\"BreadcrumbList\",\"@id\":\"https:\/\/graziamagazine.com\/es\/articles\/tendencias-primavera-verano-2015\/#breadcrumb\",\"itemListElement\":[{\"@type\":\"ListItem\",\"position\":1,\"name\":\"Portada\",\"item\":\"https:\/\/graziamagazine.com\/es\/\"},{\"@type\":\"ListItem\",\"position\":2,\"name\":\"Tendencias primavera-verano 2015\"}]},{\"@type\":\"WebSite\",\"@id\":\"https:\/\/graziamagazine.com\/es\/#website\",\"url\":\"https:\/\/graziamagazine.com\/es\/\",\"name\":\"Grazia\",\"description\":\"Moda, belleza, celebrities, estilo de vida...\",\"potentialAction\":[{\"@type\":\"SearchAction\",\"target\":{\"@type\":\"EntryPoint\",\"urlTemplate\":\"https:\/\/graziamagazine.com\/es\/?s={search_term_string}\"},\"query-input\":\"required name=search_term_string\"}],\"inLanguage\":\"es\"}]}<\/script>\n<!-- \/ Yoast SEO Premium plugin. -->","yoast_head_json":{"title":"Tendencias primavera-verano 2015 | Grazia","description":"Desmigamos las tendencias que definen la pr\u00f3xima temporada sobre la pasarela, en las tiendas y a pie de calle.","robots":{"index":"index","follow":"follow","max-snippet":"max-snippet:-1","max-image-preview":"max-image-preview:large","max-video-preview":"max-video-preview:-1"},"canonical":"https:\/\/graziamagazine.com\/es\/articles\/tendencias-primavera-verano-2015\/","og_locale":"es_ES","og_type":"article","og_title":"Tendencias primavera-verano 2015","og_description":"Desmigamos las tendencias que definen la pr\u00f3xima temporada sobre la pasarela, en las tiendas y a pie de calle.","og_url":"https:\/\/graziamagazine.com\/es\/articles\/tendencias-primavera-verano-2015\/","og_site_name":"Grazia","article_modified_time":"2015-03-13T14:08:52+00:00","og_image":[{"url":"https:\/\/graziamagazine.com\/es\/wp-content\/uploads\/sites\/12\/2015\/03\/13105347\/1_mango.jpg"}],"twitter_card":"summary_large_image","twitter_misc":{"Est. reading time":"1 minuto"},"schema":{"@context":"https:\/\/schema.org","@graph":[{"@type":"WebPage","@id":"https:\/\/graziamagazine.com\/es\/articles\/tendencias-primavera-verano-2015\/","url":"https:\/\/graziamagazine.com\/es\/articles\/tendencias-primavera-verano-2015\/","name":"Tendencias primavera-verano 2015 | Grazia","isPartOf":{"@id":"https:\/\/graziamagazine.com\/es\/#website"},"datePublished":"2015-03-12T16:57:28+00:00","dateModified":"2015-03-13T14:08:52+00:00","description":"Desmigamos las tendencias que definen la pr\u00f3xima temporada sobre la pasarela, en las tiendas y a pie de calle.","breadcrumb":{"@id":"https:\/\/graziamagazine.com\/es\/articles\/tendencias-primavera-verano-2015\/#breadcrumb"},"inLanguage":"es","potentialAction":[{"@type":"ReadAction","target":["https:\/\/graziamagazine.com\/es\/articles\/tendencias-primavera-verano-2015\/"]}]},{"@type":"BreadcrumbList","@id":"https:\/\/graziamagazine.com\/es\/articles\/tendencias-primavera-verano-2015\/#breadcrumb","itemListElement":[{"@type":"ListItem","position":1,"name":"Portada","item":"https:\/\/graziamagazine.com\/es\/"},{"@type":"ListItem","position":2,"name":"Tendencias primavera-verano 2015"}]},{"@type":"WebSite","@id":"https:\/\/graziamagazine.com\/es\/#website","url":"https:\/\/graziamagazine.com\/es\/","name":"Grazia","description":"Moda, belleza, celebrities, estilo de vida...","potentialAction":[{"@type":"SearchAction","target":{"@type":"EntryPoint","urlTemplate":"https:\/\/graziamagazine.com\/es\/?s={search_term_string}"},"query-input":"required name=search_term_string"}],"inLanguage":"es"}]}},"jetpack_sharing_enabled":true,"distributor_meta":false,"distributor_terms":false,"distributor_media":false,"distributor_original_site_name":"Grazia","distributor_original_site_url":"https:\/\/graziamagazine.com\/es","push-errors":false,"_links":{"self":[{"href":"https:\/\/graziamagazine.com\/es\/wp-json\/wp\/v2\/articles\/33987"}],"collection":[{"href":"https:\/\/graziamagazine.com\/es\/wp-json\/wp\/v2\/articles"}],"about":[{"href":"https:\/\/graziamagazine.com\/es\/wp-json\/wp\/v2\/types\/articles"}],"author":[{"embeddable":true,"href":"https:\/\/graziamagazine.com\/es\/wp-json\/wp\/v2\/users\/14080"}],"wp:attachment":[{"href":"https:\/\/graziamagazine.com\/es\/wp-json\/wp\/v2\/media?parent=33987"}],"wp:term":[{"taxonomy":"category","embeddable":true,"href":"https:\/\/graziamagazine.com\/es\/wp-json\/wp\/v2\/categories?post=33987"}],"curies":[{"name":"wp","href":"https:\/\/api.w.org\/{rel}","templated":true}]}}